{"id":2454,"date":"2020-08-15T07:28:55","date_gmt":"2020-08-15T10:28:55","guid":{"rendered":"https:\/\/www.blogsoestado.com\/joaquimhaickel\/?p=2454"},"modified":"2020-08-15T07:28:55","modified_gmt":"2020-08-15T10:28:55","slug":"planos-para-a-eternidade","status":"publish","type":"post","link":"https:\/\/www.blogsoestado.com\/joaquimhaickel\/2020\/08\/15\/planos-para-a-eternidade\/","title":{"rendered":"Planos para a eternidade"},"content":{"rendered":"\n<figure class=\"wp-block-image size-large\"><img fetchpriority=\"high\" decoding=\"async\" width=\"601\" height=\"900\" src=\"https:\/\/www.blogsoestado.com\/joaquimhaickel\/wp-content\/uploads\/sites\/6\/2020\/08\/cadeira-sob-arvore-no-beira-mar-72710549.jpg\" alt=\"\" class=\"wp-image-2455\" srcset=\"https:\/\/www.blogsoestado.com\/joaquimhaickel\/wp-content\/uploads\/sites\/6\/2020\/08\/cadeira-sob-arvore-no-beira-mar-72710549.jpg 601w, https:\/\/www.blogsoestado.com\/joaquimhaickel\/wp-content\/uploads\/sites\/6\/2020\/08\/cadeira-sob-arvore-no-beira-mar-72710549-200x300.jpg 200w\" sizes=\"(max-width: 601px) 100vw, 601px\" \/><\/figure>\n\n\n\n<p><\/p>\n\n\n\n<p>Toda essa loucura que tem sido a pandemia de Covid-19 e os falecimentos de alguns de meus queridos amigos, me fez pensar sobre como eu desejo ser velado e como eu gostaria que minha mat\u00e9ria transplantasse o portal do tempo.<\/p>\n\n\n\n<p>Lembrei que meu pai, em algum momento, havia dito que gostaria de ser cremado, por\u00e9m na como\u00e7\u00e3o de sua morte nem nos lembramos disso. Sinto que falhei com ele nesse aspecto.<\/p>\n\n\n\n<p>Lembrei tamb\u00e9m da dedicat\u00f3ria que li ainda garoto, na primeira p\u00e1gina daquele que considero ser o melhor livro escrito por um brasileiro, Mem\u00f3rias P\u00f3stumas de Br\u00e1s Cubas, onde o mestre criador, Machado de Assis, fala por sua criatura:&nbsp;<em>Ao verme que primeiro roeu as frias carnes do meu cad\u00e1ver, dedico como saudosa lembran\u00e7a estas Mem\u00f3rias P\u00f3stumas.<\/em><\/p>\n\n\n\n<p>Todas essas lembran\u00e7as me fizeram desejar n\u00e3o ser enterrado e que nenhum verme roesse as minhas frias carnes.<\/p>\n\n\n\n<p>Minha vaidade nunca se consubstanciou no fato de usar roupas e sapatos de marcas finas, ostentar rel\u00f3gios caros ou ter carros possantes e importados. Minha vaidade est\u00e1 ligada ao reconhecimento, ao respeito, a confian\u00e7a e ao bom cr\u00e9dito que sempre quis ter junto aos meus amigos e as demais pessoas.<\/p>\n\n\n\n<p>Dito isso, afirmo que desejo ser velado em algum lugar que para mim tenha sido importante: O pr\u00e9dio do Museu da Mem\u00f3ria Audiovisual do Maranh\u00e3o, que representa aquela que acredito ser a minha mais importante contribui\u00e7\u00e3o para o meu estado e sua gente; o pr\u00e9dio da Academia Maranhense de Letras, institui\u00e7\u00e3o de que muito me orgulho em ser membro; ou o plen\u00e1rio da Assembleia Legislativa do Maranh\u00e3o, onde busquei defender os melhores interesses de meus eleitores e do povo de minha terra, e onde vi serem aprovadas por unanimidade as duas leis mais importantes de minha autoria: A lei de incentivo \u00e0 cultura e a lei de incentivo ao esporte.<\/p>\n\n\n\n<p>No entanto, \u00e9 indispens\u00e1vel que por l\u00e1 passem meus colegas de inf\u00e2ncia, l\u00e1 do Outeiro da Cruz, meus amigos do Col\u00e9gio Batista e do Dom Bosco, al\u00e9m dos companheiros do curso de Direito da UFMA. Iria querer ver, l\u00e1 de onde eu estivesse, Paulinho, Celso, Kenard, \u00c9rico, Cordeiro, e todos os parceiros do tempo do Guarnic\u00ea.<\/p>\n\n\n\n<p>N\u00e3o poderiam faltar meus parceiros de festiva adolesc\u00eancia do Jaguarema, do L\u00edtero e das praias de minha amada S\u00e3o Lu\u00eds. N\u00e3o poderiam faltar as poucas namoradas que tive e as muitas mulheres que amei, seja no sentido liter\u00e1rio, seja no sentido b\u00edblico (minha amada Jacira, tenho certeza, n\u00e3o sentir\u00e1 nenhum tipo de ci\u00fame, pois sabe que meu cora\u00e7\u00e3o, naquele momento j\u00e1 inerte, pulsou apenas por ela, desde que a conheci).<\/p>\n\n\n\n<p>N\u00e3o poderiam faltar meus amigos do esporte, do basquete, do t\u00eanis, e de todas as outras modalidades que tentei praticar, sem tanto sucesso. Nem meus confrades da AML, do IHGM e meus colegas deputados. Correligion\u00e1rios e advers\u00e1rios, sem distin\u00e7\u00e3o, gostaria que passassem por l\u00e1. Gostaria que l\u00e1 estivessem os poucos e bons s\u00f3cios que tive e os muitos e queridos amigos que cultivei.<\/p>\n\n\n\n<p>S\u00f3 n\u00e3o gostaria que estivesse em meu vel\u00f3rio a minha m\u00e3e, pois uma dor como essa seria demais para ela.<\/p>\n\n\n\n<p>N\u00e3o gostaria de ver ningu\u00e9m triste ou chorando.<\/p>\n\n\n\n<p>Desde j\u00e1, saibam que quando eu n\u00e3o mais estiver por aqui, a lembran\u00e7a de mim deve ser apenas pelo fato de ter vivido intensamente, de ter feito sempre o que desejei fazer, de ter tentado ser sempre uma pessoa honrada e nobre, como um galante personagem de Alexandre Dumas, a quem invejava como contador de hist\u00f3rias e queria como pai ficcional.<\/p>\n\n\n\n<p>N\u00e3o quero tristeza nem pranto em meu vel\u00f3rio, s\u00f3 as lembran\u00e7as das coisas que tentei ser e fazer, e que se n\u00e3o consegui, foi por incapacidade pr\u00f3pria, mas que todos saibam que eu tentei sempre fazer o meu melhor.<\/p>\n\n\n\n<p>Faltava resolver o que fazer com as minhas frias carnes! Decidi ent\u00e3o que desejo ser cremado e que minhas cinzas sejam jogadas aos p\u00e9s de uma \u00e1rvore frut\u00edfera, plantada em uma pra\u00e7a que pretendo doar \u00e0 minha cidade, para que pessoas, como eu, que n\u00e3o desejem ser enterradas, possam contemplar a eternidade e adubar o futuro.<\/p>\n","protected":false},"excerpt":{"rendered":"<p>Toda essa loucura que tem sido a pandemia de Covid-19 e os falecimentos de alguns de meus queridos amigos, me [&hellip;]<\/p>\n","protected":false},"author":7,"featured_media":0,"comment_status":"open","ping_status":"open","sticky":false,"template":"","format":"standard","meta":{"site-sidebar-layout":"default","site-content-layout":"","ast-site-content-layout":"default","site-content-style":"default","site-sidebar-style":"default","ast-global-header-display":"","ast-banner-title-visibility":"","ast-main-header-display":"","ast-hfb-above-header-display":"","ast-hfb-below-header-display":"","ast-hfb-mobile-header-display":"","site-post-title":"","ast-breadcrumbs-content":"","ast-featured-img":"","footer-sml-layout":"","ast-disable-related-posts":"","theme-transparent-header-meta":"","adv-header-id-meta":"","stick-header-meta":"","header-above-stick-meta":"","header-main-stick-meta":"","header-below-stick-meta":"","astra-migrate-meta-layouts":"default","ast-page-background-enabled":"default","ast-page-background-meta":{"desktop":{"background-color":"var(--ast-global-color-5)","background-image":"","background-repeat":"repeat","background-position":"center center","background-size":"auto","background-attachment":"scroll","background-type":"","background-media":"","overlay-type":"","overlay-color":"","overlay-opacity":"","overlay-gradient":""},"tablet":{"background-color":"","background-image":"","background-repeat":"repeat","background-position":"center center","background-size":"auto","background-attachment":"scroll","background-type":"","background-media":"","overlay-type":"","overlay-color":"","overlay-opacity":"","overlay-gradient":""},"mobile":{"background-color":"","background-image":"","background-repeat":"repeat","background-position":"center center","background-size":"auto","background-attachment":"scroll","background-type":"","background-media":"","overlay-type":"","overlay-color":"","overlay-opacity":"","overlay-gradient":""}},"ast-content-background-meta":{"desktop":{"background-color":"var(--ast-global-color-4)","background-image":"","background-repeat":"repeat","background-position":"center center","background-size":"auto","background-attachment":"scroll","background-type":"","background-media":"","overlay-type":"","overlay-color":"","overlay-opacity":"","overlay-gradient":""},"tablet":{"background-color":"var(--ast-global-color-4)","background-image":"","background-repeat":"repeat","background-position":"center center","background-size":"auto","background-attachment":"scroll","background-type":"","background-media":"","overlay-type":"","overlay-color":"","overlay-opacity":"","overlay-gradient":""},"mobile":{"background-color":"var(--ast-global-color-4)","background-image":"","background-repeat":"repeat","background-position":"center center","background-size":"auto","background-attachment":"scroll","background-type":"","background-media":"","overlay-type":"","overlay-color":"","overlay-opacity":"","overlay-gradient":""}},"footnotes":""},"categories":[1],"tags":[],"class_list":["post-2454","post","type-post","status-publish","format-standard","hentry","category-sem-categoria"],"yoast_head":"<!-- This site is optimized with the Yoast SEO plugin v26.6 - https:\/\/yoast.com\/wordpress\/plugins\/seo\/ -->\n<title>Planos para a eternidade - Joaquim Haickel<\/title>\n<meta name=\"robots\" content=\"index, follow, max-snippet:-1, max-image-preview:large, max-video-preview:-1\" \/>\n<link rel=\"canonical\" href=\"https:\/\/www.blogsoestado.com\/joaquimhaickel\/2020\/08\/15\/planos-para-a-eternidade\/\" \/>\n<meta property=\"og:locale\" content=\"pt_BR\" \/>\n<meta property=\"og:type\" content=\"article\" \/>\n<meta property=\"og:title\" content=\"Planos para a eternidade - Joaquim Haickel\" \/>\n<meta property=\"og:description\" content=\"Toda essa loucura que tem sido a pandemia de Covid-19 e os falecimentos de alguns de meus queridos amigos, me [&hellip;]\" \/>\n<meta property=\"og:url\" content=\"https:\/\/www.blogsoestado.com\/joaquimhaickel\/2020\/08\/15\/planos-para-a-eternidade\/\" \/>\n<meta property=\"og:site_name\" content=\"Joaquim Haickel\" \/>\n<meta property=\"article:published_time\" content=\"2020-08-15T10:28:55+00:00\" \/>\n<meta property=\"og:image\" content=\"https:\/\/www.blogsoestado.com\/joaquimhaickel\/wp-content\/uploads\/sites\/6\/2020\/08\/cadeira-sob-arvore-no-beira-mar-72710549.jpg\" \/>\n<meta name=\"author\" content=\"Joaquim Haickel\" \/>\n<meta name=\"twitter:card\" content=\"summary_large_image\" \/>\n<meta name=\"twitter:label1\" content=\"Escrito por\" \/>\n\t<meta name=\"twitter:data1\" content=\"Joaquim Haickel\" \/>\n\t<meta name=\"twitter:label2\" content=\"Est. tempo de leitura\" \/>\n\t<meta name=\"twitter:data2\" content=\"4 minutos\" \/>\n<script type=\"application\/ld+json\" class=\"yoast-schema-graph\">{\"@context\":\"https:\/\/schema.org\",\"@graph\":[{\"@type\":\"WebPage\",\"@id\":\"https:\/\/www.blogsoestado.com\/joaquimhaickel\/2020\/08\/15\/planos-para-a-eternidade\/\",\"url\":\"https:\/\/www.blogsoestado.com\/joaquimhaickel\/2020\/08\/15\/planos-para-a-eternidade\/\",\"name\":\"Planos para a eternidade - Joaquim Haickel\",\"isPartOf\":{\"@id\":\"https:\/\/www.blogsoestado.com\/joaquimhaickel\/#website\"},\"primaryImageOfPage\":{\"@id\":\"https:\/\/www.blogsoestado.com\/joaquimhaickel\/2020\/08\/15\/planos-para-a-eternidade\/#primaryimage\"},\"image\":{\"@id\":\"https:\/\/www.blogsoestado.com\/joaquimhaickel\/2020\/08\/15\/planos-para-a-eternidade\/#primaryimage\"},\"thumbnailUrl\":\"https:\/\/www.blogsoestado.com\/joaquimhaickel\/wp-content\/uploads\/sites\/6\/2020\/08\/cadeira-sob-arvore-no-beira-mar-72710549.jpg\",\"datePublished\":\"2020-08-15T10:28:55+00:00\",\"author\":{\"@id\":\"https:\/\/www.blogsoestado.com\/joaquimhaickel\/#\/schema\/person\/4a711644aff28245c6c2c3452d66d325\"},\"breadcrumb\":{\"@id\":\"https:\/\/www.blogsoestado.com\/joaquimhaickel\/2020\/08\/15\/planos-para-a-eternidade\/#breadcrumb\"},\"inLanguage\":\"pt-BR\",\"potentialAction\":[{\"@type\":\"ReadAction\",\"target\":[\"https:\/\/www.blogsoestado.com\/joaquimhaickel\/2020\/08\/15\/planos-para-a-eternidade\/\"]}]},{\"@type\":\"ImageObject\",\"inLanguage\":\"pt-BR\",\"@id\":\"https:\/\/www.blogsoestado.com\/joaquimhaickel\/2020\/08\/15\/planos-para-a-eternidade\/#primaryimage\",\"url\":\"https:\/\/www.blogsoestado.com\/joaquimhaickel\/wp-content\/uploads\/sites\/6\/2020\/08\/cadeira-sob-arvore-no-beira-mar-72710549.jpg\",\"contentUrl\":\"https:\/\/www.blogsoestado.com\/joaquimhaickel\/wp-content\/uploads\/sites\/6\/2020\/08\/cadeira-sob-arvore-no-beira-mar-72710549.jpg\",\"width\":601,\"height\":900},{\"@type\":\"BreadcrumbList\",\"@id\":\"https:\/\/www.blogsoestado.com\/joaquimhaickel\/2020\/08\/15\/planos-para-a-eternidade\/#breadcrumb\",\"itemListElement\":[{\"@type\":\"ListItem\",\"position\":1,\"name\":\"In\u00edcio\",\"item\":\"https:\/\/www.blogsoestado.com\/joaquimhaickel\/\"},{\"@type\":\"ListItem\",\"position\":2,\"name\":\"Planos para a eternidade\"}]},{\"@type\":\"WebSite\",\"@id\":\"https:\/\/www.blogsoestado.com\/joaquimhaickel\/#website\",\"url\":\"https:\/\/www.blogsoestado.com\/joaquimhaickel\/\",\"name\":\"Joaquim Haickel\",\"description\":\"\",\"potentialAction\":[{\"@type\":\"SearchAction\",\"target\":{\"@type\":\"EntryPoint\",\"urlTemplate\":\"https:\/\/www.blogsoestado.com\/joaquimhaickel\/?s={search_term_string}\"},\"query-input\":{\"@type\":\"PropertyValueSpecification\",\"valueRequired\":true,\"valueName\":\"search_term_string\"}}],\"inLanguage\":\"pt-BR\"},{\"@type\":\"Person\",\"@id\":\"https:\/\/www.blogsoestado.com\/joaquimhaickel\/#\/schema\/person\/4a711644aff28245c6c2c3452d66d325\",\"name\":\"Joaquim Haickel\",\"image\":{\"@type\":\"ImageObject\",\"inLanguage\":\"pt-BR\",\"@id\":\"https:\/\/www.blogsoestado.com\/joaquimhaickel\/#\/schema\/person\/image\/\",\"url\":\"https:\/\/secure.gravatar.com\/avatar\/473d89339b9f8ec089adb8d5778363eb5a2ba2319956bcf0298bfd8cca04684a?s=96&d=mm&r=g\",\"contentUrl\":\"https:\/\/secure.gravatar.com\/avatar\/473d89339b9f8ec089adb8d5778363eb5a2ba2319956bcf0298bfd8cca04684a?s=96&d=mm&r=g\",\"caption\":\"Joaquim Haickel\"},\"url\":\"https:\/\/www.blogsoestado.com\/joaquimhaickel\/author\/joaquimhaickel\/\"}]}<\/script>\n<!-- \/ Yoast SEO plugin. -->","yoast_head_json":{"title":"Planos para a eternidade - Joaquim Haickel","robots":{"index":"index","follow":"follow","max-snippet":"max-snippet:-1","max-image-preview":"max-image-preview:large","max-video-preview":"max-video-preview:-1"},"canonical":"https:\/\/www.blogsoestado.com\/joaquimhaickel\/2020\/08\/15\/planos-para-a-eternidade\/","og_locale":"pt_BR","og_type":"article","og_title":"Planos para a eternidade - Joaquim Haickel","og_description":"Toda essa loucura que tem sido a pandemia de Covid-19 e os falecimentos de alguns de meus queridos amigos, me [&hellip;]","og_url":"https:\/\/www.blogsoestado.com\/joaquimhaickel\/2020\/08\/15\/planos-para-a-eternidade\/","og_site_name":"Joaquim Haickel","article_published_time":"2020-08-15T10:28:55+00:00","og_image":[{"url":"https:\/\/www.blogsoestado.com\/joaquimhaickel\/wp-content\/uploads\/sites\/6\/2020\/08\/cadeira-sob-arvore-no-beira-mar-72710549.jpg","type":"","width":"","height":""}],"author":"Joaquim Haickel","twitter_card":"summary_large_image","twitter_misc":{"Escrito por":"Joaquim Haickel","Est. tempo de leitura":"4 minutos"},"schema":{"@context":"https:\/\/schema.org","@graph":[{"@type":"WebPage","@id":"https:\/\/www.blogsoestado.com\/joaquimhaickel\/2020\/08\/15\/planos-para-a-eternidade\/","url":"https:\/\/www.blogsoestado.com\/joaquimhaickel\/2020\/08\/15\/planos-para-a-eternidade\/","name":"Planos para a eternidade - Joaquim Haickel","isPartOf":{"@id":"https:\/\/www.blogsoestado.com\/joaquimhaickel\/#website"},"primaryImageOfPage":{"@id":"https:\/\/www.blogsoestado.com\/joaquimhaickel\/2020\/08\/15\/planos-para-a-eternidade\/#primaryimage"},"image":{"@id":"https:\/\/www.blogsoestado.com\/joaquimhaickel\/2020\/08\/15\/planos-para-a-eternidade\/#primaryimage"},"thumbnailUrl":"https:\/\/www.blogsoestado.com\/joaquimhaickel\/wp-content\/uploads\/sites\/6\/2020\/08\/cadeira-sob-arvore-no-beira-mar-72710549.jpg","datePublished":"2020-08-15T10:28:55+00:00","author":{"@id":"https:\/\/www.blogsoestado.com\/joaquimhaickel\/#\/schema\/person\/4a711644aff28245c6c2c3452d66d325"},"breadcrumb":{"@id":"https:\/\/www.blogsoestado.com\/joaquimhaickel\/2020\/08\/15\/planos-para-a-eternidade\/#breadcrumb"},"inLanguage":"pt-BR","potentialAction":[{"@type":"ReadAction","target":["https:\/\/www.blogsoestado.com\/joaquimhaickel\/2020\/08\/15\/planos-para-a-eternidade\/"]}]},{"@type":"ImageObject","inLanguage":"pt-BR","@id":"https:\/\/www.blogsoestado.com\/joaquimhaickel\/2020\/08\/15\/planos-para-a-eternidade\/#primaryimage","url":"https:\/\/www.blogsoestado.com\/joaquimhaickel\/wp-content\/uploads\/sites\/6\/2020\/08\/cadeira-sob-arvore-no-beira-mar-72710549.jpg","contentUrl":"https:\/\/www.blogsoestado.com\/joaquimhaickel\/wp-content\/uploads\/sites\/6\/2020\/08\/cadeira-sob-arvore-no-beira-mar-72710549.jpg","width":601,"height":900},{"@type":"BreadcrumbList","@id":"https:\/\/www.blogsoestado.com\/joaquimhaickel\/2020\/08\/15\/planos-para-a-eternidade\/#breadcrumb","itemListElement":[{"@type":"ListItem","position":1,"name":"In\u00edcio","item":"https:\/\/www.blogsoestado.com\/joaquimhaickel\/"},{"@type":"ListItem","position":2,"name":"Planos para a eternidade"}]},{"@type":"WebSite","@id":"https:\/\/www.blogsoestado.com\/joaquimhaickel\/#website","url":"https:\/\/www.blogsoestado.com\/joaquimhaickel\/","name":"Joaquim Haickel","description":"","potentialAction":[{"@type":"SearchAction","target":{"@type":"EntryPoint","urlTemplate":"https:\/\/www.blogsoestado.com\/joaquimhaickel\/?s={search_term_string}"},"query-input":{"@type":"PropertyValueSpecification","valueRequired":true,"valueName":"search_term_string"}}],"inLanguage":"pt-BR"},{"@type":"Person","@id":"https:\/\/www.blogsoestado.com\/joaquimhaickel\/#\/schema\/person\/4a711644aff28245c6c2c3452d66d325","name":"Joaquim Haickel","image":{"@type":"ImageObject","inLanguage":"pt-BR","@id":"https:\/\/www.blogsoestado.com\/joaquimhaickel\/#\/schema\/person\/image\/","url":"https:\/\/secure.gravatar.com\/avatar\/473d89339b9f8ec089adb8d5778363eb5a2ba2319956bcf0298bfd8cca04684a?s=96&d=mm&r=g","contentUrl":"https:\/\/secure.gravatar.com\/avatar\/473d89339b9f8ec089adb8d5778363eb5a2ba2319956bcf0298bfd8cca04684a?s=96&d=mm&r=g","caption":"Joaquim Haickel"},"url":"https:\/\/www.blogsoestado.com\/joaquimhaickel\/author\/joaquimhaickel\/"}]}},"jetpack_featured_media_url":"","_links":{"self":[{"href":"https:\/\/www.blogsoestado.com\/joaquimhaickel\/wp-json\/wp\/v2\/posts\/2454","targetHints":{"allow":["GET"]}}],"collection":[{"href":"https:\/\/www.blogsoestado.com\/joaquimhaickel\/wp-json\/wp\/v2\/posts"}],"about":[{"href":"https:\/\/www.blogsoestado.com\/joaquimhaickel\/wp-json\/wp\/v2\/types\/post"}],"author":[{"embeddable":true,"href":"https:\/\/www.blogsoestado.com\/joaquimhaickel\/wp-json\/wp\/v2\/users\/7"}],"replies":[{"embeddable":true,"href":"https:\/\/www.blogsoestado.com\/joaquimhaickel\/wp-json\/wp\/v2\/comments?post=2454"}],"version-history":[{"count":0,"href":"https:\/\/www.blogsoestado.com\/joaquimhaickel\/wp-json\/wp\/v2\/posts\/2454\/revisions"}],"wp:attachment":[{"href":"https:\/\/www.blogsoestado.com\/joaquimhaickel\/wp-json\/wp\/v2\/media?parent=2454"}],"wp:term":[{"taxonomy":"category","embeddable":true,"href":"https:\/\/www.blogsoestado.com\/joaquimhaickel\/wp-json\/wp\/v2\/categories?post=2454"},{"taxonomy":"post_tag","embeddable":true,"href":"https:\/\/www.blogsoestado.com\/joaquimhaickel\/wp-json\/wp\/v2\/tags?post=2454"}],"curies":[{"name":"wp","href":"https:\/\/api.w.org\/{rel}","templated":true}]}}