{"id":2658,"date":"2021-03-27T09:15:19","date_gmt":"2021-03-27T12:15:19","guid":{"rendered":"https:\/\/www.blogsoestado.com\/joaquimhaickel\/?p=2658"},"modified":"2021-03-27T09:15:19","modified_gmt":"2021-03-27T12:15:19","slug":"garrone-e-eu","status":"publish","type":"post","link":"https:\/\/www.blogsoestado.com\/joaquimhaickel\/2021\/03\/27\/garrone-e-eu\/","title":{"rendered":"Garrone e Eu"},"content":{"rendered":"\n<figure class=\"wp-block-image size-large\"><a href=\"https:\/\/www.blogsoestado.com\/joaquimhaickel\/wp-content\/uploads\/sites\/6\/2021\/03\/baloes-de-fala-vazios-em-quadrinhos-retro_180786-33-1-1.jpg\"><img fetchpriority=\"high\" decoding=\"async\" width=\"626\" height=\"626\" src=\"https:\/\/www.blogsoestado.com\/joaquimhaickel\/wp-content\/uploads\/sites\/6\/2021\/03\/baloes-de-fala-vazios-em-quadrinhos-retro_180786-33-1-1.jpg\" alt=\"\" class=\"wp-image-2659\" srcset=\"https:\/\/www.blogsoestado.com\/joaquimhaickel\/wp-content\/uploads\/sites\/6\/2021\/03\/baloes-de-fala-vazios-em-quadrinhos-retro_180786-33-1-1.jpg 626w, https:\/\/www.blogsoestado.com\/joaquimhaickel\/wp-content\/uploads\/sites\/6\/2021\/03\/baloes-de-fala-vazios-em-quadrinhos-retro_180786-33-1-1-300x300.jpg 300w, https:\/\/www.blogsoestado.com\/joaquimhaickel\/wp-content\/uploads\/sites\/6\/2021\/03\/baloes-de-fala-vazios-em-quadrinhos-retro_180786-33-1-1-150x150.jpg 150w\" sizes=\"(max-width: 626px) 100vw, 626px\" \/><\/a><\/figure>\n\n\n\n<p><\/p>\n\n\n\n<p>Minha amizade com o jornalista Raimundo Garrone vem desde o in\u00edcio dos anos 80. Eu editava a&nbsp;<em>Revista Guarnic\u00ea e e<\/em>le ainda cursava jornalismo e fazia parte de um grupo de jovens poetas que se autodenominavam&nbsp;<em>Os P\u00e1rias<\/em>, que constantemente publicavam seus poemas em nossa revista.<\/p>\n\n\n\n<p>Politicamente eu e Garrone sempre estivemos em campos opostos, mas mantivemos uma boa rela\u00e7\u00e3o, baseada em respeito e considera\u00e7\u00e3o.<\/p>\n\n\n\n<p>Lembro de fatos interessantes na minha hist\u00f3ria com Garrone. Certa vez, o meu hoje confrade na Academia Maranhense de Letras, Felix Alberto Lima, juntamente com outras pessoas, promoveu uma oficina de contos e trouxe para ministr\u00e1-la o grande poeta Caio Fernando Abreu.<\/p>\n\n\n\n<p>Fizeram aquele curso a fina flor da jovem intelectualidade ludovicense, na qual Garrone e eu, est\u00e1vamos inseridos. No terceiro dia do curso, Caio pediu que cada um de n\u00f3s levasse um conto de um grande escritor para lermos, analisarmos e trabalharmos nele, recriando a atmosfera liter\u00e1ria do autor.<\/p>\n\n\n\n<p>Levaram textos de Edgar Alan Poe, Machado de Assis, Dalton Trevisan, L\u00edgia Fagundes Teles&#8230; J\u00e1 eu, como sempre sofri o preconceito por ser um escritor burgu\u00eas, um herdeiro, algu\u00e9m cujo talento liter\u00e1rio sempre era colocado em d\u00favida por eu ser pol\u00edtico &#8211; naquela \u00e9poca j\u00e1 era deputado &#8211; resolvi pregar-lhes uma pe\u00e7a e apresentei como sendo do famoso cineasta, David Lynch, o conto&nbsp;<em>Pelo Ouvido<\/em>, que era na verdade de minha autoria. O certo \u00e9 que ao ser lido, o conto foi aclamado por todos, elogiado como sendo uma obra genial, tendo a marca clara do estilo de seu autor. Serviu de exemplo de como se deve estruturar uma ideia de forma simples, colocando nela todos os ingredientes necess\u00e1rios para realizar uma obra ic\u00f4nica.<\/p>\n\n\n\n<p>A complica\u00e7\u00e3o foi na hora de revelar que o conto n\u00e3o era de David Lynch, mas sim meu. Muita gente ficou indignada. O Caio n\u00e3o entendeu at\u00e9 que eu explicasse o&nbsp;<em>bulling<\/em>&nbsp;que eu sofria. Garrone foi um dos mais indignados, tendo escrito uma mat\u00e9ria de meia p\u00e1gina no jornal O imparcial, sobre o ocorrido.<\/p>\n\n\n\n<p>Lembro que s\u00f3 de \u201csacanagem\u201d escrevi na semana seguinte, um artigo no jornal O Estado do Maranh\u00e3o, contando a minha vers\u00e3o dos fatos, e pedi permiss\u00e3o para meu amigo Jos\u00e9 Louzeiro para publicar com o nome dele, apenas para demonstrar como o preconceito ideol\u00f3gico era uma coisa grave e deveria ser abominado e combatido.<\/p>\n\n\n\n<p>Anos mais tarde, eu ainda deputado, criei as leis de incentivo ao esporte e \u00e0 cultura, e Garrone era proponente de um projeto no dispositivo de fomento cultural.<\/p>\n\n\n\n<p>Mesmo tendo o certificado que lhe permitia buscar o patroc\u00ednio para seu projeto, Garrone n\u00e3o conseguia. Falei com um grande amigo meu, algu\u00e9m a quem Garrone n\u00e3o poupava cr\u00edticas duras e \u00e1cidas, em muitos aspectos injustas, movido unicamente pelo posicionamento pol\u00edtico-partid\u00e1rio. Pedi \u00e0quele amigo que arrumasse patroc\u00ednio para a&nbsp;<em>Bandida<\/em>, banda de carnaval que Garrone fazia para agitar as festividades momescas de nossa cidade.<\/p>\n\n\n\n<p>Fiz com que aquele meu amigo visse que patrocinar uma atividade como a&nbsp;<em>Bandida<\/em>, de algu\u00e9m que o atacava, s\u00f3 iria comprovar que a lei de incentivo viera para democratizar o espa\u00e7o cultural, sem a utiliza\u00e7\u00e3o de vi\u00e9s pol\u00edtico, que todos teriam acesso \u00e0quele dispositivo e que os melhores e mais capacitados iriam ser automaticamente diferenciados e preferidos pelos patrocinadores, como era o caso da&nbsp;<em>Bandida<\/em>. E assim foi feito. A&nbsp;<em>Bandida<\/em>&nbsp;foi patrocinada por esse meu amigo durante muitos carnavais.<\/p>\n\n\n\n<p>Hoje, secret\u00e1rio de Comunica\u00e7\u00e3o do munic\u00edpio, destinei m\u00eddia para publica\u00e7\u00e3o de banner de propaganda da Prefeitura de S\u00e3o Lu\u00eds em alguns blogs e tenho sofrido cr\u00edticas por parte de alguns jornalistas, pelo fato de eu ter autorizado a contrata\u00e7\u00e3o do Blog do Garrone, jornalista que sempre se posicionou contra o prefeito Braide, a quem critica por motivos meramente pol\u00edtico-partid\u00e1rios, sem jamais reconhecer as coisas boas que a sua gest\u00e3o tem feito em benef\u00edcio da cidade e de seu povo.<\/p>\n\n\n\n<p>A minha resposta a quem critica o que fiz \u00e9 simples e clara:&nbsp;<strong>Eu n\u00e3o pago por posicionamento editorial, nem de jornalista, nem de ve\u00edculo, pago por m\u00eddia!<\/strong>&nbsp;Os leitores e a popula\u00e7\u00e3o sabem medir as a\u00e7\u00f5es das pessoas, tanto que elegeram Braide para ser seu prefeito. As minhas a\u00e7\u00f5es s\u00e3o medidas, primeiramente, por mim e est\u00e3o sujeitas ao julgamento de todos, a \u00fanica coisa que eu exijo \u00e9 que este julgamento seja justo.<\/p>\n","protected":false},"excerpt":{"rendered":"<p>Minha amizade com o jornalista Raimundo Garrone vem desde o in\u00edcio dos anos 80. Eu editava a&nbsp;Revista Guarnic\u00ea e ele [&hellip;]<\/p>\n","protected":false},"author":7,"featured_media":0,"comment_status":"open","ping_status":"open","sticky":false,"template":"","format":"standard","meta":{"site-sidebar-layout":"default","site-content-layout":"","ast-site-content-layout":"default","site-content-style":"default","site-sidebar-style":"default","ast-global-header-display":"","ast-banner-title-visibility":"","ast-main-header-display":"","ast-hfb-above-header-display":"","ast-hfb-below-header-display":"","ast-hfb-mobile-header-display":"","site-post-title":"","ast-breadcrumbs-content":"","ast-featured-img":"","footer-sml-layout":"","ast-disable-related-posts":"","theme-transparent-header-meta":"","adv-header-id-meta":"","stick-header-meta":"","header-above-stick-meta":"","header-main-stick-meta":"","header-below-stick-meta":"","astra-migrate-meta-layouts":"default","ast-page-background-enabled":"default","ast-page-background-meta":{"desktop":{"background-color":"var(--ast-global-color-5)","background-image":"","background-repeat":"repeat","background-position":"center center","background-size":"auto","background-attachment":"scroll","background-type":"","background-media":"","overlay-type":"","overlay-color":"","overlay-opacity":"","overlay-gradient":""},"tablet":{"background-color":"","background-image":"","background-repeat":"repeat","background-position":"center center","background-size":"auto","background-attachment":"scroll","background-type":"","background-media":"","overlay-type":"","overlay-color":"","overlay-opacity":"","overlay-gradient":""},"mobile":{"background-color":"","background-image":"","background-repeat":"repeat","background-position":"center center","background-size":"auto","background-attachment":"scroll","background-type":"","background-media":"","overlay-type":"","overlay-color":"","overlay-opacity":"","overlay-gradient":""}},"ast-content-background-meta":{"desktop":{"background-color":"var(--ast-global-color-4)","background-image":"","background-repeat":"repeat","background-position":"center center","background-size":"auto","background-attachment":"scroll","background-type":"","background-media":"","overlay-type":"","overlay-color":"","overlay-opacity":"","overlay-gradient":""},"tablet":{"background-color":"var(--ast-global-color-4)","background-image":"","background-repeat":"repeat","background-position":"center center","background-size":"auto","background-attachment":"scroll","background-type":"","background-media":"","overlay-type":"","overlay-color":"","overlay-opacity":"","overlay-gradient":""},"mobile":{"background-color":"var(--ast-global-color-4)","background-image":"","background-repeat":"repeat","background-position":"center center","background-size":"auto","background-attachment":"scroll","background-type":"","background-media":"","overlay-type":"","overlay-color":"","overlay-opacity":"","overlay-gradient":""}},"footnotes":""},"categories":[1],"tags":[],"class_list":["post-2658","post","type-post","status-publish","format-standard","hentry","category-sem-categoria"],"yoast_head":"<!-- This site is optimized with the Yoast SEO plugin v26.6 - https:\/\/yoast.com\/wordpress\/plugins\/seo\/ -->\n<title>Garrone e Eu - Joaquim Haickel<\/title>\n<meta name=\"robots\" content=\"index, follow, max-snippet:-1, max-image-preview:large, max-video-preview:-1\" \/>\n<link rel=\"canonical\" href=\"https:\/\/www.blogsoestado.com\/joaquimhaickel\/2021\/03\/27\/garrone-e-eu\/\" \/>\n<meta property=\"og:locale\" content=\"pt_BR\" \/>\n<meta property=\"og:type\" content=\"article\" \/>\n<meta property=\"og:title\" content=\"Garrone e Eu - Joaquim Haickel\" \/>\n<meta property=\"og:description\" content=\"Minha amizade com o jornalista Raimundo Garrone vem desde o in\u00edcio dos anos 80. Eu editava a&nbsp;Revista Guarnic\u00ea e ele [&hellip;]\" \/>\n<meta property=\"og:url\" content=\"https:\/\/www.blogsoestado.com\/joaquimhaickel\/2021\/03\/27\/garrone-e-eu\/\" \/>\n<meta property=\"og:site_name\" content=\"Joaquim Haickel\" \/>\n<meta property=\"article:published_time\" content=\"2021-03-27T12:15:19+00:00\" \/>\n<meta property=\"og:image\" content=\"https:\/\/www.blogsoestado.com\/joaquimhaickel\/wp-content\/uploads\/sites\/6\/2021\/03\/baloes-de-fala-vazios-em-quadrinhos-retro_180786-33-1-1.jpg\" \/>\n<meta name=\"author\" content=\"Joaquim Haickel\" \/>\n<meta name=\"twitter:card\" content=\"summary_large_image\" \/>\n<meta name=\"twitter:label1\" content=\"Escrito por\" \/>\n\t<meta name=\"twitter:data1\" content=\"Joaquim Haickel\" \/>\n\t<meta name=\"twitter:label2\" content=\"Est. tempo de leitura\" \/>\n\t<meta name=\"twitter:data2\" content=\"4 minutos\" \/>\n<script type=\"application\/ld+json\" class=\"yoast-schema-graph\">{\"@context\":\"https:\/\/schema.org\",\"@graph\":[{\"@type\":\"WebPage\",\"@id\":\"https:\/\/www.blogsoestado.com\/joaquimhaickel\/2021\/03\/27\/garrone-e-eu\/\",\"url\":\"https:\/\/www.blogsoestado.com\/joaquimhaickel\/2021\/03\/27\/garrone-e-eu\/\",\"name\":\"Garrone e Eu - Joaquim Haickel\",\"isPartOf\":{\"@id\":\"https:\/\/www.blogsoestado.com\/joaquimhaickel\/#website\"},\"primaryImageOfPage\":{\"@id\":\"https:\/\/www.blogsoestado.com\/joaquimhaickel\/2021\/03\/27\/garrone-e-eu\/#primaryimage\"},\"image\":{\"@id\":\"https:\/\/www.blogsoestado.com\/joaquimhaickel\/2021\/03\/27\/garrone-e-eu\/#primaryimage\"},\"thumbnailUrl\":\"https:\/\/www.blogsoestado.com\/joaquimhaickel\/wp-content\/uploads\/sites\/6\/2021\/03\/baloes-de-fala-vazios-em-quadrinhos-retro_180786-33-1-1.jpg\",\"datePublished\":\"2021-03-27T12:15:19+00:00\",\"author\":{\"@id\":\"https:\/\/www.blogsoestado.com\/joaquimhaickel\/#\/schema\/person\/4a711644aff28245c6c2c3452d66d325\"},\"breadcrumb\":{\"@id\":\"https:\/\/www.blogsoestado.com\/joaquimhaickel\/2021\/03\/27\/garrone-e-eu\/#breadcrumb\"},\"inLanguage\":\"pt-BR\",\"potentialAction\":[{\"@type\":\"ReadAction\",\"target\":[\"https:\/\/www.blogsoestado.com\/joaquimhaickel\/2021\/03\/27\/garrone-e-eu\/\"]}]},{\"@type\":\"ImageObject\",\"inLanguage\":\"pt-BR\",\"@id\":\"https:\/\/www.blogsoestado.com\/joaquimhaickel\/2021\/03\/27\/garrone-e-eu\/#primaryimage\",\"url\":\"https:\/\/www.blogsoestado.com\/joaquimhaickel\/wp-content\/uploads\/sites\/6\/2021\/03\/baloes-de-fala-vazios-em-quadrinhos-retro_180786-33-1-1.jpg\",\"contentUrl\":\"https:\/\/www.blogsoestado.com\/joaquimhaickel\/wp-content\/uploads\/sites\/6\/2021\/03\/baloes-de-fala-vazios-em-quadrinhos-retro_180786-33-1-1.jpg\"},{\"@type\":\"BreadcrumbList\",\"@id\":\"https:\/\/www.blogsoestado.com\/joaquimhaickel\/2021\/03\/27\/garrone-e-eu\/#breadcrumb\",\"itemListElement\":[{\"@type\":\"ListItem\",\"position\":1,\"name\":\"In\u00edcio\",\"item\":\"https:\/\/www.blogsoestado.com\/joaquimhaickel\/\"},{\"@type\":\"ListItem\",\"position\":2,\"name\":\"Garrone e Eu\"}]},{\"@type\":\"WebSite\",\"@id\":\"https:\/\/www.blogsoestado.com\/joaquimhaickel\/#website\",\"url\":\"https:\/\/www.blogsoestado.com\/joaquimhaickel\/\",\"name\":\"Joaquim Haickel\",\"description\":\"\",\"potentialAction\":[{\"@type\":\"SearchAction\",\"target\":{\"@type\":\"EntryPoint\",\"urlTemplate\":\"https:\/\/www.blogsoestado.com\/joaquimhaickel\/?s={search_term_string}\"},\"query-input\":{\"@type\":\"PropertyValueSpecification\",\"valueRequired\":true,\"valueName\":\"search_term_string\"}}],\"inLanguage\":\"pt-BR\"},{\"@type\":\"Person\",\"@id\":\"https:\/\/www.blogsoestado.com\/joaquimhaickel\/#\/schema\/person\/4a711644aff28245c6c2c3452d66d325\",\"name\":\"Joaquim Haickel\",\"image\":{\"@type\":\"ImageObject\",\"inLanguage\":\"pt-BR\",\"@id\":\"https:\/\/www.blogsoestado.com\/joaquimhaickel\/#\/schema\/person\/image\/\",\"url\":\"https:\/\/secure.gravatar.com\/avatar\/473d89339b9f8ec089adb8d5778363eb5a2ba2319956bcf0298bfd8cca04684a?s=96&d=mm&r=g\",\"contentUrl\":\"https:\/\/secure.gravatar.com\/avatar\/473d89339b9f8ec089adb8d5778363eb5a2ba2319956bcf0298bfd8cca04684a?s=96&d=mm&r=g\",\"caption\":\"Joaquim Haickel\"},\"url\":\"https:\/\/www.blogsoestado.com\/joaquimhaickel\/author\/joaquimhaickel\/\"}]}<\/script>\n<!-- \/ Yoast SEO plugin. -->","yoast_head_json":{"title":"Garrone e Eu - Joaquim Haickel","robots":{"index":"index","follow":"follow","max-snippet":"max-snippet:-1","max-image-preview":"max-image-preview:large","max-video-preview":"max-video-preview:-1"},"canonical":"https:\/\/www.blogsoestado.com\/joaquimhaickel\/2021\/03\/27\/garrone-e-eu\/","og_locale":"pt_BR","og_type":"article","og_title":"Garrone e Eu - Joaquim Haickel","og_description":"Minha amizade com o jornalista Raimundo Garrone vem desde o in\u00edcio dos anos 80. Eu editava a&nbsp;Revista Guarnic\u00ea e ele [&hellip;]","og_url":"https:\/\/www.blogsoestado.com\/joaquimhaickel\/2021\/03\/27\/garrone-e-eu\/","og_site_name":"Joaquim Haickel","article_published_time":"2021-03-27T12:15:19+00:00","og_image":[{"url":"https:\/\/www.blogsoestado.com\/joaquimhaickel\/wp-content\/uploads\/sites\/6\/2021\/03\/baloes-de-fala-vazios-em-quadrinhos-retro_180786-33-1-1.jpg","type":"","width":"","height":""}],"author":"Joaquim Haickel","twitter_card":"summary_large_image","twitter_misc":{"Escrito por":"Joaquim Haickel","Est. tempo de leitura":"4 minutos"},"schema":{"@context":"https:\/\/schema.org","@graph":[{"@type":"WebPage","@id":"https:\/\/www.blogsoestado.com\/joaquimhaickel\/2021\/03\/27\/garrone-e-eu\/","url":"https:\/\/www.blogsoestado.com\/joaquimhaickel\/2021\/03\/27\/garrone-e-eu\/","name":"Garrone e Eu - Joaquim Haickel","isPartOf":{"@id":"https:\/\/www.blogsoestado.com\/joaquimhaickel\/#website"},"primaryImageOfPage":{"@id":"https:\/\/www.blogsoestado.com\/joaquimhaickel\/2021\/03\/27\/garrone-e-eu\/#primaryimage"},"image":{"@id":"https:\/\/www.blogsoestado.com\/joaquimhaickel\/2021\/03\/27\/garrone-e-eu\/#primaryimage"},"thumbnailUrl":"https:\/\/www.blogsoestado.com\/joaquimhaickel\/wp-content\/uploads\/sites\/6\/2021\/03\/baloes-de-fala-vazios-em-quadrinhos-retro_180786-33-1-1.jpg","datePublished":"2021-03-27T12:15:19+00:00","author":{"@id":"https:\/\/www.blogsoestado.com\/joaquimhaickel\/#\/schema\/person\/4a711644aff28245c6c2c3452d66d325"},"breadcrumb":{"@id":"https:\/\/www.blogsoestado.com\/joaquimhaickel\/2021\/03\/27\/garrone-e-eu\/#breadcrumb"},"inLanguage":"pt-BR","potentialAction":[{"@type":"ReadAction","target":["https:\/\/www.blogsoestado.com\/joaquimhaickel\/2021\/03\/27\/garrone-e-eu\/"]}]},{"@type":"ImageObject","inLanguage":"pt-BR","@id":"https:\/\/www.blogsoestado.com\/joaquimhaickel\/2021\/03\/27\/garrone-e-eu\/#primaryimage","url":"https:\/\/www.blogsoestado.com\/joaquimhaickel\/wp-content\/uploads\/sites\/6\/2021\/03\/baloes-de-fala-vazios-em-quadrinhos-retro_180786-33-1-1.jpg","contentUrl":"https:\/\/www.blogsoestado.com\/joaquimhaickel\/wp-content\/uploads\/sites\/6\/2021\/03\/baloes-de-fala-vazios-em-quadrinhos-retro_180786-33-1-1.jpg"},{"@type":"BreadcrumbList","@id":"https:\/\/www.blogsoestado.com\/joaquimhaickel\/2021\/03\/27\/garrone-e-eu\/#breadcrumb","itemListElement":[{"@type":"ListItem","position":1,"name":"In\u00edcio","item":"https:\/\/www.blogsoestado.com\/joaquimhaickel\/"},{"@type":"ListItem","position":2,"name":"Garrone e Eu"}]},{"@type":"WebSite","@id":"https:\/\/www.blogsoestado.com\/joaquimhaickel\/#website","url":"https:\/\/www.blogsoestado.com\/joaquimhaickel\/","name":"Joaquim Haickel","description":"","potentialAction":[{"@type":"SearchAction","target":{"@type":"EntryPoint","urlTemplate":"https:\/\/www.blogsoestado.com\/joaquimhaickel\/?s={search_term_string}"},"query-input":{"@type":"PropertyValueSpecification","valueRequired":true,"valueName":"search_term_string"}}],"inLanguage":"pt-BR"},{"@type":"Person","@id":"https:\/\/www.blogsoestado.com\/joaquimhaickel\/#\/schema\/person\/4a711644aff28245c6c2c3452d66d325","name":"Joaquim Haickel","image":{"@type":"ImageObject","inLanguage":"pt-BR","@id":"https:\/\/www.blogsoestado.com\/joaquimhaickel\/#\/schema\/person\/image\/","url":"https:\/\/secure.gravatar.com\/avatar\/473d89339b9f8ec089adb8d5778363eb5a2ba2319956bcf0298bfd8cca04684a?s=96&d=mm&r=g","contentUrl":"https:\/\/secure.gravatar.com\/avatar\/473d89339b9f8ec089adb8d5778363eb5a2ba2319956bcf0298bfd8cca04684a?s=96&d=mm&r=g","caption":"Joaquim Haickel"},"url":"https:\/\/www.blogsoestado.com\/joaquimhaickel\/author\/joaquimhaickel\/"}]}},"jetpack_featured_media_url":"","_links":{"self":[{"href":"https:\/\/www.blogsoestado.com\/joaquimhaickel\/wp-json\/wp\/v2\/posts\/2658","targetHints":{"allow":["GET"]}}],"collection":[{"href":"https:\/\/www.blogsoestado.com\/joaquimhaickel\/wp-json\/wp\/v2\/posts"}],"about":[{"href":"https:\/\/www.blogsoestado.com\/joaquimhaickel\/wp-json\/wp\/v2\/types\/post"}],"author":[{"embeddable":true,"href":"https:\/\/www.blogsoestado.com\/joaquimhaickel\/wp-json\/wp\/v2\/users\/7"}],"replies":[{"embeddable":true,"href":"https:\/\/www.blogsoestado.com\/joaquimhaickel\/wp-json\/wp\/v2\/comments?post=2658"}],"version-history":[{"count":0,"href":"https:\/\/www.blogsoestado.com\/joaquimhaickel\/wp-json\/wp\/v2\/posts\/2658\/revisions"}],"wp:attachment":[{"href":"https:\/\/www.blogsoestado.com\/joaquimhaickel\/wp-json\/wp\/v2\/media?parent=2658"}],"wp:term":[{"taxonomy":"category","embeddable":true,"href":"https:\/\/www.blogsoestado.com\/joaquimhaickel\/wp-json\/wp\/v2\/categories?post=2658"},{"taxonomy":"post_tag","embeddable":true,"href":"https:\/\/www.blogsoestado.com\/joaquimhaickel\/wp-json\/wp\/v2\/tags?post=2658"}],"curies":[{"name":"wp","href":"https:\/\/api.w.org\/{rel}","templated":true}]}}