{"id":2706,"date":"2021-05-05T12:04:54","date_gmt":"2021-05-05T15:04:54","guid":{"rendered":"https:\/\/www.blogsoestado.com\/joaquimhaickel\/?p=2706"},"modified":"2021-05-05T12:04:54","modified_gmt":"2021-05-05T15:04:54","slug":"katia-bogea-representa-sao-luis-o-maranhao-e-o-brasil-em-premio-internacional-sobre-patrimonio-historico","status":"publish","type":"post","link":"https:\/\/www.blogsoestado.com\/joaquimhaickel\/2021\/05\/05\/katia-bogea-representa-sao-luis-o-maranhao-e-o-brasil-em-premio-internacional-sobre-patrimonio-historico\/","title":{"rendered":"K\u00e1tia Bog\u00e9a representa S\u00e3o Lu\u00eds, o Maranh\u00e3o e o Brasil em pr\u00eamio internacional sobre patrim\u00f4nio hist\u00f3rico"},"content":{"rendered":"\n<figure class=\"wp-block-image size-large\"><a href=\"https:\/\/www.blogsoestado.com\/joaquimhaickel\/wp-content\/uploads\/sites\/6\/2021\/05\/kb-1.jpeg\"><img fetchpriority=\"high\" decoding=\"async\" width=\"768\" height=\"1024\" src=\"https:\/\/www.blogsoestado.com\/joaquimhaickel\/wp-content\/uploads\/sites\/6\/2021\/05\/kb-1.jpeg\" alt=\"\" class=\"wp-image-2707\" srcset=\"https:\/\/www.blogsoestado.com\/joaquimhaickel\/wp-content\/uploads\/sites\/6\/2021\/05\/kb-1.jpeg 768w, https:\/\/www.blogsoestado.com\/joaquimhaickel\/wp-content\/uploads\/sites\/6\/2021\/05\/kb-1-225x300.jpeg 225w\" sizes=\"(max-width: 768px) 100vw, 768px\" \/><\/a><\/figure>\n\n\n\n<p>O amor pela hist\u00f3ria e a defesa da heran\u00e7a cultural brasileira resultaram na indica\u00e7\u00e3o da historiadora e atual presidente da Funda\u00e7\u00e3o Municipal de Patrim\u00f4nio Hist\u00f3rico de S\u00e3o Lu\u00eds (FUMPH), K\u00e1tia Bog\u00e9a, ao Pr\u00eamio Internacional Hypatia em reconhecimento \u00e0s suas a\u00e7\u00f5es em defesa do patrim\u00f4nio hist\u00f3rico brasileiro.<\/p>\n\n\n\n<p>Integrante da gest\u00e3o do prefeito de S\u00e3o Lu\u00eds, Eduardo Braide, K\u00e1tia nasceu em Sergipe, mas sua fam\u00edlia se transferiu para o Maranh\u00e3o quando ela era ainda menina.<\/p>\n\n\n\n<p>A simples indica\u00e7\u00e3o ao pr\u00eamio Hypatia, concorrendo com outras 19 personalidades de diferentes pa\u00edses, que contribu\u00edram no campo da pesquisa e promoveram o avan\u00e7o do progresso e do conhecimento cient\u00edfico al\u00e9m da melhoria da vida da popula\u00e7\u00e3o, por si s\u00f3 j\u00e1 se configura como uma imensa vit\u00f3ria.<\/p>\n\n\n\n<p>Al\u00e9m de K\u00e1tia Bog\u00e9a, somente uma outra brasileira, a professora paulista Ni\u00e9de Guidon, que \u00e9 arque\u00f3loga e paleont\u00f3loga, respons\u00e1vel pelo maravilhoso trabalho realizado na Serra da Capivara, no Piau\u00ed, concorre ao pr\u00eamio, que conceder\u00e1 o m\u00e9rito a apenas 10 dos 20 indicados durante a 5\u00aa Bienal de Restaura\u00e7\u00e3o Arquitet\u00f4nica e Urbana, que acontecer\u00e1 em outubro deste ano, na It\u00e1lia.<\/p>\n\n\n\n<p>K\u00e1tia, que tem uma trajet\u00f3ria de l\u00edder de um time profissional que busca a realiza\u00e7\u00e3o de estrat\u00e9gias mais eficazes de conserva\u00e7\u00e3o das ra\u00edzes de S\u00e3o Lu\u00eds, foi tamb\u00e9m t\u00e9cnica do Instituto do Patrim\u00f4nio Hist\u00f3rico e Art\u00edstico Nacional (Iphan) por 40 anos, al\u00e9m de ter sido superintendente do \u00f3rg\u00e3o no Maranh\u00e3o e presidente nacional &#8211; uma das mais qualificadas do quadro que j\u00e1 presidiu a institui\u00e7\u00e3o. Refer\u00eancia na luta para manter viva a hist\u00f3ria, a regionalidade, os tra\u00e7os de nosso povo e a preserva\u00e7\u00e3o da sua identidade art\u00edstica e cultural, hoje um verdadeiro sacerd\u00f3cio frente \u00e0s transforma\u00e7\u00f5es sociais pelas quais as capitais e grandes cidades atravessam em todo pa\u00eds e no mundo.<\/p>\n\n\n\n<p>Esse \u2018know how\u2019 colocou K\u00e1tia no rol das 20 personalidades mais destacadas mundialmente neste setor. A participa\u00e7\u00e3o dela na equipe do prefeito Eduardo Braide \u00e9 um privil\u00e9gio para a capital maranhense. Foi ela quem coordenou o Programa PAC das Cidades Hist\u00f3ricas no Brasil e \u00e9 respons\u00e1vel pelas candidaturas do Tambor de Crioula e do Complexo Cultural do Bumba-Meu-Boi do Maranh\u00e3o, respectivamente, como Patrim\u00f4nio Imaterial do Brasil e da Humanidade junto \u00e0 Unesco.<\/p>\n\n\n\n<p>O Pr\u00eamio internacional Hypatia \u00e9 entregue dentro da programa\u00e7\u00e3o da BRAU5, Bienal de Arquitetura e Restaura\u00e7\u00e3o Urbana que acontece na It\u00e1lia. O evento cultural internacional e interdisciplinar seria realizado originalmente de 15 a 30 de outubro de 2020, mas foi transferido para o per\u00edodo de 15 a 30 deste m\u00eas de abril e, agora, adiado para 16 de outubro em raz\u00e3o da pandemia.<\/p>\n\n\n\n<p>O nome do pr\u00eamio homenageia a figura da fil\u00f3sofa e cientista Hypatia de Alexandria (a.c. 355-415), uma mulher que sabia como combinar e transmitir todos os campos de conhecimento de seu tempo e que, precisamente por essa raz\u00e3o, foi morta pelas for\u00e7as da ignor\u00e2ncia e do fanatismo.<\/p>\n","protected":false},"excerpt":{"rendered":"<p>O amor pela hist\u00f3ria e a defesa da heran\u00e7a cultural brasileira resultaram na indica\u00e7\u00e3o da historiadora e atual presidente da [&hellip;]<\/p>\n","protected":false},"author":7,"featured_media":0,"comment_status":"open","ping_status":"open","sticky":false,"template":"","format":"standard","meta":{"site-sidebar-layout":"default","site-content-layout":"","ast-site-content-layout":"default","site-content-style":"default","site-sidebar-style":"default","ast-global-header-display":"","ast-banner-title-visibility":"","ast-main-header-display":"","ast-hfb-above-header-display":"","ast-hfb-below-header-display":"","ast-hfb-mobile-header-display":"","site-post-title":"","ast-breadcrumbs-content":"","ast-featured-img":"","footer-sml-layout":"","ast-disable-related-posts":"","theme-transparent-header-meta":"","adv-header-id-meta":"","stick-header-meta":"","header-above-stick-meta":"","header-main-stick-meta":"","header-below-stick-meta":"","astra-migrate-meta-layouts":"default","ast-page-background-enabled":"default","ast-page-background-meta":{"desktop":{"background-color":"var(--ast-global-color-5)","background-image":"","background-repeat":"repeat","background-position":"center center","background-size":"auto","background-attachment":"scroll","background-type":"","background-media":"","overlay-type":"","overlay-color":"","overlay-opacity":"","overlay-gradient":""},"tablet":{"background-color":"","background-image":"","background-repeat":"repeat","background-position":"center center","background-size":"auto","background-attachment":"scroll","background-type":"","background-media":"","overlay-type":"","overlay-color":"","overlay-opacity":"","overlay-gradient":""},"mobile":{"background-color":"","background-image":"","background-repeat":"repeat","background-position":"center center","background-size":"auto","background-attachment":"scroll","background-type":"","background-media":"","overlay-type":"","overlay-color":"","overlay-opacity":"","overlay-gradient":""}},"ast-content-background-meta":{"desktop":{"background-color":"var(--ast-global-color-4)","background-image":"","background-repeat":"repeat","background-position":"center center","background-size":"auto","background-attachment":"scroll","background-type":"","background-media":"","overlay-type":"","overlay-color":"","overlay-opacity":"","overlay-gradient":""},"tablet":{"background-color":"var(--ast-global-color-4)","background-image":"","background-repeat":"repeat","background-position":"center center","background-size":"auto","background-attachment":"scroll","background-type":"","background-media":"","overlay-type":"","overlay-color":"","overlay-opacity":"","overlay-gradient":""},"mobile":{"background-color":"var(--ast-global-color-4)","background-image":"","background-repeat":"repeat","background-position":"center center","background-size":"auto","background-attachment":"scroll","background-type":"","background-media":"","overlay-type":"","overlay-color":"","overlay-opacity":"","overlay-gradient":""}},"footnotes":""},"categories":[1],"tags":[],"class_list":["post-2706","post","type-post","status-publish","format-standard","hentry","category-sem-categoria"],"yoast_head":"<!-- This site is optimized with the Yoast SEO plugin v26.6 - https:\/\/yoast.com\/wordpress\/plugins\/seo\/ -->\n<title>K\u00e1tia Bog\u00e9a representa S\u00e3o Lu\u00eds, o Maranh\u00e3o e o Brasil em pr\u00eamio internacional sobre patrim\u00f4nio hist\u00f3rico - Joaquim Haickel<\/title>\n<meta name=\"robots\" content=\"index, follow, max-snippet:-1, max-image-preview:large, max-video-preview:-1\" \/>\n<link rel=\"canonical\" href=\"https:\/\/www.blogsoestado.com\/joaquimhaickel\/2021\/05\/05\/katia-bogea-representa-sao-luis-o-maranhao-e-o-brasil-em-premio-internacional-sobre-patrimonio-historico\/\" \/>\n<meta property=\"og:locale\" content=\"pt_BR\" \/>\n<meta property=\"og:type\" content=\"article\" \/>\n<meta property=\"og:title\" content=\"K\u00e1tia Bog\u00e9a representa S\u00e3o Lu\u00eds, o Maranh\u00e3o e o Brasil em pr\u00eamio internacional sobre patrim\u00f4nio hist\u00f3rico - Joaquim Haickel\" \/>\n<meta property=\"og:description\" content=\"O amor pela hist\u00f3ria e a defesa da heran\u00e7a cultural brasileira resultaram na indica\u00e7\u00e3o da historiadora e atual presidente da [&hellip;]\" \/>\n<meta property=\"og:url\" content=\"https:\/\/www.blogsoestado.com\/joaquimhaickel\/2021\/05\/05\/katia-bogea-representa-sao-luis-o-maranhao-e-o-brasil-em-premio-internacional-sobre-patrimonio-historico\/\" \/>\n<meta property=\"og:site_name\" content=\"Joaquim Haickel\" \/>\n<meta property=\"article:published_time\" content=\"2021-05-05T15:04:54+00:00\" \/>\n<meta property=\"og:image\" content=\"https:\/\/www.blogsoestado.com\/joaquimhaickel\/wp-content\/uploads\/sites\/6\/2021\/05\/kb-1.jpeg\" \/>\n<meta name=\"author\" content=\"Joaquim Haickel\" \/>\n<meta name=\"twitter:card\" content=\"summary_large_image\" \/>\n<meta name=\"twitter:label1\" content=\"Escrito por\" \/>\n\t<meta name=\"twitter:data1\" content=\"Joaquim Haickel\" \/>\n\t<meta name=\"twitter:label2\" content=\"Est. tempo de leitura\" \/>\n\t<meta name=\"twitter:data2\" content=\"3 minutos\" \/>\n<script type=\"application\/ld+json\" class=\"yoast-schema-graph\">{\"@context\":\"https:\/\/schema.org\",\"@graph\":[{\"@type\":\"WebPage\",\"@id\":\"https:\/\/www.blogsoestado.com\/joaquimhaickel\/2021\/05\/05\/katia-bogea-representa-sao-luis-o-maranhao-e-o-brasil-em-premio-internacional-sobre-patrimonio-historico\/\",\"url\":\"https:\/\/www.blogsoestado.com\/joaquimhaickel\/2021\/05\/05\/katia-bogea-representa-sao-luis-o-maranhao-e-o-brasil-em-premio-internacional-sobre-patrimonio-historico\/\",\"name\":\"K\u00e1tia Bog\u00e9a representa S\u00e3o Lu\u00eds, o Maranh\u00e3o e o Brasil em pr\u00eamio internacional sobre patrim\u00f4nio hist\u00f3rico - Joaquim Haickel\",\"isPartOf\":{\"@id\":\"https:\/\/www.blogsoestado.com\/joaquimhaickel\/#website\"},\"primaryImageOfPage\":{\"@id\":\"https:\/\/www.blogsoestado.com\/joaquimhaickel\/2021\/05\/05\/katia-bogea-representa-sao-luis-o-maranhao-e-o-brasil-em-premio-internacional-sobre-patrimonio-historico\/#primaryimage\"},\"image\":{\"@id\":\"https:\/\/www.blogsoestado.com\/joaquimhaickel\/2021\/05\/05\/katia-bogea-representa-sao-luis-o-maranhao-e-o-brasil-em-premio-internacional-sobre-patrimonio-historico\/#primaryimage\"},\"thumbnailUrl\":\"https:\/\/www.blogsoestado.com\/joaquimhaickel\/wp-content\/uploads\/sites\/6\/2021\/05\/kb-1.jpeg\",\"datePublished\":\"2021-05-05T15:04:54+00:00\",\"author\":{\"@id\":\"https:\/\/www.blogsoestado.com\/joaquimhaickel\/#\/schema\/person\/4a711644aff28245c6c2c3452d66d325\"},\"breadcrumb\":{\"@id\":\"https:\/\/www.blogsoestado.com\/joaquimhaickel\/2021\/05\/05\/katia-bogea-representa-sao-luis-o-maranhao-e-o-brasil-em-premio-internacional-sobre-patrimonio-historico\/#breadcrumb\"},\"inLanguage\":\"pt-BR\",\"potentialAction\":[{\"@type\":\"ReadAction\",\"target\":[\"https:\/\/www.blogsoestado.com\/joaquimhaickel\/2021\/05\/05\/katia-bogea-representa-sao-luis-o-maranhao-e-o-brasil-em-premio-internacional-sobre-patrimonio-historico\/\"]}]},{\"@type\":\"ImageObject\",\"inLanguage\":\"pt-BR\",\"@id\":\"https:\/\/www.blogsoestado.com\/joaquimhaickel\/2021\/05\/05\/katia-bogea-representa-sao-luis-o-maranhao-e-o-brasil-em-premio-internacional-sobre-patrimonio-historico\/#primaryimage\",\"url\":\"https:\/\/www.blogsoestado.com\/joaquimhaickel\/wp-content\/uploads\/sites\/6\/2021\/05\/kb-1.jpeg\",\"contentUrl\":\"https:\/\/www.blogsoestado.com\/joaquimhaickel\/wp-content\/uploads\/sites\/6\/2021\/05\/kb-1.jpeg\"},{\"@type\":\"BreadcrumbList\",\"@id\":\"https:\/\/www.blogsoestado.com\/joaquimhaickel\/2021\/05\/05\/katia-bogea-representa-sao-luis-o-maranhao-e-o-brasil-em-premio-internacional-sobre-patrimonio-historico\/#breadcrumb\",\"itemListElement\":[{\"@type\":\"ListItem\",\"position\":1,\"name\":\"In\u00edcio\",\"item\":\"https:\/\/www.blogsoestado.com\/joaquimhaickel\/\"},{\"@type\":\"ListItem\",\"position\":2,\"name\":\"K\u00e1tia Bog\u00e9a representa S\u00e3o Lu\u00eds, o Maranh\u00e3o e o Brasil em pr\u00eamio internacional sobre patrim\u00f4nio hist\u00f3rico\"}]},{\"@type\":\"WebSite\",\"@id\":\"https:\/\/www.blogsoestado.com\/joaquimhaickel\/#website\",\"url\":\"https:\/\/www.blogsoestado.com\/joaquimhaickel\/\",\"name\":\"Joaquim Haickel\",\"description\":\"\",\"potentialAction\":[{\"@type\":\"SearchAction\",\"target\":{\"@type\":\"EntryPoint\",\"urlTemplate\":\"https:\/\/www.blogsoestado.com\/joaquimhaickel\/?s={search_term_string}\"},\"query-input\":{\"@type\":\"PropertyValueSpecification\",\"valueRequired\":true,\"valueName\":\"search_term_string\"}}],\"inLanguage\":\"pt-BR\"},{\"@type\":\"Person\",\"@id\":\"https:\/\/www.blogsoestado.com\/joaquimhaickel\/#\/schema\/person\/4a711644aff28245c6c2c3452d66d325\",\"name\":\"Joaquim Haickel\",\"image\":{\"@type\":\"ImageObject\",\"inLanguage\":\"pt-BR\",\"@id\":\"https:\/\/www.blogsoestado.com\/joaquimhaickel\/#\/schema\/person\/image\/\",\"url\":\"https:\/\/secure.gravatar.com\/avatar\/473d89339b9f8ec089adb8d5778363eb5a2ba2319956bcf0298bfd8cca04684a?s=96&d=mm&r=g\",\"contentUrl\":\"https:\/\/secure.gravatar.com\/avatar\/473d89339b9f8ec089adb8d5778363eb5a2ba2319956bcf0298bfd8cca04684a?s=96&d=mm&r=g\",\"caption\":\"Joaquim Haickel\"},\"url\":\"https:\/\/www.blogsoestado.com\/joaquimhaickel\/author\/joaquimhaickel\/\"}]}<\/script>\n<!-- \/ Yoast SEO plugin. -->","yoast_head_json":{"title":"K\u00e1tia Bog\u00e9a representa S\u00e3o Lu\u00eds, o Maranh\u00e3o e o Brasil em pr\u00eamio internacional sobre patrim\u00f4nio hist\u00f3rico - Joaquim Haickel","robots":{"index":"index","follow":"follow","max-snippet":"max-snippet:-1","max-image-preview":"max-image-preview:large","max-video-preview":"max-video-preview:-1"},"canonical":"https:\/\/www.blogsoestado.com\/joaquimhaickel\/2021\/05\/05\/katia-bogea-representa-sao-luis-o-maranhao-e-o-brasil-em-premio-internacional-sobre-patrimonio-historico\/","og_locale":"pt_BR","og_type":"article","og_title":"K\u00e1tia Bog\u00e9a representa S\u00e3o Lu\u00eds, o Maranh\u00e3o e o Brasil em pr\u00eamio internacional sobre patrim\u00f4nio hist\u00f3rico - Joaquim Haickel","og_description":"O amor pela hist\u00f3ria e a defesa da heran\u00e7a cultural brasileira resultaram na indica\u00e7\u00e3o da historiadora e atual presidente da [&hellip;]","og_url":"https:\/\/www.blogsoestado.com\/joaquimhaickel\/2021\/05\/05\/katia-bogea-representa-sao-luis-o-maranhao-e-o-brasil-em-premio-internacional-sobre-patrimonio-historico\/","og_site_name":"Joaquim Haickel","article_published_time":"2021-05-05T15:04:54+00:00","og_image":[{"url":"https:\/\/www.blogsoestado.com\/joaquimhaickel\/wp-content\/uploads\/sites\/6\/2021\/05\/kb-1.jpeg","type":"","width":"","height":""}],"author":"Joaquim Haickel","twitter_card":"summary_large_image","twitter_misc":{"Escrito por":"Joaquim Haickel","Est. tempo de leitura":"3 minutos"},"schema":{"@context":"https:\/\/schema.org","@graph":[{"@type":"WebPage","@id":"https:\/\/www.blogsoestado.com\/joaquimhaickel\/2021\/05\/05\/katia-bogea-representa-sao-luis-o-maranhao-e-o-brasil-em-premio-internacional-sobre-patrimonio-historico\/","url":"https:\/\/www.blogsoestado.com\/joaquimhaickel\/2021\/05\/05\/katia-bogea-representa-sao-luis-o-maranhao-e-o-brasil-em-premio-internacional-sobre-patrimonio-historico\/","name":"K\u00e1tia Bog\u00e9a representa S\u00e3o Lu\u00eds, o Maranh\u00e3o e o Brasil em pr\u00eamio internacional sobre patrim\u00f4nio hist\u00f3rico - Joaquim Haickel","isPartOf":{"@id":"https:\/\/www.blogsoestado.com\/joaquimhaickel\/#website"},"primaryImageOfPage":{"@id":"https:\/\/www.blogsoestado.com\/joaquimhaickel\/2021\/05\/05\/katia-bogea-representa-sao-luis-o-maranhao-e-o-brasil-em-premio-internacional-sobre-patrimonio-historico\/#primaryimage"},"image":{"@id":"https:\/\/www.blogsoestado.com\/joaquimhaickel\/2021\/05\/05\/katia-bogea-representa-sao-luis-o-maranhao-e-o-brasil-em-premio-internacional-sobre-patrimonio-historico\/#primaryimage"},"thumbnailUrl":"https:\/\/www.blogsoestado.com\/joaquimhaickel\/wp-content\/uploads\/sites\/6\/2021\/05\/kb-1.jpeg","datePublished":"2021-05-05T15:04:54+00:00","author":{"@id":"https:\/\/www.blogsoestado.com\/joaquimhaickel\/#\/schema\/person\/4a711644aff28245c6c2c3452d66d325"},"breadcrumb":{"@id":"https:\/\/www.blogsoestado.com\/joaquimhaickel\/2021\/05\/05\/katia-bogea-representa-sao-luis-o-maranhao-e-o-brasil-em-premio-internacional-sobre-patrimonio-historico\/#breadcrumb"},"inLanguage":"pt-BR","potentialAction":[{"@type":"ReadAction","target":["https:\/\/www.blogsoestado.com\/joaquimhaickel\/2021\/05\/05\/katia-bogea-representa-sao-luis-o-maranhao-e-o-brasil-em-premio-internacional-sobre-patrimonio-historico\/"]}]},{"@type":"ImageObject","inLanguage":"pt-BR","@id":"https:\/\/www.blogsoestado.com\/joaquimhaickel\/2021\/05\/05\/katia-bogea-representa-sao-luis-o-maranhao-e-o-brasil-em-premio-internacional-sobre-patrimonio-historico\/#primaryimage","url":"https:\/\/www.blogsoestado.com\/joaquimhaickel\/wp-content\/uploads\/sites\/6\/2021\/05\/kb-1.jpeg","contentUrl":"https:\/\/www.blogsoestado.com\/joaquimhaickel\/wp-content\/uploads\/sites\/6\/2021\/05\/kb-1.jpeg"},{"@type":"BreadcrumbList","@id":"https:\/\/www.blogsoestado.com\/joaquimhaickel\/2021\/05\/05\/katia-bogea-representa-sao-luis-o-maranhao-e-o-brasil-em-premio-internacional-sobre-patrimonio-historico\/#breadcrumb","itemListElement":[{"@type":"ListItem","position":1,"name":"In\u00edcio","item":"https:\/\/www.blogsoestado.com\/joaquimhaickel\/"},{"@type":"ListItem","position":2,"name":"K\u00e1tia Bog\u00e9a representa S\u00e3o Lu\u00eds, o Maranh\u00e3o e o Brasil em pr\u00eamio internacional sobre patrim\u00f4nio hist\u00f3rico"}]},{"@type":"WebSite","@id":"https:\/\/www.blogsoestado.com\/joaquimhaickel\/#website","url":"https:\/\/www.blogsoestado.com\/joaquimhaickel\/","name":"Joaquim Haickel","description":"","potentialAction":[{"@type":"SearchAction","target":{"@type":"EntryPoint","urlTemplate":"https:\/\/www.blogsoestado.com\/joaquimhaickel\/?s={search_term_string}"},"query-input":{"@type":"PropertyValueSpecification","valueRequired":true,"valueName":"search_term_string"}}],"inLanguage":"pt-BR"},{"@type":"Person","@id":"https:\/\/www.blogsoestado.com\/joaquimhaickel\/#\/schema\/person\/4a711644aff28245c6c2c3452d66d325","name":"Joaquim Haickel","image":{"@type":"ImageObject","inLanguage":"pt-BR","@id":"https:\/\/www.blogsoestado.com\/joaquimhaickel\/#\/schema\/person\/image\/","url":"https:\/\/secure.gravatar.com\/avatar\/473d89339b9f8ec089adb8d5778363eb5a2ba2319956bcf0298bfd8cca04684a?s=96&d=mm&r=g","contentUrl":"https:\/\/secure.gravatar.com\/avatar\/473d89339b9f8ec089adb8d5778363eb5a2ba2319956bcf0298bfd8cca04684a?s=96&d=mm&r=g","caption":"Joaquim Haickel"},"url":"https:\/\/www.blogsoestado.com\/joaquimhaickel\/author\/joaquimhaickel\/"}]}},"jetpack_featured_media_url":"","_links":{"self":[{"href":"https:\/\/www.blogsoestado.com\/joaquimhaickel\/wp-json\/wp\/v2\/posts\/2706","targetHints":{"allow":["GET"]}}],"collection":[{"href":"https:\/\/www.blogsoestado.com\/joaquimhaickel\/wp-json\/wp\/v2\/posts"}],"about":[{"href":"https:\/\/www.blogsoestado.com\/joaquimhaickel\/wp-json\/wp\/v2\/types\/post"}],"author":[{"embeddable":true,"href":"https:\/\/www.blogsoestado.com\/joaquimhaickel\/wp-json\/wp\/v2\/users\/7"}],"replies":[{"embeddable":true,"href":"https:\/\/www.blogsoestado.com\/joaquimhaickel\/wp-json\/wp\/v2\/comments?post=2706"}],"version-history":[{"count":0,"href":"https:\/\/www.blogsoestado.com\/joaquimhaickel\/wp-json\/wp\/v2\/posts\/2706\/revisions"}],"wp:attachment":[{"href":"https:\/\/www.blogsoestado.com\/joaquimhaickel\/wp-json\/wp\/v2\/media?parent=2706"}],"wp:term":[{"taxonomy":"category","embeddable":true,"href":"https:\/\/www.blogsoestado.com\/joaquimhaickel\/wp-json\/wp\/v2\/categories?post=2706"},{"taxonomy":"post_tag","embeddable":true,"href":"https:\/\/www.blogsoestado.com\/joaquimhaickel\/wp-json\/wp\/v2\/tags?post=2706"}],"curies":[{"name":"wp","href":"https:\/\/api.w.org\/{rel}","templated":true}]}}