{"id":2732,"date":"2021-06-19T06:19:25","date_gmt":"2021-06-19T09:19:25","guid":{"rendered":"https:\/\/www.blogsoestado.com\/joaquimhaickel\/?p=2732"},"modified":"2021-06-19T06:19:25","modified_gmt":"2021-06-19T09:19:25","slug":"o-pior-cego-e-aquele-que-nao-deseja-ver","status":"publish","type":"post","link":"https:\/\/www.blogsoestado.com\/joaquimhaickel\/2021\/06\/19\/o-pior-cego-e-aquele-que-nao-deseja-ver\/","title":{"rendered":"O pior cego \u00e9 aquele que n\u00e3o deseja ver"},"content":{"rendered":"\n<p><\/p>\n\n\n\n<figure class=\"wp-block-image size-large\"><a href=\"https:\/\/www.blogsoestado.com\/joaquimhaickel\/wp-content\/uploads\/sites\/6\/2021\/06\/taparosolhosmacacothumb-1.jpg\"><img fetchpriority=\"high\" decoding=\"async\" width=\"354\" height=\"351\" src=\"https:\/\/www.blogsoestado.com\/joaquimhaickel\/wp-content\/uploads\/sites\/6\/2021\/06\/taparosolhosmacacothumb-1.jpg\" alt=\"\" class=\"wp-image-2733\" srcset=\"https:\/\/www.blogsoestado.com\/joaquimhaickel\/wp-content\/uploads\/sites\/6\/2021\/06\/taparosolhosmacacothumb-1.jpg 354w, https:\/\/www.blogsoestado.com\/joaquimhaickel\/wp-content\/uploads\/sites\/6\/2021\/06\/taparosolhosmacacothumb-1-300x297.jpg 300w, https:\/\/www.blogsoestado.com\/joaquimhaickel\/wp-content\/uploads\/sites\/6\/2021\/06\/taparosolhosmacacothumb-1-150x150.jpg 150w\" sizes=\"(max-width: 354px) 100vw, 354px\" \/><\/a><\/figure>\n\n\n\n<p>O fato de eu ser um daqueles sujeitos que d\u00e3o uma boiada para entrar em uma pol\u00eamica, seja ela filos\u00f3fica ou pol\u00edtica, e duas boiadas para n\u00e3o sair dela sem que tenha sido declarado vencedor, e ainda por cima, estar ocupando a Secretaria de Comunica\u00e7\u00e3o do munic\u00edpio de S\u00e3o Lu\u00eds, tem feito com que eu tenha me manifestado muito pouco atrav\u00e9s de meus artigos no jornal, repercutidos em meu Blog e Facebook, pois acredito que toda a visibilidade deve ser dada \u00e0s a\u00e7\u00f5es da prefeitura como um todo e \u00e0s a\u00e7\u00f5es, atitudes, gestos e manifesta\u00e7\u00f5es do prefeito Eduardo Braide.<\/p>\n\n\n\n<p>Mas para tudo h\u00e1 um limite e esta semana cheguei ao meu.<\/p>\n\n\n\n<p>Fico abismado com a incapacidade de algumas pessoas em entenderem, ou melhor, em aceitarem o funcionamento dos mecanismos pol\u00edticos, e olha que essas pessoas a quem me refiro s\u00e3o o que se poderia chamar de \u201ccaciques\u201d.<\/p>\n\n\n\n<p>Pois bem, esses \u201ccaciques\u201d n\u00e3o conseguem admitir nem aceitar o protagonismo da Prefeitura de S\u00e3o Lu\u00eds e o maravilhoso trabalho que vem realizando o prefeito Eduardo Braide e seus abnegados colaboradores, principalmente, neste caso espec\u00edfico, os da sa\u00fade, dirigida pelo jovem humilde e trabalhador, dr. Joel Nunes.<\/p>\n\n\n\n<p>Por n\u00e3o admitir e n\u00e3o aceitar o sucesso decorrente de um trabalho s\u00e9rio, planejado minuciosamente e executado, tendo em mente aquelas quatro palavras iniciadas com a letra E &#8211; efetividade, efici\u00eancia, efic\u00e1cia e excel\u00eancia &#8211; \u00e9 que muita gente resolveu inventar panaceias para tentar remediar seus insucessos no combate \u00e0 pandemia de Covid-19.<\/p>\n\n\n\n<p>At\u00e9 gente da mais alta qualidade, pessoas a quem respeito, demonstram n\u00e3o entender que numa hora como essa, n\u00e3o interessa quem \u00e9 que est\u00e1 realizando o trabalho, mas que ele est\u00e1 sendo feito, e bem, e que \u00e9 isso deve ser apoiado e louvado.<\/p>\n\n\n\n<p>Essa falta de humildade, essa incapacidade de enfrentar a realidade dos fatos, tem emba\u00e7ado a vis\u00e3o dessas pessoas, transformando alguns em m\u00edopes e outros em cegos funcionais. Essa incapacidade de ver, ou melhor dizendo, essa falta de vontade de enxergar, de abrir os olhos para as coisas verdadeiras e boas que estamos realizando, pode custar caro para essas pessoas, como ocorreu na elei\u00e7\u00e3o do ano passado.<\/p>\n\n\n\n<p>Mas o pior de tudo neste contexto apocal\u00edptico, que em primeiro lugar \u00e9 causado pela peste, e em segundo, pela \u201cignor\u00e2ncia\u201d ou mesmo pela m\u00e1 f\u00e9, \u00e9 saber que a Defensoria P\u00fablica aventa a possibilidade de a vacina estar sendo ministrada preferencialmente para pessoas mais ricas, enquanto as mais pobres estariam sendo preteridas, fato que por si s\u00f3 seria um absurdo, se n\u00e3o fosse uma inf\u00e2mia, uma aleivosia, uma canalhice mesmo.<\/p>\n\n\n\n<p>Ser\u00e1 que algu\u00e9m, em s\u00e3 consci\u00eancia, acredita que o prefeito Braide, o secret\u00e1rio Joel e todo o pessoal envolvido com a vacina\u00e7\u00e3o em nossa cidade poderiam priorizar a vacina\u00e7\u00e3o para os ricos, deixando os pobres no esquecimento. S\u00f3 sendo muito imbecil e canalha para pensar uma coisa dessas.<\/p>\n\n\n\n<p>Pior \u00e9 assistirmos uma reportagem na televis\u00e3o de maior audi\u00eancia da cidade, onde a rep\u00f3rter afirma que isso est\u00e1 acontecendo e como exemplo, coloca no ar uma mocinha de bem menos de 18 anos, que n\u00e3o \u00e9 alvo da campanha de vacina\u00e7\u00e3o, dizendo que estava com medo de contaminar sua av\u00f3, pelo fato de ter ido visit\u00e1-la sem usar m\u00e1scara!&#8230; Ora bolas, me comprem um bode!&#8230; N\u00f3s temos feito campanhas sistem\u00e1ticas no sentido de conscientizar a popula\u00e7\u00e3o sobre a import\u00e2ncia das medidas preventivas e sanit\u00e1rias, e a mocinha n\u00e3o usa m\u00e1scara, e isso \u00e9 culpa da prefeitura!?&#8230;<\/p>\n\n\n\n<p>Bem, acho melhor eu realmente me manter afastado de pol\u00eamicas, pois o trabalho que temos realizado \u00e9 muito mais importante, tanto que S\u00e3o Lu\u00eds tem sido not\u00edcia e not\u00edcia boa, em \u00e2mbito nacional e mundial, pelo trabalho no combate \u00e0 pandemia e no sucesso da campanha de vacina\u00e7\u00e3o, tanto que nossa cidade ganhou o t\u00edtulo de Capital Brasileira da Vacina\u00e7\u00e3o contra Covid-19.&nbsp;<\/p>\n","protected":false},"excerpt":{"rendered":"<p>O fato de eu ser um daqueles sujeitos que d\u00e3o uma boiada para entrar em uma pol\u00eamica, seja ela filos\u00f3fica [&hellip;]<\/p>\n","protected":false},"author":7,"featured_media":0,"comment_status":"open","ping_status":"open","sticky":false,"template":"","format":"standard","meta":{"site-sidebar-layout":"default","site-content-layout":"","ast-site-content-layout":"default","site-content-style":"default","site-sidebar-style":"default","ast-global-header-display":"","ast-banner-title-visibility":"","ast-main-header-display":"","ast-hfb-above-header-display":"","ast-hfb-below-header-display":"","ast-hfb-mobile-header-display":"","site-post-title":"","ast-breadcrumbs-content":"","ast-featured-img":"","footer-sml-layout":"","ast-disable-related-posts":"","theme-transparent-header-meta":"","adv-header-id-meta":"","stick-header-meta":"","header-above-stick-meta":"","header-main-stick-meta":"","header-below-stick-meta":"","astra-migrate-meta-layouts":"default","ast-page-background-enabled":"default","ast-page-background-meta":{"desktop":{"background-color":"var(--ast-global-color-5)","background-image":"","background-repeat":"repeat","background-position":"center center","background-size":"auto","background-attachment":"scroll","background-type":"","background-media":"","overlay-type":"","overlay-color":"","overlay-opacity":"","overlay-gradient":""},"tablet":{"background-color":"","background-image":"","background-repeat":"repeat","background-position":"center center","background-size":"auto","background-attachment":"scroll","background-type":"","background-media":"","overlay-type":"","overlay-color":"","overlay-opacity":"","overlay-gradient":""},"mobile":{"background-color":"","background-image":"","background-repeat":"repeat","background-position":"center center","background-size":"auto","background-attachment":"scroll","background-type":"","background-media":"","overlay-type":"","overlay-color":"","overlay-opacity":"","overlay-gradient":""}},"ast-content-background-meta":{"desktop":{"background-color":"var(--ast-global-color-4)","background-image":"","background-repeat":"repeat","background-position":"center center","background-size":"auto","background-attachment":"scroll","background-type":"","background-media":"","overlay-type":"","overlay-color":"","overlay-opacity":"","overlay-gradient":""},"tablet":{"background-color":"var(--ast-global-color-4)","background-image":"","background-repeat":"repeat","background-position":"center center","background-size":"auto","background-attachment":"scroll","background-type":"","background-media":"","overlay-type":"","overlay-color":"","overlay-opacity":"","overlay-gradient":""},"mobile":{"background-color":"var(--ast-global-color-4)","background-image":"","background-repeat":"repeat","background-position":"center center","background-size":"auto","background-attachment":"scroll","background-type":"","background-media":"","overlay-type":"","overlay-color":"","overlay-opacity":"","overlay-gradient":""}},"footnotes":""},"categories":[1],"tags":[],"class_list":["post-2732","post","type-post","status-publish","format-standard","hentry","category-sem-categoria"],"yoast_head":"<!-- This site is optimized with the Yoast SEO plugin v26.6 - https:\/\/yoast.com\/wordpress\/plugins\/seo\/ -->\n<title>O pior cego \u00e9 aquele que n\u00e3o deseja ver - Joaquim Haickel<\/title>\n<meta name=\"robots\" content=\"index, follow, max-snippet:-1, max-image-preview:large, max-video-preview:-1\" \/>\n<link rel=\"canonical\" href=\"https:\/\/www.blogsoestado.com\/joaquimhaickel\/2021\/06\/19\/o-pior-cego-e-aquele-que-nao-deseja-ver\/\" \/>\n<meta property=\"og:locale\" content=\"pt_BR\" \/>\n<meta property=\"og:type\" content=\"article\" \/>\n<meta property=\"og:title\" content=\"O pior cego \u00e9 aquele que n\u00e3o deseja ver - Joaquim Haickel\" \/>\n<meta property=\"og:description\" content=\"O fato de eu ser um daqueles sujeitos que d\u00e3o uma boiada para entrar em uma pol\u00eamica, seja ela filos\u00f3fica [&hellip;]\" \/>\n<meta property=\"og:url\" content=\"https:\/\/www.blogsoestado.com\/joaquimhaickel\/2021\/06\/19\/o-pior-cego-e-aquele-que-nao-deseja-ver\/\" \/>\n<meta property=\"og:site_name\" content=\"Joaquim Haickel\" \/>\n<meta property=\"article:published_time\" content=\"2021-06-19T09:19:25+00:00\" \/>\n<meta property=\"og:image\" content=\"https:\/\/www.blogsoestado.com\/joaquimhaickel\/wp-content\/uploads\/sites\/6\/2021\/06\/taparosolhosmacacothumb-1.jpg\" \/>\n<meta name=\"author\" content=\"Joaquim Haickel\" \/>\n<meta name=\"twitter:card\" content=\"summary_large_image\" \/>\n<meta name=\"twitter:label1\" content=\"Escrito por\" \/>\n\t<meta name=\"twitter:data1\" content=\"Joaquim Haickel\" \/>\n\t<meta name=\"twitter:label2\" content=\"Est. tempo de leitura\" \/>\n\t<meta name=\"twitter:data2\" content=\"3 minutos\" \/>\n<script type=\"application\/ld+json\" class=\"yoast-schema-graph\">{\"@context\":\"https:\/\/schema.org\",\"@graph\":[{\"@type\":\"WebPage\",\"@id\":\"https:\/\/www.blogsoestado.com\/joaquimhaickel\/2021\/06\/19\/o-pior-cego-e-aquele-que-nao-deseja-ver\/\",\"url\":\"https:\/\/www.blogsoestado.com\/joaquimhaickel\/2021\/06\/19\/o-pior-cego-e-aquele-que-nao-deseja-ver\/\",\"name\":\"O pior cego \u00e9 aquele que n\u00e3o deseja ver - Joaquim Haickel\",\"isPartOf\":{\"@id\":\"https:\/\/www.blogsoestado.com\/joaquimhaickel\/#website\"},\"primaryImageOfPage\":{\"@id\":\"https:\/\/www.blogsoestado.com\/joaquimhaickel\/2021\/06\/19\/o-pior-cego-e-aquele-que-nao-deseja-ver\/#primaryimage\"},\"image\":{\"@id\":\"https:\/\/www.blogsoestado.com\/joaquimhaickel\/2021\/06\/19\/o-pior-cego-e-aquele-que-nao-deseja-ver\/#primaryimage\"},\"thumbnailUrl\":\"https:\/\/www.blogsoestado.com\/joaquimhaickel\/wp-content\/uploads\/sites\/6\/2021\/06\/taparosolhosmacacothumb-1.jpg\",\"datePublished\":\"2021-06-19T09:19:25+00:00\",\"author\":{\"@id\":\"https:\/\/www.blogsoestado.com\/joaquimhaickel\/#\/schema\/person\/4a711644aff28245c6c2c3452d66d325\"},\"breadcrumb\":{\"@id\":\"https:\/\/www.blogsoestado.com\/joaquimhaickel\/2021\/06\/19\/o-pior-cego-e-aquele-que-nao-deseja-ver\/#breadcrumb\"},\"inLanguage\":\"pt-BR\",\"potentialAction\":[{\"@type\":\"ReadAction\",\"target\":[\"https:\/\/www.blogsoestado.com\/joaquimhaickel\/2021\/06\/19\/o-pior-cego-e-aquele-que-nao-deseja-ver\/\"]}]},{\"@type\":\"ImageObject\",\"inLanguage\":\"pt-BR\",\"@id\":\"https:\/\/www.blogsoestado.com\/joaquimhaickel\/2021\/06\/19\/o-pior-cego-e-aquele-que-nao-deseja-ver\/#primaryimage\",\"url\":\"https:\/\/www.blogsoestado.com\/joaquimhaickel\/wp-content\/uploads\/sites\/6\/2021\/06\/taparosolhosmacacothumb-1.jpg\",\"contentUrl\":\"https:\/\/www.blogsoestado.com\/joaquimhaickel\/wp-content\/uploads\/sites\/6\/2021\/06\/taparosolhosmacacothumb-1.jpg\"},{\"@type\":\"BreadcrumbList\",\"@id\":\"https:\/\/www.blogsoestado.com\/joaquimhaickel\/2021\/06\/19\/o-pior-cego-e-aquele-que-nao-deseja-ver\/#breadcrumb\",\"itemListElement\":[{\"@type\":\"ListItem\",\"position\":1,\"name\":\"In\u00edcio\",\"item\":\"https:\/\/www.blogsoestado.com\/joaquimhaickel\/\"},{\"@type\":\"ListItem\",\"position\":2,\"name\":\"O pior cego \u00e9 aquele que n\u00e3o deseja ver\"}]},{\"@type\":\"WebSite\",\"@id\":\"https:\/\/www.blogsoestado.com\/joaquimhaickel\/#website\",\"url\":\"https:\/\/www.blogsoestado.com\/joaquimhaickel\/\",\"name\":\"Joaquim Haickel\",\"description\":\"\",\"potentialAction\":[{\"@type\":\"SearchAction\",\"target\":{\"@type\":\"EntryPoint\",\"urlTemplate\":\"https:\/\/www.blogsoestado.com\/joaquimhaickel\/?s={search_term_string}\"},\"query-input\":{\"@type\":\"PropertyValueSpecification\",\"valueRequired\":true,\"valueName\":\"search_term_string\"}}],\"inLanguage\":\"pt-BR\"},{\"@type\":\"Person\",\"@id\":\"https:\/\/www.blogsoestado.com\/joaquimhaickel\/#\/schema\/person\/4a711644aff28245c6c2c3452d66d325\",\"name\":\"Joaquim Haickel\",\"image\":{\"@type\":\"ImageObject\",\"inLanguage\":\"pt-BR\",\"@id\":\"https:\/\/www.blogsoestado.com\/joaquimhaickel\/#\/schema\/person\/image\/\",\"url\":\"https:\/\/secure.gravatar.com\/avatar\/473d89339b9f8ec089adb8d5778363eb5a2ba2319956bcf0298bfd8cca04684a?s=96&d=mm&r=g\",\"contentUrl\":\"https:\/\/secure.gravatar.com\/avatar\/473d89339b9f8ec089adb8d5778363eb5a2ba2319956bcf0298bfd8cca04684a?s=96&d=mm&r=g\",\"caption\":\"Joaquim Haickel\"},\"url\":\"https:\/\/www.blogsoestado.com\/joaquimhaickel\/author\/joaquimhaickel\/\"}]}<\/script>\n<!-- \/ Yoast SEO plugin. -->","yoast_head_json":{"title":"O pior cego \u00e9 aquele que n\u00e3o deseja ver - Joaquim Haickel","robots":{"index":"index","follow":"follow","max-snippet":"max-snippet:-1","max-image-preview":"max-image-preview:large","max-video-preview":"max-video-preview:-1"},"canonical":"https:\/\/www.blogsoestado.com\/joaquimhaickel\/2021\/06\/19\/o-pior-cego-e-aquele-que-nao-deseja-ver\/","og_locale":"pt_BR","og_type":"article","og_title":"O pior cego \u00e9 aquele que n\u00e3o deseja ver - Joaquim Haickel","og_description":"O fato de eu ser um daqueles sujeitos que d\u00e3o uma boiada para entrar em uma pol\u00eamica, seja ela filos\u00f3fica [&hellip;]","og_url":"https:\/\/www.blogsoestado.com\/joaquimhaickel\/2021\/06\/19\/o-pior-cego-e-aquele-que-nao-deseja-ver\/","og_site_name":"Joaquim Haickel","article_published_time":"2021-06-19T09:19:25+00:00","og_image":[{"url":"https:\/\/www.blogsoestado.com\/joaquimhaickel\/wp-content\/uploads\/sites\/6\/2021\/06\/taparosolhosmacacothumb-1.jpg","type":"","width":"","height":""}],"author":"Joaquim Haickel","twitter_card":"summary_large_image","twitter_misc":{"Escrito por":"Joaquim Haickel","Est. tempo de leitura":"3 minutos"},"schema":{"@context":"https:\/\/schema.org","@graph":[{"@type":"WebPage","@id":"https:\/\/www.blogsoestado.com\/joaquimhaickel\/2021\/06\/19\/o-pior-cego-e-aquele-que-nao-deseja-ver\/","url":"https:\/\/www.blogsoestado.com\/joaquimhaickel\/2021\/06\/19\/o-pior-cego-e-aquele-que-nao-deseja-ver\/","name":"O pior cego \u00e9 aquele que n\u00e3o deseja ver - Joaquim Haickel","isPartOf":{"@id":"https:\/\/www.blogsoestado.com\/joaquimhaickel\/#website"},"primaryImageOfPage":{"@id":"https:\/\/www.blogsoestado.com\/joaquimhaickel\/2021\/06\/19\/o-pior-cego-e-aquele-que-nao-deseja-ver\/#primaryimage"},"image":{"@id":"https:\/\/www.blogsoestado.com\/joaquimhaickel\/2021\/06\/19\/o-pior-cego-e-aquele-que-nao-deseja-ver\/#primaryimage"},"thumbnailUrl":"https:\/\/www.blogsoestado.com\/joaquimhaickel\/wp-content\/uploads\/sites\/6\/2021\/06\/taparosolhosmacacothumb-1.jpg","datePublished":"2021-06-19T09:19:25+00:00","author":{"@id":"https:\/\/www.blogsoestado.com\/joaquimhaickel\/#\/schema\/person\/4a711644aff28245c6c2c3452d66d325"},"breadcrumb":{"@id":"https:\/\/www.blogsoestado.com\/joaquimhaickel\/2021\/06\/19\/o-pior-cego-e-aquele-que-nao-deseja-ver\/#breadcrumb"},"inLanguage":"pt-BR","potentialAction":[{"@type":"ReadAction","target":["https:\/\/www.blogsoestado.com\/joaquimhaickel\/2021\/06\/19\/o-pior-cego-e-aquele-que-nao-deseja-ver\/"]}]},{"@type":"ImageObject","inLanguage":"pt-BR","@id":"https:\/\/www.blogsoestado.com\/joaquimhaickel\/2021\/06\/19\/o-pior-cego-e-aquele-que-nao-deseja-ver\/#primaryimage","url":"https:\/\/www.blogsoestado.com\/joaquimhaickel\/wp-content\/uploads\/sites\/6\/2021\/06\/taparosolhosmacacothumb-1.jpg","contentUrl":"https:\/\/www.blogsoestado.com\/joaquimhaickel\/wp-content\/uploads\/sites\/6\/2021\/06\/taparosolhosmacacothumb-1.jpg"},{"@type":"BreadcrumbList","@id":"https:\/\/www.blogsoestado.com\/joaquimhaickel\/2021\/06\/19\/o-pior-cego-e-aquele-que-nao-deseja-ver\/#breadcrumb","itemListElement":[{"@type":"ListItem","position":1,"name":"In\u00edcio","item":"https:\/\/www.blogsoestado.com\/joaquimhaickel\/"},{"@type":"ListItem","position":2,"name":"O pior cego \u00e9 aquele que n\u00e3o deseja ver"}]},{"@type":"WebSite","@id":"https:\/\/www.blogsoestado.com\/joaquimhaickel\/#website","url":"https:\/\/www.blogsoestado.com\/joaquimhaickel\/","name":"Joaquim Haickel","description":"","potentialAction":[{"@type":"SearchAction","target":{"@type":"EntryPoint","urlTemplate":"https:\/\/www.blogsoestado.com\/joaquimhaickel\/?s={search_term_string}"},"query-input":{"@type":"PropertyValueSpecification","valueRequired":true,"valueName":"search_term_string"}}],"inLanguage":"pt-BR"},{"@type":"Person","@id":"https:\/\/www.blogsoestado.com\/joaquimhaickel\/#\/schema\/person\/4a711644aff28245c6c2c3452d66d325","name":"Joaquim Haickel","image":{"@type":"ImageObject","inLanguage":"pt-BR","@id":"https:\/\/www.blogsoestado.com\/joaquimhaickel\/#\/schema\/person\/image\/","url":"https:\/\/secure.gravatar.com\/avatar\/473d89339b9f8ec089adb8d5778363eb5a2ba2319956bcf0298bfd8cca04684a?s=96&d=mm&r=g","contentUrl":"https:\/\/secure.gravatar.com\/avatar\/473d89339b9f8ec089adb8d5778363eb5a2ba2319956bcf0298bfd8cca04684a?s=96&d=mm&r=g","caption":"Joaquim Haickel"},"url":"https:\/\/www.blogsoestado.com\/joaquimhaickel\/author\/joaquimhaickel\/"}]}},"jetpack_featured_media_url":"","_links":{"self":[{"href":"https:\/\/www.blogsoestado.com\/joaquimhaickel\/wp-json\/wp\/v2\/posts\/2732","targetHints":{"allow":["GET"]}}],"collection":[{"href":"https:\/\/www.blogsoestado.com\/joaquimhaickel\/wp-json\/wp\/v2\/posts"}],"about":[{"href":"https:\/\/www.blogsoestado.com\/joaquimhaickel\/wp-json\/wp\/v2\/types\/post"}],"author":[{"embeddable":true,"href":"https:\/\/www.blogsoestado.com\/joaquimhaickel\/wp-json\/wp\/v2\/users\/7"}],"replies":[{"embeddable":true,"href":"https:\/\/www.blogsoestado.com\/joaquimhaickel\/wp-json\/wp\/v2\/comments?post=2732"}],"version-history":[{"count":0,"href":"https:\/\/www.blogsoestado.com\/joaquimhaickel\/wp-json\/wp\/v2\/posts\/2732\/revisions"}],"wp:attachment":[{"href":"https:\/\/www.blogsoestado.com\/joaquimhaickel\/wp-json\/wp\/v2\/media?parent=2732"}],"wp:term":[{"taxonomy":"category","embeddable":true,"href":"https:\/\/www.blogsoestado.com\/joaquimhaickel\/wp-json\/wp\/v2\/categories?post=2732"},{"taxonomy":"post_tag","embeddable":true,"href":"https:\/\/www.blogsoestado.com\/joaquimhaickel\/wp-json\/wp\/v2\/tags?post=2732"}],"curies":[{"name":"wp","href":"https:\/\/api.w.org\/{rel}","templated":true}]}}