{"id":2736,"date":"2021-06-26T05:05:24","date_gmt":"2021-06-26T08:05:24","guid":{"rendered":"https:\/\/www.blogsoestado.com\/joaquimhaickel\/?p=2736"},"modified":"2021-06-26T05:05:24","modified_gmt":"2021-06-26T08:05:24","slug":"uma-terceira-via","status":"publish","type":"post","link":"https:\/\/www.blogsoestado.com\/joaquimhaickel\/2021\/06\/26\/uma-terceira-via\/","title":{"rendered":"Uma terceira via"},"content":{"rendered":"\n<figure class=\"wp-block-image size-large\"><a href=\"https:\/\/www.blogsoestado.com\/joaquimhaickel\/wp-content\/uploads\/sites\/6\/2021\/06\/4f814acb-949f-49d0-bb66-b4cc807df911-1.jpg\"><img fetchpriority=\"high\" decoding=\"async\" width=\"1024\" height=\"488\" src=\"https:\/\/www.blogsoestado.com\/joaquimhaickel\/wp-content\/uploads\/sites\/6\/2021\/06\/4f814acb-949f-49d0-bb66-b4cc807df911-1-1024x488.jpg\" alt=\"\" class=\"wp-image-2737\" srcset=\"https:\/\/www.blogsoestado.com\/joaquimhaickel\/wp-content\/uploads\/sites\/6\/2021\/06\/4f814acb-949f-49d0-bb66-b4cc807df911-1-1024x488.jpg 1024w, https:\/\/www.blogsoestado.com\/joaquimhaickel\/wp-content\/uploads\/sites\/6\/2021\/06\/4f814acb-949f-49d0-bb66-b4cc807df911-1-300x143.jpg 300w, https:\/\/www.blogsoestado.com\/joaquimhaickel\/wp-content\/uploads\/sites\/6\/2021\/06\/4f814acb-949f-49d0-bb66-b4cc807df911-1-768x366.jpg 768w, https:\/\/www.blogsoestado.com\/joaquimhaickel\/wp-content\/uploads\/sites\/6\/2021\/06\/4f814acb-949f-49d0-bb66-b4cc807df911-1.jpg 1280w\" sizes=\"(max-width: 1024px) 100vw, 1024px\" \/><\/a><\/figure>\n\n\n\n<p><\/p>\n\n\n\n<p>Algumas pessoas t\u00eam me pedido que eu fa\u00e7a uma an\u00e1lise sobre o panorama eleitoral para a presid\u00eancia da Rep\u00fablica, em 2022. Pois bem, procurarei ao m\u00e1ximo, n\u00e3o manifestar ju\u00edzo de valor pessoal sobre qualquer aspecto desta an\u00e1lise. Tentarei ser, como sempre fa\u00e7o, o mais imparcial que me for poss\u00edvel, mostrando os aspectos positivos e negativos de cada fato, ato, cen\u00e1rio ou pessoa.<\/p>\n\n\n\n<p>Est\u00e1 mais que claro que as pessoas de bom senso de nosso pa\u00eds est\u00e3o buscando uma terceira via pol\u00edtica para fugir da triste sina de serem obrigadas a escolher entre um presidente bo\u00e7al, desqualificado e incorrig\u00edvel e um ex-presidente quadrilheiro, manipulador de massas e fingido.<\/p>\n\n\n\n<p>Nenhum desses adjetivos s\u00e3o levianos ou despropositados. Algumas pessoas, de um lado e de outro, certamente discordar\u00e3o de mim, mas essa \u00e9 a minha vis\u00e3o.<\/p>\n\n\n\n<p>A delimita\u00e7\u00e3o dos espa\u00e7os est\u00e1 clara e facilita muito o entendimento de qualquer pessoa, por menos experi\u00eancia e conhecimento que tenha sobre pol\u00edtica. Temos os antagonistas posicionados dos dois lados do espectro pol\u00edtico nacional, ou se preferirem, do ringue, do campo de batalha.<\/p>\n\n\n\n<p>A direita aposta suas fichas na reelei\u00e7\u00e3o de um homem despreparado para o conv\u00edvio social civilizado, incapaz de minimamente entender as regas b\u00e1sicas de urbanidade e civilidade, um asno que desqualifica o cargo que ocupa por n\u00e3o saber se portar dentro de regras sociais m\u00ednimas.<\/p>\n\n\n\n<p>Por sua vez, a esquerda \u00e9 representada por um sujeito que j\u00e1 foi tido como o maior l\u00edder popular que o Brasil j\u00e1 teve, mas que sucumbiu ao lado negro da for\u00e7a, desceu \u00e0 mans\u00e3o dos mortos e tal qual Jesus, ressuscitou, n\u00e3o no terceiro dia, mas no quingent\u00e9simo octog\u00e9simo dia, depois de amargar quase 2 anos, uns 20 meses na cadeia.<\/p>\n\n\n\n<p>Gostaria de dizer que o meio do tabuleiro desse jogo, o centro desse campo de batalha, n\u00e3o est\u00e1 ocupado por ningu\u00e9m, pelo menos, n\u00e3o por algu\u00e9m relevante, que possa ter peso numa poss\u00edvel despolariza\u00e7\u00e3o deste conflito. Mas n\u00e3o \u00e9 exatamente bem assim. Existe um candidato que est\u00e1 se colocando como terceira via, disparando sua artilharia verborr\u00e1gica nas duas dire\u00e7\u00f5es. Vomitando de volta o refluxo nojento de Bolsonaro sobre o atual presidente e seus fan\u00e1ticos apoiadores, e atirando as fedidas fezes produzidas por Lula e sua quadrilha de volta na cara da esquerdalha nacional, que n\u00e3o v\u00ea a hora de aportar novamente no poder.<\/p>\n\n\n\n<p>Ciro Gomes, que prosaicamente tem o sobrenome do personagem ic\u00f4nico e progenitor da Fam\u00edlia Adams, \u00e9 aquilo que eu chamo de reles adjetivador. Um sujeito que fala bonito e n\u00e3o bem, que constr\u00f3i suas senten\u00e7as empilhando adjetivos no sentido de impressionar a audi\u00eancia, sendo que essas senten\u00e7as s\u00e3o totalmente desprovidas da necess\u00e1ria profundidade que sustente o que ele deseja expressar.<\/p>\n\n\n\n<p>Se fosse um confeiteiro, um p\u00e2tissier, Gomes seria incapaz de fazer a massa ou o recheio do bolo, mas seria um ex\u00edmio fazedor de coberturas, a parte decorativa da deliciosa e suculenta iguaria.<\/p>\n\n\n\n<p>Ciro Gomes \u00e9 o \u00fanico nome relevante que se apresenta como poss\u00edvel terceira via, tendo em vista todos os demais n\u00e3o aguentarem um traque. N\u00e3o possuem partidos fortes que os apoiem, n\u00e3o possuem apoio popular suficiente para encher uma Kombi, n\u00e3o se sustentam por mais de 30 segundos em um comercial de TV, n\u00e3o aguentam uma investiga\u00e7\u00e3o minuciosa da PF, ou da Pastoral da Fam\u00edlia, como de resto ocorre igualmente com os demais.<\/p>\n\n\n\n<p>Moral da hist\u00f3ria: os cidad\u00e3os brasileiros de bom senso, aqueles que n\u00e3o desejam continuar na barb\u00e1rie da incapacidade de di\u00e1logo amplo, com todas as tend\u00eancias ideol\u00f3gicas, pol\u00edticas e sociais, e n\u00e3o admitem voltar para o caos social, pol\u00edtico e econ\u00f4mico, causado pela end\u00eamica corrup\u00e7\u00e3o e pela falta de confian\u00e7a, n\u00e3o possuem op\u00e7\u00e3o vi\u00e1vel como sa\u00edda para essa polariza\u00e7\u00e3o, uma vez que em \u00faltima an\u00e1lise, Ciro Gomes \u00e9 tido como linha auxiliar de Lula. J\u00e1 Bolsonaro \u00e9 t\u00e3o c\u00e1ustico que nem linha auxiliar ele tem, o que enfraquece a posi\u00e7\u00e3o das pessoas que se colocam com toda legitimidade na posi\u00e7\u00e3o conservadora, numa direita moderada e n\u00e3o fan\u00e1tica.<\/p>\n\n\n\n<p>Resumo da \u00f3pera: vamos rezar, e muito, para ver se aparece algu\u00e9m em quem possamos depositar minimamente nossas esperan\u00e7as. At\u00e9 agora n\u00e3o vejo luz no final do t\u00fanel. Na verdade, n\u00e3o vejo nem o t\u00fanel!&#8230;<\/p>\n","protected":false},"excerpt":{"rendered":"<p>Algumas pessoas t\u00eam me pedido que eu fa\u00e7a uma an\u00e1lise sobre o panorama eleitoral para a presid\u00eancia da Rep\u00fablica, em [&hellip;]<\/p>\n","protected":false},"author":7,"featured_media":0,"comment_status":"open","ping_status":"open","sticky":false,"template":"","format":"standard","meta":{"site-sidebar-layout":"default","site-content-layout":"","ast-site-content-layout":"default","site-content-style":"default","site-sidebar-style":"default","ast-global-header-display":"","ast-banner-title-visibility":"","ast-main-header-display":"","ast-hfb-above-header-display":"","ast-hfb-below-header-display":"","ast-hfb-mobile-header-display":"","site-post-title":"","ast-breadcrumbs-content":"","ast-featured-img":"","footer-sml-layout":"","ast-disable-related-posts":"","theme-transparent-header-meta":"","adv-header-id-meta":"","stick-header-meta":"","header-above-stick-meta":"","header-main-stick-meta":"","header-below-stick-meta":"","astra-migrate-meta-layouts":"default","ast-page-background-enabled":"default","ast-page-background-meta":{"desktop":{"background-color":"var(--ast-global-color-5)","background-image":"","background-repeat":"repeat","background-position":"center center","background-size":"auto","background-attachment":"scroll","background-type":"","background-media":"","overlay-type":"","overlay-color":"","overlay-opacity":"","overlay-gradient":""},"tablet":{"background-color":"","background-image":"","background-repeat":"repeat","background-position":"center center","background-size":"auto","background-attachment":"scroll","background-type":"","background-media":"","overlay-type":"","overlay-color":"","overlay-opacity":"","overlay-gradient":""},"mobile":{"background-color":"","background-image":"","background-repeat":"repeat","background-position":"center center","background-size":"auto","background-attachment":"scroll","background-type":"","background-media":"","overlay-type":"","overlay-color":"","overlay-opacity":"","overlay-gradient":""}},"ast-content-background-meta":{"desktop":{"background-color":"var(--ast-global-color-4)","background-image":"","background-repeat":"repeat","background-position":"center center","background-size":"auto","background-attachment":"scroll","background-type":"","background-media":"","overlay-type":"","overlay-color":"","overlay-opacity":"","overlay-gradient":""},"tablet":{"background-color":"var(--ast-global-color-4)","background-image":"","background-repeat":"repeat","background-position":"center center","background-size":"auto","background-attachment":"scroll","background-type":"","background-media":"","overlay-type":"","overlay-color":"","overlay-opacity":"","overlay-gradient":""},"mobile":{"background-color":"var(--ast-global-color-4)","background-image":"","background-repeat":"repeat","background-position":"center center","background-size":"auto","background-attachment":"scroll","background-type":"","background-media":"","overlay-type":"","overlay-color":"","overlay-opacity":"","overlay-gradient":""}},"footnotes":""},"categories":[1],"tags":[],"class_list":["post-2736","post","type-post","status-publish","format-standard","hentry","category-sem-categoria"],"yoast_head":"<!-- This site is optimized with the Yoast SEO plugin v26.6 - https:\/\/yoast.com\/wordpress\/plugins\/seo\/ -->\n<title>Uma terceira via - Joaquim Haickel<\/title>\n<meta name=\"robots\" content=\"index, follow, max-snippet:-1, max-image-preview:large, max-video-preview:-1\" \/>\n<link rel=\"canonical\" href=\"https:\/\/www.blogsoestado.com\/joaquimhaickel\/2021\/06\/26\/uma-terceira-via\/\" \/>\n<meta property=\"og:locale\" content=\"pt_BR\" \/>\n<meta property=\"og:type\" content=\"article\" \/>\n<meta property=\"og:title\" content=\"Uma terceira via - Joaquim Haickel\" \/>\n<meta property=\"og:description\" content=\"Algumas pessoas t\u00eam me pedido que eu fa\u00e7a uma an\u00e1lise sobre o panorama eleitoral para a presid\u00eancia da Rep\u00fablica, em [&hellip;]\" \/>\n<meta property=\"og:url\" content=\"https:\/\/www.blogsoestado.com\/joaquimhaickel\/2021\/06\/26\/uma-terceira-via\/\" \/>\n<meta property=\"og:site_name\" content=\"Joaquim Haickel\" \/>\n<meta property=\"article:published_time\" content=\"2021-06-26T08:05:24+00:00\" \/>\n<meta property=\"og:image\" content=\"https:\/\/www.blogsoestado.com\/joaquimhaickel\/wp-content\/uploads\/sites\/6\/2021\/06\/4f814acb-949f-49d0-bb66-b4cc807df911-1-1024x488.jpg\" \/>\n<meta name=\"author\" content=\"Joaquim Haickel\" \/>\n<meta name=\"twitter:card\" content=\"summary_large_image\" \/>\n<meta name=\"twitter:label1\" content=\"Escrito por\" \/>\n\t<meta name=\"twitter:data1\" content=\"Joaquim Haickel\" \/>\n\t<meta name=\"twitter:label2\" content=\"Est. tempo de leitura\" \/>\n\t<meta name=\"twitter:data2\" content=\"4 minutos\" \/>\n<script type=\"application\/ld+json\" class=\"yoast-schema-graph\">{\"@context\":\"https:\/\/schema.org\",\"@graph\":[{\"@type\":\"WebPage\",\"@id\":\"https:\/\/www.blogsoestado.com\/joaquimhaickel\/2021\/06\/26\/uma-terceira-via\/\",\"url\":\"https:\/\/www.blogsoestado.com\/joaquimhaickel\/2021\/06\/26\/uma-terceira-via\/\",\"name\":\"Uma terceira via - Joaquim Haickel\",\"isPartOf\":{\"@id\":\"https:\/\/www.blogsoestado.com\/joaquimhaickel\/#website\"},\"primaryImageOfPage\":{\"@id\":\"https:\/\/www.blogsoestado.com\/joaquimhaickel\/2021\/06\/26\/uma-terceira-via\/#primaryimage\"},\"image\":{\"@id\":\"https:\/\/www.blogsoestado.com\/joaquimhaickel\/2021\/06\/26\/uma-terceira-via\/#primaryimage\"},\"thumbnailUrl\":\"https:\/\/www.blogsoestado.com\/joaquimhaickel\/wp-content\/uploads\/sites\/6\/2021\/06\/4f814acb-949f-49d0-bb66-b4cc807df911-1-1024x488.jpg\",\"datePublished\":\"2021-06-26T08:05:24+00:00\",\"author\":{\"@id\":\"https:\/\/www.blogsoestado.com\/joaquimhaickel\/#\/schema\/person\/4a711644aff28245c6c2c3452d66d325\"},\"breadcrumb\":{\"@id\":\"https:\/\/www.blogsoestado.com\/joaquimhaickel\/2021\/06\/26\/uma-terceira-via\/#breadcrumb\"},\"inLanguage\":\"pt-BR\",\"potentialAction\":[{\"@type\":\"ReadAction\",\"target\":[\"https:\/\/www.blogsoestado.com\/joaquimhaickel\/2021\/06\/26\/uma-terceira-via\/\"]}]},{\"@type\":\"ImageObject\",\"inLanguage\":\"pt-BR\",\"@id\":\"https:\/\/www.blogsoestado.com\/joaquimhaickel\/2021\/06\/26\/uma-terceira-via\/#primaryimage\",\"url\":\"https:\/\/www.blogsoestado.com\/joaquimhaickel\/wp-content\/uploads\/sites\/6\/2021\/06\/4f814acb-949f-49d0-bb66-b4cc807df911-1.jpg\",\"contentUrl\":\"https:\/\/www.blogsoestado.com\/joaquimhaickel\/wp-content\/uploads\/sites\/6\/2021\/06\/4f814acb-949f-49d0-bb66-b4cc807df911-1.jpg\",\"width\":1280,\"height\":610},{\"@type\":\"BreadcrumbList\",\"@id\":\"https:\/\/www.blogsoestado.com\/joaquimhaickel\/2021\/06\/26\/uma-terceira-via\/#breadcrumb\",\"itemListElement\":[{\"@type\":\"ListItem\",\"position\":1,\"name\":\"In\u00edcio\",\"item\":\"https:\/\/www.blogsoestado.com\/joaquimhaickel\/\"},{\"@type\":\"ListItem\",\"position\":2,\"name\":\"Uma terceira via\"}]},{\"@type\":\"WebSite\",\"@id\":\"https:\/\/www.blogsoestado.com\/joaquimhaickel\/#website\",\"url\":\"https:\/\/www.blogsoestado.com\/joaquimhaickel\/\",\"name\":\"Joaquim Haickel\",\"description\":\"\",\"potentialAction\":[{\"@type\":\"SearchAction\",\"target\":{\"@type\":\"EntryPoint\",\"urlTemplate\":\"https:\/\/www.blogsoestado.com\/joaquimhaickel\/?s={search_term_string}\"},\"query-input\":{\"@type\":\"PropertyValueSpecification\",\"valueRequired\":true,\"valueName\":\"search_term_string\"}}],\"inLanguage\":\"pt-BR\"},{\"@type\":\"Person\",\"@id\":\"https:\/\/www.blogsoestado.com\/joaquimhaickel\/#\/schema\/person\/4a711644aff28245c6c2c3452d66d325\",\"name\":\"Joaquim Haickel\",\"image\":{\"@type\":\"ImageObject\",\"inLanguage\":\"pt-BR\",\"@id\":\"https:\/\/www.blogsoestado.com\/joaquimhaickel\/#\/schema\/person\/image\/\",\"url\":\"https:\/\/secure.gravatar.com\/avatar\/473d89339b9f8ec089adb8d5778363eb5a2ba2319956bcf0298bfd8cca04684a?s=96&d=mm&r=g\",\"contentUrl\":\"https:\/\/secure.gravatar.com\/avatar\/473d89339b9f8ec089adb8d5778363eb5a2ba2319956bcf0298bfd8cca04684a?s=96&d=mm&r=g\",\"caption\":\"Joaquim Haickel\"},\"url\":\"https:\/\/www.blogsoestado.com\/joaquimhaickel\/author\/joaquimhaickel\/\"}]}<\/script>\n<!-- \/ Yoast SEO plugin. -->","yoast_head_json":{"title":"Uma terceira via - Joaquim Haickel","robots":{"index":"index","follow":"follow","max-snippet":"max-snippet:-1","max-image-preview":"max-image-preview:large","max-video-preview":"max-video-preview:-1"},"canonical":"https:\/\/www.blogsoestado.com\/joaquimhaickel\/2021\/06\/26\/uma-terceira-via\/","og_locale":"pt_BR","og_type":"article","og_title":"Uma terceira via - Joaquim Haickel","og_description":"Algumas pessoas t\u00eam me pedido que eu fa\u00e7a uma an\u00e1lise sobre o panorama eleitoral para a presid\u00eancia da Rep\u00fablica, em [&hellip;]","og_url":"https:\/\/www.blogsoestado.com\/joaquimhaickel\/2021\/06\/26\/uma-terceira-via\/","og_site_name":"Joaquim Haickel","article_published_time":"2021-06-26T08:05:24+00:00","og_image":[{"url":"https:\/\/www.blogsoestado.com\/joaquimhaickel\/wp-content\/uploads\/sites\/6\/2021\/06\/4f814acb-949f-49d0-bb66-b4cc807df911-1-1024x488.jpg","type":"","width":"","height":""}],"author":"Joaquim Haickel","twitter_card":"summary_large_image","twitter_misc":{"Escrito por":"Joaquim Haickel","Est. tempo de leitura":"4 minutos"},"schema":{"@context":"https:\/\/schema.org","@graph":[{"@type":"WebPage","@id":"https:\/\/www.blogsoestado.com\/joaquimhaickel\/2021\/06\/26\/uma-terceira-via\/","url":"https:\/\/www.blogsoestado.com\/joaquimhaickel\/2021\/06\/26\/uma-terceira-via\/","name":"Uma terceira via - Joaquim Haickel","isPartOf":{"@id":"https:\/\/www.blogsoestado.com\/joaquimhaickel\/#website"},"primaryImageOfPage":{"@id":"https:\/\/www.blogsoestado.com\/joaquimhaickel\/2021\/06\/26\/uma-terceira-via\/#primaryimage"},"image":{"@id":"https:\/\/www.blogsoestado.com\/joaquimhaickel\/2021\/06\/26\/uma-terceira-via\/#primaryimage"},"thumbnailUrl":"https:\/\/www.blogsoestado.com\/joaquimhaickel\/wp-content\/uploads\/sites\/6\/2021\/06\/4f814acb-949f-49d0-bb66-b4cc807df911-1-1024x488.jpg","datePublished":"2021-06-26T08:05:24+00:00","author":{"@id":"https:\/\/www.blogsoestado.com\/joaquimhaickel\/#\/schema\/person\/4a711644aff28245c6c2c3452d66d325"},"breadcrumb":{"@id":"https:\/\/www.blogsoestado.com\/joaquimhaickel\/2021\/06\/26\/uma-terceira-via\/#breadcrumb"},"inLanguage":"pt-BR","potentialAction":[{"@type":"ReadAction","target":["https:\/\/www.blogsoestado.com\/joaquimhaickel\/2021\/06\/26\/uma-terceira-via\/"]}]},{"@type":"ImageObject","inLanguage":"pt-BR","@id":"https:\/\/www.blogsoestado.com\/joaquimhaickel\/2021\/06\/26\/uma-terceira-via\/#primaryimage","url":"https:\/\/www.blogsoestado.com\/joaquimhaickel\/wp-content\/uploads\/sites\/6\/2021\/06\/4f814acb-949f-49d0-bb66-b4cc807df911-1.jpg","contentUrl":"https:\/\/www.blogsoestado.com\/joaquimhaickel\/wp-content\/uploads\/sites\/6\/2021\/06\/4f814acb-949f-49d0-bb66-b4cc807df911-1.jpg","width":1280,"height":610},{"@type":"BreadcrumbList","@id":"https:\/\/www.blogsoestado.com\/joaquimhaickel\/2021\/06\/26\/uma-terceira-via\/#breadcrumb","itemListElement":[{"@type":"ListItem","position":1,"name":"In\u00edcio","item":"https:\/\/www.blogsoestado.com\/joaquimhaickel\/"},{"@type":"ListItem","position":2,"name":"Uma terceira via"}]},{"@type":"WebSite","@id":"https:\/\/www.blogsoestado.com\/joaquimhaickel\/#website","url":"https:\/\/www.blogsoestado.com\/joaquimhaickel\/","name":"Joaquim Haickel","description":"","potentialAction":[{"@type":"SearchAction","target":{"@type":"EntryPoint","urlTemplate":"https:\/\/www.blogsoestado.com\/joaquimhaickel\/?s={search_term_string}"},"query-input":{"@type":"PropertyValueSpecification","valueRequired":true,"valueName":"search_term_string"}}],"inLanguage":"pt-BR"},{"@type":"Person","@id":"https:\/\/www.blogsoestado.com\/joaquimhaickel\/#\/schema\/person\/4a711644aff28245c6c2c3452d66d325","name":"Joaquim Haickel","image":{"@type":"ImageObject","inLanguage":"pt-BR","@id":"https:\/\/www.blogsoestado.com\/joaquimhaickel\/#\/schema\/person\/image\/","url":"https:\/\/secure.gravatar.com\/avatar\/473d89339b9f8ec089adb8d5778363eb5a2ba2319956bcf0298bfd8cca04684a?s=96&d=mm&r=g","contentUrl":"https:\/\/secure.gravatar.com\/avatar\/473d89339b9f8ec089adb8d5778363eb5a2ba2319956bcf0298bfd8cca04684a?s=96&d=mm&r=g","caption":"Joaquim Haickel"},"url":"https:\/\/www.blogsoestado.com\/joaquimhaickel\/author\/joaquimhaickel\/"}]}},"jetpack_featured_media_url":"","_links":{"self":[{"href":"https:\/\/www.blogsoestado.com\/joaquimhaickel\/wp-json\/wp\/v2\/posts\/2736","targetHints":{"allow":["GET"]}}],"collection":[{"href":"https:\/\/www.blogsoestado.com\/joaquimhaickel\/wp-json\/wp\/v2\/posts"}],"about":[{"href":"https:\/\/www.blogsoestado.com\/joaquimhaickel\/wp-json\/wp\/v2\/types\/post"}],"author":[{"embeddable":true,"href":"https:\/\/www.blogsoestado.com\/joaquimhaickel\/wp-json\/wp\/v2\/users\/7"}],"replies":[{"embeddable":true,"href":"https:\/\/www.blogsoestado.com\/joaquimhaickel\/wp-json\/wp\/v2\/comments?post=2736"}],"version-history":[{"count":0,"href":"https:\/\/www.blogsoestado.com\/joaquimhaickel\/wp-json\/wp\/v2\/posts\/2736\/revisions"}],"wp:attachment":[{"href":"https:\/\/www.blogsoestado.com\/joaquimhaickel\/wp-json\/wp\/v2\/media?parent=2736"}],"wp:term":[{"taxonomy":"category","embeddable":true,"href":"https:\/\/www.blogsoestado.com\/joaquimhaickel\/wp-json\/wp\/v2\/categories?post=2736"},{"taxonomy":"post_tag","embeddable":true,"href":"https:\/\/www.blogsoestado.com\/joaquimhaickel\/wp-json\/wp\/v2\/tags?post=2736"}],"curies":[{"name":"wp","href":"https:\/\/api.w.org\/{rel}","templated":true}]}}