{"id":2772,"date":"2021-07-31T06:22:50","date_gmt":"2021-07-31T09:22:50","guid":{"rendered":"https:\/\/www.blogsoestado.com\/joaquimhaickel\/?p=2772"},"modified":"2021-07-31T06:22:50","modified_gmt":"2021-07-31T09:22:50","slug":"stenio-e-nostradamus","status":"publish","type":"post","link":"https:\/\/www.blogsoestado.com\/joaquimhaickel\/2021\/07\/31\/stenio-e-nostradamus\/","title":{"rendered":"Stenio e Nostradamus"},"content":{"rendered":"\n<p><\/p>\n\n\n\n<figure class=\"wp-block-image size-large\"><a href=\"https:\/\/www.blogsoestado.com\/joaquimhaickel\/wp-content\/uploads\/sites\/6\/2021\/07\/Les_Centuries_1568_Lyon_b-1-1.png\"><img fetchpriority=\"high\" decoding=\"async\" width=\"213\" height=\"357\" src=\"https:\/\/www.blogsoestado.com\/joaquimhaickel\/wp-content\/uploads\/sites\/6\/2021\/07\/Les_Centuries_1568_Lyon_b-1-1.png\" alt=\"\" class=\"wp-image-2774\" srcset=\"https:\/\/www.blogsoestado.com\/joaquimhaickel\/wp-content\/uploads\/sites\/6\/2021\/07\/Les_Centuries_1568_Lyon_b-1-1.png 213w, https:\/\/www.blogsoestado.com\/joaquimhaickel\/wp-content\/uploads\/sites\/6\/2021\/07\/Les_Centuries_1568_Lyon_b-1-1-179x300.png 179w\" sizes=\"(max-width: 213px) 100vw, 213px\" \/><\/a><\/figure>\n\n\n\n<p>Quando eu tinha uns 12 anos, Stenio, irm\u00e3o de Tet\u00e9, nossa m\u00e3e de cria\u00e7\u00e3o, nos deu de presente um velho livro, que segundo ele continha profecias que diziam tudo que aconteceria com o mundo a partir de 1555, quando foi publicado pela primeira vez.<\/p>\n\n\n\n<p>Em esp\u00e9cies de saraus, que ele organizava, no terra\u00e7o da casa de nossos pais, no Outeiro da Cruz, ele nos contou a hist\u00f3ria do tal profeta. Disse que ele era um franc\u00eas e que se chamava Nostradamus, nome que mais tarde descobri ser um daqueles escolhidos pelos judeus convertidos ao catolicismo, como os nomes de \u00e1rvores usado pelos crist\u00e3os novos em Portugal.<\/p>\n\n\n\n<p>Stenio nos contou que mesmo em seu tempo, Nostradamus era muito famoso, que perdeu sua mulher e seus filhos na peste negra que devastou a Europa. Uma das grandes curiosidades sobre aquele profeta dizia respeito ao fato dele ter previsto a morte do rei Henrique IV, que trabalhou para a rainha Maria de Medicis, que inclusive teria sido ela quem mandara Daniel de La Touche fundar a cidade de Saint Louis, em terras que pertenciam naquela \u00e9poca a um Portugal que era ent\u00e3o dominado pela Espanha.<\/p>\n\n\n\n<p>Nossa inf\u00e2ncia foi muito rica, cheia de informa\u00e7\u00f5es advindas de pessoas como Stenio e seu Braz, um velho cearense de Sobral, motorista de nosso pai.<\/p>\n\n\n\n<p>O tal livro se apresentava em uma velha encaderna\u00e7\u00e3o de capa dura, tinha o papel de suas p\u00e1ginas manchado pelas \u00e1guas do tempo. Por sua composi\u00e7\u00e3o gr\u00e1fica aparentava ser um livro muito antigo. Tempos mais tarde, quando j\u00e1 tinha algum conv\u00edvio e informa\u00e7\u00e3o sobre livros, procurando uma ficha catalogr\u00e1fica ou algo que pudesse me dar uma no\u00e7\u00e3o de quando ele tinha sido publicado, encontrei um n\u00famero impresso em algarismos romanos que pareciam ser o ano de sua edi\u00e7\u00e3o: MCMXXII (1922)<\/p>\n\n\n\n<p>Durante muito tempo aquele livro povoou nossa mente, at\u00e9 porque, ao se ler As Cent\u00farias, conjuntos de versos com 100 quadras em rimas de quatro linhas, elas realmente nos faziam encaix\u00e1-las em acontecimentos ocorridos, como no caso da cita\u00e7\u00e3o quase literal de um dos anticristos arrolados no livro: Hilter. Nostradamus troca o lugar da letra \u201cL\u201d no nome do cabo Adolf.<\/p>\n\n\n\n<p>Faz algum tempo, depois de muitos anos sem lembrar do velho Nostra, uma alus\u00e3o foi feita a ele, envolvendo-o numa fraudulenta cent\u00faria onde ele supostamente teria previsto a pandemia do Covid-19 ou Novo Corona V\u00edrus.<\/p>\n\n\n\n<p>Os fraudulentos versos s\u00e3o: <em>\u201cE no ano dos g\u00eameos, uma rainha surgir\u00e1 do leste e espalhar\u00e1 a praga dos seres da noite pela terra das 7 colinas, transformando em p\u00f3 os homens do crep\u00fasculo, culminando na sombra da ru\u00edna\u201d<\/em>. E sua interpreta\u00e7\u00e3o seria: \u201cEm 2020 uma epidemia iniciada na China e proveniente de morcegos, atingir\u00e1 inclusive a It\u00e1lia, matando principalmente as pessoas mais velhas e causando uma grande devasta\u00e7\u00e3o na economia mundial.<\/p>\n\n\n\n<p>Quem criou tais versos, \u00e9 um g\u00eanio do embuste!&#8230; Mas aqui abandono Nostradamus para focar no novo coronav\u00edrus.<\/p>\n\n\n\n<p>Em pleno s\u00e9culo XXI, em tempos de tamanha evolu\u00e7\u00e3o tecnol\u00f3gica, a humanidade ainda \u00e9 atingida de forma avassaladora por surtos, epidemias e pandemias!&#8230; Segundo as estat\u00edsticas da OMS, morrem v\u00edtimas dos mais diversos tipos de gripe, duas pessoas por minuto, 120 por hora, mais de 2.800 pessoas por dia, mais de 86.000 por m\u00eas, o que totalizaria mais de 1 milh\u00e3o e 50 mil pessoas anualmente.<\/p>\n\n\n\n<p>Mas, h\u00e1 um dado ainda muito mais alarmante que o dessa peste que se abate sobre a humanidade, ciclicamente.<\/p>\n\n\n\n<p>Em meio a tudo isso n\u00f3s somos confrontados a uma realidade muito mais cruel e permanente que a da sa\u00fade. Falo da fome, um dos quatro Cavaleiros do Apocalipse, que junto com a Peste, a Guerra e a Morte se espalhar\u00e3o pela terra e a devastar\u00e3o.<\/p>\n\n\n\n<p>Segundo estat\u00edsticas da FAO, a fome mata pelo mundo, 10 pessoas por minuto, 600 por hora, mais de 14.000 por dia, algo em torno de 430.000 por m\u00eas, totalizando mais de 5 milh\u00f5es, 180 mil pessoas por ano&#8230;<\/p>\n\n\n\n<p>Por incr\u00edvel que parece a Guerra, outro Cavaleiro do Apocalipse mata muito menos pessoas. Estimativas indicam que aproximadamente 200 mil pessoas morreram em 2019 nas guerras convencionais em curso no mundo, o que \u00e9 muito inferior a quantidade de outras mortes, causada pelos outros agentes citados anteriormente.<\/p>\n\n\n\n<p>Nota de pesar: Meu querido \u201ctio\u201d, Stenio Magalh\u00e3es Barros, faleceu h\u00e1 alguns meses. Ele n\u00e3o entrou nas estat\u00edsticas da Covid-19. Foi atropelado na porta de sua casa, no bairro do Anil. Com ele se foi, boa parte das lembran\u00e7as de minha inf\u00e2ncia, um dos maiores patrim\u00f4nios que tenho e um dos que mais tenho motivo para me orgulhar, pois foi l\u00e1 que foi gestada, nascida e criada a pessoa que sou.<\/p>\n","protected":false},"excerpt":{"rendered":"<p>Quando eu tinha uns 12 anos, Stenio, irm\u00e3o de Tet\u00e9, nossa m\u00e3e de cria\u00e7\u00e3o, nos deu de presente um velho [&hellip;]<\/p>\n","protected":false},"author":7,"featured_media":0,"comment_status":"open","ping_status":"open","sticky":false,"template":"","format":"standard","meta":{"site-sidebar-layout":"default","site-content-layout":"","ast-site-content-layout":"default","site-content-style":"default","site-sidebar-style":"default","ast-global-header-display":"","ast-banner-title-visibility":"","ast-main-header-display":"","ast-hfb-above-header-display":"","ast-hfb-below-header-display":"","ast-hfb-mobile-header-display":"","site-post-title":"","ast-breadcrumbs-content":"","ast-featured-img":"","footer-sml-layout":"","ast-disable-related-posts":"","theme-transparent-header-meta":"","adv-header-id-meta":"","stick-header-meta":"","header-above-stick-meta":"","header-main-stick-meta":"","header-below-stick-meta":"","astra-migrate-meta-layouts":"default","ast-page-background-enabled":"default","ast-page-background-meta":{"desktop":{"background-color":"var(--ast-global-color-5)","background-image":"","background-repeat":"repeat","background-position":"center center","background-size":"auto","background-attachment":"scroll","background-type":"","background-media":"","overlay-type":"","overlay-color":"","overlay-opacity":"","overlay-gradient":""},"tablet":{"background-color":"","background-image":"","background-repeat":"repeat","background-position":"center center","background-size":"auto","background-attachment":"scroll","background-type":"","background-media":"","overlay-type":"","overlay-color":"","overlay-opacity":"","overlay-gradient":""},"mobile":{"background-color":"","background-image":"","background-repeat":"repeat","background-position":"center center","background-size":"auto","background-attachment":"scroll","background-type":"","background-media":"","overlay-type":"","overlay-color":"","overlay-opacity":"","overlay-gradient":""}},"ast-content-background-meta":{"desktop":{"background-color":"var(--ast-global-color-4)","background-image":"","background-repeat":"repeat","background-position":"center center","background-size":"auto","background-attachment":"scroll","background-type":"","background-media":"","overlay-type":"","overlay-color":"","overlay-opacity":"","overlay-gradient":""},"tablet":{"background-color":"var(--ast-global-color-4)","background-image":"","background-repeat":"repeat","background-position":"center center","background-size":"auto","background-attachment":"scroll","background-type":"","background-media":"","overlay-type":"","overlay-color":"","overlay-opacity":"","overlay-gradient":""},"mobile":{"background-color":"var(--ast-global-color-4)","background-image":"","background-repeat":"repeat","background-position":"center center","background-size":"auto","background-attachment":"scroll","background-type":"","background-media":"","overlay-type":"","overlay-color":"","overlay-opacity":"","overlay-gradient":""}},"footnotes":""},"categories":[1],"tags":[],"class_list":["post-2772","post","type-post","status-publish","format-standard","hentry","category-sem-categoria"],"yoast_head":"<!-- This site is optimized with the Yoast SEO plugin v26.6 - https:\/\/yoast.com\/wordpress\/plugins\/seo\/ -->\n<title>Stenio e Nostradamus - Joaquim Haickel<\/title>\n<meta name=\"robots\" content=\"index, follow, max-snippet:-1, max-image-preview:large, max-video-preview:-1\" \/>\n<link rel=\"canonical\" href=\"https:\/\/www.blogsoestado.com\/joaquimhaickel\/2021\/07\/31\/stenio-e-nostradamus\/\" \/>\n<meta property=\"og:locale\" content=\"pt_BR\" \/>\n<meta property=\"og:type\" content=\"article\" \/>\n<meta property=\"og:title\" content=\"Stenio e Nostradamus - Joaquim Haickel\" \/>\n<meta property=\"og:description\" content=\"Quando eu tinha uns 12 anos, Stenio, irm\u00e3o de Tet\u00e9, nossa m\u00e3e de cria\u00e7\u00e3o, nos deu de presente um velho [&hellip;]\" \/>\n<meta property=\"og:url\" content=\"https:\/\/www.blogsoestado.com\/joaquimhaickel\/2021\/07\/31\/stenio-e-nostradamus\/\" \/>\n<meta property=\"og:site_name\" content=\"Joaquim Haickel\" \/>\n<meta property=\"article:published_time\" content=\"2021-07-31T09:22:50+00:00\" \/>\n<meta property=\"og:image\" content=\"https:\/\/www.blogsoestado.com\/joaquimhaickel\/wp-content\/uploads\/sites\/6\/2021\/07\/Les_Centuries_1568_Lyon_b-1-1.png\" \/>\n<meta name=\"author\" content=\"Joaquim Haickel\" \/>\n<meta name=\"twitter:card\" content=\"summary_large_image\" \/>\n<meta name=\"twitter:label1\" content=\"Escrito por\" \/>\n\t<meta name=\"twitter:data1\" content=\"Joaquim Haickel\" \/>\n\t<meta name=\"twitter:label2\" content=\"Est. tempo de leitura\" \/>\n\t<meta name=\"twitter:data2\" content=\"4 minutos\" \/>\n<script type=\"application\/ld+json\" class=\"yoast-schema-graph\">{\"@context\":\"https:\/\/schema.org\",\"@graph\":[{\"@type\":\"WebPage\",\"@id\":\"https:\/\/www.blogsoestado.com\/joaquimhaickel\/2021\/07\/31\/stenio-e-nostradamus\/\",\"url\":\"https:\/\/www.blogsoestado.com\/joaquimhaickel\/2021\/07\/31\/stenio-e-nostradamus\/\",\"name\":\"Stenio e Nostradamus - Joaquim Haickel\",\"isPartOf\":{\"@id\":\"https:\/\/www.blogsoestado.com\/joaquimhaickel\/#website\"},\"primaryImageOfPage\":{\"@id\":\"https:\/\/www.blogsoestado.com\/joaquimhaickel\/2021\/07\/31\/stenio-e-nostradamus\/#primaryimage\"},\"image\":{\"@id\":\"https:\/\/www.blogsoestado.com\/joaquimhaickel\/2021\/07\/31\/stenio-e-nostradamus\/#primaryimage\"},\"thumbnailUrl\":\"https:\/\/www.blogsoestado.com\/joaquimhaickel\/wp-content\/uploads\/sites\/6\/2021\/07\/Les_Centuries_1568_Lyon_b-1-1.png\",\"datePublished\":\"2021-07-31T09:22:50+00:00\",\"author\":{\"@id\":\"https:\/\/www.blogsoestado.com\/joaquimhaickel\/#\/schema\/person\/4a711644aff28245c6c2c3452d66d325\"},\"breadcrumb\":{\"@id\":\"https:\/\/www.blogsoestado.com\/joaquimhaickel\/2021\/07\/31\/stenio-e-nostradamus\/#breadcrumb\"},\"inLanguage\":\"pt-BR\",\"potentialAction\":[{\"@type\":\"ReadAction\",\"target\":[\"https:\/\/www.blogsoestado.com\/joaquimhaickel\/2021\/07\/31\/stenio-e-nostradamus\/\"]}]},{\"@type\":\"ImageObject\",\"inLanguage\":\"pt-BR\",\"@id\":\"https:\/\/www.blogsoestado.com\/joaquimhaickel\/2021\/07\/31\/stenio-e-nostradamus\/#primaryimage\",\"url\":\"https:\/\/www.blogsoestado.com\/joaquimhaickel\/wp-content\/uploads\/sites\/6\/2021\/07\/Les_Centuries_1568_Lyon_b-1-1.png\",\"contentUrl\":\"https:\/\/www.blogsoestado.com\/joaquimhaickel\/wp-content\/uploads\/sites\/6\/2021\/07\/Les_Centuries_1568_Lyon_b-1-1.png\"},{\"@type\":\"BreadcrumbList\",\"@id\":\"https:\/\/www.blogsoestado.com\/joaquimhaickel\/2021\/07\/31\/stenio-e-nostradamus\/#breadcrumb\",\"itemListElement\":[{\"@type\":\"ListItem\",\"position\":1,\"name\":\"In\u00edcio\",\"item\":\"https:\/\/www.blogsoestado.com\/joaquimhaickel\/\"},{\"@type\":\"ListItem\",\"position\":2,\"name\":\"Stenio e Nostradamus\"}]},{\"@type\":\"WebSite\",\"@id\":\"https:\/\/www.blogsoestado.com\/joaquimhaickel\/#website\",\"url\":\"https:\/\/www.blogsoestado.com\/joaquimhaickel\/\",\"name\":\"Joaquim Haickel\",\"description\":\"\",\"potentialAction\":[{\"@type\":\"SearchAction\",\"target\":{\"@type\":\"EntryPoint\",\"urlTemplate\":\"https:\/\/www.blogsoestado.com\/joaquimhaickel\/?s={search_term_string}\"},\"query-input\":{\"@type\":\"PropertyValueSpecification\",\"valueRequired\":true,\"valueName\":\"search_term_string\"}}],\"inLanguage\":\"pt-BR\"},{\"@type\":\"Person\",\"@id\":\"https:\/\/www.blogsoestado.com\/joaquimhaickel\/#\/schema\/person\/4a711644aff28245c6c2c3452d66d325\",\"name\":\"Joaquim Haickel\",\"image\":{\"@type\":\"ImageObject\",\"inLanguage\":\"pt-BR\",\"@id\":\"https:\/\/www.blogsoestado.com\/joaquimhaickel\/#\/schema\/person\/image\/\",\"url\":\"https:\/\/secure.gravatar.com\/avatar\/473d89339b9f8ec089adb8d5778363eb5a2ba2319956bcf0298bfd8cca04684a?s=96&d=mm&r=g\",\"contentUrl\":\"https:\/\/secure.gravatar.com\/avatar\/473d89339b9f8ec089adb8d5778363eb5a2ba2319956bcf0298bfd8cca04684a?s=96&d=mm&r=g\",\"caption\":\"Joaquim Haickel\"},\"url\":\"https:\/\/www.blogsoestado.com\/joaquimhaickel\/author\/joaquimhaickel\/\"}]}<\/script>\n<!-- \/ Yoast SEO plugin. -->","yoast_head_json":{"title":"Stenio e Nostradamus - Joaquim Haickel","robots":{"index":"index","follow":"follow","max-snippet":"max-snippet:-1","max-image-preview":"max-image-preview:large","max-video-preview":"max-video-preview:-1"},"canonical":"https:\/\/www.blogsoestado.com\/joaquimhaickel\/2021\/07\/31\/stenio-e-nostradamus\/","og_locale":"pt_BR","og_type":"article","og_title":"Stenio e Nostradamus - Joaquim Haickel","og_description":"Quando eu tinha uns 12 anos, Stenio, irm\u00e3o de Tet\u00e9, nossa m\u00e3e de cria\u00e7\u00e3o, nos deu de presente um velho [&hellip;]","og_url":"https:\/\/www.blogsoestado.com\/joaquimhaickel\/2021\/07\/31\/stenio-e-nostradamus\/","og_site_name":"Joaquim Haickel","article_published_time":"2021-07-31T09:22:50+00:00","og_image":[{"url":"https:\/\/www.blogsoestado.com\/joaquimhaickel\/wp-content\/uploads\/sites\/6\/2021\/07\/Les_Centuries_1568_Lyon_b-1-1.png","type":"","width":"","height":""}],"author":"Joaquim Haickel","twitter_card":"summary_large_image","twitter_misc":{"Escrito por":"Joaquim Haickel","Est. tempo de leitura":"4 minutos"},"schema":{"@context":"https:\/\/schema.org","@graph":[{"@type":"WebPage","@id":"https:\/\/www.blogsoestado.com\/joaquimhaickel\/2021\/07\/31\/stenio-e-nostradamus\/","url":"https:\/\/www.blogsoestado.com\/joaquimhaickel\/2021\/07\/31\/stenio-e-nostradamus\/","name":"Stenio e Nostradamus - Joaquim Haickel","isPartOf":{"@id":"https:\/\/www.blogsoestado.com\/joaquimhaickel\/#website"},"primaryImageOfPage":{"@id":"https:\/\/www.blogsoestado.com\/joaquimhaickel\/2021\/07\/31\/stenio-e-nostradamus\/#primaryimage"},"image":{"@id":"https:\/\/www.blogsoestado.com\/joaquimhaickel\/2021\/07\/31\/stenio-e-nostradamus\/#primaryimage"},"thumbnailUrl":"https:\/\/www.blogsoestado.com\/joaquimhaickel\/wp-content\/uploads\/sites\/6\/2021\/07\/Les_Centuries_1568_Lyon_b-1-1.png","datePublished":"2021-07-31T09:22:50+00:00","author":{"@id":"https:\/\/www.blogsoestado.com\/joaquimhaickel\/#\/schema\/person\/4a711644aff28245c6c2c3452d66d325"},"breadcrumb":{"@id":"https:\/\/www.blogsoestado.com\/joaquimhaickel\/2021\/07\/31\/stenio-e-nostradamus\/#breadcrumb"},"inLanguage":"pt-BR","potentialAction":[{"@type":"ReadAction","target":["https:\/\/www.blogsoestado.com\/joaquimhaickel\/2021\/07\/31\/stenio-e-nostradamus\/"]}]},{"@type":"ImageObject","inLanguage":"pt-BR","@id":"https:\/\/www.blogsoestado.com\/joaquimhaickel\/2021\/07\/31\/stenio-e-nostradamus\/#primaryimage","url":"https:\/\/www.blogsoestado.com\/joaquimhaickel\/wp-content\/uploads\/sites\/6\/2021\/07\/Les_Centuries_1568_Lyon_b-1-1.png","contentUrl":"https:\/\/www.blogsoestado.com\/joaquimhaickel\/wp-content\/uploads\/sites\/6\/2021\/07\/Les_Centuries_1568_Lyon_b-1-1.png"},{"@type":"BreadcrumbList","@id":"https:\/\/www.blogsoestado.com\/joaquimhaickel\/2021\/07\/31\/stenio-e-nostradamus\/#breadcrumb","itemListElement":[{"@type":"ListItem","position":1,"name":"In\u00edcio","item":"https:\/\/www.blogsoestado.com\/joaquimhaickel\/"},{"@type":"ListItem","position":2,"name":"Stenio e Nostradamus"}]},{"@type":"WebSite","@id":"https:\/\/www.blogsoestado.com\/joaquimhaickel\/#website","url":"https:\/\/www.blogsoestado.com\/joaquimhaickel\/","name":"Joaquim Haickel","description":"","potentialAction":[{"@type":"SearchAction","target":{"@type":"EntryPoint","urlTemplate":"https:\/\/www.blogsoestado.com\/joaquimhaickel\/?s={search_term_string}"},"query-input":{"@type":"PropertyValueSpecification","valueRequired":true,"valueName":"search_term_string"}}],"inLanguage":"pt-BR"},{"@type":"Person","@id":"https:\/\/www.blogsoestado.com\/joaquimhaickel\/#\/schema\/person\/4a711644aff28245c6c2c3452d66d325","name":"Joaquim Haickel","image":{"@type":"ImageObject","inLanguage":"pt-BR","@id":"https:\/\/www.blogsoestado.com\/joaquimhaickel\/#\/schema\/person\/image\/","url":"https:\/\/secure.gravatar.com\/avatar\/473d89339b9f8ec089adb8d5778363eb5a2ba2319956bcf0298bfd8cca04684a?s=96&d=mm&r=g","contentUrl":"https:\/\/secure.gravatar.com\/avatar\/473d89339b9f8ec089adb8d5778363eb5a2ba2319956bcf0298bfd8cca04684a?s=96&d=mm&r=g","caption":"Joaquim Haickel"},"url":"https:\/\/www.blogsoestado.com\/joaquimhaickel\/author\/joaquimhaickel\/"}]}},"jetpack_featured_media_url":"","_links":{"self":[{"href":"https:\/\/www.blogsoestado.com\/joaquimhaickel\/wp-json\/wp\/v2\/posts\/2772","targetHints":{"allow":["GET"]}}],"collection":[{"href":"https:\/\/www.blogsoestado.com\/joaquimhaickel\/wp-json\/wp\/v2\/posts"}],"about":[{"href":"https:\/\/www.blogsoestado.com\/joaquimhaickel\/wp-json\/wp\/v2\/types\/post"}],"author":[{"embeddable":true,"href":"https:\/\/www.blogsoestado.com\/joaquimhaickel\/wp-json\/wp\/v2\/users\/7"}],"replies":[{"embeddable":true,"href":"https:\/\/www.blogsoestado.com\/joaquimhaickel\/wp-json\/wp\/v2\/comments?post=2772"}],"version-history":[{"count":0,"href":"https:\/\/www.blogsoestado.com\/joaquimhaickel\/wp-json\/wp\/v2\/posts\/2772\/revisions"}],"wp:attachment":[{"href":"https:\/\/www.blogsoestado.com\/joaquimhaickel\/wp-json\/wp\/v2\/media?parent=2772"}],"wp:term":[{"taxonomy":"category","embeddable":true,"href":"https:\/\/www.blogsoestado.com\/joaquimhaickel\/wp-json\/wp\/v2\/categories?post=2772"},{"taxonomy":"post_tag","embeddable":true,"href":"https:\/\/www.blogsoestado.com\/joaquimhaickel\/wp-json\/wp\/v2\/tags?post=2772"}],"curies":[{"name":"wp","href":"https:\/\/api.w.org\/{rel}","templated":true}]}}