{"id":2828,"date":"2021-12-05T08:50:59","date_gmt":"2021-12-05T11:50:59","guid":{"rendered":"https:\/\/www.blogsoestado.com\/joaquimhaickel\/?p=2828"},"modified":"2021-12-05T08:50:59","modified_gmt":"2021-12-05T11:50:59","slug":"uma-perda-irreparavel","status":"publish","type":"post","link":"https:\/\/www.blogsoestado.com\/joaquimhaickel\/2021\/12\/05\/uma-perda-irreparavel\/","title":{"rendered":"Uma perda irrepar\u00e1vel"},"content":{"rendered":"\n<p><\/p>\n\n\n\n<figure class=\"wp-block-image size-large\"><a href=\"https:\/\/www.blogsoestado.com\/joaquimhaickel\/wp-content\/uploads\/sites\/6\/2021\/12\/download-1.jpg\"><img fetchpriority=\"high\" decoding=\"async\" width=\"219\" height=\"230\" src=\"https:\/\/www.blogsoestado.com\/joaquimhaickel\/wp-content\/uploads\/sites\/6\/2021\/12\/download-1.jpg\" alt=\"\" class=\"wp-image-2829\"\/><\/a><\/figure>\n\n\n\n<p>Imagine uma pessoa boa, sem maldade, sem mal\u00edcia, uma pessoa pura. Imagine um homem sem vaidade, sem ambi\u00e7\u00e3o pessoal, uma pessoa simples. Imagine algu\u00e9m econ\u00f4mica e financeiramente pobre e ao mesmo tempo dono de uma riqueza de esp\u00edrito extraordin\u00e1ria, algu\u00e9m que amealhou uma fortuna imensa, contabilizada em respeito, gratid\u00e3o e amizade. Imagine uma pessoa simples, um amigo leal, um companheiro de jornada, algu\u00e9m sempre alegre e disposto a ajudar a todos.<\/p>\n\n\n\n<p>Se voc\u00ea est\u00e1 imaginando uma outra pessoa que n\u00e3o seja Luiz Phelipe Andr\u00e9s, voc\u00ea est\u00e1 redondamente equivocado. N\u00e3o que n\u00e3o haja mais algu\u00e9m neste mundo que tenha exatamente essas caracter\u00edsticas. \u00c9 dif\u00edcil, at\u00e9 pode haver, mas eu n\u00e3o conhe\u00e7o nem tenho not\u00edcia. Algu\u00e9m assim, como eu disse, s\u00f3 conhecia Luiz Phelipe. Eu disse conhecia, pois ele, para nossa tristeza e infelicidade, faleceu no final da noite do dia quatro de dezembro deste maldito ano de 2021.<\/p>\n\n\n\n<p>Minha primeira rea\u00e7\u00e3o, quando soube da not\u00edcia da morte de Phelipe, foi blasfemar, e blasfemei e n\u00e3o tive medo da ira de Deus, pois sei que ele, em sua imensa bondade e sabedoria, sabe perdoar humanos pecadores como eu, ainda mais quando o pecado que eu possa ter cometido ao blasfemar, seja totalmente justificado e perdo\u00e1vel. Blasfemei pelo fato de pessoas de bem e do bem, pessoas boas como Phelipe nos deixarem, enquanto outras, m\u00e1s e do mal, ainda permanecerem por aqui.<\/p>\n\n\n\n<p>N\u00e3o vou colocar neste momento, o vasto e rico curr\u00edculo de Luiz Phelipe Andr\u00e9s, farei um resumo dele ao final deste texto. O que vou dizer \u00e9 que ele foi um dos maiores respons\u00e1veis pela restaura\u00e7\u00e3o do centro hist\u00f3rico de S\u00e3o Lu\u00eds, e que se S\u00e3o Lu\u00eds \u00e9 hoje reconhecida como patrim\u00f4nio da humanidade, deve muito a ele. S\u00f3 vou dizer que desde que veio morar em nossa cidade sempre lutou em defesa da nossa cultura.<\/p>\n\n\n\n<p>Luiz Phelipe \u00e9 um daqueles que n\u00e3o tendo nascido em S\u00e3o Lu\u00eds, tornam-se mais apaixonados por ela que muitos de seus filhos leg\u00edtimos. Luiz Phelipe era um desses filhos de cria\u00e7\u00e3o que honram a m\u00e3e mais que muitos daqueles que saltaram de seu ventre. Uma m\u00e3e que hoje chora sua perda, assim como n\u00f3s, seus amigos, choramos pela falta que ele nos far\u00e1, pelo buraco que sua aus\u00eancia abre em nossas vidas, um buraco muito dif\u00edcil de ser tapado.<\/p>\n\n\n\n<p>Poucas pessoas nos dias de hoje, em nossa cidade, merecem ter seus nomes em logradouros p\u00fablicos e nenhuma dessas poucas pessoas merecem mais que Luiz Phelipe Andr\u00e9s ser nome de uma pra\u00e7a, para que daqui a alguns anos, quem sabe, um grupo de estudantes ou mesmo alguns turistas perguntem para a professora ou para o guia, quem foi esse tal Luiz Phelipe, e eles possam responder, foi um mineiro de Juiz de Fora, que morou mais tempo aqui que em sua terra e amou mais essa cidade que a cidade em que nasceu, tento ajudado a restaurar seu centro hist\u00f3rico e faz\u00ea-lo patrim\u00f4nio da humanidade.<\/p>\n\n\n\n<p>Nos \u00faltimos anos Phelipe vinha se dedicando ao Estaleiro Escola, empreendimento para o qual eu vi, diversas vezes, ele tirar dinheiro do pr\u00f3prio bolso para que nada faltasse l\u00e1. E como j\u00e1 disse, Phelipe n\u00e3o era um homem de posses, era um pequeno assalariado.<\/p>\n\n\n\n<p>Quem o conhecia sabia de sua paix\u00e3o por embarca\u00e7\u00f5es. Foi por essa paix\u00e3o que ele me levou para ser coprodutor de um filme maravilhoso, \u201cO imp\u00e9rio de um navegador\u201d, onde documentamos a lida de \u201cseu\u201d Silicrim, um velho amigo dele, que uma hora dessas est\u00e1 recebendo-o em sua majestosa embarca\u00e7\u00e3o, l\u00e1 no c\u00e9u.<\/p>\n\n\n\n<p>Fico imaginando se esse amor por barcos, n\u00e3o faria com que Phelipe, ao inv\u00e9s de ser enterrado, n\u00e3o preferisse uma cerim\u00f3nia funer\u00e1ria viking, onde seu corpo sa\u00edsse em uma canoa costeira, do Estaleiro Escola, l\u00e1 no Tamanc\u00e3o, singrasse o rio Bacanga e fosse para Ba\u00eda de S\u00e3o Marcos, em chamas, rumo ao Valhala.<\/p>\n\n\n\n<p>Ave, Luiz Phelipe!&#8230; Os que v\u00e3o continuar por aqui, te sa\u00fadam, mesmo estando mais pobres com tua aus\u00eancia&#8230;<\/p>\n\n\n\n<p>Luiz Phelipe Andr\u00e9s<\/p>\n\n\n\n<p>Nasceu a 20 de fevereiro de 1949 em Juiz de Fora-MG, filho do m\u00e9dico Alberto Andr\u00e8s J\u00fanior e da escritora Cord\u00e9lia de Carvalho Castro Andr\u00e8s. Estudou na sua cidade natal no Col\u00e9gio dos Jesu\u00edtas, graduado em Engenharia pela Universidade Federal do Rio de Janeiro (1972) e mestre em Desenvolvimento Urbano pela Universidade Federal de Pernambuco (2006).<\/p>\n\n\n\n<p>No Rio de Janeiro estudou artes pl\u00e1sticas com Ivan Serpa, no Centro de Pesquisa de Arte. Foi ilustrador de livros de ci\u00eancias do 1\u00ba grau para a Companhia Editora Nacional, atuou como artista gr\u00e1fico para a&nbsp;<em>Revista Engenharia Sanit\u00e1ria<\/em>&nbsp;nos anos 1974 a 1976 (capas e ilustra\u00e7\u00f5es) e realizou trabalhos de artes gr\u00e1ficas para a Secretaria de Divulga\u00e7\u00e3o do antigo Banco Nacional de Habita\u00e7\u00e3o.<\/p>\n\n\n\n<p>Desde mar\u00e7o de 1977 radicou-se no Maranh\u00e3o, dedicando-se exclusivamente \u00e0s atividades na \u00e1rea cultural, notadamente como um dos fundadores do Programa de Preserva\u00e7\u00e3o e Revitaliza\u00e7\u00e3o do Centro Hist\u00f3rico de S\u00e3o Lu\u00eds, do qual foi coordenador por mais de 27 anos. Autor do projeto de pesquisas sobre as Embarca\u00e7\u00f5es do Maranh\u00e3o e criador do Estaleiro Escola do S\u00edtio Tamanc\u00e3o.<\/p>\n\n\n\n<p>No per\u00edodo de 1993-95 foi Secret\u00e1rio de Estado da Cultura do Maranh\u00e3o e desde 2010 \u00e9 Conselheiro do Conselho Consultivo do IPHAN-Instituto do Patrim\u00f4nio Hist\u00f3rico e Art\u00edstico Nacional, como representante da sociedade civil.&nbsp; \u00c9 diretor do Centro Vocacional Tecnol\u00f3gico Estaleiro-Escola, professor da Faculdade de Ci\u00eancias Humanas e Sociais Aplicadas de S\u00e3o Lu\u00eds do Maranh\u00e3o e do Curso de Arquitetura da Universidade Dom Bosco, atuando principalmente nos seguintes temas: hist\u00f3ria, patrim\u00f4nio cultural, tombamento, monumento nacional, constru\u00e7\u00e3o naval artesanal.<\/p>\n\n\n\n<p>Coordenador da pesquisa para edi\u00e7\u00e3o do livro&nbsp;<em>Monumentos hist\u00f3ricos do Maranh\u00e3o<\/em>, editado em 1979 pelo Servi\u00e7o de Obras Gr\u00e1ficas do Estado \u2013 SIOGE, contendo o primeiro invent\u00e1rio dos principais monumentos arquitet\u00f4nicos e da arte sacra de S\u00e3o Lu\u00eds, Alc\u00e2ntara e Ros\u00e1rio.<\/p>\n\n\n\n<p>Respons\u00e1vel pelo Setor de Pesquisa e Documenta\u00e7\u00e3o do Programa de Preserva\u00e7\u00e3o e Revitaliza\u00e7\u00e3o do Centro Hist\u00f3rico de S\u00e3o Lu\u00eds\/Projeto Praia Grande, onde descobriu 166 exemplares remanescentes da Cole\u00e7\u00e3o dos Livros da C\u00e2mara de S\u00e3o Lu\u00eds dos s\u00e9culos XVII, XVIII e XIX. Idealizador e coordenador do Projeto de Restaura\u00e7\u00e3o e Transcri\u00e7\u00e3o Paleogr\u00e1fica desses livros, financiado pelo CNPq.<\/p>\n\n\n\n<p>Foi Coordenador Geral do Programa de Preserva\u00e7\u00e3o do Centro Hist\u00f3rico de S\u00e3o Lu\u00eds, Membro do Conselho Estadual de Cultura do Maranh\u00e3o e Coordenador Geral do Patrim\u00f4nio Cultural da Secretaria de Estado da Cultura do Maranh\u00e3o.<\/p>\n\n\n\n<p>Estagi\u00e1rio no Centre d\u2019Etudes Superieures d\u2019Histoire et Conservation des Monuments Anciens, Paris. Coordenador da Unidade Executora Estadual-UEE do Programa BID\/PRODETUR do Maranh\u00e3o. Coordenador Geral do Projeto S\u00e3o Lu\u00eds \u2013 Patrim\u00f4nio Mundial para prepara\u00e7\u00e3o e apresenta\u00e7\u00e3o do Dossi\u00ea \u00e0 UNESCO com prop\u00f3sito de obten\u00e7\u00e3o do t\u00edtulo. Respons\u00e1vel t\u00e9cnico que assina os originais do referido dossi\u00ea que se encontra arquivado nos anais do Comit\u00ea do Patrim\u00f4nio Mundial na sede da Unesco em Paris.<\/p>\n\n\n\n<p>Membro da Academia Maranhense de Letras.<\/p>\n","protected":false},"excerpt":{"rendered":"<p>Imagine uma pessoa boa, sem maldade, sem mal\u00edcia, uma pessoa pura. Imagine um homem sem vaidade, sem ambi\u00e7\u00e3o pessoal, uma [&hellip;]<\/p>\n","protected":false},"author":7,"featured_media":0,"comment_status":"open","ping_status":"open","sticky":false,"template":"","format":"standard","meta":{"site-sidebar-layout":"default","site-content-layout":"","ast-site-content-layout":"default","site-content-style":"default","site-sidebar-style":"default","ast-global-header-display":"","ast-banner-title-visibility":"","ast-main-header-display":"","ast-hfb-above-header-display":"","ast-hfb-below-header-display":"","ast-hfb-mobile-header-display":"","site-post-title":"","ast-breadcrumbs-content":"","ast-featured-img":"","footer-sml-layout":"","ast-disable-related-posts":"","theme-transparent-header-meta":"","adv-header-id-meta":"","stick-header-meta":"","header-above-stick-meta":"","header-main-stick-meta":"","header-below-stick-meta":"","astra-migrate-meta-layouts":"default","ast-page-background-enabled":"default","ast-page-background-meta":{"desktop":{"background-color":"var(--ast-global-color-5)","background-image":"","background-repeat":"repeat","background-position":"center center","background-size":"auto","background-attachment":"scroll","background-type":"","background-media":"","overlay-type":"","overlay-color":"","overlay-opacity":"","overlay-gradient":""},"tablet":{"background-color":"","background-image":"","background-repeat":"repeat","background-position":"center center","background-size":"auto","background-attachment":"scroll","background-type":"","background-media":"","overlay-type":"","overlay-color":"","overlay-opacity":"","overlay-gradient":""},"mobile":{"background-color":"","background-image":"","background-repeat":"repeat","background-position":"center center","background-size":"auto","background-attachment":"scroll","background-type":"","background-media":"","overlay-type":"","overlay-color":"","overlay-opacity":"","overlay-gradient":""}},"ast-content-background-meta":{"desktop":{"background-color":"var(--ast-global-color-4)","background-image":"","background-repeat":"repeat","background-position":"center center","background-size":"auto","background-attachment":"scroll","background-type":"","background-media":"","overlay-type":"","overlay-color":"","overlay-opacity":"","overlay-gradient":""},"tablet":{"background-color":"var(--ast-global-color-4)","background-image":"","background-repeat":"repeat","background-position":"center center","background-size":"auto","background-attachment":"scroll","background-type":"","background-media":"","overlay-type":"","overlay-color":"","overlay-opacity":"","overlay-gradient":""},"mobile":{"background-color":"var(--ast-global-color-4)","background-image":"","background-repeat":"repeat","background-position":"center center","background-size":"auto","background-attachment":"scroll","background-type":"","background-media":"","overlay-type":"","overlay-color":"","overlay-opacity":"","overlay-gradient":""}},"footnotes":""},"categories":[1],"tags":[],"class_list":["post-2828","post","type-post","status-publish","format-standard","hentry","category-sem-categoria"],"yoast_head":"<!-- This site is optimized with the Yoast SEO plugin v26.6 - https:\/\/yoast.com\/wordpress\/plugins\/seo\/ -->\n<title>Uma perda irrepar\u00e1vel - Joaquim Haickel<\/title>\n<meta name=\"robots\" content=\"index, follow, max-snippet:-1, max-image-preview:large, max-video-preview:-1\" \/>\n<link rel=\"canonical\" href=\"https:\/\/www.blogsoestado.com\/joaquimhaickel\/2021\/12\/05\/uma-perda-irreparavel\/\" \/>\n<meta property=\"og:locale\" content=\"pt_BR\" \/>\n<meta property=\"og:type\" content=\"article\" \/>\n<meta property=\"og:title\" content=\"Uma perda irrepar\u00e1vel - Joaquim Haickel\" \/>\n<meta property=\"og:description\" content=\"Imagine uma pessoa boa, sem maldade, sem mal\u00edcia, uma pessoa pura. Imagine um homem sem vaidade, sem ambi\u00e7\u00e3o pessoal, uma [&hellip;]\" \/>\n<meta property=\"og:url\" content=\"https:\/\/www.blogsoestado.com\/joaquimhaickel\/2021\/12\/05\/uma-perda-irreparavel\/\" \/>\n<meta property=\"og:site_name\" content=\"Joaquim Haickel\" \/>\n<meta property=\"article:published_time\" content=\"2021-12-05T11:50:59+00:00\" \/>\n<meta property=\"og:image\" content=\"https:\/\/www.blogsoestado.com\/joaquimhaickel\/wp-content\/uploads\/sites\/6\/2021\/12\/download-1.jpg\" \/>\n<meta name=\"author\" content=\"Joaquim Haickel\" \/>\n<meta name=\"twitter:card\" content=\"summary_large_image\" \/>\n<meta name=\"twitter:label1\" content=\"Escrito por\" \/>\n\t<meta name=\"twitter:data1\" content=\"Joaquim Haickel\" \/>\n\t<meta name=\"twitter:label2\" content=\"Est. tempo de leitura\" \/>\n\t<meta name=\"twitter:data2\" content=\"6 minutos\" \/>\n<script type=\"application\/ld+json\" class=\"yoast-schema-graph\">{\"@context\":\"https:\/\/schema.org\",\"@graph\":[{\"@type\":\"WebPage\",\"@id\":\"https:\/\/www.blogsoestado.com\/joaquimhaickel\/2021\/12\/05\/uma-perda-irreparavel\/\",\"url\":\"https:\/\/www.blogsoestado.com\/joaquimhaickel\/2021\/12\/05\/uma-perda-irreparavel\/\",\"name\":\"Uma perda irrepar\u00e1vel - Joaquim Haickel\",\"isPartOf\":{\"@id\":\"https:\/\/www.blogsoestado.com\/joaquimhaickel\/#website\"},\"primaryImageOfPage\":{\"@id\":\"https:\/\/www.blogsoestado.com\/joaquimhaickel\/2021\/12\/05\/uma-perda-irreparavel\/#primaryimage\"},\"image\":{\"@id\":\"https:\/\/www.blogsoestado.com\/joaquimhaickel\/2021\/12\/05\/uma-perda-irreparavel\/#primaryimage\"},\"thumbnailUrl\":\"https:\/\/www.blogsoestado.com\/joaquimhaickel\/wp-content\/uploads\/sites\/6\/2021\/12\/download-1.jpg\",\"datePublished\":\"2021-12-05T11:50:59+00:00\",\"author\":{\"@id\":\"https:\/\/www.blogsoestado.com\/joaquimhaickel\/#\/schema\/person\/4a711644aff28245c6c2c3452d66d325\"},\"breadcrumb\":{\"@id\":\"https:\/\/www.blogsoestado.com\/joaquimhaickel\/2021\/12\/05\/uma-perda-irreparavel\/#breadcrumb\"},\"inLanguage\":\"pt-BR\",\"potentialAction\":[{\"@type\":\"ReadAction\",\"target\":[\"https:\/\/www.blogsoestado.com\/joaquimhaickel\/2021\/12\/05\/uma-perda-irreparavel\/\"]}]},{\"@type\":\"ImageObject\",\"inLanguage\":\"pt-BR\",\"@id\":\"https:\/\/www.blogsoestado.com\/joaquimhaickel\/2021\/12\/05\/uma-perda-irreparavel\/#primaryimage\",\"url\":\"https:\/\/www.blogsoestado.com\/joaquimhaickel\/wp-content\/uploads\/sites\/6\/2021\/12\/download-1.jpg\",\"contentUrl\":\"https:\/\/www.blogsoestado.com\/joaquimhaickel\/wp-content\/uploads\/sites\/6\/2021\/12\/download-1.jpg\"},{\"@type\":\"BreadcrumbList\",\"@id\":\"https:\/\/www.blogsoestado.com\/joaquimhaickel\/2021\/12\/05\/uma-perda-irreparavel\/#breadcrumb\",\"itemListElement\":[{\"@type\":\"ListItem\",\"position\":1,\"name\":\"In\u00edcio\",\"item\":\"https:\/\/www.blogsoestado.com\/joaquimhaickel\/\"},{\"@type\":\"ListItem\",\"position\":2,\"name\":\"Uma perda irrepar\u00e1vel\"}]},{\"@type\":\"WebSite\",\"@id\":\"https:\/\/www.blogsoestado.com\/joaquimhaickel\/#website\",\"url\":\"https:\/\/www.blogsoestado.com\/joaquimhaickel\/\",\"name\":\"Joaquim Haickel\",\"description\":\"\",\"potentialAction\":[{\"@type\":\"SearchAction\",\"target\":{\"@type\":\"EntryPoint\",\"urlTemplate\":\"https:\/\/www.blogsoestado.com\/joaquimhaickel\/?s={search_term_string}\"},\"query-input\":{\"@type\":\"PropertyValueSpecification\",\"valueRequired\":true,\"valueName\":\"search_term_string\"}}],\"inLanguage\":\"pt-BR\"},{\"@type\":\"Person\",\"@id\":\"https:\/\/www.blogsoestado.com\/joaquimhaickel\/#\/schema\/person\/4a711644aff28245c6c2c3452d66d325\",\"name\":\"Joaquim Haickel\",\"image\":{\"@type\":\"ImageObject\",\"inLanguage\":\"pt-BR\",\"@id\":\"https:\/\/www.blogsoestado.com\/joaquimhaickel\/#\/schema\/person\/image\/\",\"url\":\"https:\/\/secure.gravatar.com\/avatar\/473d89339b9f8ec089adb8d5778363eb5a2ba2319956bcf0298bfd8cca04684a?s=96&d=mm&r=g\",\"contentUrl\":\"https:\/\/secure.gravatar.com\/avatar\/473d89339b9f8ec089adb8d5778363eb5a2ba2319956bcf0298bfd8cca04684a?s=96&d=mm&r=g\",\"caption\":\"Joaquim Haickel\"},\"url\":\"https:\/\/www.blogsoestado.com\/joaquimhaickel\/author\/joaquimhaickel\/\"}]}<\/script>\n<!-- \/ Yoast SEO plugin. -->","yoast_head_json":{"title":"Uma perda irrepar\u00e1vel - Joaquim Haickel","robots":{"index":"index","follow":"follow","max-snippet":"max-snippet:-1","max-image-preview":"max-image-preview:large","max-video-preview":"max-video-preview:-1"},"canonical":"https:\/\/www.blogsoestado.com\/joaquimhaickel\/2021\/12\/05\/uma-perda-irreparavel\/","og_locale":"pt_BR","og_type":"article","og_title":"Uma perda irrepar\u00e1vel - Joaquim Haickel","og_description":"Imagine uma pessoa boa, sem maldade, sem mal\u00edcia, uma pessoa pura. Imagine um homem sem vaidade, sem ambi\u00e7\u00e3o pessoal, uma [&hellip;]","og_url":"https:\/\/www.blogsoestado.com\/joaquimhaickel\/2021\/12\/05\/uma-perda-irreparavel\/","og_site_name":"Joaquim Haickel","article_published_time":"2021-12-05T11:50:59+00:00","og_image":[{"url":"https:\/\/www.blogsoestado.com\/joaquimhaickel\/wp-content\/uploads\/sites\/6\/2021\/12\/download-1.jpg","type":"","width":"","height":""}],"author":"Joaquim Haickel","twitter_card":"summary_large_image","twitter_misc":{"Escrito por":"Joaquim Haickel","Est. tempo de leitura":"6 minutos"},"schema":{"@context":"https:\/\/schema.org","@graph":[{"@type":"WebPage","@id":"https:\/\/www.blogsoestado.com\/joaquimhaickel\/2021\/12\/05\/uma-perda-irreparavel\/","url":"https:\/\/www.blogsoestado.com\/joaquimhaickel\/2021\/12\/05\/uma-perda-irreparavel\/","name":"Uma perda irrepar\u00e1vel - Joaquim Haickel","isPartOf":{"@id":"https:\/\/www.blogsoestado.com\/joaquimhaickel\/#website"},"primaryImageOfPage":{"@id":"https:\/\/www.blogsoestado.com\/joaquimhaickel\/2021\/12\/05\/uma-perda-irreparavel\/#primaryimage"},"image":{"@id":"https:\/\/www.blogsoestado.com\/joaquimhaickel\/2021\/12\/05\/uma-perda-irreparavel\/#primaryimage"},"thumbnailUrl":"https:\/\/www.blogsoestado.com\/joaquimhaickel\/wp-content\/uploads\/sites\/6\/2021\/12\/download-1.jpg","datePublished":"2021-12-05T11:50:59+00:00","author":{"@id":"https:\/\/www.blogsoestado.com\/joaquimhaickel\/#\/schema\/person\/4a711644aff28245c6c2c3452d66d325"},"breadcrumb":{"@id":"https:\/\/www.blogsoestado.com\/joaquimhaickel\/2021\/12\/05\/uma-perda-irreparavel\/#breadcrumb"},"inLanguage":"pt-BR","potentialAction":[{"@type":"ReadAction","target":["https:\/\/www.blogsoestado.com\/joaquimhaickel\/2021\/12\/05\/uma-perda-irreparavel\/"]}]},{"@type":"ImageObject","inLanguage":"pt-BR","@id":"https:\/\/www.blogsoestado.com\/joaquimhaickel\/2021\/12\/05\/uma-perda-irreparavel\/#primaryimage","url":"https:\/\/www.blogsoestado.com\/joaquimhaickel\/wp-content\/uploads\/sites\/6\/2021\/12\/download-1.jpg","contentUrl":"https:\/\/www.blogsoestado.com\/joaquimhaickel\/wp-content\/uploads\/sites\/6\/2021\/12\/download-1.jpg"},{"@type":"BreadcrumbList","@id":"https:\/\/www.blogsoestado.com\/joaquimhaickel\/2021\/12\/05\/uma-perda-irreparavel\/#breadcrumb","itemListElement":[{"@type":"ListItem","position":1,"name":"In\u00edcio","item":"https:\/\/www.blogsoestado.com\/joaquimhaickel\/"},{"@type":"ListItem","position":2,"name":"Uma perda irrepar\u00e1vel"}]},{"@type":"WebSite","@id":"https:\/\/www.blogsoestado.com\/joaquimhaickel\/#website","url":"https:\/\/www.blogsoestado.com\/joaquimhaickel\/","name":"Joaquim Haickel","description":"","potentialAction":[{"@type":"SearchAction","target":{"@type":"EntryPoint","urlTemplate":"https:\/\/www.blogsoestado.com\/joaquimhaickel\/?s={search_term_string}"},"query-input":{"@type":"PropertyValueSpecification","valueRequired":true,"valueName":"search_term_string"}}],"inLanguage":"pt-BR"},{"@type":"Person","@id":"https:\/\/www.blogsoestado.com\/joaquimhaickel\/#\/schema\/person\/4a711644aff28245c6c2c3452d66d325","name":"Joaquim Haickel","image":{"@type":"ImageObject","inLanguage":"pt-BR","@id":"https:\/\/www.blogsoestado.com\/joaquimhaickel\/#\/schema\/person\/image\/","url":"https:\/\/secure.gravatar.com\/avatar\/473d89339b9f8ec089adb8d5778363eb5a2ba2319956bcf0298bfd8cca04684a?s=96&d=mm&r=g","contentUrl":"https:\/\/secure.gravatar.com\/avatar\/473d89339b9f8ec089adb8d5778363eb5a2ba2319956bcf0298bfd8cca04684a?s=96&d=mm&r=g","caption":"Joaquim Haickel"},"url":"https:\/\/www.blogsoestado.com\/joaquimhaickel\/author\/joaquimhaickel\/"}]}},"jetpack_featured_media_url":"","_links":{"self":[{"href":"https:\/\/www.blogsoestado.com\/joaquimhaickel\/wp-json\/wp\/v2\/posts\/2828","targetHints":{"allow":["GET"]}}],"collection":[{"href":"https:\/\/www.blogsoestado.com\/joaquimhaickel\/wp-json\/wp\/v2\/posts"}],"about":[{"href":"https:\/\/www.blogsoestado.com\/joaquimhaickel\/wp-json\/wp\/v2\/types\/post"}],"author":[{"embeddable":true,"href":"https:\/\/www.blogsoestado.com\/joaquimhaickel\/wp-json\/wp\/v2\/users\/7"}],"replies":[{"embeddable":true,"href":"https:\/\/www.blogsoestado.com\/joaquimhaickel\/wp-json\/wp\/v2\/comments?post=2828"}],"version-history":[{"count":0,"href":"https:\/\/www.blogsoestado.com\/joaquimhaickel\/wp-json\/wp\/v2\/posts\/2828\/revisions"}],"wp:attachment":[{"href":"https:\/\/www.blogsoestado.com\/joaquimhaickel\/wp-json\/wp\/v2\/media?parent=2828"}],"wp:term":[{"taxonomy":"category","embeddable":true,"href":"https:\/\/www.blogsoestado.com\/joaquimhaickel\/wp-json\/wp\/v2\/categories?post=2828"},{"taxonomy":"post_tag","embeddable":true,"href":"https:\/\/www.blogsoestado.com\/joaquimhaickel\/wp-json\/wp\/v2\/tags?post=2828"}],"curies":[{"name":"wp","href":"https:\/\/api.w.org\/{rel}","templated":true}]}}