{"id":2969,"date":"2022-05-07T10:59:23","date_gmt":"2022-05-07T13:59:23","guid":{"rendered":"https:\/\/www.blogsoestado.com\/joaquimhaickel\/?p=2969"},"modified":"2022-05-07T10:59:23","modified_gmt":"2022-05-07T13:59:23","slug":"nossa-triste-realidade-ideologica","status":"publish","type":"post","link":"https:\/\/www.blogsoestado.com\/joaquimhaickel\/2022\/05\/07\/nossa-triste-realidade-ideologica\/","title":{"rendered":"Nossa triste realidade ideol\u00f3gica"},"content":{"rendered":"\n<figure class=\"wp-block-image size-large\"><a href=\"https:\/\/www.blogsoestado.com\/joaquimhaickel\/wp-content\/uploads\/sites\/6\/2022\/05\/44-1.png\"><img fetchpriority=\"high\" decoding=\"async\" width=\"592\" height=\"328\" src=\"https:\/\/www.blogsoestado.com\/joaquimhaickel\/wp-content\/uploads\/sites\/6\/2022\/05\/44-1.png\" alt=\"\" class=\"wp-image-2970\" srcset=\"https:\/\/www.blogsoestado.com\/joaquimhaickel\/wp-content\/uploads\/sites\/6\/2022\/05\/44-1.png 592w, https:\/\/www.blogsoestado.com\/joaquimhaickel\/wp-content\/uploads\/sites\/6\/2022\/05\/44-1-300x166.png 300w\" sizes=\"(max-width: 592px) 100vw, 592px\" \/><\/a><\/figure>\n\n\n\n<p><\/p>\n\n\n\n<p>Recentemente, em uma conversa com um querido amigo meu, cuja ideologia difere da minha espacialmente &#8211; enquanto ele se posta \u00e0 esquerda, eu me coloco \u00e0 direita do espectro pol\u00edtico &#8211; descobri que nossas diferen\u00e7as n\u00e3o s\u00e3o assim t\u00e3o grandes ou inconcili\u00e1veis.<\/p>\n\n\n\n<p>Ele \u00e9 a favor da reforma agr\u00e1ria, da distribui\u00e7\u00e3o de terras para pequenos agricultores familiares. Eu tamb\u00e9m sou! A diferen\u00e7a entre nossas posi\u00e7\u00f5es, \u00e9 que eu acredito que as terras que devem ser distribu\u00eddas para essas pessoas, n\u00e3o podem, jamais, serem terras que j\u00e1 produzem. Para mim, reforma agr\u00e1ria n\u00e3o pode ser feita em propriedades produtivas, fazendas que realizem um trabalho sem a qual o Brasil n\u00e3o seria o maior produtor de alimentos do mundo!<\/p>\n\n\n\n<p>Penso que o Estado tem que prover essas pessoas, de forma a se estabelecerem, e ajud\u00e1-las da melhor maneira poss\u00edvel, mas jamais \u00e0s custas de quem j\u00e1 produz. Isso n\u00e3o \u00e9 apenas uma injusti\u00e7a, mas uma burrice, uma loucura e uma imensa irresponsabilidade.<\/p>\n\n\n\n<p>Sou a favor de sa\u00fade e educa\u00e7\u00e3o gratuitas e de boa qualidade. Sou a favor das cotas, pois acredito que durante muitos anos, ind\u00edgenas, mulheres, negros, homossexuais, portadores de defici\u00eancias f\u00edsicas, foram e ainda s\u00e3o discriminados e marginalizados. S\u00f3 que eu acredito que isso n\u00e3o deve ser feito no intuito de semear a luta de classes, que visa unicamente arrebanhar uma parcela da sociedade para o lado de quem defende alucinadamente essa tese, com a qual eu concordo no conte\u00fado, mas n\u00e3o na forma.<\/p>\n\n\n\n<p>Em algum momento surgiu em nossa conversa o assunto dos privil\u00e9gios. Existe uma corrente que acredita que privil\u00e9gios devem ser conferidos primeiro aos mais carentes e s\u00f3 depois disso, aos que tiverem m\u00e9rito em algum setor, e h\u00e1 outra corrente que acredita que o privil\u00e9gio deve ser destinado em primeiro lugar aos que possuem m\u00e9rito, para s\u00f3 depois incluir os menos favorecidos.<\/p>\n\n\n\n<p>\u00c9 em aspectos como esse que as coisas come\u00e7am a se complicar, pois estas s\u00e3o concep\u00e7\u00f5es completamente antag\u00f4nicas, muito mais quanto \u00e0 forma que quanto ao conte\u00fado. Quanto mais radicais forem os ide\u00f3logos, de direita ou de esquerda, mais eles passam a n\u00e3o admitir a inclus\u00e3o de carentes de um lado ou merit\u00f3rios de outro. Isso \u00e9 apenas um exemplo. Muitas outras situa\u00e7\u00f5es como essa existem.<\/p>\n\n\n\n<p>Um dia desses, ouvi uma tese ser propagada por um ide\u00f3logo radical de esquerda, que defendia que a meritocracia deveria ser eliminada da vida social, que o m\u00e9rito n\u00e3o representa o que h\u00e1 de melhor na sociedade, pois se algu\u00e9m \u00e9 o melhor em algum aspecto, \u00e9 porque certamente se apoiou naqueles mais carentes para se sobressair. Mesmo sendo eu um sujeito aberto ao di\u00e1logo, n\u00e3o via &nbsp;como manter uma conversa produtiva com algu\u00e9m que tivesse um pensamento, para mim t\u00e3o absurdo como aquele.<\/p>\n\n\n\n<p>Fiquei imaginando que a grande quantidade de pessoas desses grupos marginalizados que se sobressaem meritoriamente estariam perdendo o seu valor por m\u00e9rito e passariam a ser recompensados pelo fato pertencerem a casta dos desfavorecidos.<\/p>\n\n\n\n<p>Lembrei do filme \u201cEstrelas al\u00e9m do tempo\u201d que fala sobre a vida e a obra de Katherine G. Johnson, uma cientista, negra e de origem pobre que fez mais que muitos homens brancos e ricos, pela explora\u00e7\u00e3o do espa\u00e7o. Lembrei de Jesse Owens, atleta americano negro que humilhou Hitler na olimp\u00edada de Berlin, em 1936. Lembrei de um outro filme, \u201cSelf-Made: A vida e hist\u00f3ria de Madam CJ Walker\u201d, que fala de uma mulher marginalizada e pobre que por seus m\u00e9ritos se tornou uma das maiores filantropas de seu tempo.<\/p>\n\n\n\n<p>Mesmo sendo refrat\u00e1rio \u00e0quela ideia, por um instante parei para pensar que a minha forma de encarar esse fato deveria ser para aquele militante de esquerda, t\u00e3o absurda quanto a dele era pra mim, um sujeito que se v\u00ea como uma pessoa correta, que pensa em si como um liberal, um moderado de direita.<\/p>\n\n\n\n<p>No decorrer da conversa, aquele meu amigo, que, apesar de pensar diferente de mim politicamente, \u00e9 uma pessoa inteligente, sensata, de bons prop\u00f3sitos e car\u00e1ter ilibado, foi vendo que as nossas diferen\u00e7as n\u00e3o eram inconcili\u00e1veis e poderiam facilmente serem contemporizadas, com boa f\u00e9 e boa vontade.<\/p>\n\n\n\n<p>Nossa conversa j\u00e1 estava na literatura e no cinema quando l\u00e1 pelas tantas chegaram no barzinho onde eu e ele est\u00e1vamos conversando, um grupo de amigos dele. Olharam atravessado, cumprimentaram a ele e nem falaram comigo. Algum tempo depois, chegaram dois amigos meus, um fazendeiro e um industrial. Um deles se aproximou, falou comigo e cumprimentou cordialmente o meu amigo, abaixou-se ao meu ouvido e disse baixinho: \u201cTu e esses teus amigos esquerdistas, n\u00e9?!&#8230;\u201d<\/p>\n\n\n\n<p>Este infelizmente \u00e9 o retrato de nossa realidade ideol\u00f3gica hoje. Algo completamente insuport\u00e1vel, que n\u00e3o nos deixa margem suficiente para tentar minimamente contemporizar e chegar a uma conviv\u00eancia aceit\u00e1vel, saud\u00e1vel e sustent\u00e1vel com quem pensa diferente de n\u00f3s.<\/p>\n\n\n\n<p>A intoler\u00e2ncia, a falta de temperan\u00e7a e a absurda necessidade de sobrepor o outro, est\u00e1 destruindo as nossas rela\u00e7\u00f5es pessoais e inviabilizando a conviv\u00eancia.<\/p>\n","protected":false},"excerpt":{"rendered":"<p>Recentemente, em uma conversa com um querido amigo meu, cuja ideologia difere da minha espacialmente &#8211; enquanto ele se posta [&hellip;]<\/p>\n","protected":false},"author":7,"featured_media":0,"comment_status":"open","ping_status":"open","sticky":false,"template":"","format":"standard","meta":{"site-sidebar-layout":"default","site-content-layout":"","ast-site-content-layout":"default","site-content-style":"default","site-sidebar-style":"default","ast-global-header-display":"","ast-banner-title-visibility":"","ast-main-header-display":"","ast-hfb-above-header-display":"","ast-hfb-below-header-display":"","ast-hfb-mobile-header-display":"","site-post-title":"","ast-breadcrumbs-content":"","ast-featured-img":"","footer-sml-layout":"","ast-disable-related-posts":"","theme-transparent-header-meta":"","adv-header-id-meta":"","stick-header-meta":"","header-above-stick-meta":"","header-main-stick-meta":"","header-below-stick-meta":"","astra-migrate-meta-layouts":"default","ast-page-background-enabled":"default","ast-page-background-meta":{"desktop":{"background-color":"var(--ast-global-color-5)","background-image":"","background-repeat":"repeat","background-position":"center center","background-size":"auto","background-attachment":"scroll","background-type":"","background-media":"","overlay-type":"","overlay-color":"","overlay-opacity":"","overlay-gradient":""},"tablet":{"background-color":"","background-image":"","background-repeat":"repeat","background-position":"center center","background-size":"auto","background-attachment":"scroll","background-type":"","background-media":"","overlay-type":"","overlay-color":"","overlay-opacity":"","overlay-gradient":""},"mobile":{"background-color":"","background-image":"","background-repeat":"repeat","background-position":"center center","background-size":"auto","background-attachment":"scroll","background-type":"","background-media":"","overlay-type":"","overlay-color":"","overlay-opacity":"","overlay-gradient":""}},"ast-content-background-meta":{"desktop":{"background-color":"var(--ast-global-color-4)","background-image":"","background-repeat":"repeat","background-position":"center center","background-size":"auto","background-attachment":"scroll","background-type":"","background-media":"","overlay-type":"","overlay-color":"","overlay-opacity":"","overlay-gradient":""},"tablet":{"background-color":"var(--ast-global-color-4)","background-image":"","background-repeat":"repeat","background-position":"center center","background-size":"auto","background-attachment":"scroll","background-type":"","background-media":"","overlay-type":"","overlay-color":"","overlay-opacity":"","overlay-gradient":""},"mobile":{"background-color":"var(--ast-global-color-4)","background-image":"","background-repeat":"repeat","background-position":"center center","background-size":"auto","background-attachment":"scroll","background-type":"","background-media":"","overlay-type":"","overlay-color":"","overlay-opacity":"","overlay-gradient":""}},"footnotes":""},"categories":[1],"tags":[],"class_list":["post-2969","post","type-post","status-publish","format-standard","hentry","category-sem-categoria"],"yoast_head":"<!-- This site is optimized with the Yoast SEO plugin v26.6 - https:\/\/yoast.com\/wordpress\/plugins\/seo\/ -->\n<title>Nossa triste realidade ideol\u00f3gica - Joaquim Haickel<\/title>\n<meta name=\"robots\" content=\"index, follow, max-snippet:-1, max-image-preview:large, max-video-preview:-1\" \/>\n<link rel=\"canonical\" href=\"https:\/\/www.blogsoestado.com\/joaquimhaickel\/2022\/05\/07\/nossa-triste-realidade-ideologica\/\" \/>\n<meta property=\"og:locale\" content=\"pt_BR\" \/>\n<meta property=\"og:type\" content=\"article\" \/>\n<meta property=\"og:title\" content=\"Nossa triste realidade ideol\u00f3gica - Joaquim Haickel\" \/>\n<meta property=\"og:description\" content=\"Recentemente, em uma conversa com um querido amigo meu, cuja ideologia difere da minha espacialmente &#8211; enquanto ele se posta [&hellip;]\" \/>\n<meta property=\"og:url\" content=\"https:\/\/www.blogsoestado.com\/joaquimhaickel\/2022\/05\/07\/nossa-triste-realidade-ideologica\/\" \/>\n<meta property=\"og:site_name\" content=\"Joaquim Haickel\" \/>\n<meta property=\"article:published_time\" content=\"2022-05-07T13:59:23+00:00\" \/>\n<meta property=\"og:image\" content=\"https:\/\/www.blogsoestado.com\/joaquimhaickel\/wp-content\/uploads\/sites\/6\/2022\/05\/44-1.png\" \/>\n<meta name=\"author\" content=\"Joaquim Haickel\" \/>\n<meta name=\"twitter:card\" content=\"summary_large_image\" \/>\n<meta name=\"twitter:label1\" content=\"Escrito por\" \/>\n\t<meta name=\"twitter:data1\" content=\"Joaquim Haickel\" \/>\n\t<meta name=\"twitter:label2\" content=\"Est. tempo de leitura\" \/>\n\t<meta name=\"twitter:data2\" content=\"4 minutos\" \/>\n<script type=\"application\/ld+json\" class=\"yoast-schema-graph\">{\"@context\":\"https:\/\/schema.org\",\"@graph\":[{\"@type\":\"WebPage\",\"@id\":\"https:\/\/www.blogsoestado.com\/joaquimhaickel\/2022\/05\/07\/nossa-triste-realidade-ideologica\/\",\"url\":\"https:\/\/www.blogsoestado.com\/joaquimhaickel\/2022\/05\/07\/nossa-triste-realidade-ideologica\/\",\"name\":\"Nossa triste realidade ideol\u00f3gica - Joaquim Haickel\",\"isPartOf\":{\"@id\":\"https:\/\/www.blogsoestado.com\/joaquimhaickel\/#website\"},\"primaryImageOfPage\":{\"@id\":\"https:\/\/www.blogsoestado.com\/joaquimhaickel\/2022\/05\/07\/nossa-triste-realidade-ideologica\/#primaryimage\"},\"image\":{\"@id\":\"https:\/\/www.blogsoestado.com\/joaquimhaickel\/2022\/05\/07\/nossa-triste-realidade-ideologica\/#primaryimage\"},\"thumbnailUrl\":\"https:\/\/www.blogsoestado.com\/joaquimhaickel\/wp-content\/uploads\/sites\/6\/2022\/05\/44-1.png\",\"datePublished\":\"2022-05-07T13:59:23+00:00\",\"author\":{\"@id\":\"https:\/\/www.blogsoestado.com\/joaquimhaickel\/#\/schema\/person\/4a711644aff28245c6c2c3452d66d325\"},\"breadcrumb\":{\"@id\":\"https:\/\/www.blogsoestado.com\/joaquimhaickel\/2022\/05\/07\/nossa-triste-realidade-ideologica\/#breadcrumb\"},\"inLanguage\":\"pt-BR\",\"potentialAction\":[{\"@type\":\"ReadAction\",\"target\":[\"https:\/\/www.blogsoestado.com\/joaquimhaickel\/2022\/05\/07\/nossa-triste-realidade-ideologica\/\"]}]},{\"@type\":\"ImageObject\",\"inLanguage\":\"pt-BR\",\"@id\":\"https:\/\/www.blogsoestado.com\/joaquimhaickel\/2022\/05\/07\/nossa-triste-realidade-ideologica\/#primaryimage\",\"url\":\"https:\/\/www.blogsoestado.com\/joaquimhaickel\/wp-content\/uploads\/sites\/6\/2022\/05\/44-1.png\",\"contentUrl\":\"https:\/\/www.blogsoestado.com\/joaquimhaickel\/wp-content\/uploads\/sites\/6\/2022\/05\/44-1.png\"},{\"@type\":\"BreadcrumbList\",\"@id\":\"https:\/\/www.blogsoestado.com\/joaquimhaickel\/2022\/05\/07\/nossa-triste-realidade-ideologica\/#breadcrumb\",\"itemListElement\":[{\"@type\":\"ListItem\",\"position\":1,\"name\":\"In\u00edcio\",\"item\":\"https:\/\/www.blogsoestado.com\/joaquimhaickel\/\"},{\"@type\":\"ListItem\",\"position\":2,\"name\":\"Nossa triste realidade ideol\u00f3gica\"}]},{\"@type\":\"WebSite\",\"@id\":\"https:\/\/www.blogsoestado.com\/joaquimhaickel\/#website\",\"url\":\"https:\/\/www.blogsoestado.com\/joaquimhaickel\/\",\"name\":\"Joaquim Haickel\",\"description\":\"\",\"potentialAction\":[{\"@type\":\"SearchAction\",\"target\":{\"@type\":\"EntryPoint\",\"urlTemplate\":\"https:\/\/www.blogsoestado.com\/joaquimhaickel\/?s={search_term_string}\"},\"query-input\":{\"@type\":\"PropertyValueSpecification\",\"valueRequired\":true,\"valueName\":\"search_term_string\"}}],\"inLanguage\":\"pt-BR\"},{\"@type\":\"Person\",\"@id\":\"https:\/\/www.blogsoestado.com\/joaquimhaickel\/#\/schema\/person\/4a711644aff28245c6c2c3452d66d325\",\"name\":\"Joaquim Haickel\",\"image\":{\"@type\":\"ImageObject\",\"inLanguage\":\"pt-BR\",\"@id\":\"https:\/\/www.blogsoestado.com\/joaquimhaickel\/#\/schema\/person\/image\/\",\"url\":\"https:\/\/secure.gravatar.com\/avatar\/473d89339b9f8ec089adb8d5778363eb5a2ba2319956bcf0298bfd8cca04684a?s=96&d=mm&r=g\",\"contentUrl\":\"https:\/\/secure.gravatar.com\/avatar\/473d89339b9f8ec089adb8d5778363eb5a2ba2319956bcf0298bfd8cca04684a?s=96&d=mm&r=g\",\"caption\":\"Joaquim Haickel\"},\"url\":\"https:\/\/www.blogsoestado.com\/joaquimhaickel\/author\/joaquimhaickel\/\"}]}<\/script>\n<!-- \/ Yoast SEO plugin. -->","yoast_head_json":{"title":"Nossa triste realidade ideol\u00f3gica - Joaquim Haickel","robots":{"index":"index","follow":"follow","max-snippet":"max-snippet:-1","max-image-preview":"max-image-preview:large","max-video-preview":"max-video-preview:-1"},"canonical":"https:\/\/www.blogsoestado.com\/joaquimhaickel\/2022\/05\/07\/nossa-triste-realidade-ideologica\/","og_locale":"pt_BR","og_type":"article","og_title":"Nossa triste realidade ideol\u00f3gica - Joaquim Haickel","og_description":"Recentemente, em uma conversa com um querido amigo meu, cuja ideologia difere da minha espacialmente &#8211; enquanto ele se posta [&hellip;]","og_url":"https:\/\/www.blogsoestado.com\/joaquimhaickel\/2022\/05\/07\/nossa-triste-realidade-ideologica\/","og_site_name":"Joaquim Haickel","article_published_time":"2022-05-07T13:59:23+00:00","og_image":[{"url":"https:\/\/www.blogsoestado.com\/joaquimhaickel\/wp-content\/uploads\/sites\/6\/2022\/05\/44-1.png","type":"","width":"","height":""}],"author":"Joaquim Haickel","twitter_card":"summary_large_image","twitter_misc":{"Escrito por":"Joaquim Haickel","Est. tempo de leitura":"4 minutos"},"schema":{"@context":"https:\/\/schema.org","@graph":[{"@type":"WebPage","@id":"https:\/\/www.blogsoestado.com\/joaquimhaickel\/2022\/05\/07\/nossa-triste-realidade-ideologica\/","url":"https:\/\/www.blogsoestado.com\/joaquimhaickel\/2022\/05\/07\/nossa-triste-realidade-ideologica\/","name":"Nossa triste realidade ideol\u00f3gica - Joaquim Haickel","isPartOf":{"@id":"https:\/\/www.blogsoestado.com\/joaquimhaickel\/#website"},"primaryImageOfPage":{"@id":"https:\/\/www.blogsoestado.com\/joaquimhaickel\/2022\/05\/07\/nossa-triste-realidade-ideologica\/#primaryimage"},"image":{"@id":"https:\/\/www.blogsoestado.com\/joaquimhaickel\/2022\/05\/07\/nossa-triste-realidade-ideologica\/#primaryimage"},"thumbnailUrl":"https:\/\/www.blogsoestado.com\/joaquimhaickel\/wp-content\/uploads\/sites\/6\/2022\/05\/44-1.png","datePublished":"2022-05-07T13:59:23+00:00","author":{"@id":"https:\/\/www.blogsoestado.com\/joaquimhaickel\/#\/schema\/person\/4a711644aff28245c6c2c3452d66d325"},"breadcrumb":{"@id":"https:\/\/www.blogsoestado.com\/joaquimhaickel\/2022\/05\/07\/nossa-triste-realidade-ideologica\/#breadcrumb"},"inLanguage":"pt-BR","potentialAction":[{"@type":"ReadAction","target":["https:\/\/www.blogsoestado.com\/joaquimhaickel\/2022\/05\/07\/nossa-triste-realidade-ideologica\/"]}]},{"@type":"ImageObject","inLanguage":"pt-BR","@id":"https:\/\/www.blogsoestado.com\/joaquimhaickel\/2022\/05\/07\/nossa-triste-realidade-ideologica\/#primaryimage","url":"https:\/\/www.blogsoestado.com\/joaquimhaickel\/wp-content\/uploads\/sites\/6\/2022\/05\/44-1.png","contentUrl":"https:\/\/www.blogsoestado.com\/joaquimhaickel\/wp-content\/uploads\/sites\/6\/2022\/05\/44-1.png"},{"@type":"BreadcrumbList","@id":"https:\/\/www.blogsoestado.com\/joaquimhaickel\/2022\/05\/07\/nossa-triste-realidade-ideologica\/#breadcrumb","itemListElement":[{"@type":"ListItem","position":1,"name":"In\u00edcio","item":"https:\/\/www.blogsoestado.com\/joaquimhaickel\/"},{"@type":"ListItem","position":2,"name":"Nossa triste realidade ideol\u00f3gica"}]},{"@type":"WebSite","@id":"https:\/\/www.blogsoestado.com\/joaquimhaickel\/#website","url":"https:\/\/www.blogsoestado.com\/joaquimhaickel\/","name":"Joaquim Haickel","description":"","potentialAction":[{"@type":"SearchAction","target":{"@type":"EntryPoint","urlTemplate":"https:\/\/www.blogsoestado.com\/joaquimhaickel\/?s={search_term_string}"},"query-input":{"@type":"PropertyValueSpecification","valueRequired":true,"valueName":"search_term_string"}}],"inLanguage":"pt-BR"},{"@type":"Person","@id":"https:\/\/www.blogsoestado.com\/joaquimhaickel\/#\/schema\/person\/4a711644aff28245c6c2c3452d66d325","name":"Joaquim Haickel","image":{"@type":"ImageObject","inLanguage":"pt-BR","@id":"https:\/\/www.blogsoestado.com\/joaquimhaickel\/#\/schema\/person\/image\/","url":"https:\/\/secure.gravatar.com\/avatar\/473d89339b9f8ec089adb8d5778363eb5a2ba2319956bcf0298bfd8cca04684a?s=96&d=mm&r=g","contentUrl":"https:\/\/secure.gravatar.com\/avatar\/473d89339b9f8ec089adb8d5778363eb5a2ba2319956bcf0298bfd8cca04684a?s=96&d=mm&r=g","caption":"Joaquim Haickel"},"url":"https:\/\/www.blogsoestado.com\/joaquimhaickel\/author\/joaquimhaickel\/"}]}},"jetpack_featured_media_url":"","_links":{"self":[{"href":"https:\/\/www.blogsoestado.com\/joaquimhaickel\/wp-json\/wp\/v2\/posts\/2969","targetHints":{"allow":["GET"]}}],"collection":[{"href":"https:\/\/www.blogsoestado.com\/joaquimhaickel\/wp-json\/wp\/v2\/posts"}],"about":[{"href":"https:\/\/www.blogsoestado.com\/joaquimhaickel\/wp-json\/wp\/v2\/types\/post"}],"author":[{"embeddable":true,"href":"https:\/\/www.blogsoestado.com\/joaquimhaickel\/wp-json\/wp\/v2\/users\/7"}],"replies":[{"embeddable":true,"href":"https:\/\/www.blogsoestado.com\/joaquimhaickel\/wp-json\/wp\/v2\/comments?post=2969"}],"version-history":[{"count":0,"href":"https:\/\/www.blogsoestado.com\/joaquimhaickel\/wp-json\/wp\/v2\/posts\/2969\/revisions"}],"wp:attachment":[{"href":"https:\/\/www.blogsoestado.com\/joaquimhaickel\/wp-json\/wp\/v2\/media?parent=2969"}],"wp:term":[{"taxonomy":"category","embeddable":true,"href":"https:\/\/www.blogsoestado.com\/joaquimhaickel\/wp-json\/wp\/v2\/categories?post=2969"},{"taxonomy":"post_tag","embeddable":true,"href":"https:\/\/www.blogsoestado.com\/joaquimhaickel\/wp-json\/wp\/v2\/tags?post=2969"}],"curies":[{"name":"wp","href":"https:\/\/api.w.org\/{rel}","templated":true}]}}