{"id":2976,"date":"2022-05-21T16:29:43","date_gmt":"2022-05-21T19:29:43","guid":{"rendered":"https:\/\/www.blogsoestado.com\/joaquimhaickel\/?p=2976"},"modified":"2022-05-21T16:29:43","modified_gmt":"2022-05-21T19:29:43","slug":"positivista-pero-non-mucho","status":"publish","type":"post","link":"https:\/\/www.blogsoestado.com\/joaquimhaickel\/2022\/05\/21\/positivista-pero-non-mucho\/","title":{"rendered":"Positivista, pero non mucho!&#8230;"},"content":{"rendered":"\n<figure class=\"wp-block-image size-large is-resized\"><a href=\"https:\/\/www.blogsoestado.com\/joaquimhaickel\/wp-content\/uploads\/sites\/6\/2022\/05\/POSITIVISMO-1-956x1024-1-1.png\"><img fetchpriority=\"high\" decoding=\"async\" src=\"https:\/\/www.blogsoestado.com\/joaquimhaickel\/wp-content\/uploads\/sites\/6\/2022\/05\/POSITIVISMO-1-956x1024-1-1.png\" alt=\"\" class=\"wp-image-2977\" width=\"506\" height=\"534\" srcset=\"https:\/\/www.blogsoestado.com\/joaquimhaickel\/wp-content\/uploads\/sites\/6\/2022\/05\/POSITIVISMO-1-956x1024-1-1.png 956w, https:\/\/www.blogsoestado.com\/joaquimhaickel\/wp-content\/uploads\/sites\/6\/2022\/05\/POSITIVISMO-1-956x1024-1-1-284x300.png 284w, https:\/\/www.blogsoestado.com\/joaquimhaickel\/wp-content\/uploads\/sites\/6\/2022\/05\/POSITIVISMO-1-956x1024-1-1-768x811.png 768w\" sizes=\"(max-width: 506px) 100vw, 506px\" \/><\/a><\/figure>\n\n\n\n<p>Quanto mais eu penso e estudo, mais acredito que as minhas certezas s\u00e3o unicamente provenientes das d\u00favidas que lhes deram origem, e olhe, minhas d\u00favidas s\u00e3o muitas, viu?<\/p>\n\n\n\n<p>O fato de eu ser agn\u00f3stico, ter uma f\u00e9 que n\u00e3o \u00e9 vinculada diretamente a nenhuma religi\u00e3o formal, me faz reconhecer o quanto estou perto de ser realmente um positivista, principalmente por acreditar que a vida e o mundo ser\u00e3o sempre melhores se tiverem o amor como princ\u00edpio, a ordem como base e o progresso como meta. Em tese essas coisas est\u00e3o arraigadas a todas as ideias dos percussores das religi\u00f5es, a diferen\u00e7a \u00e9 que em mim, n\u00e3o h\u00e1 por tr\u00e1s delas, uma estrutura de igreja formal.<\/p>\n\n\n\n<p>Quanto mais eu penso e estudo, mais acredito que de modo algum eu sou um ortodoxo, um radical. Procuro ser flex\u00edvel, ouvir as vers\u00f5es e ponderar as solu\u00e7\u00f5es. A minha mente \u00e9 t\u00e3o aberta e perme\u00e1vel que n\u00e3o admite intervalos fechados. Nada de par\u00eanteses ou colchetes em minhas equa\u00e7\u00f5es de vida, pois sempre \u00e9 poss\u00edvel se repensar uma situa\u00e7\u00e3o, revisar os n\u00fameros e agregar novos conhecimentos e novas pr\u00e1ticas, sem mudarmos necessariamente a nossa ess\u00eancia.<\/p>\n\n\n\n<p>N\u00e3o se pode jamais desconhecer a hist\u00f3ria nem a ci\u00eancia, mas \u00e9 preciso entender que a hist\u00f3ria possui seus recortes, muitos dos quais provenientes de quem a relata, e a ci\u00eancia fria, sem a luz da \u00e9tica n\u00e3o basta para que possamos ter seu pleno e efetivo uso na vida humana.<\/p>\n\n\n\n<p>Quando digo n\u00e3o aceitar religi\u00f5es, n\u00e3o quero dizer que rejeito a ideia de uma entidade superior, uma esp\u00e9cie de catalizador, um maestro de uma orquestra sem m\u00fasicos, mas repleta de timbres sonoros, um pintor cuja paleta \u00e9 capaz de conter todas as cores do universo, sem ter que mistur\u00e1-las, um professor que conhece todas as perguntas, porque saber as respostas seria muito f\u00e1cil.<\/p>\n\n\n\n<p>Quando digo que Jesus n\u00e3o precisa ser filho de Deus, n\u00e3o estou blasfemando. Simplesmente estou repetindo o que disse ele mesmo, o meu irm\u00e3o galileu. Deus \u00e9 amor, Deus \u00e9 paz, compreens\u00e3o&#8230; Deus est\u00e1 dentro de cada um e ningu\u00e9m precisa de uma religi\u00e3o para ter Deus consigo, como Jesus provou que n\u00e3o precisava do juda\u00edsmo desvirtuado, professado pelos sacerdotes do Templo de Salom\u00e3o.<\/p>\n\n\n\n<p>Veja, nenhuma religi\u00e3o ser\u00e1 suficiente para conter Deus. Ao estudarmos o juda\u00edsmo, o cristianismo e o islamismo, descobriremos enormes semelhan\u00e7as entre eles e \u00e9 f\u00e1cil compreender que as diferen\u00e7as s\u00e3o apenas e t\u00e3o somente temporais e culturais. As tr\u00eas religi\u00f5es possuem a mesma base, mas o fato de terem sido estabelecidas e praticadas em momentos diferentes, por civiliza\u00e7\u00f5es distintas, e sofrido influ\u00eancias pr\u00f3prias, fez com que cada uma se moldasse \u00e0s suas pr\u00f3prias condi\u00e7\u00f5es e circunst\u00e2ncias.<\/p>\n\n\n\n<p>Se Mohandas Karamchand n\u00e3o tivesse nascido na \u00cdndia e sua fam\u00edlia n\u00e3o professasse a religi\u00e3o hindu\u00edsta, ele jamais teria sido o Gandhi que conhecemos hoje, e o fato dele n\u00e3o seguir os padr\u00f5es daquele que escolhi como r\u00e9gua e compasso, n\u00e3o significa que eu n\u00e3o possa ou n\u00e3o deva, admir\u00e1-lo e exalt\u00e1-lo, pelo menos naquilo que eles t\u00eam de semelhantes.<\/p>\n\n\n\n<p>Costumava dizer que se me fosse dada uma \u00fanica possibilidade de visitar o passado e testemunhar um fato da hist\u00f3ria, gostaria de ver com meus pr\u00f3prios olhos o que realmente aconteceu na vida de Jesus. Hoje j\u00e1 n\u00e3o penso mais assim. A verdade sobre Jesus n\u00e3o vai mais mudar meu entendimento sobre o significado de sua mensagem. Agora eu gostaria de saber o que realmente aconteceu na vida de Maom\u00e9, para quem sabe poder entender por que seus seguidores divergem tanto entre si mesmos, e como poderia encontrar um denominador comum entre eles e todos n\u00f3s.<\/p>\n\n\n\n<p>Quando eu era ainda bem jovem e algu\u00e9m me perguntava o que eu tanto pensava ou escrevia, respondia garboso, querendo parecer sofisticado: \u201cO pensamento \u00e9 uma estrada que n\u00e3o cobra ped\u00e1gio e nos possibilita fazer viagens r\u00e1pidas e seguras\u201d. \u00c9 nisso que tenho me confiado em todos esses anos, mais que nos maravilhosos ensinamentos de Comte ou mesmo nos engrandecedores exemplos de Rondon.<\/p>\n\n\n\n<p>Uma coisa \u00e9 certa! Dois profetas da religi\u00e3o que poderia ser o criador, nos oferecem ensinamentos que devem ser ouvidos, assimilados e seguidos. \u201cTudo vale a pena se a alma n\u00e3o \u00e9 pequena\u201d e \u201cEles passar\u00e3o, eu passarinho\u201d, ao que meu eu pol\u00eamico, argumenta: Qual alma, cara-p\u00e1lida!? Quem s\u00e3o eles, Passarinho!?<\/p>\n\n\n\n<p>No final me resta uma certeza: na vida, n\u00e3o deve haver intervalos fechados.<\/p>\n","protected":false},"excerpt":{"rendered":"<p>Quanto mais eu penso e estudo, mais acredito que as minhas certezas s\u00e3o unicamente provenientes das d\u00favidas que lhes deram [&hellip;]<\/p>\n","protected":false},"author":7,"featured_media":0,"comment_status":"open","ping_status":"open","sticky":false,"template":"","format":"standard","meta":{"site-sidebar-layout":"default","site-content-layout":"","ast-site-content-layout":"default","site-content-style":"default","site-sidebar-style":"default","ast-global-header-display":"","ast-banner-title-visibility":"","ast-main-header-display":"","ast-hfb-above-header-display":"","ast-hfb-below-header-display":"","ast-hfb-mobile-header-display":"","site-post-title":"","ast-breadcrumbs-content":"","ast-featured-img":"","footer-sml-layout":"","ast-disable-related-posts":"","theme-transparent-header-meta":"","adv-header-id-meta":"","stick-header-meta":"","header-above-stick-meta":"","header-main-stick-meta":"","header-below-stick-meta":"","astra-migrate-meta-layouts":"default","ast-page-background-enabled":"default","ast-page-background-meta":{"desktop":{"background-color":"var(--ast-global-color-5)","background-image":"","background-repeat":"repeat","background-position":"center center","background-size":"auto","background-attachment":"scroll","background-type":"","background-media":"","overlay-type":"","overlay-color":"","overlay-opacity":"","overlay-gradient":""},"tablet":{"background-color":"","background-image":"","background-repeat":"repeat","background-position":"center center","background-size":"auto","background-attachment":"scroll","background-type":"","background-media":"","overlay-type":"","overlay-color":"","overlay-opacity":"","overlay-gradient":""},"mobile":{"background-color":"","background-image":"","background-repeat":"repeat","background-position":"center center","background-size":"auto","background-attachment":"scroll","background-type":"","background-media":"","overlay-type":"","overlay-color":"","overlay-opacity":"","overlay-gradient":""}},"ast-content-background-meta":{"desktop":{"background-color":"var(--ast-global-color-4)","background-image":"","background-repeat":"repeat","background-position":"center center","background-size":"auto","background-attachment":"scroll","background-type":"","background-media":"","overlay-type":"","overlay-color":"","overlay-opacity":"","overlay-gradient":""},"tablet":{"background-color":"var(--ast-global-color-4)","background-image":"","background-repeat":"repeat","background-position":"center center","background-size":"auto","background-attachment":"scroll","background-type":"","background-media":"","overlay-type":"","overlay-color":"","overlay-opacity":"","overlay-gradient":""},"mobile":{"background-color":"var(--ast-global-color-4)","background-image":"","background-repeat":"repeat","background-position":"center center","background-size":"auto","background-attachment":"scroll","background-type":"","background-media":"","overlay-type":"","overlay-color":"","overlay-opacity":"","overlay-gradient":""}},"footnotes":""},"categories":[1],"tags":[],"class_list":["post-2976","post","type-post","status-publish","format-standard","hentry","category-sem-categoria"],"yoast_head":"<!-- This site is optimized with the Yoast SEO plugin v26.6 - https:\/\/yoast.com\/wordpress\/plugins\/seo\/ -->\n<title>Positivista, pero non mucho!... - Joaquim Haickel<\/title>\n<meta name=\"robots\" content=\"index, follow, max-snippet:-1, max-image-preview:large, max-video-preview:-1\" \/>\n<link rel=\"canonical\" href=\"https:\/\/www.blogsoestado.com\/joaquimhaickel\/2022\/05\/21\/positivista-pero-non-mucho\/\" \/>\n<meta property=\"og:locale\" content=\"pt_BR\" \/>\n<meta property=\"og:type\" content=\"article\" \/>\n<meta property=\"og:title\" content=\"Positivista, pero non mucho!... - Joaquim Haickel\" \/>\n<meta property=\"og:description\" content=\"Quanto mais eu penso e estudo, mais acredito que as minhas certezas s\u00e3o unicamente provenientes das d\u00favidas que lhes deram [&hellip;]\" \/>\n<meta property=\"og:url\" content=\"https:\/\/www.blogsoestado.com\/joaquimhaickel\/2022\/05\/21\/positivista-pero-non-mucho\/\" \/>\n<meta property=\"og:site_name\" content=\"Joaquim Haickel\" \/>\n<meta property=\"article:published_time\" content=\"2022-05-21T19:29:43+00:00\" \/>\n<meta property=\"og:image\" content=\"https:\/\/www.blogsoestado.com\/joaquimhaickel\/wp-content\/uploads\/sites\/6\/2022\/05\/POSITIVISMO-1-956x1024-1-1.png\" \/>\n<meta name=\"author\" content=\"Joaquim Haickel\" \/>\n<meta name=\"twitter:card\" content=\"summary_large_image\" \/>\n<meta name=\"twitter:label1\" content=\"Escrito por\" \/>\n\t<meta name=\"twitter:data1\" content=\"Joaquim Haickel\" \/>\n\t<meta name=\"twitter:label2\" content=\"Est. tempo de leitura\" \/>\n\t<meta name=\"twitter:data2\" content=\"4 minutos\" \/>\n<script type=\"application\/ld+json\" class=\"yoast-schema-graph\">{\"@context\":\"https:\/\/schema.org\",\"@graph\":[{\"@type\":\"WebPage\",\"@id\":\"https:\/\/www.blogsoestado.com\/joaquimhaickel\/2022\/05\/21\/positivista-pero-non-mucho\/\",\"url\":\"https:\/\/www.blogsoestado.com\/joaquimhaickel\/2022\/05\/21\/positivista-pero-non-mucho\/\",\"name\":\"Positivista, pero non mucho!... - Joaquim Haickel\",\"isPartOf\":{\"@id\":\"https:\/\/www.blogsoestado.com\/joaquimhaickel\/#website\"},\"primaryImageOfPage\":{\"@id\":\"https:\/\/www.blogsoestado.com\/joaquimhaickel\/2022\/05\/21\/positivista-pero-non-mucho\/#primaryimage\"},\"image\":{\"@id\":\"https:\/\/www.blogsoestado.com\/joaquimhaickel\/2022\/05\/21\/positivista-pero-non-mucho\/#primaryimage\"},\"thumbnailUrl\":\"https:\/\/www.blogsoestado.com\/joaquimhaickel\/wp-content\/uploads\/sites\/6\/2022\/05\/POSITIVISMO-1-956x1024-1-1.png\",\"datePublished\":\"2022-05-21T19:29:43+00:00\",\"author\":{\"@id\":\"https:\/\/www.blogsoestado.com\/joaquimhaickel\/#\/schema\/person\/4a711644aff28245c6c2c3452d66d325\"},\"breadcrumb\":{\"@id\":\"https:\/\/www.blogsoestado.com\/joaquimhaickel\/2022\/05\/21\/positivista-pero-non-mucho\/#breadcrumb\"},\"inLanguage\":\"pt-BR\",\"potentialAction\":[{\"@type\":\"ReadAction\",\"target\":[\"https:\/\/www.blogsoestado.com\/joaquimhaickel\/2022\/05\/21\/positivista-pero-non-mucho\/\"]}]},{\"@type\":\"ImageObject\",\"inLanguage\":\"pt-BR\",\"@id\":\"https:\/\/www.blogsoestado.com\/joaquimhaickel\/2022\/05\/21\/positivista-pero-non-mucho\/#primaryimage\",\"url\":\"https:\/\/www.blogsoestado.com\/joaquimhaickel\/wp-content\/uploads\/sites\/6\/2022\/05\/POSITIVISMO-1-956x1024-1-1.png\",\"contentUrl\":\"https:\/\/www.blogsoestado.com\/joaquimhaickel\/wp-content\/uploads\/sites\/6\/2022\/05\/POSITIVISMO-1-956x1024-1-1.png\"},{\"@type\":\"BreadcrumbList\",\"@id\":\"https:\/\/www.blogsoestado.com\/joaquimhaickel\/2022\/05\/21\/positivista-pero-non-mucho\/#breadcrumb\",\"itemListElement\":[{\"@type\":\"ListItem\",\"position\":1,\"name\":\"In\u00edcio\",\"item\":\"https:\/\/www.blogsoestado.com\/joaquimhaickel\/\"},{\"@type\":\"ListItem\",\"position\":2,\"name\":\"Positivista, pero non mucho!&#8230;\"}]},{\"@type\":\"WebSite\",\"@id\":\"https:\/\/www.blogsoestado.com\/joaquimhaickel\/#website\",\"url\":\"https:\/\/www.blogsoestado.com\/joaquimhaickel\/\",\"name\":\"Joaquim Haickel\",\"description\":\"\",\"potentialAction\":[{\"@type\":\"SearchAction\",\"target\":{\"@type\":\"EntryPoint\",\"urlTemplate\":\"https:\/\/www.blogsoestado.com\/joaquimhaickel\/?s={search_term_string}\"},\"query-input\":{\"@type\":\"PropertyValueSpecification\",\"valueRequired\":true,\"valueName\":\"search_term_string\"}}],\"inLanguage\":\"pt-BR\"},{\"@type\":\"Person\",\"@id\":\"https:\/\/www.blogsoestado.com\/joaquimhaickel\/#\/schema\/person\/4a711644aff28245c6c2c3452d66d325\",\"name\":\"Joaquim Haickel\",\"image\":{\"@type\":\"ImageObject\",\"inLanguage\":\"pt-BR\",\"@id\":\"https:\/\/www.blogsoestado.com\/joaquimhaickel\/#\/schema\/person\/image\/\",\"url\":\"https:\/\/secure.gravatar.com\/avatar\/473d89339b9f8ec089adb8d5778363eb5a2ba2319956bcf0298bfd8cca04684a?s=96&d=mm&r=g\",\"contentUrl\":\"https:\/\/secure.gravatar.com\/avatar\/473d89339b9f8ec089adb8d5778363eb5a2ba2319956bcf0298bfd8cca04684a?s=96&d=mm&r=g\",\"caption\":\"Joaquim Haickel\"},\"url\":\"https:\/\/www.blogsoestado.com\/joaquimhaickel\/author\/joaquimhaickel\/\"}]}<\/script>\n<!-- \/ Yoast SEO plugin. -->","yoast_head_json":{"title":"Positivista, pero non mucho!... - Joaquim Haickel","robots":{"index":"index","follow":"follow","max-snippet":"max-snippet:-1","max-image-preview":"max-image-preview:large","max-video-preview":"max-video-preview:-1"},"canonical":"https:\/\/www.blogsoestado.com\/joaquimhaickel\/2022\/05\/21\/positivista-pero-non-mucho\/","og_locale":"pt_BR","og_type":"article","og_title":"Positivista, pero non mucho!... - Joaquim Haickel","og_description":"Quanto mais eu penso e estudo, mais acredito que as minhas certezas s\u00e3o unicamente provenientes das d\u00favidas que lhes deram [&hellip;]","og_url":"https:\/\/www.blogsoestado.com\/joaquimhaickel\/2022\/05\/21\/positivista-pero-non-mucho\/","og_site_name":"Joaquim Haickel","article_published_time":"2022-05-21T19:29:43+00:00","og_image":[{"url":"https:\/\/www.blogsoestado.com\/joaquimhaickel\/wp-content\/uploads\/sites\/6\/2022\/05\/POSITIVISMO-1-956x1024-1-1.png","type":"","width":"","height":""}],"author":"Joaquim Haickel","twitter_card":"summary_large_image","twitter_misc":{"Escrito por":"Joaquim Haickel","Est. tempo de leitura":"4 minutos"},"schema":{"@context":"https:\/\/schema.org","@graph":[{"@type":"WebPage","@id":"https:\/\/www.blogsoestado.com\/joaquimhaickel\/2022\/05\/21\/positivista-pero-non-mucho\/","url":"https:\/\/www.blogsoestado.com\/joaquimhaickel\/2022\/05\/21\/positivista-pero-non-mucho\/","name":"Positivista, pero non mucho!... - Joaquim Haickel","isPartOf":{"@id":"https:\/\/www.blogsoestado.com\/joaquimhaickel\/#website"},"primaryImageOfPage":{"@id":"https:\/\/www.blogsoestado.com\/joaquimhaickel\/2022\/05\/21\/positivista-pero-non-mucho\/#primaryimage"},"image":{"@id":"https:\/\/www.blogsoestado.com\/joaquimhaickel\/2022\/05\/21\/positivista-pero-non-mucho\/#primaryimage"},"thumbnailUrl":"https:\/\/www.blogsoestado.com\/joaquimhaickel\/wp-content\/uploads\/sites\/6\/2022\/05\/POSITIVISMO-1-956x1024-1-1.png","datePublished":"2022-05-21T19:29:43+00:00","author":{"@id":"https:\/\/www.blogsoestado.com\/joaquimhaickel\/#\/schema\/person\/4a711644aff28245c6c2c3452d66d325"},"breadcrumb":{"@id":"https:\/\/www.blogsoestado.com\/joaquimhaickel\/2022\/05\/21\/positivista-pero-non-mucho\/#breadcrumb"},"inLanguage":"pt-BR","potentialAction":[{"@type":"ReadAction","target":["https:\/\/www.blogsoestado.com\/joaquimhaickel\/2022\/05\/21\/positivista-pero-non-mucho\/"]}]},{"@type":"ImageObject","inLanguage":"pt-BR","@id":"https:\/\/www.blogsoestado.com\/joaquimhaickel\/2022\/05\/21\/positivista-pero-non-mucho\/#primaryimage","url":"https:\/\/www.blogsoestado.com\/joaquimhaickel\/wp-content\/uploads\/sites\/6\/2022\/05\/POSITIVISMO-1-956x1024-1-1.png","contentUrl":"https:\/\/www.blogsoestado.com\/joaquimhaickel\/wp-content\/uploads\/sites\/6\/2022\/05\/POSITIVISMO-1-956x1024-1-1.png"},{"@type":"BreadcrumbList","@id":"https:\/\/www.blogsoestado.com\/joaquimhaickel\/2022\/05\/21\/positivista-pero-non-mucho\/#breadcrumb","itemListElement":[{"@type":"ListItem","position":1,"name":"In\u00edcio","item":"https:\/\/www.blogsoestado.com\/joaquimhaickel\/"},{"@type":"ListItem","position":2,"name":"Positivista, pero non mucho!&#8230;"}]},{"@type":"WebSite","@id":"https:\/\/www.blogsoestado.com\/joaquimhaickel\/#website","url":"https:\/\/www.blogsoestado.com\/joaquimhaickel\/","name":"Joaquim Haickel","description":"","potentialAction":[{"@type":"SearchAction","target":{"@type":"EntryPoint","urlTemplate":"https:\/\/www.blogsoestado.com\/joaquimhaickel\/?s={search_term_string}"},"query-input":{"@type":"PropertyValueSpecification","valueRequired":true,"valueName":"search_term_string"}}],"inLanguage":"pt-BR"},{"@type":"Person","@id":"https:\/\/www.blogsoestado.com\/joaquimhaickel\/#\/schema\/person\/4a711644aff28245c6c2c3452d66d325","name":"Joaquim Haickel","image":{"@type":"ImageObject","inLanguage":"pt-BR","@id":"https:\/\/www.blogsoestado.com\/joaquimhaickel\/#\/schema\/person\/image\/","url":"https:\/\/secure.gravatar.com\/avatar\/473d89339b9f8ec089adb8d5778363eb5a2ba2319956bcf0298bfd8cca04684a?s=96&d=mm&r=g","contentUrl":"https:\/\/secure.gravatar.com\/avatar\/473d89339b9f8ec089adb8d5778363eb5a2ba2319956bcf0298bfd8cca04684a?s=96&d=mm&r=g","caption":"Joaquim Haickel"},"url":"https:\/\/www.blogsoestado.com\/joaquimhaickel\/author\/joaquimhaickel\/"}]}},"jetpack_featured_media_url":"","_links":{"self":[{"href":"https:\/\/www.blogsoestado.com\/joaquimhaickel\/wp-json\/wp\/v2\/posts\/2976","targetHints":{"allow":["GET"]}}],"collection":[{"href":"https:\/\/www.blogsoestado.com\/joaquimhaickel\/wp-json\/wp\/v2\/posts"}],"about":[{"href":"https:\/\/www.blogsoestado.com\/joaquimhaickel\/wp-json\/wp\/v2\/types\/post"}],"author":[{"embeddable":true,"href":"https:\/\/www.blogsoestado.com\/joaquimhaickel\/wp-json\/wp\/v2\/users\/7"}],"replies":[{"embeddable":true,"href":"https:\/\/www.blogsoestado.com\/joaquimhaickel\/wp-json\/wp\/v2\/comments?post=2976"}],"version-history":[{"count":0,"href":"https:\/\/www.blogsoestado.com\/joaquimhaickel\/wp-json\/wp\/v2\/posts\/2976\/revisions"}],"wp:attachment":[{"href":"https:\/\/www.blogsoestado.com\/joaquimhaickel\/wp-json\/wp\/v2\/media?parent=2976"}],"wp:term":[{"taxonomy":"category","embeddable":true,"href":"https:\/\/www.blogsoestado.com\/joaquimhaickel\/wp-json\/wp\/v2\/categories?post=2976"},{"taxonomy":"post_tag","embeddable":true,"href":"https:\/\/www.blogsoestado.com\/joaquimhaickel\/wp-json\/wp\/v2\/tags?post=2976"}],"curies":[{"name":"wp","href":"https:\/\/api.w.org\/{rel}","templated":true}]}}