{"id":2990,"date":"2022-06-04T11:55:30","date_gmt":"2022-06-04T14:55:30","guid":{"rendered":"https:\/\/www.blogsoestado.com\/joaquimhaickel\/?p=2990"},"modified":"2022-06-04T11:55:30","modified_gmt":"2022-06-04T14:55:30","slug":"nem-sonhando","status":"publish","type":"post","link":"https:\/\/www.blogsoestado.com\/joaquimhaickel\/2022\/06\/04\/nem-sonhando\/","title":{"rendered":"Nem sonhando!&#8230;"},"content":{"rendered":"\n<figure class=\"wp-block-image size-large is-resized\"><a href=\"https:\/\/www.blogsoestado.com\/joaquimhaickel\/wp-content\/uploads\/sites\/6\/2022\/06\/download-1.jpg\"><img fetchpriority=\"high\" decoding=\"async\" src=\"https:\/\/www.blogsoestado.com\/joaquimhaickel\/wp-content\/uploads\/sites\/6\/2022\/06\/download-1.jpg\" alt=\"\" class=\"wp-image-2991\" width=\"275\" height=\"229\"\/><\/a><\/figure>\n\n\n\n<figure class=\"wp-block-image size-large is-resized\"><a href=\"https:\/\/www.blogsoestado.com\/joaquimhaickel\/wp-content\/uploads\/sites\/6\/2022\/06\/8aa7a287-b5cc-4149-9ff1-2cacf0d0a7bf-1.jpg\"><img decoding=\"async\" src=\"https:\/\/www.blogsoestado.com\/joaquimhaickel\/wp-content\/uploads\/sites\/6\/2022\/06\/8aa7a287-b5cc-4149-9ff1-2cacf0d0a7bf-1.jpg\" alt=\"\" class=\"wp-image-2992\" width=\"287\" height=\"166\" srcset=\"https:\/\/www.blogsoestado.com\/joaquimhaickel\/wp-content\/uploads\/sites\/6\/2022\/06\/8aa7a287-b5cc-4149-9ff1-2cacf0d0a7bf-1.jpg 750w, https:\/\/www.blogsoestado.com\/joaquimhaickel\/wp-content\/uploads\/sites\/6\/2022\/06\/8aa7a287-b5cc-4149-9ff1-2cacf0d0a7bf-1-300x173.jpg 300w\" sizes=\"(max-width: 287px) 100vw, 287px\" \/><\/a><\/figure>\n\n\n\n<p><\/p>\n\n\n\n<p>De tanto falar sobre pol\u00edtica, acabei sonhando com ela.<\/p>\n\n\n\n<p>Durante v\u00e1rios dias, nas mais diversas rodas de amigos, meu assunto foi recorrentemente pol\u00edtica. Todo mundo debatendo o futuro de nosso pa\u00eds, dilacerado por uma radicaliza\u00e7\u00e3o absurda, que anestesia e cega at\u00e9 as pessoas mais inteligentes e sensatas, que se deixam levar pela ideologia ou pela paix\u00e3o, coisas incompat\u00edveis com o debate sadio de ideias e a boa conviv\u00eancia.<\/p>\n\n\n\n<p>Tenho uma teoria bastante simples sobre a observa\u00e7\u00e3o e a an\u00e1lise dos fatos e dos cen\u00e1rios pol\u00edticos, independentemente da posi\u00e7\u00e3o em que se encontre o observador ou o analista. O fato \u00e9 que quem se dispuser a observar, analisar e comentar a pol\u00edtica, n\u00e3o pode para isso, jamais usar o cora\u00e7\u00e3o, o f\u00edgado, ou o bolso, nesse intento.<\/p>\n\n\n\n<p>Na an\u00e1lise da pol\u00edtica deve-se usar t\u00e3o somente o c\u00e9rebro, de forma pragm\u00e1tica e cartesiana, caso contr\u00e1rio o trabalho ser\u00e1 contaminado pelas enzimas provenientes dos citados \u00f3rg\u00e3os. Do cora\u00e7\u00e3o, metaforicamente falando, podem advir sentimentos, emo\u00e7\u00f5es e paix\u00f5es que certamente comprometeriam a observa\u00e7\u00e3o e a an\u00e1lise, desvirtuando os coment\u00e1rios que se fizesse.<\/p>\n\n\n\n<p>Da mesma forma, o f\u00edgado n\u00e3o pode ser usado, pois a m\u00e1goa, o rancor, e a raiva (metaforicamente) produzidas neste \u00f3rg\u00e3o emba\u00e7ariam qualquer conclus\u00e3o a que se pudesse chegar.<\/p>\n\n\n\n<p>O bolso, em que pese n\u00e3o ser um \u00f3rg\u00e3o intr\u00ednseco do corpo humano, \u00e9 um \u00f3rg\u00e3o essencial para nossa sobreviv\u00eancia, mas nem mesmo assim se pode pensar em pol\u00edtica alavancado por ele, sob pena de pendermos para o lado em que iremos ench\u00ea-lo, e ficarmos contra aquele que ir\u00e1 esvazi\u00e1-lo.<\/p>\n\n\n\n<p>O certo \u00e9 que em meio \u00e0queles dias conturbados de intensos debates pol\u00edticos, exausto, fui para casa e simplesmente apaguei, depois de tomar um demorado e relaxante banho.<\/p>\n\n\n\n<p>Naquela noite, o sonho que tive foi muito revelador. Sonhei que eu era o apresentador de um programa de entrevistas em um grande canal de televis\u00e3o e que naquele dia estava recebendo a visita de dois importantes convidados, dois dos maiores expoentes pol\u00edticos do pa\u00eds, um esquerdista e outro direitista.<\/p>\n\n\n\n<p>Eram pol\u00edticos acima de qualquer suspeita. Homem \u00edntegros, corretos, coerentes e respeitados por suas posi\u00e7\u00f5es sinceras em cada um dos dois campos antag\u00f4nicos da pol\u00edtica.<\/p>\n\n\n\n<p>Eu havia me preparado para aquele programa em especial, pois admirava os dois entrevistados, principalmente por sermos n\u00f3s tr\u00eas, antigos e bons amigos.<\/p>\n\n\n\n<p>Aquele programa teria uma sistem\u00e1tica diferente. Eu faria algumas perguntas para cada um deles separadamente, para que a resposta de um n\u00e3o influenciasse, limitasse ou possibilitasse que o outro se aproveitasse das respostas de seu antagonista.<\/p>\n\n\n\n<p>Assim foi feito. Perguntei ao primeiro se ele, sendo uma pessoa t\u00e3o correta, n\u00e3o se sentia de alguma forma constrangido por apoiar e votar em um candidato que \u00e9 tido como homof\u00f3bico, mis\u00f3gino, racista, al\u00e9m de fascista, sem contar que ele \u00e9 abertamente negacionista.<\/p>\n\n\n\n<p>Ao segundo entrevistado perguntei algo bastante semelhante. Uma vez que todos sabiam de sua retid\u00e3o de prop\u00f3sitos e de princ\u00edpios, se ele n\u00e3o se sentia de alguma forma constrangido por apoiar e votar em um candidato que, tendo sido durante oito anos presidente da rep\u00fablica e comandante de um grupo pol\u00edtico que governou o pa\u00eds por quase 16 anos, aparelhou o governo, minou as institui\u00e7\u00f5es, quase destruiu nossa economia, tirou de n\u00f3s a condi\u00e7\u00e3o de bons parceiros comerciais, deixou esse pa\u00eds com 13 milh\u00f5es de desempregados e foi condenado por corrup\u00e7\u00e3o, entre outras coisas.<\/p>\n\n\n\n<p>Na segunda rodada perguntei a cada um dos dois convidados, se eles acreditavam que seus candidatos a presidente da rep\u00fablica teriam condi\u00e7\u00f5es de reverter as expectativas que o eleitor bem informado e consciente tem sobre cada um deles.<\/p>\n\n\n\n<p>A terceira e \u00faltima pergunta que fiz a cada um dos entrevistados, cada um separadamente, foi um pouco mais complicada. Perguntei se eles avalizariam seus respectivos candidatos quanto \u00e0s seguintes quest\u00f5es: Se o primeiro poderia garantir que seu candidato deixaria de ser irasc\u00edvel e bo\u00e7al; Se ele n\u00e3o mais se portaria de forma vexat\u00f3ria e rid\u00edcula, jogando na lama a liturgia do cargo presidencial; Se ele deixaria de ser preconceituoso no que diz respeito a ra\u00e7a, sexo, g\u00eanero e outros assemelhados; se ele poderia garantir que seu candidato se manteria fiel ao juramento que fez de defender a rep\u00fablica e a democracia.<\/p>\n\n\n\n<p>Ao segundo entrevistado a pergunta foi semelhante no sentido do aval, mas os itens a avalizar foram diferentes. Perguntei se ele poderia garantir que seu candidato n\u00e3o voltaria a operar as mesmas pr\u00e1ticas que fizera no passado, como estabelecer esquemas de fraude e corrup\u00e7\u00e3o nas institui\u00e7\u00f5es e empresas nacionais; Se ele poderia garantir que os interesses nacionais n\u00e3o mais seriam colocados de lado, dando preval\u00eancia para a constru\u00e7\u00e3o de uma sistema supra nacional de politica comunista, financiando pa\u00edses estrangeiros; Se seu candidato n\u00e3o iria usar o poder que tivesse nas m\u00e3os para romper a liberdade individual dos cidad\u00e3os, a liberdade de opini\u00e3o, a liberdade jornal\u00edstica, inclusive estabelecendo formas de controle da imprensa e da m\u00eddia.<\/p>\n\n\n\n<p>Quando eu iria, ainda no meu sonho, come\u00e7ar a segunda parte do programa, no qual eu chamaria os dois entrevistados, meus amigos, para sentarem-se comigo \u00e0 mesa do debate, eu despertei assustado, como se tivesse presenciado algo absurdo. Uma verdadeira trag\u00e9dia.<\/p>\n\n\n\n<p>A sensa\u00e7\u00e3o com a qual fiquei, foi que os entrevistados daquele programa on\u00edrico, teriam dito que acreditavam piamente que seus candidatos s\u00e3o os pol\u00edticos mais corretos, coerentes, honestos, bem preparados e aptos a dirigir nosso pa\u00eds da melhor maneira poss\u00edvel, que nada do que se diz sobre eles, tem o menor fundamento, que tudo \u00e9 narrativa para manchar suas imagens de grandes pol\u00edticos, cidad\u00e3os dignos de receberem o voto da popula\u00e7\u00e3o brasileira.<\/p>\n\n\n\n<p>At\u00e9 em sonho eu estou decepcionado com a classe pol\u00edtica, pois n\u00e3o aceitar a verdade \u00e9 uma coisa inadmiss\u00edvel, para qualquer pessoa comum, muito mais para uma que interfere diretamente em nosso destino.<\/p>\n","protected":false},"excerpt":{"rendered":"<p>De tanto falar sobre pol\u00edtica, acabei sonhando com ela. Durante v\u00e1rios dias, nas mais diversas rodas de amigos, meu assunto [&hellip;]<\/p>\n","protected":false},"author":7,"featured_media":0,"comment_status":"open","ping_status":"open","sticky":false,"template":"","format":"standard","meta":{"site-sidebar-layout":"default","site-content-layout":"","ast-site-content-layout":"default","site-content-style":"default","site-sidebar-style":"default","ast-global-header-display":"","ast-banner-title-visibility":"","ast-main-header-display":"","ast-hfb-above-header-display":"","ast-hfb-below-header-display":"","ast-hfb-mobile-header-display":"","site-post-title":"","ast-breadcrumbs-content":"","ast-featured-img":"","footer-sml-layout":"","ast-disable-related-posts":"","theme-transparent-header-meta":"","adv-header-id-meta":"","stick-header-meta":"","header-above-stick-meta":"","header-main-stick-meta":"","header-below-stick-meta":"","astra-migrate-meta-layouts":"default","ast-page-background-enabled":"default","ast-page-background-meta":{"desktop":{"background-color":"var(--ast-global-color-5)","background-image":"","background-repeat":"repeat","background-position":"center center","background-size":"auto","background-attachment":"scroll","background-type":"","background-media":"","overlay-type":"","overlay-color":"","overlay-opacity":"","overlay-gradient":""},"tablet":{"background-color":"","background-image":"","background-repeat":"repeat","background-position":"center center","background-size":"auto","background-attachment":"scroll","background-type":"","background-media":"","overlay-type":"","overlay-color":"","overlay-opacity":"","overlay-gradient":""},"mobile":{"background-color":"","background-image":"","background-repeat":"repeat","background-position":"center center","background-size":"auto","background-attachment":"scroll","background-type":"","background-media":"","overlay-type":"","overlay-color":"","overlay-opacity":"","overlay-gradient":""}},"ast-content-background-meta":{"desktop":{"background-color":"var(--ast-global-color-4)","background-image":"","background-repeat":"repeat","background-position":"center center","background-size":"auto","background-attachment":"scroll","background-type":"","background-media":"","overlay-type":"","overlay-color":"","overlay-opacity":"","overlay-gradient":""},"tablet":{"background-color":"var(--ast-global-color-4)","background-image":"","background-repeat":"repeat","background-position":"center center","background-size":"auto","background-attachment":"scroll","background-type":"","background-media":"","overlay-type":"","overlay-color":"","overlay-opacity":"","overlay-gradient":""},"mobile":{"background-color":"var(--ast-global-color-4)","background-image":"","background-repeat":"repeat","background-position":"center center","background-size":"auto","background-attachment":"scroll","background-type":"","background-media":"","overlay-type":"","overlay-color":"","overlay-opacity":"","overlay-gradient":""}},"footnotes":""},"categories":[1],"tags":[],"class_list":["post-2990","post","type-post","status-publish","format-standard","hentry","category-sem-categoria"],"yoast_head":"<!-- This site is optimized with the Yoast SEO plugin v26.6 - https:\/\/yoast.com\/wordpress\/plugins\/seo\/ -->\n<title>Nem sonhando!... - Joaquim Haickel<\/title>\n<meta name=\"robots\" content=\"index, follow, max-snippet:-1, max-image-preview:large, max-video-preview:-1\" \/>\n<link rel=\"canonical\" href=\"https:\/\/www.blogsoestado.com\/joaquimhaickel\/2022\/06\/04\/nem-sonhando\/\" \/>\n<meta property=\"og:locale\" content=\"pt_BR\" \/>\n<meta property=\"og:type\" content=\"article\" \/>\n<meta property=\"og:title\" content=\"Nem sonhando!... - Joaquim Haickel\" \/>\n<meta property=\"og:description\" content=\"De tanto falar sobre pol\u00edtica, acabei sonhando com ela. Durante v\u00e1rios dias, nas mais diversas rodas de amigos, meu assunto [&hellip;]\" \/>\n<meta property=\"og:url\" content=\"https:\/\/www.blogsoestado.com\/joaquimhaickel\/2022\/06\/04\/nem-sonhando\/\" \/>\n<meta property=\"og:site_name\" content=\"Joaquim Haickel\" \/>\n<meta property=\"article:published_time\" content=\"2022-06-04T14:55:30+00:00\" \/>\n<meta property=\"og:image\" content=\"https:\/\/www.blogsoestado.com\/joaquimhaickel\/wp-content\/uploads\/sites\/6\/2022\/06\/download-1.jpg\" \/>\n<meta name=\"author\" content=\"Joaquim Haickel\" \/>\n<meta name=\"twitter:card\" content=\"summary_large_image\" \/>\n<meta name=\"twitter:label1\" content=\"Escrito por\" \/>\n\t<meta name=\"twitter:data1\" content=\"Joaquim Haickel\" \/>\n\t<meta name=\"twitter:label2\" content=\"Est. tempo de leitura\" \/>\n\t<meta name=\"twitter:data2\" content=\"5 minutos\" \/>\n<script type=\"application\/ld+json\" class=\"yoast-schema-graph\">{\"@context\":\"https:\/\/schema.org\",\"@graph\":[{\"@type\":\"WebPage\",\"@id\":\"https:\/\/www.blogsoestado.com\/joaquimhaickel\/2022\/06\/04\/nem-sonhando\/\",\"url\":\"https:\/\/www.blogsoestado.com\/joaquimhaickel\/2022\/06\/04\/nem-sonhando\/\",\"name\":\"Nem sonhando!... - Joaquim Haickel\",\"isPartOf\":{\"@id\":\"https:\/\/www.blogsoestado.com\/joaquimhaickel\/#website\"},\"primaryImageOfPage\":{\"@id\":\"https:\/\/www.blogsoestado.com\/joaquimhaickel\/2022\/06\/04\/nem-sonhando\/#primaryimage\"},\"image\":{\"@id\":\"https:\/\/www.blogsoestado.com\/joaquimhaickel\/2022\/06\/04\/nem-sonhando\/#primaryimage\"},\"thumbnailUrl\":\"https:\/\/www.blogsoestado.com\/joaquimhaickel\/wp-content\/uploads\/sites\/6\/2022\/06\/download-1.jpg\",\"datePublished\":\"2022-06-04T14:55:30+00:00\",\"author\":{\"@id\":\"https:\/\/www.blogsoestado.com\/joaquimhaickel\/#\/schema\/person\/4a711644aff28245c6c2c3452d66d325\"},\"breadcrumb\":{\"@id\":\"https:\/\/www.blogsoestado.com\/joaquimhaickel\/2022\/06\/04\/nem-sonhando\/#breadcrumb\"},\"inLanguage\":\"pt-BR\",\"potentialAction\":[{\"@type\":\"ReadAction\",\"target\":[\"https:\/\/www.blogsoestado.com\/joaquimhaickel\/2022\/06\/04\/nem-sonhando\/\"]}]},{\"@type\":\"ImageObject\",\"inLanguage\":\"pt-BR\",\"@id\":\"https:\/\/www.blogsoestado.com\/joaquimhaickel\/2022\/06\/04\/nem-sonhando\/#primaryimage\",\"url\":\"https:\/\/www.blogsoestado.com\/joaquimhaickel\/wp-content\/uploads\/sites\/6\/2022\/06\/download-1.jpg\",\"contentUrl\":\"https:\/\/www.blogsoestado.com\/joaquimhaickel\/wp-content\/uploads\/sites\/6\/2022\/06\/download-1.jpg\"},{\"@type\":\"BreadcrumbList\",\"@id\":\"https:\/\/www.blogsoestado.com\/joaquimhaickel\/2022\/06\/04\/nem-sonhando\/#breadcrumb\",\"itemListElement\":[{\"@type\":\"ListItem\",\"position\":1,\"name\":\"In\u00edcio\",\"item\":\"https:\/\/www.blogsoestado.com\/joaquimhaickel\/\"},{\"@type\":\"ListItem\",\"position\":2,\"name\":\"Nem sonhando!&#8230;\"}]},{\"@type\":\"WebSite\",\"@id\":\"https:\/\/www.blogsoestado.com\/joaquimhaickel\/#website\",\"url\":\"https:\/\/www.blogsoestado.com\/joaquimhaickel\/\",\"name\":\"Joaquim Haickel\",\"description\":\"\",\"potentialAction\":[{\"@type\":\"SearchAction\",\"target\":{\"@type\":\"EntryPoint\",\"urlTemplate\":\"https:\/\/www.blogsoestado.com\/joaquimhaickel\/?s={search_term_string}\"},\"query-input\":{\"@type\":\"PropertyValueSpecification\",\"valueRequired\":true,\"valueName\":\"search_term_string\"}}],\"inLanguage\":\"pt-BR\"},{\"@type\":\"Person\",\"@id\":\"https:\/\/www.blogsoestado.com\/joaquimhaickel\/#\/schema\/person\/4a711644aff28245c6c2c3452d66d325\",\"name\":\"Joaquim Haickel\",\"image\":{\"@type\":\"ImageObject\",\"inLanguage\":\"pt-BR\",\"@id\":\"https:\/\/www.blogsoestado.com\/joaquimhaickel\/#\/schema\/person\/image\/\",\"url\":\"https:\/\/secure.gravatar.com\/avatar\/473d89339b9f8ec089adb8d5778363eb5a2ba2319956bcf0298bfd8cca04684a?s=96&d=mm&r=g\",\"contentUrl\":\"https:\/\/secure.gravatar.com\/avatar\/473d89339b9f8ec089adb8d5778363eb5a2ba2319956bcf0298bfd8cca04684a?s=96&d=mm&r=g\",\"caption\":\"Joaquim Haickel\"},\"url\":\"https:\/\/www.blogsoestado.com\/joaquimhaickel\/author\/joaquimhaickel\/\"}]}<\/script>\n<!-- \/ Yoast SEO plugin. -->","yoast_head_json":{"title":"Nem sonhando!... - Joaquim Haickel","robots":{"index":"index","follow":"follow","max-snippet":"max-snippet:-1","max-image-preview":"max-image-preview:large","max-video-preview":"max-video-preview:-1"},"canonical":"https:\/\/www.blogsoestado.com\/joaquimhaickel\/2022\/06\/04\/nem-sonhando\/","og_locale":"pt_BR","og_type":"article","og_title":"Nem sonhando!... - Joaquim Haickel","og_description":"De tanto falar sobre pol\u00edtica, acabei sonhando com ela. Durante v\u00e1rios dias, nas mais diversas rodas de amigos, meu assunto [&hellip;]","og_url":"https:\/\/www.blogsoestado.com\/joaquimhaickel\/2022\/06\/04\/nem-sonhando\/","og_site_name":"Joaquim Haickel","article_published_time":"2022-06-04T14:55:30+00:00","og_image":[{"url":"https:\/\/www.blogsoestado.com\/joaquimhaickel\/wp-content\/uploads\/sites\/6\/2022\/06\/download-1.jpg","type":"","width":"","height":""}],"author":"Joaquim Haickel","twitter_card":"summary_large_image","twitter_misc":{"Escrito por":"Joaquim Haickel","Est. tempo de leitura":"5 minutos"},"schema":{"@context":"https:\/\/schema.org","@graph":[{"@type":"WebPage","@id":"https:\/\/www.blogsoestado.com\/joaquimhaickel\/2022\/06\/04\/nem-sonhando\/","url":"https:\/\/www.blogsoestado.com\/joaquimhaickel\/2022\/06\/04\/nem-sonhando\/","name":"Nem sonhando!... - Joaquim Haickel","isPartOf":{"@id":"https:\/\/www.blogsoestado.com\/joaquimhaickel\/#website"},"primaryImageOfPage":{"@id":"https:\/\/www.blogsoestado.com\/joaquimhaickel\/2022\/06\/04\/nem-sonhando\/#primaryimage"},"image":{"@id":"https:\/\/www.blogsoestado.com\/joaquimhaickel\/2022\/06\/04\/nem-sonhando\/#primaryimage"},"thumbnailUrl":"https:\/\/www.blogsoestado.com\/joaquimhaickel\/wp-content\/uploads\/sites\/6\/2022\/06\/download-1.jpg","datePublished":"2022-06-04T14:55:30+00:00","author":{"@id":"https:\/\/www.blogsoestado.com\/joaquimhaickel\/#\/schema\/person\/4a711644aff28245c6c2c3452d66d325"},"breadcrumb":{"@id":"https:\/\/www.blogsoestado.com\/joaquimhaickel\/2022\/06\/04\/nem-sonhando\/#breadcrumb"},"inLanguage":"pt-BR","potentialAction":[{"@type":"ReadAction","target":["https:\/\/www.blogsoestado.com\/joaquimhaickel\/2022\/06\/04\/nem-sonhando\/"]}]},{"@type":"ImageObject","inLanguage":"pt-BR","@id":"https:\/\/www.blogsoestado.com\/joaquimhaickel\/2022\/06\/04\/nem-sonhando\/#primaryimage","url":"https:\/\/www.blogsoestado.com\/joaquimhaickel\/wp-content\/uploads\/sites\/6\/2022\/06\/download-1.jpg","contentUrl":"https:\/\/www.blogsoestado.com\/joaquimhaickel\/wp-content\/uploads\/sites\/6\/2022\/06\/download-1.jpg"},{"@type":"BreadcrumbList","@id":"https:\/\/www.blogsoestado.com\/joaquimhaickel\/2022\/06\/04\/nem-sonhando\/#breadcrumb","itemListElement":[{"@type":"ListItem","position":1,"name":"In\u00edcio","item":"https:\/\/www.blogsoestado.com\/joaquimhaickel\/"},{"@type":"ListItem","position":2,"name":"Nem sonhando!&#8230;"}]},{"@type":"WebSite","@id":"https:\/\/www.blogsoestado.com\/joaquimhaickel\/#website","url":"https:\/\/www.blogsoestado.com\/joaquimhaickel\/","name":"Joaquim Haickel","description":"","potentialAction":[{"@type":"SearchAction","target":{"@type":"EntryPoint","urlTemplate":"https:\/\/www.blogsoestado.com\/joaquimhaickel\/?s={search_term_string}"},"query-input":{"@type":"PropertyValueSpecification","valueRequired":true,"valueName":"search_term_string"}}],"inLanguage":"pt-BR"},{"@type":"Person","@id":"https:\/\/www.blogsoestado.com\/joaquimhaickel\/#\/schema\/person\/4a711644aff28245c6c2c3452d66d325","name":"Joaquim Haickel","image":{"@type":"ImageObject","inLanguage":"pt-BR","@id":"https:\/\/www.blogsoestado.com\/joaquimhaickel\/#\/schema\/person\/image\/","url":"https:\/\/secure.gravatar.com\/avatar\/473d89339b9f8ec089adb8d5778363eb5a2ba2319956bcf0298bfd8cca04684a?s=96&d=mm&r=g","contentUrl":"https:\/\/secure.gravatar.com\/avatar\/473d89339b9f8ec089adb8d5778363eb5a2ba2319956bcf0298bfd8cca04684a?s=96&d=mm&r=g","caption":"Joaquim Haickel"},"url":"https:\/\/www.blogsoestado.com\/joaquimhaickel\/author\/joaquimhaickel\/"}]}},"jetpack_featured_media_url":"","_links":{"self":[{"href":"https:\/\/www.blogsoestado.com\/joaquimhaickel\/wp-json\/wp\/v2\/posts\/2990","targetHints":{"allow":["GET"]}}],"collection":[{"href":"https:\/\/www.blogsoestado.com\/joaquimhaickel\/wp-json\/wp\/v2\/posts"}],"about":[{"href":"https:\/\/www.blogsoestado.com\/joaquimhaickel\/wp-json\/wp\/v2\/types\/post"}],"author":[{"embeddable":true,"href":"https:\/\/www.blogsoestado.com\/joaquimhaickel\/wp-json\/wp\/v2\/users\/7"}],"replies":[{"embeddable":true,"href":"https:\/\/www.blogsoestado.com\/joaquimhaickel\/wp-json\/wp\/v2\/comments?post=2990"}],"version-history":[{"count":0,"href":"https:\/\/www.blogsoestado.com\/joaquimhaickel\/wp-json\/wp\/v2\/posts\/2990\/revisions"}],"wp:attachment":[{"href":"https:\/\/www.blogsoestado.com\/joaquimhaickel\/wp-json\/wp\/v2\/media?parent=2990"}],"wp:term":[{"taxonomy":"category","embeddable":true,"href":"https:\/\/www.blogsoestado.com\/joaquimhaickel\/wp-json\/wp\/v2\/categories?post=2990"},{"taxonomy":"post_tag","embeddable":true,"href":"https:\/\/www.blogsoestado.com\/joaquimhaickel\/wp-json\/wp\/v2\/tags?post=2990"}],"curies":[{"name":"wp","href":"https:\/\/api.w.org\/{rel}","templated":true}]}}