{"id":3064,"date":"2022-09-10T10:10:55","date_gmt":"2022-09-10T13:10:55","guid":{"rendered":"https:\/\/www.blogsoestado.com\/joaquimhaickel\/?p=3064"},"modified":"2022-09-10T10:10:55","modified_gmt":"2022-09-10T13:10:55","slug":"dissona%cc%82ncia-cognitiva","status":"publish","type":"post","link":"https:\/\/www.blogsoestado.com\/joaquimhaickel\/2022\/09\/10\/dissona%cc%82ncia-cognitiva\/","title":{"rendered":"Dissona\u0302ncia cognitiva"},"content":{"rendered":"\n<p><\/p>\n\n\n\n<figure class=\"wp-block-image size-large\"><a href=\"https:\/\/www.blogsoestado.com\/joaquimhaickel\/wp-content\/uploads\/sites\/6\/2022\/09\/Lorraine-Moreira-Dissonancia-Cognitiva-1-1.png\"><img fetchpriority=\"high\" decoding=\"async\" width=\"1024\" height=\"573\" src=\"https:\/\/www.blogsoestado.com\/joaquimhaickel\/wp-content\/uploads\/sites\/6\/2022\/09\/Lorraine-Moreira-Dissonancia-Cognitiva-1-1-1024x573.png\" alt=\"\" class=\"wp-image-3070\" srcset=\"https:\/\/www.blogsoestado.com\/joaquimhaickel\/wp-content\/uploads\/sites\/6\/2022\/09\/Lorraine-Moreira-Dissonancia-Cognitiva-1-1-1024x573.png 1024w, https:\/\/www.blogsoestado.com\/joaquimhaickel\/wp-content\/uploads\/sites\/6\/2022\/09\/Lorraine-Moreira-Dissonancia-Cognitiva-1-1-300x168.png 300w, https:\/\/www.blogsoestado.com\/joaquimhaickel\/wp-content\/uploads\/sites\/6\/2022\/09\/Lorraine-Moreira-Dissonancia-Cognitiva-1-1-768x430.png 768w, https:\/\/www.blogsoestado.com\/joaquimhaickel\/wp-content\/uploads\/sites\/6\/2022\/09\/Lorraine-Moreira-Dissonancia-Cognitiva-1-1.png 1366w\" sizes=\"(max-width: 1024px) 100vw, 1024px\" \/><\/a><\/figure>\n\n\n\n<p>Gostaria de dividir com voc\u00eas um assunto sobre o qual eu tenho apenas uma leve no\u00e7\u00e3o, n\u00e3o sabia como se chamava, nem que havia um estudo espec\u00edfico sobre ele. Em alguns casos eu chamava isso simplesmente de incoer\u00eancia e em outros de completa estupidez.<\/p>\n\n\n\n<p>&nbsp;Desde logo aviso que apesar de ser uma ideia simples, a explica\u00e7\u00e3o \u00e9 bastante intrincada e requer aten\u00e7\u00e3o e perspic\u00e1cia, e que eu estou ainda me aprofundando neste tema.<\/p>\n\n\n\n<p>Falo da \u201cDisson\u00e2ncia Cognitiva\u201d, uma faceta psicol\u00f3gica e sociol\u00f3gica do comportamento humano, algo muito atual e presente em nosso dia a dia.<\/p>\n\n\n\n<p>A disson\u00e2ncia cognitiva ocorre quando, sem que se perceba, existe um descompasso, uma incoer\u00eancia entre as atitudes de um indiv\u00edduo e aquilo que ele pensa e acredita ser o certo. \u00c9 quando, sem perceber, o que ele faz, \u00e9 de alguma forma diferente daquilo em que ele cr\u00ea ou deseja.&nbsp;&nbsp;&nbsp;&nbsp;&nbsp;&nbsp;&nbsp;&nbsp;&nbsp;&nbsp;&nbsp;&nbsp;&nbsp;&nbsp;&nbsp;&nbsp;&nbsp;&nbsp;&nbsp;&nbsp;&nbsp;&nbsp;&nbsp;&nbsp;&nbsp;&nbsp;&nbsp;&nbsp;&nbsp;&nbsp;&nbsp;&nbsp;&nbsp;&nbsp;&nbsp;&nbsp;&nbsp;&nbsp;&nbsp;&nbsp;&nbsp;&nbsp;&nbsp;&nbsp;&nbsp;&nbsp;&nbsp;&nbsp;&nbsp;&nbsp;&nbsp; &nbsp;&nbsp;&nbsp;&nbsp;&nbsp;&nbsp;&nbsp;&nbsp;&nbsp;&nbsp;&nbsp;<\/p>\n\n\n\n<p>Existem v\u00e1rias formas da disson\u00e2ncia cognitiva se manifestar, e em minha opini\u00e3o, as mais evidentes s\u00e3o as que ocorrem com os militantes pol\u00edticos, com as pessoas religiosas ou com pessoas que estejam amorosamente apaixonadas.<\/p>\n\n\n\n<p>Essas disson\u00e2ncias cognitivas s\u00e3o iguais as outras, s\u00f3 que nos indiv\u00edduos militantes, religiosos ou amorosamente apaixonados, ela ocorre motivada por paix\u00e3o, seja pela pol\u00edtica, por f\u00e9 religiosa ou por uma pessoa. Esses indiv\u00edduos agem impulsionados por essas motiva\u00e7\u00f5es e nem percebem que h\u00e1 um descompasso entre o que pensam e aquilo que fazem, pois para eles tudo aquilo \u00e9 o normal, o correto.<\/p>\n\n\n\n<p>Todas as pessoas est\u00e3o sujeitas a disson\u00e2ncia cognitiva e todas, de uma forma ou de outra, buscam a conson\u00e2ncia, mas essa busca \u00e9 n\u00e3o \u00e9 f\u00e1cil.<\/p>\n\n\n\n<p>Para que se livrem da disson\u00e2ncia cognitiva, as pessoas precisam fazer tr\u00eas coisas: 1) substituir uma ou mais cren\u00e7as, opini\u00f5es ou comportamentos que estejam envolvidos na disson\u00e2ncia; 2) adquirir novas informa\u00e7\u00f5es que ir\u00e3o aumentar a conson\u00e2ncia; 3) tentar esquecer ou reduzir a import\u00e2ncia daquelas cogni\u00e7\u00f5es que mant\u00eam a situa\u00e7\u00e3o de disson\u00e2ncia.<\/p>\n\n\n\n<p>O problema no caso dos dissonantes \u00e9 que eles s\u00e3o mais refrat\u00e1rios a fazerem aquilo que precisam fazer para afast\u00e1-los desse problema torn\u00e1-los consonantes com a realidade, pois suas motiva\u00e7\u00f5es para agirem como o fazem s\u00e3o maiores e mais fortes.<\/p>\n\n\n\n<p>Esse \u00e9 um dos maiores problemas pelos quais a humanidade passa atualmente, o que \u00e9 uma grande incoer\u00eancia, uma vez que hoje em dia h\u00e1 muito mais terapias acess\u00edveis e informa\u00e7\u00f5es dispon\u00edveis para eliminar qualquer disson\u00e2ncia cognitiva que possa existir!<\/p>\n\n\n\n<p>Vou tentar dar exemplos primeiro daquilo que ocorre em alguns desses casos.<\/p>\n\n\n\n<p>Quando algu\u00e9m se diz defensor da democracia, mas apoia um candidato que defende a\u00e7\u00f5es antidemocr\u00e1ticas, ou governos sabidamente ditatoriais, fica claro o descompasso e a incoer\u00eancia.<\/p>\n\n\n\n<p>Quando algu\u00e9m abomina a corrup\u00e7\u00e3o, combate o desvio de conduta, a prevarica\u00e7\u00e3o e outras mazelas da mesma natureza, e ainda assim apoia e defende quem faz essas coisas, esse mesmo descompasso e a mesma incoer\u00eancia ficam evidentes.<\/p>\n\n\n\n<p>Quando o Estado Isl\u00e2mico resolveu justi\u00e7ar pessoas, gravar suas degolas e postar nas redes sociais, al\u00e9m da extrema covardia, da completa abomina\u00e7\u00e3o, do mais completo instinto animal, eles estavam indo exatamente contra aquilo que eles diziam defender, pois o islamismo n\u00e3o aceita aquele tipo de a\u00e7\u00e3o; Quando os terroristas do IRA, Ex\u00e9rcito Republicano Irland\u00eas, colocava explosivos em casas noturnas e matava centenas de inocentes, estavam indo contra o que defendia a sua religi\u00e3o, o catolicismo; Quando o reverendo americano, Jim Jones, levou pessoas ao suic\u00eddio coletivo, na Guiana, estava indo contra os preceitos de sua f\u00e9. A mesma coisa aconteceu nos casos do atentado \u00e0s torres g\u00eameas, das cruzadas, da inquisi\u00e7\u00e3o ou da ca\u00e7a \u00e0s bruxas em Sal\u00e9m.<\/p>\n\n\n\n<p>Quando uma pessoa que est\u00e1 completamente apaixonada por outra, mas ao inv\u00e9s de simplesmente am\u00e1-la e faz\u00ea-la feliz, faz o oposto, podendo at\u00e9 a chegar a mat\u00e1-la, essa disson\u00e2ncia entre o fato e a cren\u00e7a, fica patente.<\/p>\n\n\n\n<p>Resumindo de forma bastante direta e clara, disson\u00e2ncia cognitiva \u00e9 a incoer\u00eancia, \u00e9 o descompasso que existe entre o que uma pessoa pensa e aquilo que ela faz. A quest\u00e3o \u00e9 o indiv\u00edduo libertar-se deste problema, pois para isso precisa que ele tenha consci\u00eancia dessa realidade. \u00c9 muito dif\u00edcil que os indiv\u00edduos acometidos desse problema escapem das armadilhas causadas por assuntos t\u00e3o apaixonantes.<\/p>\n\n\n\n<p>Em suma, a disson\u00e2ncia cognitiva \u00e9 aquilo que nos leva a cometer os maiores erros, as maiores besteiras e os maiores absurdos em nossas vidas.<\/p>\n","protected":false},"excerpt":{"rendered":"<p>Gostaria de dividir com voc\u00eas um assunto sobre o qual eu tenho apenas uma leve no\u00e7\u00e3o, n\u00e3o sabia como se [&hellip;]<\/p>\n","protected":false},"author":7,"featured_media":0,"comment_status":"open","ping_status":"open","sticky":false,"template":"","format":"standard","meta":{"site-sidebar-layout":"default","site-content-layout":"","ast-site-content-layout":"default","site-content-style":"default","site-sidebar-style":"default","ast-global-header-display":"","ast-banner-title-visibility":"","ast-main-header-display":"","ast-hfb-above-header-display":"","ast-hfb-below-header-display":"","ast-hfb-mobile-header-display":"","site-post-title":"","ast-breadcrumbs-content":"","ast-featured-img":"","footer-sml-layout":"","ast-disable-related-posts":"","theme-transparent-header-meta":"","adv-header-id-meta":"","stick-header-meta":"","header-above-stick-meta":"","header-main-stick-meta":"","header-below-stick-meta":"","astra-migrate-meta-layouts":"default","ast-page-background-enabled":"default","ast-page-background-meta":{"desktop":{"background-color":"var(--ast-global-color-5)","background-image":"","background-repeat":"repeat","background-position":"center center","background-size":"auto","background-attachment":"scroll","background-type":"","background-media":"","overlay-type":"","overlay-color":"","overlay-opacity":"","overlay-gradient":""},"tablet":{"background-color":"","background-image":"","background-repeat":"repeat","background-position":"center center","background-size":"auto","background-attachment":"scroll","background-type":"","background-media":"","overlay-type":"","overlay-color":"","overlay-opacity":"","overlay-gradient":""},"mobile":{"background-color":"","background-image":"","background-repeat":"repeat","background-position":"center center","background-size":"auto","background-attachment":"scroll","background-type":"","background-media":"","overlay-type":"","overlay-color":"","overlay-opacity":"","overlay-gradient":""}},"ast-content-background-meta":{"desktop":{"background-color":"var(--ast-global-color-4)","background-image":"","background-repeat":"repeat","background-position":"center center","background-size":"auto","background-attachment":"scroll","background-type":"","background-media":"","overlay-type":"","overlay-color":"","overlay-opacity":"","overlay-gradient":""},"tablet":{"background-color":"var(--ast-global-color-4)","background-image":"","background-repeat":"repeat","background-position":"center center","background-size":"auto","background-attachment":"scroll","background-type":"","background-media":"","overlay-type":"","overlay-color":"","overlay-opacity":"","overlay-gradient":""},"mobile":{"background-color":"var(--ast-global-color-4)","background-image":"","background-repeat":"repeat","background-position":"center center","background-size":"auto","background-attachment":"scroll","background-type":"","background-media":"","overlay-type":"","overlay-color":"","overlay-opacity":"","overlay-gradient":""}},"footnotes":""},"categories":[1],"tags":[],"class_list":["post-3064","post","type-post","status-publish","format-standard","hentry","category-sem-categoria"],"yoast_head":"<!-- This site is optimized with the Yoast SEO plugin v26.6 - https:\/\/yoast.com\/wordpress\/plugins\/seo\/ -->\n<title>Dissona\u0302ncia cognitiva - Joaquim Haickel<\/title>\n<meta name=\"robots\" content=\"index, follow, max-snippet:-1, max-image-preview:large, max-video-preview:-1\" \/>\n<link rel=\"canonical\" href=\"https:\/\/www.blogsoestado.com\/joaquimhaickel\/2022\/09\/10\/dissona\u0302ncia-cognitiva\/\" \/>\n<meta property=\"og:locale\" content=\"pt_BR\" \/>\n<meta property=\"og:type\" content=\"article\" \/>\n<meta property=\"og:title\" content=\"Dissona\u0302ncia cognitiva - Joaquim Haickel\" \/>\n<meta property=\"og:description\" content=\"Gostaria de dividir com voc\u00eas um assunto sobre o qual eu tenho apenas uma leve no\u00e7\u00e3o, n\u00e3o sabia como se [&hellip;]\" \/>\n<meta property=\"og:url\" content=\"https:\/\/www.blogsoestado.com\/joaquimhaickel\/2022\/09\/10\/dissona\u0302ncia-cognitiva\/\" \/>\n<meta property=\"og:site_name\" content=\"Joaquim Haickel\" \/>\n<meta property=\"article:published_time\" content=\"2022-09-10T13:10:55+00:00\" \/>\n<meta property=\"og:image\" content=\"https:\/\/www.blogsoestado.com\/joaquimhaickel\/wp-content\/uploads\/sites\/6\/2022\/09\/Lorraine-Moreira-Dissonancia-Cognitiva-1-1-1024x573.png\" \/>\n<meta name=\"author\" content=\"Joaquim Haickel\" \/>\n<meta name=\"twitter:card\" content=\"summary_large_image\" \/>\n<meta name=\"twitter:label1\" content=\"Escrito por\" \/>\n\t<meta name=\"twitter:data1\" content=\"Joaquim Haickel\" \/>\n\t<meta name=\"twitter:label2\" content=\"Est. tempo de leitura\" \/>\n\t<meta name=\"twitter:data2\" content=\"4 minutos\" \/>\n<script type=\"application\/ld+json\" class=\"yoast-schema-graph\">{\"@context\":\"https:\/\/schema.org\",\"@graph\":[{\"@type\":\"WebPage\",\"@id\":\"https:\/\/www.blogsoestado.com\/joaquimhaickel\/2022\/09\/10\/dissona%cc%82ncia-cognitiva\/\",\"url\":\"https:\/\/www.blogsoestado.com\/joaquimhaickel\/2022\/09\/10\/dissona%cc%82ncia-cognitiva\/\",\"name\":\"Dissona\u0302ncia cognitiva - Joaquim Haickel\",\"isPartOf\":{\"@id\":\"https:\/\/www.blogsoestado.com\/joaquimhaickel\/#website\"},\"primaryImageOfPage\":{\"@id\":\"https:\/\/www.blogsoestado.com\/joaquimhaickel\/2022\/09\/10\/dissona%cc%82ncia-cognitiva\/#primaryimage\"},\"image\":{\"@id\":\"https:\/\/www.blogsoestado.com\/joaquimhaickel\/2022\/09\/10\/dissona%cc%82ncia-cognitiva\/#primaryimage\"},\"thumbnailUrl\":\"https:\/\/www.blogsoestado.com\/joaquimhaickel\/wp-content\/uploads\/sites\/6\/2022\/09\/Lorraine-Moreira-Dissonancia-Cognitiva-1-1-1024x573.png\",\"datePublished\":\"2022-09-10T13:10:55+00:00\",\"author\":{\"@id\":\"https:\/\/www.blogsoestado.com\/joaquimhaickel\/#\/schema\/person\/4a711644aff28245c6c2c3452d66d325\"},\"breadcrumb\":{\"@id\":\"https:\/\/www.blogsoestado.com\/joaquimhaickel\/2022\/09\/10\/dissona%cc%82ncia-cognitiva\/#breadcrumb\"},\"inLanguage\":\"pt-BR\",\"potentialAction\":[{\"@type\":\"ReadAction\",\"target\":[\"https:\/\/www.blogsoestado.com\/joaquimhaickel\/2022\/09\/10\/dissona%cc%82ncia-cognitiva\/\"]}]},{\"@type\":\"ImageObject\",\"inLanguage\":\"pt-BR\",\"@id\":\"https:\/\/www.blogsoestado.com\/joaquimhaickel\/2022\/09\/10\/dissona%cc%82ncia-cognitiva\/#primaryimage\",\"url\":\"https:\/\/www.blogsoestado.com\/joaquimhaickel\/wp-content\/uploads\/sites\/6\/2022\/09\/Lorraine-Moreira-Dissonancia-Cognitiva-1-1.png\",\"contentUrl\":\"https:\/\/www.blogsoestado.com\/joaquimhaickel\/wp-content\/uploads\/sites\/6\/2022\/09\/Lorraine-Moreira-Dissonancia-Cognitiva-1-1.png\",\"width\":1366,\"height\":765},{\"@type\":\"BreadcrumbList\",\"@id\":\"https:\/\/www.blogsoestado.com\/joaquimhaickel\/2022\/09\/10\/dissona%cc%82ncia-cognitiva\/#breadcrumb\",\"itemListElement\":[{\"@type\":\"ListItem\",\"position\":1,\"name\":\"In\u00edcio\",\"item\":\"https:\/\/www.blogsoestado.com\/joaquimhaickel\/\"},{\"@type\":\"ListItem\",\"position\":2,\"name\":\"Dissona\u0302ncia cognitiva\"}]},{\"@type\":\"WebSite\",\"@id\":\"https:\/\/www.blogsoestado.com\/joaquimhaickel\/#website\",\"url\":\"https:\/\/www.blogsoestado.com\/joaquimhaickel\/\",\"name\":\"Joaquim Haickel\",\"description\":\"\",\"potentialAction\":[{\"@type\":\"SearchAction\",\"target\":{\"@type\":\"EntryPoint\",\"urlTemplate\":\"https:\/\/www.blogsoestado.com\/joaquimhaickel\/?s={search_term_string}\"},\"query-input\":{\"@type\":\"PropertyValueSpecification\",\"valueRequired\":true,\"valueName\":\"search_term_string\"}}],\"inLanguage\":\"pt-BR\"},{\"@type\":\"Person\",\"@id\":\"https:\/\/www.blogsoestado.com\/joaquimhaickel\/#\/schema\/person\/4a711644aff28245c6c2c3452d66d325\",\"name\":\"Joaquim Haickel\",\"image\":{\"@type\":\"ImageObject\",\"inLanguage\":\"pt-BR\",\"@id\":\"https:\/\/www.blogsoestado.com\/joaquimhaickel\/#\/schema\/person\/image\/\",\"url\":\"https:\/\/secure.gravatar.com\/avatar\/473d89339b9f8ec089adb8d5778363eb5a2ba2319956bcf0298bfd8cca04684a?s=96&d=mm&r=g\",\"contentUrl\":\"https:\/\/secure.gravatar.com\/avatar\/473d89339b9f8ec089adb8d5778363eb5a2ba2319956bcf0298bfd8cca04684a?s=96&d=mm&r=g\",\"caption\":\"Joaquim Haickel\"},\"url\":\"https:\/\/www.blogsoestado.com\/joaquimhaickel\/author\/joaquimhaickel\/\"}]}<\/script>\n<!-- \/ Yoast SEO plugin. -->","yoast_head_json":{"title":"Dissona\u0302ncia cognitiva - Joaquim Haickel","robots":{"index":"index","follow":"follow","max-snippet":"max-snippet:-1","max-image-preview":"max-image-preview:large","max-video-preview":"max-video-preview:-1"},"canonical":"https:\/\/www.blogsoestado.com\/joaquimhaickel\/2022\/09\/10\/dissona\u0302ncia-cognitiva\/","og_locale":"pt_BR","og_type":"article","og_title":"Dissona\u0302ncia cognitiva - Joaquim Haickel","og_description":"Gostaria de dividir com voc\u00eas um assunto sobre o qual eu tenho apenas uma leve no\u00e7\u00e3o, n\u00e3o sabia como se [&hellip;]","og_url":"https:\/\/www.blogsoestado.com\/joaquimhaickel\/2022\/09\/10\/dissona\u0302ncia-cognitiva\/","og_site_name":"Joaquim Haickel","article_published_time":"2022-09-10T13:10:55+00:00","og_image":[{"url":"https:\/\/www.blogsoestado.com\/joaquimhaickel\/wp-content\/uploads\/sites\/6\/2022\/09\/Lorraine-Moreira-Dissonancia-Cognitiva-1-1-1024x573.png","type":"","width":"","height":""}],"author":"Joaquim Haickel","twitter_card":"summary_large_image","twitter_misc":{"Escrito por":"Joaquim Haickel","Est. tempo de leitura":"4 minutos"},"schema":{"@context":"https:\/\/schema.org","@graph":[{"@type":"WebPage","@id":"https:\/\/www.blogsoestado.com\/joaquimhaickel\/2022\/09\/10\/dissona%cc%82ncia-cognitiva\/","url":"https:\/\/www.blogsoestado.com\/joaquimhaickel\/2022\/09\/10\/dissona%cc%82ncia-cognitiva\/","name":"Dissona\u0302ncia cognitiva - Joaquim Haickel","isPartOf":{"@id":"https:\/\/www.blogsoestado.com\/joaquimhaickel\/#website"},"primaryImageOfPage":{"@id":"https:\/\/www.blogsoestado.com\/joaquimhaickel\/2022\/09\/10\/dissona%cc%82ncia-cognitiva\/#primaryimage"},"image":{"@id":"https:\/\/www.blogsoestado.com\/joaquimhaickel\/2022\/09\/10\/dissona%cc%82ncia-cognitiva\/#primaryimage"},"thumbnailUrl":"https:\/\/www.blogsoestado.com\/joaquimhaickel\/wp-content\/uploads\/sites\/6\/2022\/09\/Lorraine-Moreira-Dissonancia-Cognitiva-1-1-1024x573.png","datePublished":"2022-09-10T13:10:55+00:00","author":{"@id":"https:\/\/www.blogsoestado.com\/joaquimhaickel\/#\/schema\/person\/4a711644aff28245c6c2c3452d66d325"},"breadcrumb":{"@id":"https:\/\/www.blogsoestado.com\/joaquimhaickel\/2022\/09\/10\/dissona%cc%82ncia-cognitiva\/#breadcrumb"},"inLanguage":"pt-BR","potentialAction":[{"@type":"ReadAction","target":["https:\/\/www.blogsoestado.com\/joaquimhaickel\/2022\/09\/10\/dissona%cc%82ncia-cognitiva\/"]}]},{"@type":"ImageObject","inLanguage":"pt-BR","@id":"https:\/\/www.blogsoestado.com\/joaquimhaickel\/2022\/09\/10\/dissona%cc%82ncia-cognitiva\/#primaryimage","url":"https:\/\/www.blogsoestado.com\/joaquimhaickel\/wp-content\/uploads\/sites\/6\/2022\/09\/Lorraine-Moreira-Dissonancia-Cognitiva-1-1.png","contentUrl":"https:\/\/www.blogsoestado.com\/joaquimhaickel\/wp-content\/uploads\/sites\/6\/2022\/09\/Lorraine-Moreira-Dissonancia-Cognitiva-1-1.png","width":1366,"height":765},{"@type":"BreadcrumbList","@id":"https:\/\/www.blogsoestado.com\/joaquimhaickel\/2022\/09\/10\/dissona%cc%82ncia-cognitiva\/#breadcrumb","itemListElement":[{"@type":"ListItem","position":1,"name":"In\u00edcio","item":"https:\/\/www.blogsoestado.com\/joaquimhaickel\/"},{"@type":"ListItem","position":2,"name":"Dissona\u0302ncia cognitiva"}]},{"@type":"WebSite","@id":"https:\/\/www.blogsoestado.com\/joaquimhaickel\/#website","url":"https:\/\/www.blogsoestado.com\/joaquimhaickel\/","name":"Joaquim Haickel","description":"","potentialAction":[{"@type":"SearchAction","target":{"@type":"EntryPoint","urlTemplate":"https:\/\/www.blogsoestado.com\/joaquimhaickel\/?s={search_term_string}"},"query-input":{"@type":"PropertyValueSpecification","valueRequired":true,"valueName":"search_term_string"}}],"inLanguage":"pt-BR"},{"@type":"Person","@id":"https:\/\/www.blogsoestado.com\/joaquimhaickel\/#\/schema\/person\/4a711644aff28245c6c2c3452d66d325","name":"Joaquim Haickel","image":{"@type":"ImageObject","inLanguage":"pt-BR","@id":"https:\/\/www.blogsoestado.com\/joaquimhaickel\/#\/schema\/person\/image\/","url":"https:\/\/secure.gravatar.com\/avatar\/473d89339b9f8ec089adb8d5778363eb5a2ba2319956bcf0298bfd8cca04684a?s=96&d=mm&r=g","contentUrl":"https:\/\/secure.gravatar.com\/avatar\/473d89339b9f8ec089adb8d5778363eb5a2ba2319956bcf0298bfd8cca04684a?s=96&d=mm&r=g","caption":"Joaquim Haickel"},"url":"https:\/\/www.blogsoestado.com\/joaquimhaickel\/author\/joaquimhaickel\/"}]}},"jetpack_featured_media_url":"","_links":{"self":[{"href":"https:\/\/www.blogsoestado.com\/joaquimhaickel\/wp-json\/wp\/v2\/posts\/3064","targetHints":{"allow":["GET"]}}],"collection":[{"href":"https:\/\/www.blogsoestado.com\/joaquimhaickel\/wp-json\/wp\/v2\/posts"}],"about":[{"href":"https:\/\/www.blogsoestado.com\/joaquimhaickel\/wp-json\/wp\/v2\/types\/post"}],"author":[{"embeddable":true,"href":"https:\/\/www.blogsoestado.com\/joaquimhaickel\/wp-json\/wp\/v2\/users\/7"}],"replies":[{"embeddable":true,"href":"https:\/\/www.blogsoestado.com\/joaquimhaickel\/wp-json\/wp\/v2\/comments?post=3064"}],"version-history":[{"count":0,"href":"https:\/\/www.blogsoestado.com\/joaquimhaickel\/wp-json\/wp\/v2\/posts\/3064\/revisions"}],"wp:attachment":[{"href":"https:\/\/www.blogsoestado.com\/joaquimhaickel\/wp-json\/wp\/v2\/media?parent=3064"}],"wp:term":[{"taxonomy":"category","embeddable":true,"href":"https:\/\/www.blogsoestado.com\/joaquimhaickel\/wp-json\/wp\/v2\/categories?post=3064"},{"taxonomy":"post_tag","embeddable":true,"href":"https:\/\/www.blogsoestado.com\/joaquimhaickel\/wp-json\/wp\/v2\/tags?post=3064"}],"curies":[{"name":"wp","href":"https:\/\/api.w.org\/{rel}","templated":true}]}}