{"id":3084,"date":"2022-10-01T14:58:25","date_gmt":"2022-10-01T17:58:25","guid":{"rendered":"https:\/\/www.blogsoestado.com\/joaquimhaickel\/?p=3084"},"modified":"2022-10-01T14:58:25","modified_gmt":"2022-10-01T17:58:25","slug":"uma-analise-fria-sobre-as-eleicoes-presidenciais","status":"publish","type":"post","link":"https:\/\/www.blogsoestado.com\/joaquimhaickel\/2022\/10\/01\/uma-analise-fria-sobre-as-eleicoes-presidenciais\/","title":{"rendered":"Uma an\u00e1lise fria sobre as elei\u00e7\u00f5es presidenciais"},"content":{"rendered":"\n<figure class=\"wp-block-image size-large\"><a href=\"https:\/\/www.blogsoestado.com\/joaquimhaickel\/wp-content\/uploads\/sites\/6\/2022\/10\/istockphoto-1172772728-1024x1024-1-1.jpg\"><img fetchpriority=\"high\" decoding=\"async\" width=\"1024\" height=\"576\" src=\"https:\/\/www.blogsoestado.com\/joaquimhaickel\/wp-content\/uploads\/sites\/6\/2022\/10\/istockphoto-1172772728-1024x1024-1-1.jpg\" alt=\"\" class=\"wp-image-3085\" srcset=\"https:\/\/www.blogsoestado.com\/joaquimhaickel\/wp-content\/uploads\/sites\/6\/2022\/10\/istockphoto-1172772728-1024x1024-1-1.jpg 1024w, https:\/\/www.blogsoestado.com\/joaquimhaickel\/wp-content\/uploads\/sites\/6\/2022\/10\/istockphoto-1172772728-1024x1024-1-1-300x169.jpg 300w, https:\/\/www.blogsoestado.com\/joaquimhaickel\/wp-content\/uploads\/sites\/6\/2022\/10\/istockphoto-1172772728-1024x1024-1-1-768x432.jpg 768w\" sizes=\"(max-width: 1024px) 100vw, 1024px\" \/><\/a><figcaption>Cubes of ice covered with water drops. Frozen water in form of a cube, ice. Critically pure ice.<\/figcaption><\/figure>\n\n\n\n<p>Fria \u00e9 uma palavra que exprime uma temperatura que n\u00e3o combina com o clima polarizado que tomou conta do nosso pa\u00eds, mas \u00e9 a palavra e o sentimento que precisa se sobressair quanto se deseja analisar com o m\u00e1ximo de isen\u00e7\u00e3o e com a maior imparcialidade poss\u00edvel uma conjuntura.<\/p>\n\n\n\n<p>Preciso deixar de lado qualquer resqu\u00edcio de opini\u00e3o e de sentimento que por acaso eu tenha sobre este ou aquele candidato, sobre esta ou aquela proposta e sobre um ou outro lado nesta disputa. Desde logo digo que isso \u00e9 uma tarefa muito dif\u00edcil, pois o desapego \u00e0quilo no qual voc\u00ea acredita, nunca \u00e9 uma coisa f\u00e1cil de fazer.<\/p>\n\n\n\n<p>Vamos aos fatos. S\u00e3o apenas quatro os candidatos cit\u00e1veis nesta elei\u00e7\u00e3o presidencial, sendo que dois s\u00e3o coadjuvantes e dois protagonistas.<\/p>\n\n\n\n<p>A disposi\u00e7\u00e3o espacial destes candidatos \u00e9 a seguinte: Lula est\u00e1 \u00e0 esquerda do quadro e ao lado direito dele est\u00e1 Ciro, que por sua vez tem do seu lado direito Tebet e por fim, \u00e0 direita dela est\u00e1 Bolsonaro. Desta disposi\u00e7\u00e3o ningu\u00e9m discorda, certo?<\/p>\n\n\n\n<p>Os dois candidatos citados mais ao centro desta linha s\u00e3o os coadjuvantes e como tal atiram nos candidatos que se encontram nas pontas e jamais um contra o outro, pelo contr\u00e1rio, eles trocam figurinhas entre si.<\/p>\n\n\n\n<p>A Tebet est\u00e1 fazendo um papel melhor que qualquer um poderia imaginar, mas \u00e9 apenas e t\u00e3o somente um papel, um roteiro, uma narrativa, ela est\u00e1 plantando algo que poder\u00e1 ou n\u00e3o vir a colher no futuro.<\/p>\n\n\n\n<p>O Ciro tamb\u00e9m est\u00e1 fazendo um papel muito melhor do que qualquer analista poderia imaginar. Ele est\u00e1 t\u00e3o bem que at\u00e9 a mim, que tenho pavor de \u201cbandido inteligente\u201d, ele impressionou, ao ponto de cogitar votar nele.<\/p>\n\n\n\n<p>Ciro \u00e9 o mais preparado dos candidatos, e exagerando um pouco, posso dizer que se somarmos todas as aptid\u00f5es e capacidades dos demais candidatos, ainda assim n\u00e3o superariam as dele, por\u00e9m ele traz em si os piores germes dos dois protagonistas desta elei\u00e7\u00e3o, ele \u00e9 t\u00e3o temer\u00e1rio e irrespons\u00e1vel quanto Lula e t\u00e3o autorit\u00e1rio e bo\u00e7al quanto Bolsonaro, sendo que \u00e9 muito mais inteligente e competente que ambos juntos. Tenho medo de gente assim.<\/p>\n\n\n\n<p>Chegamos a Lula e Bolsonaro. Pobre e triste sina de meu amado pa\u00eds, ter que escolher entre estes dois sujeitos. Um representa o patrulhamento ideol\u00f3gico, o aparelhamento das institui\u00e7\u00f5es, o populismo hip\u00f3crita, a manipula\u00e7\u00e3o midi\u00e1tica, a corrup\u00e7\u00e3o deslavada. O outro representa a falta de respeito, a insensibilidade, o autoritarismo, a incapacidade de conviv\u00eancia social, o negacionismo.<\/p>\n\n\n\n<p>Os defensores de ambos v\u00e3o defend\u00ea-los com unhas e dentes e me acusar\u00e3o de ser parcial ou partid\u00e1rio. Algumas das coisas que eu disse acima podem at\u00e9 serem contestadas, por\u00e9m s\u00e3o coisas que se diz sobre ambos e que de uma forma ou de outra, colou a suas imagens, e um pol\u00edtico nada mais \u00e9 que aquilo que sua imagem representa!<\/p>\n\n\n\n<p>Dizer que Lula n\u00e3o \u00e9 ladr\u00e3o \u00e9 praticamente imposs\u00edvel, da mesma forma que negar que Bolsonaro seja genocida! Se \u00e9 verdade ou n\u00e3o, isso n\u00e3o importa mais, para uns e para outros eles s\u00e3o isso mesmo.<\/p>\n\n\n\n<p>Em 2018 Bolsonaro foi eleito como resposta a ideologia e aos pol\u00edticos que durante vinte e quatro anos comandaram o Brasil, sendo oito deles encabe\u00e7ados pelo PSDB e dezesseis pelo PT.<\/p>\n\n\n\n<p>Bolsonaro teve 4 anos para demonstrar que poderia fazer melhor e at\u00e9 conseguiu fazer isso em muitos e importantes aspectos, como o da economia e das finan\u00e7as, por\u00e9m pecou absurdamente no aspecto pol\u00edtico, diplom\u00e1tico e institucional. Seus acertos n\u00e3o s\u00e3o e n\u00e3o ser\u00e3o sentidos t\u00e3o imediatamente, mas seus erros s\u00e3o instant\u00e2neos e refletem negativamente na hora que ele fala, nem precisando que ele venha a fazer o que diz.<\/p>\n\n\n\n<p>Da mesma forma que a maioria do povo brasileiro disse n\u00e3o a Lula e sua turma em 2018, tudo indica que dir\u00e1 n\u00e3o a Bolsonaro em 2022. O certo \u00e9 que infelizmente o Brasil vai sair dessa elei\u00e7\u00e3o mais dilacerado e dividido. O certo \u00e9 que sairemos menores e enfraquecidos, e se me perguntarem de quem \u00e9 a culpa, eu direi, agora deixando de ser t\u00e3o frio e imparcial. A culpa \u00e9 de Lula, que poderia ter sido um grande l\u00edder, um grande estadista, mas preferiu ser o comandante de uma corrente ideol\u00f3gica e partid\u00e1ria. A culpa \u00e9 de Bolsonaro, que n\u00e3o teve a capacidade de se portar como um estadista, de dar o exemplo que precisa ser dado por aqueles que t\u00eam a fun\u00e7\u00e3o de l\u00edder, que n\u00e3o foi capaz de entender os mecanismos da pol\u00edtica e de ter a sensibilidade necess\u00e1ria para conviver com os antag\u00f4nicos.<\/p>\n","protected":false},"excerpt":{"rendered":"<p>Fria \u00e9 uma palavra que exprime uma temperatura que n\u00e3o combina com o clima polarizado que tomou conta do nosso [&hellip;]<\/p>\n","protected":false},"author":7,"featured_media":0,"comment_status":"open","ping_status":"open","sticky":false,"template":"","format":"standard","meta":{"site-sidebar-layout":"default","site-content-layout":"","ast-site-content-layout":"default","site-content-style":"default","site-sidebar-style":"default","ast-global-header-display":"","ast-banner-title-visibility":"","ast-main-header-display":"","ast-hfb-above-header-display":"","ast-hfb-below-header-display":"","ast-hfb-mobile-header-display":"","site-post-title":"","ast-breadcrumbs-content":"","ast-featured-img":"","footer-sml-layout":"","ast-disable-related-posts":"","theme-transparent-header-meta":"","adv-header-id-meta":"","stick-header-meta":"","header-above-stick-meta":"","header-main-stick-meta":"","header-below-stick-meta":"","astra-migrate-meta-layouts":"default","ast-page-background-enabled":"default","ast-page-background-meta":{"desktop":{"background-color":"var(--ast-global-color-5)","background-image":"","background-repeat":"repeat","background-position":"center center","background-size":"auto","background-attachment":"scroll","background-type":"","background-media":"","overlay-type":"","overlay-color":"","overlay-opacity":"","overlay-gradient":""},"tablet":{"background-color":"","background-image":"","background-repeat":"repeat","background-position":"center center","background-size":"auto","background-attachment":"scroll","background-type":"","background-media":"","overlay-type":"","overlay-color":"","overlay-opacity":"","overlay-gradient":""},"mobile":{"background-color":"","background-image":"","background-repeat":"repeat","background-position":"center center","background-size":"auto","background-attachment":"scroll","background-type":"","background-media":"","overlay-type":"","overlay-color":"","overlay-opacity":"","overlay-gradient":""}},"ast-content-background-meta":{"desktop":{"background-color":"var(--ast-global-color-4)","background-image":"","background-repeat":"repeat","background-position":"center center","background-size":"auto","background-attachment":"scroll","background-type":"","background-media":"","overlay-type":"","overlay-color":"","overlay-opacity":"","overlay-gradient":""},"tablet":{"background-color":"var(--ast-global-color-4)","background-image":"","background-repeat":"repeat","background-position":"center center","background-size":"auto","background-attachment":"scroll","background-type":"","background-media":"","overlay-type":"","overlay-color":"","overlay-opacity":"","overlay-gradient":""},"mobile":{"background-color":"var(--ast-global-color-4)","background-image":"","background-repeat":"repeat","background-position":"center center","background-size":"auto","background-attachment":"scroll","background-type":"","background-media":"","overlay-type":"","overlay-color":"","overlay-opacity":"","overlay-gradient":""}},"footnotes":""},"categories":[1],"tags":[],"class_list":["post-3084","post","type-post","status-publish","format-standard","hentry","category-sem-categoria"],"yoast_head":"<!-- This site is optimized with the Yoast SEO plugin v26.6 - https:\/\/yoast.com\/wordpress\/plugins\/seo\/ -->\n<title>Uma an\u00e1lise fria sobre as elei\u00e7\u00f5es presidenciais - Joaquim Haickel<\/title>\n<meta name=\"robots\" content=\"index, follow, max-snippet:-1, max-image-preview:large, max-video-preview:-1\" \/>\n<link rel=\"canonical\" href=\"https:\/\/www.blogsoestado.com\/joaquimhaickel\/2022\/10\/01\/uma-analise-fria-sobre-as-eleicoes-presidenciais\/\" \/>\n<meta property=\"og:locale\" content=\"pt_BR\" \/>\n<meta property=\"og:type\" content=\"article\" \/>\n<meta property=\"og:title\" content=\"Uma an\u00e1lise fria sobre as elei\u00e7\u00f5es presidenciais - Joaquim Haickel\" \/>\n<meta property=\"og:description\" content=\"Fria \u00e9 uma palavra que exprime uma temperatura que n\u00e3o combina com o clima polarizado que tomou conta do nosso [&hellip;]\" \/>\n<meta property=\"og:url\" content=\"https:\/\/www.blogsoestado.com\/joaquimhaickel\/2022\/10\/01\/uma-analise-fria-sobre-as-eleicoes-presidenciais\/\" \/>\n<meta property=\"og:site_name\" content=\"Joaquim Haickel\" \/>\n<meta property=\"article:published_time\" content=\"2022-10-01T17:58:25+00:00\" \/>\n<meta property=\"og:image\" content=\"https:\/\/www.blogsoestado.com\/joaquimhaickel\/wp-content\/uploads\/sites\/6\/2022\/10\/istockphoto-1172772728-1024x1024-1-1.jpg\" \/>\n<meta name=\"author\" content=\"Joaquim Haickel\" \/>\n<meta name=\"twitter:card\" content=\"summary_large_image\" \/>\n<meta name=\"twitter:label1\" content=\"Escrito por\" \/>\n\t<meta name=\"twitter:data1\" content=\"Joaquim Haickel\" \/>\n\t<meta name=\"twitter:label2\" content=\"Est. tempo de leitura\" \/>\n\t<meta name=\"twitter:data2\" content=\"4 minutos\" \/>\n<script type=\"application\/ld+json\" class=\"yoast-schema-graph\">{\"@context\":\"https:\/\/schema.org\",\"@graph\":[{\"@type\":\"WebPage\",\"@id\":\"https:\/\/www.blogsoestado.com\/joaquimhaickel\/2022\/10\/01\/uma-analise-fria-sobre-as-eleicoes-presidenciais\/\",\"url\":\"https:\/\/www.blogsoestado.com\/joaquimhaickel\/2022\/10\/01\/uma-analise-fria-sobre-as-eleicoes-presidenciais\/\",\"name\":\"Uma an\u00e1lise fria sobre as elei\u00e7\u00f5es presidenciais - Joaquim Haickel\",\"isPartOf\":{\"@id\":\"https:\/\/www.blogsoestado.com\/joaquimhaickel\/#website\"},\"primaryImageOfPage\":{\"@id\":\"https:\/\/www.blogsoestado.com\/joaquimhaickel\/2022\/10\/01\/uma-analise-fria-sobre-as-eleicoes-presidenciais\/#primaryimage\"},\"image\":{\"@id\":\"https:\/\/www.blogsoestado.com\/joaquimhaickel\/2022\/10\/01\/uma-analise-fria-sobre-as-eleicoes-presidenciais\/#primaryimage\"},\"thumbnailUrl\":\"https:\/\/www.blogsoestado.com\/joaquimhaickel\/wp-content\/uploads\/sites\/6\/2022\/10\/istockphoto-1172772728-1024x1024-1-1.jpg\",\"datePublished\":\"2022-10-01T17:58:25+00:00\",\"author\":{\"@id\":\"https:\/\/www.blogsoestado.com\/joaquimhaickel\/#\/schema\/person\/4a711644aff28245c6c2c3452d66d325\"},\"breadcrumb\":{\"@id\":\"https:\/\/www.blogsoestado.com\/joaquimhaickel\/2022\/10\/01\/uma-analise-fria-sobre-as-eleicoes-presidenciais\/#breadcrumb\"},\"inLanguage\":\"pt-BR\",\"potentialAction\":[{\"@type\":\"ReadAction\",\"target\":[\"https:\/\/www.blogsoestado.com\/joaquimhaickel\/2022\/10\/01\/uma-analise-fria-sobre-as-eleicoes-presidenciais\/\"]}]},{\"@type\":\"ImageObject\",\"inLanguage\":\"pt-BR\",\"@id\":\"https:\/\/www.blogsoestado.com\/joaquimhaickel\/2022\/10\/01\/uma-analise-fria-sobre-as-eleicoes-presidenciais\/#primaryimage\",\"url\":\"https:\/\/www.blogsoestado.com\/joaquimhaickel\/wp-content\/uploads\/sites\/6\/2022\/10\/istockphoto-1172772728-1024x1024-1-1.jpg\",\"contentUrl\":\"https:\/\/www.blogsoestado.com\/joaquimhaickel\/wp-content\/uploads\/sites\/6\/2022\/10\/istockphoto-1172772728-1024x1024-1-1.jpg\"},{\"@type\":\"BreadcrumbList\",\"@id\":\"https:\/\/www.blogsoestado.com\/joaquimhaickel\/2022\/10\/01\/uma-analise-fria-sobre-as-eleicoes-presidenciais\/#breadcrumb\",\"itemListElement\":[{\"@type\":\"ListItem\",\"position\":1,\"name\":\"In\u00edcio\",\"item\":\"https:\/\/www.blogsoestado.com\/joaquimhaickel\/\"},{\"@type\":\"ListItem\",\"position\":2,\"name\":\"Uma an\u00e1lise fria sobre as elei\u00e7\u00f5es presidenciais\"}]},{\"@type\":\"WebSite\",\"@id\":\"https:\/\/www.blogsoestado.com\/joaquimhaickel\/#website\",\"url\":\"https:\/\/www.blogsoestado.com\/joaquimhaickel\/\",\"name\":\"Joaquim Haickel\",\"description\":\"\",\"potentialAction\":[{\"@type\":\"SearchAction\",\"target\":{\"@type\":\"EntryPoint\",\"urlTemplate\":\"https:\/\/www.blogsoestado.com\/joaquimhaickel\/?s={search_term_string}\"},\"query-input\":{\"@type\":\"PropertyValueSpecification\",\"valueRequired\":true,\"valueName\":\"search_term_string\"}}],\"inLanguage\":\"pt-BR\"},{\"@type\":\"Person\",\"@id\":\"https:\/\/www.blogsoestado.com\/joaquimhaickel\/#\/schema\/person\/4a711644aff28245c6c2c3452d66d325\",\"name\":\"Joaquim Haickel\",\"image\":{\"@type\":\"ImageObject\",\"inLanguage\":\"pt-BR\",\"@id\":\"https:\/\/www.blogsoestado.com\/joaquimhaickel\/#\/schema\/person\/image\/\",\"url\":\"https:\/\/secure.gravatar.com\/avatar\/473d89339b9f8ec089adb8d5778363eb5a2ba2319956bcf0298bfd8cca04684a?s=96&d=mm&r=g\",\"contentUrl\":\"https:\/\/secure.gravatar.com\/avatar\/473d89339b9f8ec089adb8d5778363eb5a2ba2319956bcf0298bfd8cca04684a?s=96&d=mm&r=g\",\"caption\":\"Joaquim Haickel\"},\"url\":\"https:\/\/www.blogsoestado.com\/joaquimhaickel\/author\/joaquimhaickel\/\"}]}<\/script>\n<!-- \/ Yoast SEO plugin. -->","yoast_head_json":{"title":"Uma an\u00e1lise fria sobre as elei\u00e7\u00f5es presidenciais - Joaquim Haickel","robots":{"index":"index","follow":"follow","max-snippet":"max-snippet:-1","max-image-preview":"max-image-preview:large","max-video-preview":"max-video-preview:-1"},"canonical":"https:\/\/www.blogsoestado.com\/joaquimhaickel\/2022\/10\/01\/uma-analise-fria-sobre-as-eleicoes-presidenciais\/","og_locale":"pt_BR","og_type":"article","og_title":"Uma an\u00e1lise fria sobre as elei\u00e7\u00f5es presidenciais - Joaquim Haickel","og_description":"Fria \u00e9 uma palavra que exprime uma temperatura que n\u00e3o combina com o clima polarizado que tomou conta do nosso [&hellip;]","og_url":"https:\/\/www.blogsoestado.com\/joaquimhaickel\/2022\/10\/01\/uma-analise-fria-sobre-as-eleicoes-presidenciais\/","og_site_name":"Joaquim Haickel","article_published_time":"2022-10-01T17:58:25+00:00","og_image":[{"url":"https:\/\/www.blogsoestado.com\/joaquimhaickel\/wp-content\/uploads\/sites\/6\/2022\/10\/istockphoto-1172772728-1024x1024-1-1.jpg","type":"","width":"","height":""}],"author":"Joaquim Haickel","twitter_card":"summary_large_image","twitter_misc":{"Escrito por":"Joaquim Haickel","Est. tempo de leitura":"4 minutos"},"schema":{"@context":"https:\/\/schema.org","@graph":[{"@type":"WebPage","@id":"https:\/\/www.blogsoestado.com\/joaquimhaickel\/2022\/10\/01\/uma-analise-fria-sobre-as-eleicoes-presidenciais\/","url":"https:\/\/www.blogsoestado.com\/joaquimhaickel\/2022\/10\/01\/uma-analise-fria-sobre-as-eleicoes-presidenciais\/","name":"Uma an\u00e1lise fria sobre as elei\u00e7\u00f5es presidenciais - Joaquim Haickel","isPartOf":{"@id":"https:\/\/www.blogsoestado.com\/joaquimhaickel\/#website"},"primaryImageOfPage":{"@id":"https:\/\/www.blogsoestado.com\/joaquimhaickel\/2022\/10\/01\/uma-analise-fria-sobre-as-eleicoes-presidenciais\/#primaryimage"},"image":{"@id":"https:\/\/www.blogsoestado.com\/joaquimhaickel\/2022\/10\/01\/uma-analise-fria-sobre-as-eleicoes-presidenciais\/#primaryimage"},"thumbnailUrl":"https:\/\/www.blogsoestado.com\/joaquimhaickel\/wp-content\/uploads\/sites\/6\/2022\/10\/istockphoto-1172772728-1024x1024-1-1.jpg","datePublished":"2022-10-01T17:58:25+00:00","author":{"@id":"https:\/\/www.blogsoestado.com\/joaquimhaickel\/#\/schema\/person\/4a711644aff28245c6c2c3452d66d325"},"breadcrumb":{"@id":"https:\/\/www.blogsoestado.com\/joaquimhaickel\/2022\/10\/01\/uma-analise-fria-sobre-as-eleicoes-presidenciais\/#breadcrumb"},"inLanguage":"pt-BR","potentialAction":[{"@type":"ReadAction","target":["https:\/\/www.blogsoestado.com\/joaquimhaickel\/2022\/10\/01\/uma-analise-fria-sobre-as-eleicoes-presidenciais\/"]}]},{"@type":"ImageObject","inLanguage":"pt-BR","@id":"https:\/\/www.blogsoestado.com\/joaquimhaickel\/2022\/10\/01\/uma-analise-fria-sobre-as-eleicoes-presidenciais\/#primaryimage","url":"https:\/\/www.blogsoestado.com\/joaquimhaickel\/wp-content\/uploads\/sites\/6\/2022\/10\/istockphoto-1172772728-1024x1024-1-1.jpg","contentUrl":"https:\/\/www.blogsoestado.com\/joaquimhaickel\/wp-content\/uploads\/sites\/6\/2022\/10\/istockphoto-1172772728-1024x1024-1-1.jpg"},{"@type":"BreadcrumbList","@id":"https:\/\/www.blogsoestado.com\/joaquimhaickel\/2022\/10\/01\/uma-analise-fria-sobre-as-eleicoes-presidenciais\/#breadcrumb","itemListElement":[{"@type":"ListItem","position":1,"name":"In\u00edcio","item":"https:\/\/www.blogsoestado.com\/joaquimhaickel\/"},{"@type":"ListItem","position":2,"name":"Uma an\u00e1lise fria sobre as elei\u00e7\u00f5es presidenciais"}]},{"@type":"WebSite","@id":"https:\/\/www.blogsoestado.com\/joaquimhaickel\/#website","url":"https:\/\/www.blogsoestado.com\/joaquimhaickel\/","name":"Joaquim Haickel","description":"","potentialAction":[{"@type":"SearchAction","target":{"@type":"EntryPoint","urlTemplate":"https:\/\/www.blogsoestado.com\/joaquimhaickel\/?s={search_term_string}"},"query-input":{"@type":"PropertyValueSpecification","valueRequired":true,"valueName":"search_term_string"}}],"inLanguage":"pt-BR"},{"@type":"Person","@id":"https:\/\/www.blogsoestado.com\/joaquimhaickel\/#\/schema\/person\/4a711644aff28245c6c2c3452d66d325","name":"Joaquim Haickel","image":{"@type":"ImageObject","inLanguage":"pt-BR","@id":"https:\/\/www.blogsoestado.com\/joaquimhaickel\/#\/schema\/person\/image\/","url":"https:\/\/secure.gravatar.com\/avatar\/473d89339b9f8ec089adb8d5778363eb5a2ba2319956bcf0298bfd8cca04684a?s=96&d=mm&r=g","contentUrl":"https:\/\/secure.gravatar.com\/avatar\/473d89339b9f8ec089adb8d5778363eb5a2ba2319956bcf0298bfd8cca04684a?s=96&d=mm&r=g","caption":"Joaquim Haickel"},"url":"https:\/\/www.blogsoestado.com\/joaquimhaickel\/author\/joaquimhaickel\/"}]}},"jetpack_featured_media_url":"","_links":{"self":[{"href":"https:\/\/www.blogsoestado.com\/joaquimhaickel\/wp-json\/wp\/v2\/posts\/3084","targetHints":{"allow":["GET"]}}],"collection":[{"href":"https:\/\/www.blogsoestado.com\/joaquimhaickel\/wp-json\/wp\/v2\/posts"}],"about":[{"href":"https:\/\/www.blogsoestado.com\/joaquimhaickel\/wp-json\/wp\/v2\/types\/post"}],"author":[{"embeddable":true,"href":"https:\/\/www.blogsoestado.com\/joaquimhaickel\/wp-json\/wp\/v2\/users\/7"}],"replies":[{"embeddable":true,"href":"https:\/\/www.blogsoestado.com\/joaquimhaickel\/wp-json\/wp\/v2\/comments?post=3084"}],"version-history":[{"count":0,"href":"https:\/\/www.blogsoestado.com\/joaquimhaickel\/wp-json\/wp\/v2\/posts\/3084\/revisions"}],"wp:attachment":[{"href":"https:\/\/www.blogsoestado.com\/joaquimhaickel\/wp-json\/wp\/v2\/media?parent=3084"}],"wp:term":[{"taxonomy":"category","embeddable":true,"href":"https:\/\/www.blogsoestado.com\/joaquimhaickel\/wp-json\/wp\/v2\/categories?post=3084"},{"taxonomy":"post_tag","embeddable":true,"href":"https:\/\/www.blogsoestado.com\/joaquimhaickel\/wp-json\/wp\/v2\/tags?post=3084"}],"curies":[{"name":"wp","href":"https:\/\/api.w.org\/{rel}","templated":true}]}}