{"id":3117,"date":"2022-10-29T15:40:12","date_gmt":"2022-10-29T18:40:12","guid":{"rendered":"https:\/\/www.blogsoestado.com\/joaquimhaickel\/?p=3117"},"modified":"2022-10-29T15:40:12","modified_gmt":"2022-10-29T18:40:12","slug":"o-dia-seguinte-ou-o-dia-depois-de-amanha","status":"publish","type":"post","link":"https:\/\/www.blogsoestado.com\/joaquimhaickel\/2022\/10\/29\/o-dia-seguinte-ou-o-dia-depois-de-amanha\/","title":{"rendered":"O dia seguinte ou O dia depois de amanh\u00e3"},"content":{"rendered":"\n<figure class=\"wp-block-image size-large is-resized\"><a href=\"https:\/\/www.blogsoestado.com\/joaquimhaickel\/wp-content\/uploads\/sites\/6\/2022\/10\/81Xknv3vTKL._AC_SL1500_-1.jpg\"><img fetchpriority=\"high\" decoding=\"async\" src=\"https:\/\/www.blogsoestado.com\/joaquimhaickel\/wp-content\/uploads\/sites\/6\/2022\/10\/81Xknv3vTKL._AC_SL1500_-1-726x1024.jpg\" alt=\"\" class=\"wp-image-3118\" width=\"460\" height=\"649\" srcset=\"https:\/\/www.blogsoestado.com\/joaquimhaickel\/wp-content\/uploads\/sites\/6\/2022\/10\/81Xknv3vTKL._AC_SL1500_-1-726x1024.jpg 726w, https:\/\/www.blogsoestado.com\/joaquimhaickel\/wp-content\/uploads\/sites\/6\/2022\/10\/81Xknv3vTKL._AC_SL1500_-1-213x300.jpg 213w, https:\/\/www.blogsoestado.com\/joaquimhaickel\/wp-content\/uploads\/sites\/6\/2022\/10\/81Xknv3vTKL._AC_SL1500_-1-768x1084.jpg 768w, https:\/\/www.blogsoestado.com\/joaquimhaickel\/wp-content\/uploads\/sites\/6\/2022\/10\/81Xknv3vTKL._AC_SL1500_-1.jpg 1063w\" sizes=\"(max-width: 460px) 100vw, 460px\" \/><\/a><\/figure>\n\n\n\n<figure class=\"wp-block-image size-large is-resized\"><a href=\"https:\/\/www.blogsoestado.com\/joaquimhaickel\/wp-content\/uploads\/sites\/6\/2022\/10\/dce56d51345a3057e6028d89084af7cc-1.jpg\"><img decoding=\"async\" src=\"https:\/\/www.blogsoestado.com\/joaquimhaickel\/wp-content\/uploads\/sites\/6\/2022\/10\/dce56d51345a3057e6028d89084af7cc-1-806x1024.jpg\" alt=\"\" class=\"wp-image-3119\" width=\"457\" height=\"581\" srcset=\"https:\/\/www.blogsoestado.com\/joaquimhaickel\/wp-content\/uploads\/sites\/6\/2022\/10\/dce56d51345a3057e6028d89084af7cc-1-806x1024.jpg 806w, https:\/\/www.blogsoestado.com\/joaquimhaickel\/wp-content\/uploads\/sites\/6\/2022\/10\/dce56d51345a3057e6028d89084af7cc-1-236x300.jpg 236w, https:\/\/www.blogsoestado.com\/joaquimhaickel\/wp-content\/uploads\/sites\/6\/2022\/10\/dce56d51345a3057e6028d89084af7cc-1-768x976.jpg 768w, https:\/\/www.blogsoestado.com\/joaquimhaickel\/wp-content\/uploads\/sites\/6\/2022\/10\/dce56d51345a3057e6028d89084af7cc-1.jpg 1020w\" sizes=\"(max-width: 457px) 100vw, 457px\" \/><\/a><\/figure>\n\n\n\n<p>Fiquei em d\u00favida sobre qual t\u00edtulo deveria dar ao meu texto de hoje. N\u00e3o sabia ao certo se iria falar sobre os acontecimentos de amanh\u00e3, ou sobre as consequ\u00eancias dele, que ser\u00e3o sentidas depois de amanh\u00e3.<\/p>\n\n\n\n<p>Neste texto publicado em meu blog e em meu Facebook, com links para meu Twitter e meu Instagram, no s\u00e1bado, 29 de outubro de 2022, v\u00e9spera do segundo turno da elei\u00e7\u00e3o presidencial brasileira, falarei sobre estes dois momentos, me utilizando de t\u00edtulos de filmes sobre cat\u00e1strofes, \u201cThe Day After\u201d, de 1983 e \u201cThe Day After Tomorrow\u201d, de 2004, como pren\u00fancio daquilo que pode e que muito provavelmente vai acontecer.<\/p>\n\n\n\n<p>Se no filme \u201cO dia seguinte\u201d a cat\u00e1strofe que destr\u00f3i a terra \u00e9 uma guerra nuclear, em O dia depois de amanh\u00e3, a destrui\u00e7\u00e3o dela \u00e9 causada por uma cat\u00e1strofe clim\u00e1tica. A similaridade entre estes dois filmes e nosso pa\u00eds, neste complicado momento, \u00e9 no que diz respeito ao subg\u00eanero destas obras cinematogr\u00e1ficas: Cat\u00e1strofe.<\/p>\n\n\n\n<p>Amanh\u00e3, quando formos votar, tanto quanto os respons\u00e1veis por disparar os m\u00edsseis nucleares em \u201cO dia seguinte\u201d, n\u00f3s seremos os respons\u00e1veis por uma das duas bombas que iremos detonar em nosso pa\u00eds.<\/p>\n\n\n\n<p>Depois de amanh\u00e3, quando j\u00e1 tivermos apertado o bot\u00e3o e selado nossos destinos, saberemos das consequ\u00eancias de nosso feito, saberemos qual cat\u00e1strofe teremos.<\/p>\n\n\n\n<p>Uma \u00fanica certeza podemos ter desde logo. Qualquer que seja nossa escolha, ela nos trar\u00e1 s\u00e9rios e graves problemas.<\/p>\n\n\n\n<p>Mais que uma simples met\u00e1fora com os nomes desses dois filmes, nossa situa\u00e7\u00e3o \u00e9 extremamente id\u00eantica aos contextos deles. Irremediavelmente, nossa escolha resultar\u00e1 em consequ\u00eancias, s\u00f3 nos resta descobrir de agora at\u00e9 amanh\u00e3, qual escolha nos trar\u00e1 menos danos, ou se preferirem, por elimina\u00e7\u00e3o, qual delas nos causar\u00e1 mais malef\u00edcios, e devemos recha\u00e7\u00e1-la.<\/p>\n\n\n\n<p>Nossas bombas at\u00f3micas s\u00e3o conhecidas de todos. Bolsonaro um bo\u00e7al verborr\u00e1gico, imprudente com as palavras e nos modos, um sujeito grosso e mal-educado, que tamb\u00e9m n\u00e3o \u00e9 nenhum santo de candura e pureza e Lula, um caudilho populista, que sabe falar a l\u00edngua do pov\u00e3o, que sabe que desde a Roma antiga, p\u00e3o e circo resolvem o problema da maioria da turba, um sujeito que faz o que for preciso para deter o poder e usa a corrup\u00e7\u00e3o como moeda corrente para alcan\u00e7ar seus objetivos.<\/p>\n\n\n\n<p>Da mesma forma que em 2018, em 2022 a escolha n\u00e3o ser\u00e1 para decidirmos quem \u00e9 o melhor candidato a presidente, ser\u00e1 para eliminarmos aquele que pode trazer mais malef\u00edcios para nosso povo, para nosso pa\u00eds, para nossa economia.<\/p>\n\n\n\n<p>Este texto n\u00e3o serve para tentar catequizar ou doutrinar ningu\u00e9m, pois quem hoje, ainda n\u00e3o decidiu em quem votar amanh\u00e3, \u00e9 melhor nem comparecer as se\u00e7\u00f5es eleitorais, pois certamente correr\u00e1 um grande risco de se arrepender de sua escolha.<\/p>\n\n\n\n<p>Esse texto \u00e9 t\u00e3o somente para deixar claro que, aconte\u00e7a o que acontecer amanh\u00e3, as consequ\u00eancias ser\u00e3o catastr\u00f3ficas. Nosso pa\u00eds estar\u00e1 definitivamente dividido.<\/p>\n\n\n\n<p>De um lado aqueles que acreditam que um governante n\u00e3o precisa ter respeito pelo cargo que ocupa, que ele pode ser rude, bo\u00e7al, grosseiro, que isso n\u00e3o diminui o fato dele ser o maior mandat\u00e1rio de 220 milh\u00f5es de pessoas, de administrar trilh\u00f5es e trilh\u00f5es de reais, de representar moralmente nossa na\u00e7\u00e3o e nosso pa\u00eds, perante o mundo.<\/p>\n\n\n\n<p>De outro lado estar\u00e3o aqueles que acreditam que desvios de conduta, de recursos p\u00fablicos, que o mau uso do dinheiro do estado, para uso pessoal e para se perpetuar no poder, s\u00e3o males menores. Estar\u00e3o aqueles que acreditam na solu\u00e7\u00e3o f\u00e1cil dos problemas, aquelas que se resolvem no \u00e2mbito da filosofia humanista e das ideias politicamente corretas.<\/p>\n\n\n\n<p>Eu, e alguns como eu, colocados bem no meio dessas duas posi\u00e7\u00f5es, pessoas que conseguem de forma equidistante, perceber o que h\u00e1 de bom e de ruim em cada uma delas, fica numa situa\u00e7\u00e3o pior, pois sofre pelo que cada um \u00e9 e por aquilo que poderiam ser.<\/p>\n\n\n\n<p>Se Bolsonaro n\u00e3o fosse t\u00e3o bo\u00e7al, se fosse mais diplom\u00e1tico, educado, respeitoso, se tivesse mais tato e paci\u00eancia, se soubesse se portar e se comportar, se fosse poss\u00edvel que controlasse seu \u00edmpeto, se ouvisse e se dispusesse a seguir alguns bons conselhos, seria um bom presidente.<\/p>\n\n\n\n<p>Se Lula voltasse a ser o mesmo de seu primeiro ano de governo, quando sua maior vaidade era ser verdadeira e honestamente o \u201csalvador da p\u00e1tria\u201d, se esquecesse o brilho dos holofotes e do poder supremo, se rejeitasse os radicalismos da luta de classes, se deixasse de acreditar nas mentiras que diz, seria um bom presidente.<\/p>\n\n\n\n<p>Mas \u00e9 muito improv\u00e1vel que qualquer um dos dois mude. \u00c9 quase certo que os dois permanecer\u00e3o como realmente s\u00e3o, como s\u00e3o suas naturezas, daquilo que s\u00e3o feitos. &nbsp;<\/p>\n\n\n\n<p>Qualquer um dos dois poder\u00e1 vencer as elei\u00e7\u00f5es amanh\u00e3, mas certamente, qualquer que seja o resultado, n\u00f3s brasileiros, seremos os grandes derrotados, gra\u00e7as a uma pol\u00edtica de radicaliza\u00e7\u00e3o est\u00fapida, criada por ambos os lados para se consolidarem no poder.<\/p>\n\n\n\n<p>Depois de amanh\u00e3, independentemente de quem ganhe, ele n\u00e3o ter\u00e1 vencido, pois nosso pa\u00eds estar\u00e1 dividido e o vencedor ter\u00e1 muito trabalho para governar, o que mais uma vez far\u00e1 com que os perdedores sejamos n\u00f3s, a brava gente brasileira.<\/p>\n","protected":false},"excerpt":{"rendered":"<p>Fiquei em d\u00favida sobre qual t\u00edtulo deveria dar ao meu texto de hoje. N\u00e3o sabia ao certo se iria falar [&hellip;]<\/p>\n","protected":false},"author":7,"featured_media":0,"comment_status":"open","ping_status":"open","sticky":false,"template":"","format":"standard","meta":{"site-sidebar-layout":"default","site-content-layout":"","ast-site-content-layout":"default","site-content-style":"default","site-sidebar-style":"default","ast-global-header-display":"","ast-banner-title-visibility":"","ast-main-header-display":"","ast-hfb-above-header-display":"","ast-hfb-below-header-display":"","ast-hfb-mobile-header-display":"","site-post-title":"","ast-breadcrumbs-content":"","ast-featured-img":"","footer-sml-layout":"","ast-disable-related-posts":"","theme-transparent-header-meta":"","adv-header-id-meta":"","stick-header-meta":"","header-above-stick-meta":"","header-main-stick-meta":"","header-below-stick-meta":"","astra-migrate-meta-layouts":"default","ast-page-background-enabled":"default","ast-page-background-meta":{"desktop":{"background-color":"var(--ast-global-color-5)","background-image":"","background-repeat":"repeat","background-position":"center center","background-size":"auto","background-attachment":"scroll","background-type":"","background-media":"","overlay-type":"","overlay-color":"","overlay-opacity":"","overlay-gradient":""},"tablet":{"background-color":"","background-image":"","background-repeat":"repeat","background-position":"center center","background-size":"auto","background-attachment":"scroll","background-type":"","background-media":"","overlay-type":"","overlay-color":"","overlay-opacity":"","overlay-gradient":""},"mobile":{"background-color":"","background-image":"","background-repeat":"repeat","background-position":"center center","background-size":"auto","background-attachment":"scroll","background-type":"","background-media":"","overlay-type":"","overlay-color":"","overlay-opacity":"","overlay-gradient":""}},"ast-content-background-meta":{"desktop":{"background-color":"var(--ast-global-color-4)","background-image":"","background-repeat":"repeat","background-position":"center center","background-size":"auto","background-attachment":"scroll","background-type":"","background-media":"","overlay-type":"","overlay-color":"","overlay-opacity":"","overlay-gradient":""},"tablet":{"background-color":"var(--ast-global-color-4)","background-image":"","background-repeat":"repeat","background-position":"center center","background-size":"auto","background-attachment":"scroll","background-type":"","background-media":"","overlay-type":"","overlay-color":"","overlay-opacity":"","overlay-gradient":""},"mobile":{"background-color":"var(--ast-global-color-4)","background-image":"","background-repeat":"repeat","background-position":"center center","background-size":"auto","background-attachment":"scroll","background-type":"","background-media":"","overlay-type":"","overlay-color":"","overlay-opacity":"","overlay-gradient":""}},"footnotes":""},"categories":[1],"tags":[],"class_list":["post-3117","post","type-post","status-publish","format-standard","hentry","category-sem-categoria"],"yoast_head":"<!-- This site is optimized with the Yoast SEO plugin v26.6 - https:\/\/yoast.com\/wordpress\/plugins\/seo\/ -->\n<title>O dia seguinte ou O dia depois de amanh\u00e3 - Joaquim Haickel<\/title>\n<meta name=\"robots\" content=\"index, follow, max-snippet:-1, max-image-preview:large, max-video-preview:-1\" \/>\n<link rel=\"canonical\" href=\"https:\/\/www.blogsoestado.com\/joaquimhaickel\/2022\/10\/29\/o-dia-seguinte-ou-o-dia-depois-de-amanha\/\" \/>\n<meta property=\"og:locale\" content=\"pt_BR\" \/>\n<meta property=\"og:type\" content=\"article\" \/>\n<meta property=\"og:title\" content=\"O dia seguinte ou O dia depois de amanh\u00e3 - Joaquim Haickel\" \/>\n<meta property=\"og:description\" content=\"Fiquei em d\u00favida sobre qual t\u00edtulo deveria dar ao meu texto de hoje. N\u00e3o sabia ao certo se iria falar [&hellip;]\" \/>\n<meta property=\"og:url\" content=\"https:\/\/www.blogsoestado.com\/joaquimhaickel\/2022\/10\/29\/o-dia-seguinte-ou-o-dia-depois-de-amanha\/\" \/>\n<meta property=\"og:site_name\" content=\"Joaquim Haickel\" \/>\n<meta property=\"article:published_time\" content=\"2022-10-29T18:40:12+00:00\" \/>\n<meta property=\"og:image\" content=\"https:\/\/www.blogsoestado.com\/joaquimhaickel\/wp-content\/uploads\/sites\/6\/2022\/10\/81Xknv3vTKL._AC_SL1500_-1-726x1024.jpg\" \/>\n<meta name=\"author\" content=\"Joaquim Haickel\" \/>\n<meta name=\"twitter:card\" content=\"summary_large_image\" \/>\n<meta name=\"twitter:label1\" content=\"Escrito por\" \/>\n\t<meta name=\"twitter:data1\" content=\"Joaquim Haickel\" \/>\n\t<meta name=\"twitter:label2\" content=\"Est. tempo de leitura\" \/>\n\t<meta name=\"twitter:data2\" content=\"5 minutos\" \/>\n<script type=\"application\/ld+json\" class=\"yoast-schema-graph\">{\"@context\":\"https:\/\/schema.org\",\"@graph\":[{\"@type\":\"WebPage\",\"@id\":\"https:\/\/www.blogsoestado.com\/joaquimhaickel\/2022\/10\/29\/o-dia-seguinte-ou-o-dia-depois-de-amanha\/\",\"url\":\"https:\/\/www.blogsoestado.com\/joaquimhaickel\/2022\/10\/29\/o-dia-seguinte-ou-o-dia-depois-de-amanha\/\",\"name\":\"O dia seguinte ou O dia depois de amanh\u00e3 - Joaquim Haickel\",\"isPartOf\":{\"@id\":\"https:\/\/www.blogsoestado.com\/joaquimhaickel\/#website\"},\"primaryImageOfPage\":{\"@id\":\"https:\/\/www.blogsoestado.com\/joaquimhaickel\/2022\/10\/29\/o-dia-seguinte-ou-o-dia-depois-de-amanha\/#primaryimage\"},\"image\":{\"@id\":\"https:\/\/www.blogsoestado.com\/joaquimhaickel\/2022\/10\/29\/o-dia-seguinte-ou-o-dia-depois-de-amanha\/#primaryimage\"},\"thumbnailUrl\":\"https:\/\/www.blogsoestado.com\/joaquimhaickel\/wp-content\/uploads\/sites\/6\/2022\/10\/81Xknv3vTKL._AC_SL1500_-1-726x1024.jpg\",\"datePublished\":\"2022-10-29T18:40:12+00:00\",\"author\":{\"@id\":\"https:\/\/www.blogsoestado.com\/joaquimhaickel\/#\/schema\/person\/4a711644aff28245c6c2c3452d66d325\"},\"breadcrumb\":{\"@id\":\"https:\/\/www.blogsoestado.com\/joaquimhaickel\/2022\/10\/29\/o-dia-seguinte-ou-o-dia-depois-de-amanha\/#breadcrumb\"},\"inLanguage\":\"pt-BR\",\"potentialAction\":[{\"@type\":\"ReadAction\",\"target\":[\"https:\/\/www.blogsoestado.com\/joaquimhaickel\/2022\/10\/29\/o-dia-seguinte-ou-o-dia-depois-de-amanha\/\"]}]},{\"@type\":\"ImageObject\",\"inLanguage\":\"pt-BR\",\"@id\":\"https:\/\/www.blogsoestado.com\/joaquimhaickel\/2022\/10\/29\/o-dia-seguinte-ou-o-dia-depois-de-amanha\/#primaryimage\",\"url\":\"https:\/\/www.blogsoestado.com\/joaquimhaickel\/wp-content\/uploads\/sites\/6\/2022\/10\/81Xknv3vTKL._AC_SL1500_-1.jpg\",\"contentUrl\":\"https:\/\/www.blogsoestado.com\/joaquimhaickel\/wp-content\/uploads\/sites\/6\/2022\/10\/81Xknv3vTKL._AC_SL1500_-1.jpg\",\"width\":1063,\"height\":1500},{\"@type\":\"BreadcrumbList\",\"@id\":\"https:\/\/www.blogsoestado.com\/joaquimhaickel\/2022\/10\/29\/o-dia-seguinte-ou-o-dia-depois-de-amanha\/#breadcrumb\",\"itemListElement\":[{\"@type\":\"ListItem\",\"position\":1,\"name\":\"In\u00edcio\",\"item\":\"https:\/\/www.blogsoestado.com\/joaquimhaickel\/\"},{\"@type\":\"ListItem\",\"position\":2,\"name\":\"O dia seguinte ou O dia depois de amanh\u00e3\"}]},{\"@type\":\"WebSite\",\"@id\":\"https:\/\/www.blogsoestado.com\/joaquimhaickel\/#website\",\"url\":\"https:\/\/www.blogsoestado.com\/joaquimhaickel\/\",\"name\":\"Joaquim Haickel\",\"description\":\"\",\"potentialAction\":[{\"@type\":\"SearchAction\",\"target\":{\"@type\":\"EntryPoint\",\"urlTemplate\":\"https:\/\/www.blogsoestado.com\/joaquimhaickel\/?s={search_term_string}\"},\"query-input\":{\"@type\":\"PropertyValueSpecification\",\"valueRequired\":true,\"valueName\":\"search_term_string\"}}],\"inLanguage\":\"pt-BR\"},{\"@type\":\"Person\",\"@id\":\"https:\/\/www.blogsoestado.com\/joaquimhaickel\/#\/schema\/person\/4a711644aff28245c6c2c3452d66d325\",\"name\":\"Joaquim Haickel\",\"image\":{\"@type\":\"ImageObject\",\"inLanguage\":\"pt-BR\",\"@id\":\"https:\/\/www.blogsoestado.com\/joaquimhaickel\/#\/schema\/person\/image\/\",\"url\":\"https:\/\/secure.gravatar.com\/avatar\/473d89339b9f8ec089adb8d5778363eb5a2ba2319956bcf0298bfd8cca04684a?s=96&d=mm&r=g\",\"contentUrl\":\"https:\/\/secure.gravatar.com\/avatar\/473d89339b9f8ec089adb8d5778363eb5a2ba2319956bcf0298bfd8cca04684a?s=96&d=mm&r=g\",\"caption\":\"Joaquim Haickel\"},\"url\":\"https:\/\/www.blogsoestado.com\/joaquimhaickel\/author\/joaquimhaickel\/\"}]}<\/script>\n<!-- \/ Yoast SEO plugin. -->","yoast_head_json":{"title":"O dia seguinte ou O dia depois de amanh\u00e3 - Joaquim Haickel","robots":{"index":"index","follow":"follow","max-snippet":"max-snippet:-1","max-image-preview":"max-image-preview:large","max-video-preview":"max-video-preview:-1"},"canonical":"https:\/\/www.blogsoestado.com\/joaquimhaickel\/2022\/10\/29\/o-dia-seguinte-ou-o-dia-depois-de-amanha\/","og_locale":"pt_BR","og_type":"article","og_title":"O dia seguinte ou O dia depois de amanh\u00e3 - Joaquim Haickel","og_description":"Fiquei em d\u00favida sobre qual t\u00edtulo deveria dar ao meu texto de hoje. N\u00e3o sabia ao certo se iria falar [&hellip;]","og_url":"https:\/\/www.blogsoestado.com\/joaquimhaickel\/2022\/10\/29\/o-dia-seguinte-ou-o-dia-depois-de-amanha\/","og_site_name":"Joaquim Haickel","article_published_time":"2022-10-29T18:40:12+00:00","og_image":[{"url":"https:\/\/www.blogsoestado.com\/joaquimhaickel\/wp-content\/uploads\/sites\/6\/2022\/10\/81Xknv3vTKL._AC_SL1500_-1-726x1024.jpg","type":"","width":"","height":""}],"author":"Joaquim Haickel","twitter_card":"summary_large_image","twitter_misc":{"Escrito por":"Joaquim Haickel","Est. tempo de leitura":"5 minutos"},"schema":{"@context":"https:\/\/schema.org","@graph":[{"@type":"WebPage","@id":"https:\/\/www.blogsoestado.com\/joaquimhaickel\/2022\/10\/29\/o-dia-seguinte-ou-o-dia-depois-de-amanha\/","url":"https:\/\/www.blogsoestado.com\/joaquimhaickel\/2022\/10\/29\/o-dia-seguinte-ou-o-dia-depois-de-amanha\/","name":"O dia seguinte ou O dia depois de amanh\u00e3 - Joaquim Haickel","isPartOf":{"@id":"https:\/\/www.blogsoestado.com\/joaquimhaickel\/#website"},"primaryImageOfPage":{"@id":"https:\/\/www.blogsoestado.com\/joaquimhaickel\/2022\/10\/29\/o-dia-seguinte-ou-o-dia-depois-de-amanha\/#primaryimage"},"image":{"@id":"https:\/\/www.blogsoestado.com\/joaquimhaickel\/2022\/10\/29\/o-dia-seguinte-ou-o-dia-depois-de-amanha\/#primaryimage"},"thumbnailUrl":"https:\/\/www.blogsoestado.com\/joaquimhaickel\/wp-content\/uploads\/sites\/6\/2022\/10\/81Xknv3vTKL._AC_SL1500_-1-726x1024.jpg","datePublished":"2022-10-29T18:40:12+00:00","author":{"@id":"https:\/\/www.blogsoestado.com\/joaquimhaickel\/#\/schema\/person\/4a711644aff28245c6c2c3452d66d325"},"breadcrumb":{"@id":"https:\/\/www.blogsoestado.com\/joaquimhaickel\/2022\/10\/29\/o-dia-seguinte-ou-o-dia-depois-de-amanha\/#breadcrumb"},"inLanguage":"pt-BR","potentialAction":[{"@type":"ReadAction","target":["https:\/\/www.blogsoestado.com\/joaquimhaickel\/2022\/10\/29\/o-dia-seguinte-ou-o-dia-depois-de-amanha\/"]}]},{"@type":"ImageObject","inLanguage":"pt-BR","@id":"https:\/\/www.blogsoestado.com\/joaquimhaickel\/2022\/10\/29\/o-dia-seguinte-ou-o-dia-depois-de-amanha\/#primaryimage","url":"https:\/\/www.blogsoestado.com\/joaquimhaickel\/wp-content\/uploads\/sites\/6\/2022\/10\/81Xknv3vTKL._AC_SL1500_-1.jpg","contentUrl":"https:\/\/www.blogsoestado.com\/joaquimhaickel\/wp-content\/uploads\/sites\/6\/2022\/10\/81Xknv3vTKL._AC_SL1500_-1.jpg","width":1063,"height":1500},{"@type":"BreadcrumbList","@id":"https:\/\/www.blogsoestado.com\/joaquimhaickel\/2022\/10\/29\/o-dia-seguinte-ou-o-dia-depois-de-amanha\/#breadcrumb","itemListElement":[{"@type":"ListItem","position":1,"name":"In\u00edcio","item":"https:\/\/www.blogsoestado.com\/joaquimhaickel\/"},{"@type":"ListItem","position":2,"name":"O dia seguinte ou O dia depois de amanh\u00e3"}]},{"@type":"WebSite","@id":"https:\/\/www.blogsoestado.com\/joaquimhaickel\/#website","url":"https:\/\/www.blogsoestado.com\/joaquimhaickel\/","name":"Joaquim Haickel","description":"","potentialAction":[{"@type":"SearchAction","target":{"@type":"EntryPoint","urlTemplate":"https:\/\/www.blogsoestado.com\/joaquimhaickel\/?s={search_term_string}"},"query-input":{"@type":"PropertyValueSpecification","valueRequired":true,"valueName":"search_term_string"}}],"inLanguage":"pt-BR"},{"@type":"Person","@id":"https:\/\/www.blogsoestado.com\/joaquimhaickel\/#\/schema\/person\/4a711644aff28245c6c2c3452d66d325","name":"Joaquim Haickel","image":{"@type":"ImageObject","inLanguage":"pt-BR","@id":"https:\/\/www.blogsoestado.com\/joaquimhaickel\/#\/schema\/person\/image\/","url":"https:\/\/secure.gravatar.com\/avatar\/473d89339b9f8ec089adb8d5778363eb5a2ba2319956bcf0298bfd8cca04684a?s=96&d=mm&r=g","contentUrl":"https:\/\/secure.gravatar.com\/avatar\/473d89339b9f8ec089adb8d5778363eb5a2ba2319956bcf0298bfd8cca04684a?s=96&d=mm&r=g","caption":"Joaquim Haickel"},"url":"https:\/\/www.blogsoestado.com\/joaquimhaickel\/author\/joaquimhaickel\/"}]}},"jetpack_featured_media_url":"","_links":{"self":[{"href":"https:\/\/www.blogsoestado.com\/joaquimhaickel\/wp-json\/wp\/v2\/posts\/3117","targetHints":{"allow":["GET"]}}],"collection":[{"href":"https:\/\/www.blogsoestado.com\/joaquimhaickel\/wp-json\/wp\/v2\/posts"}],"about":[{"href":"https:\/\/www.blogsoestado.com\/joaquimhaickel\/wp-json\/wp\/v2\/types\/post"}],"author":[{"embeddable":true,"href":"https:\/\/www.blogsoestado.com\/joaquimhaickel\/wp-json\/wp\/v2\/users\/7"}],"replies":[{"embeddable":true,"href":"https:\/\/www.blogsoestado.com\/joaquimhaickel\/wp-json\/wp\/v2\/comments?post=3117"}],"version-history":[{"count":0,"href":"https:\/\/www.blogsoestado.com\/joaquimhaickel\/wp-json\/wp\/v2\/posts\/3117\/revisions"}],"wp:attachment":[{"href":"https:\/\/www.blogsoestado.com\/joaquimhaickel\/wp-json\/wp\/v2\/media?parent=3117"}],"wp:term":[{"taxonomy":"category","embeddable":true,"href":"https:\/\/www.blogsoestado.com\/joaquimhaickel\/wp-json\/wp\/v2\/categories?post=3117"},{"taxonomy":"post_tag","embeddable":true,"href":"https:\/\/www.blogsoestado.com\/joaquimhaickel\/wp-json\/wp\/v2\/tags?post=3117"}],"curies":[{"name":"wp","href":"https:\/\/api.w.org\/{rel}","templated":true}]}}