{"id":3129,"date":"2022-11-03T08:20:54","date_gmt":"2022-11-03T11:20:54","guid":{"rendered":"https:\/\/www.blogsoestado.com\/joaquimhaickel\/?p=3129"},"modified":"2022-11-03T08:20:54","modified_gmt":"2022-11-03T11:20:54","slug":"sobre-as-manifestacoes-que-estao-acontecendo-no-brasil-desde-que-foi-divulgado-o-resultado-da-eleicao","status":"publish","type":"post","link":"https:\/\/www.blogsoestado.com\/joaquimhaickel\/2022\/11\/03\/sobre-as-manifestacoes-que-estao-acontecendo-no-brasil-desde-que-foi-divulgado-o-resultado-da-eleicao\/","title":{"rendered":"Sobre as manifesta\u00e7\u00f5es que est\u00e3o acontecendo no Brasil, desde que foi divulgado o resultado da elei\u00e7\u00e3o"},"content":{"rendered":"\n<figure class=\"wp-block-image size-large\"><a href=\"https:\/\/www.blogsoestado.com\/joaquimhaickel\/wp-content\/uploads\/sites\/6\/2022\/11\/uai20221102002-675x450-1-1.jpg\"><img fetchpriority=\"high\" decoding=\"async\" width=\"675\" height=\"450\" src=\"https:\/\/www.blogsoestado.com\/joaquimhaickel\/wp-content\/uploads\/sites\/6\/2022\/11\/uai20221102002-675x450-1-1.jpg\" alt=\"\" class=\"wp-image-3130\" srcset=\"https:\/\/www.blogsoestado.com\/joaquimhaickel\/wp-content\/uploads\/sites\/6\/2022\/11\/uai20221102002-675x450-1-1.jpg 675w, https:\/\/www.blogsoestado.com\/joaquimhaickel\/wp-content\/uploads\/sites\/6\/2022\/11\/uai20221102002-675x450-1-1-300x200.jpg 300w\" sizes=\"(max-width: 675px) 100vw, 675px\" \/><\/a><\/figure>\n\n\n\n<p>Manifesta\u00e7\u00f5es ordeiras, que n\u00e3o transgridam nenhuma lei, s\u00e3o leg\u00edtimas e protegidas pela Constitui\u00e7\u00e3o Federal. Querer criminalizar esse tipo de coisa \u00e9 grave ofensa aos direitos fundamentais do cidad\u00e3o brasileiro.<\/p>\n\n\n\n<p>Marginalizar ou discriminar pessoas por suas op\u00e7\u00f5es quanto a sexo ou g\u00eanero, religi\u00e3o ou credo, e ideologia pol\u00edtica, \u00e9 crime grave, mesmo que existam aqueles que achem que s\u00f3 algumas pessoas podem ser beneficiadas por essa lei.<\/p>\n\n\n\n<p>N\u00e3o s\u00e3o leg\u00edtimos os bloqueios de estradas ou de qualquer via p\u00fablica, que impe\u00e7a o direito de ir e vir do cidad\u00e3o. Esse tipo de a\u00e7\u00e3o, n\u00e3o \u00e9 igual, mas se assemelha com as a\u00e7\u00f5es abomin\u00e1veis implementadas pelo MST, o MTST e outros baderneiros de esquerda.<\/p>\n\n\n\n<p>Na esteira desses acontecimentos, vemos o TSE praticando advocacia judicial e interferindo em outros direitos resguardados por nossa constitui\u00e7\u00e3o como o direito a opini\u00e3o, derrubando perfis em redes sociais.<\/p>\n\n\n\n<p>Bolsonaro, a quem trato com adjetivos pouco amig\u00e1veis como bo\u00e7al, acaba de postar um v\u00eddeo em suas redes sociais onde pede que n\u00e3o bloqueiem estradas, pois isso fere a nossa constitui\u00e7\u00e3o. Ele tamb\u00e9m diz que manifesta\u00e7\u00f5es pac\u00edficas e legais, n\u00e3o podem ser coibidas.<\/p>\n\n\n\n<p>Um pouco tarde para o presidente se portar e comportar como um estadista. Ele deveria ter agido assim, seguindo essa l\u00f3gica desde o primeiro dia de seu governo. N\u00e3o ter feito isso, resultou em sua derrota.<\/p>\n\n\n\n<p>Nas redes sociais dos esquerdopatas o que se v\u00ea s\u00e3o ataques aos manifestantes. Eles atacam igualmente os que descumprem as leis e aqueles que se manifestam de forma pac\u00edfica e dentro da lei, o que demonstra bem o tra\u00e7o forte dos seus car\u00e1teres.<\/p>\n\n\n\n<p>A atriz Cassia Kiss foi insultada horrivelmente por se juntar a um grupo de pessoas que rezavam um \u201cpai nosso\u201d, demostrando mais uma vez que essas pessoas, sim, s\u00e3o despreparadas para o conv\u00edvio democr\u00e1tico.<\/p>\n\n\n\n<p>O nosso sistema de vota\u00e7\u00e3o \u00e9 confi\u00e1vel, mas pode ser melhorado. N\u00e3o fazer isso al\u00e9m de burrice \u00e9 um ato de autoritarismo e viol\u00eancia jur\u00eddica, cosas que aconteceram de forma abundante antes, durante e est\u00e1 acontecendo agora, depois das elei\u00e7\u00f5es.<\/p>\n\n\n\n<p>Pedirem interven\u00e7\u00e3o federal \u00e9 completamente fora de prop\u00f3sito. Em que pese as discrep\u00e2ncias e irregularidades cometidas pelo poder judici\u00e1rio, o processo eleitoral transcorreu de forma normal e esses atos conden\u00e1veis n\u00e3o influ\u00edram no resultado da elei\u00e7\u00e3o, mas precisam ser apontados e esclarecidos de forma cabal.<\/p>\n\n\n\n<p>Muito triste tudo isso que est\u00e1 acontecendo em nosso pa\u00eds. Uns se envergonham de serem governados por um fascista genocida, enquanto outros abominam a ideia de virem a ser governados por corrupto e ladr\u00e3o.<\/p>\n\n\n\n<p>Manter-nos conscientes, capazes de enxergar a verdade em meio a todas as narrativas falaciosas e mentirosas que fervilham a nossa frente, \u00e9 uma tarefa herc\u00falea e nem sempre se consegue. Uma coisa \u00e9 indispens\u00e1vel para isso: usar o c\u00e9rebro, jamais o cora\u00e7\u00e3o, o f\u00edgado ou o bolso.&nbsp;<\/p>\n","protected":false},"excerpt":{"rendered":"<p>Manifesta\u00e7\u00f5es ordeiras, que n\u00e3o transgridam nenhuma lei, s\u00e3o leg\u00edtimas e protegidas pela Constitui\u00e7\u00e3o Federal. Querer criminalizar esse tipo de coisa [&hellip;]<\/p>\n","protected":false},"author":7,"featured_media":0,"comment_status":"open","ping_status":"open","sticky":false,"template":"","format":"standard","meta":{"site-sidebar-layout":"default","site-content-layout":"","ast-site-content-layout":"default","site-content-style":"default","site-sidebar-style":"default","ast-global-header-display":"","ast-banner-title-visibility":"","ast-main-header-display":"","ast-hfb-above-header-display":"","ast-hfb-below-header-display":"","ast-hfb-mobile-header-display":"","site-post-title":"","ast-breadcrumbs-content":"","ast-featured-img":"","footer-sml-layout":"","ast-disable-related-posts":"","theme-transparent-header-meta":"","adv-header-id-meta":"","stick-header-meta":"","header-above-stick-meta":"","header-main-stick-meta":"","header-below-stick-meta":"","astra-migrate-meta-layouts":"default","ast-page-background-enabled":"default","ast-page-background-meta":{"desktop":{"background-color":"var(--ast-global-color-5)","background-image":"","background-repeat":"repeat","background-position":"center center","background-size":"auto","background-attachment":"scroll","background-type":"","background-media":"","overlay-type":"","overlay-color":"","overlay-opacity":"","overlay-gradient":""},"tablet":{"background-color":"","background-image":"","background-repeat":"repeat","background-position":"center center","background-size":"auto","background-attachment":"scroll","background-type":"","background-media":"","overlay-type":"","overlay-color":"","overlay-opacity":"","overlay-gradient":""},"mobile":{"background-color":"","background-image":"","background-repeat":"repeat","background-position":"center center","background-size":"auto","background-attachment":"scroll","background-type":"","background-media":"","overlay-type":"","overlay-color":"","overlay-opacity":"","overlay-gradient":""}},"ast-content-background-meta":{"desktop":{"background-color":"var(--ast-global-color-4)","background-image":"","background-repeat":"repeat","background-position":"center center","background-size":"auto","background-attachment":"scroll","background-type":"","background-media":"","overlay-type":"","overlay-color":"","overlay-opacity":"","overlay-gradient":""},"tablet":{"background-color":"var(--ast-global-color-4)","background-image":"","background-repeat":"repeat","background-position":"center center","background-size":"auto","background-attachment":"scroll","background-type":"","background-media":"","overlay-type":"","overlay-color":"","overlay-opacity":"","overlay-gradient":""},"mobile":{"background-color":"var(--ast-global-color-4)","background-image":"","background-repeat":"repeat","background-position":"center center","background-size":"auto","background-attachment":"scroll","background-type":"","background-media":"","overlay-type":"","overlay-color":"","overlay-opacity":"","overlay-gradient":""}},"footnotes":""},"categories":[1],"tags":[],"class_list":["post-3129","post","type-post","status-publish","format-standard","hentry","category-sem-categoria"],"yoast_head":"<!-- This site is optimized with the Yoast SEO plugin v26.6 - https:\/\/yoast.com\/wordpress\/plugins\/seo\/ -->\n<title>Sobre as manifesta\u00e7\u00f5es que est\u00e3o acontecendo no Brasil, desde que foi divulgado o resultado da elei\u00e7\u00e3o - Joaquim Haickel<\/title>\n<meta name=\"robots\" content=\"index, follow, max-snippet:-1, max-image-preview:large, max-video-preview:-1\" \/>\n<link rel=\"canonical\" href=\"https:\/\/www.blogsoestado.com\/joaquimhaickel\/2022\/11\/03\/sobre-as-manifestacoes-que-estao-acontecendo-no-brasil-desde-que-foi-divulgado-o-resultado-da-eleicao\/\" \/>\n<meta property=\"og:locale\" content=\"pt_BR\" \/>\n<meta property=\"og:type\" content=\"article\" \/>\n<meta property=\"og:title\" content=\"Sobre as manifesta\u00e7\u00f5es que est\u00e3o acontecendo no Brasil, desde que foi divulgado o resultado da elei\u00e7\u00e3o - Joaquim Haickel\" \/>\n<meta property=\"og:description\" content=\"Manifesta\u00e7\u00f5es ordeiras, que n\u00e3o transgridam nenhuma lei, s\u00e3o leg\u00edtimas e protegidas pela Constitui\u00e7\u00e3o Federal. Querer criminalizar esse tipo de coisa [&hellip;]\" \/>\n<meta property=\"og:url\" content=\"https:\/\/www.blogsoestado.com\/joaquimhaickel\/2022\/11\/03\/sobre-as-manifestacoes-que-estao-acontecendo-no-brasil-desde-que-foi-divulgado-o-resultado-da-eleicao\/\" \/>\n<meta property=\"og:site_name\" content=\"Joaquim Haickel\" \/>\n<meta property=\"article:published_time\" content=\"2022-11-03T11:20:54+00:00\" \/>\n<meta property=\"og:image\" content=\"https:\/\/www.blogsoestado.com\/joaquimhaickel\/wp-content\/uploads\/sites\/6\/2022\/11\/uai20221102002-675x450-1-1.jpg\" \/>\n<meta name=\"author\" content=\"Joaquim Haickel\" \/>\n<meta name=\"twitter:card\" content=\"summary_large_image\" \/>\n<meta name=\"twitter:label1\" content=\"Escrito por\" \/>\n\t<meta name=\"twitter:data1\" content=\"Joaquim Haickel\" \/>\n\t<meta name=\"twitter:label2\" content=\"Est. tempo de leitura\" \/>\n\t<meta name=\"twitter:data2\" content=\"3 minutos\" \/>\n<script type=\"application\/ld+json\" class=\"yoast-schema-graph\">{\"@context\":\"https:\/\/schema.org\",\"@graph\":[{\"@type\":\"WebPage\",\"@id\":\"https:\/\/www.blogsoestado.com\/joaquimhaickel\/2022\/11\/03\/sobre-as-manifestacoes-que-estao-acontecendo-no-brasil-desde-que-foi-divulgado-o-resultado-da-eleicao\/\",\"url\":\"https:\/\/www.blogsoestado.com\/joaquimhaickel\/2022\/11\/03\/sobre-as-manifestacoes-que-estao-acontecendo-no-brasil-desde-que-foi-divulgado-o-resultado-da-eleicao\/\",\"name\":\"Sobre as manifesta\u00e7\u00f5es que est\u00e3o acontecendo no Brasil, desde que foi divulgado o resultado da elei\u00e7\u00e3o - Joaquim Haickel\",\"isPartOf\":{\"@id\":\"https:\/\/www.blogsoestado.com\/joaquimhaickel\/#website\"},\"primaryImageOfPage\":{\"@id\":\"https:\/\/www.blogsoestado.com\/joaquimhaickel\/2022\/11\/03\/sobre-as-manifestacoes-que-estao-acontecendo-no-brasil-desde-que-foi-divulgado-o-resultado-da-eleicao\/#primaryimage\"},\"image\":{\"@id\":\"https:\/\/www.blogsoestado.com\/joaquimhaickel\/2022\/11\/03\/sobre-as-manifestacoes-que-estao-acontecendo-no-brasil-desde-que-foi-divulgado-o-resultado-da-eleicao\/#primaryimage\"},\"thumbnailUrl\":\"https:\/\/www.blogsoestado.com\/joaquimhaickel\/wp-content\/uploads\/sites\/6\/2022\/11\/uai20221102002-675x450-1-1.jpg\",\"datePublished\":\"2022-11-03T11:20:54+00:00\",\"author\":{\"@id\":\"https:\/\/www.blogsoestado.com\/joaquimhaickel\/#\/schema\/person\/4a711644aff28245c6c2c3452d66d325\"},\"breadcrumb\":{\"@id\":\"https:\/\/www.blogsoestado.com\/joaquimhaickel\/2022\/11\/03\/sobre-as-manifestacoes-que-estao-acontecendo-no-brasil-desde-que-foi-divulgado-o-resultado-da-eleicao\/#breadcrumb\"},\"inLanguage\":\"pt-BR\",\"potentialAction\":[{\"@type\":\"ReadAction\",\"target\":[\"https:\/\/www.blogsoestado.com\/joaquimhaickel\/2022\/11\/03\/sobre-as-manifestacoes-que-estao-acontecendo-no-brasil-desde-que-foi-divulgado-o-resultado-da-eleicao\/\"]}]},{\"@type\":\"ImageObject\",\"inLanguage\":\"pt-BR\",\"@id\":\"https:\/\/www.blogsoestado.com\/joaquimhaickel\/2022\/11\/03\/sobre-as-manifestacoes-que-estao-acontecendo-no-brasil-desde-que-foi-divulgado-o-resultado-da-eleicao\/#primaryimage\",\"url\":\"https:\/\/www.blogsoestado.com\/joaquimhaickel\/wp-content\/uploads\/sites\/6\/2022\/11\/uai20221102002-675x450-1-1.jpg\",\"contentUrl\":\"https:\/\/www.blogsoestado.com\/joaquimhaickel\/wp-content\/uploads\/sites\/6\/2022\/11\/uai20221102002-675x450-1-1.jpg\"},{\"@type\":\"BreadcrumbList\",\"@id\":\"https:\/\/www.blogsoestado.com\/joaquimhaickel\/2022\/11\/03\/sobre-as-manifestacoes-que-estao-acontecendo-no-brasil-desde-que-foi-divulgado-o-resultado-da-eleicao\/#breadcrumb\",\"itemListElement\":[{\"@type\":\"ListItem\",\"position\":1,\"name\":\"In\u00edcio\",\"item\":\"https:\/\/www.blogsoestado.com\/joaquimhaickel\/\"},{\"@type\":\"ListItem\",\"position\":2,\"name\":\"Sobre as manifesta\u00e7\u00f5es que est\u00e3o acontecendo no Brasil, desde que foi divulgado o resultado da elei\u00e7\u00e3o\"}]},{\"@type\":\"WebSite\",\"@id\":\"https:\/\/www.blogsoestado.com\/joaquimhaickel\/#website\",\"url\":\"https:\/\/www.blogsoestado.com\/joaquimhaickel\/\",\"name\":\"Joaquim Haickel\",\"description\":\"\",\"potentialAction\":[{\"@type\":\"SearchAction\",\"target\":{\"@type\":\"EntryPoint\",\"urlTemplate\":\"https:\/\/www.blogsoestado.com\/joaquimhaickel\/?s={search_term_string}\"},\"query-input\":{\"@type\":\"PropertyValueSpecification\",\"valueRequired\":true,\"valueName\":\"search_term_string\"}}],\"inLanguage\":\"pt-BR\"},{\"@type\":\"Person\",\"@id\":\"https:\/\/www.blogsoestado.com\/joaquimhaickel\/#\/schema\/person\/4a711644aff28245c6c2c3452d66d325\",\"name\":\"Joaquim Haickel\",\"image\":{\"@type\":\"ImageObject\",\"inLanguage\":\"pt-BR\",\"@id\":\"https:\/\/www.blogsoestado.com\/joaquimhaickel\/#\/schema\/person\/image\/\",\"url\":\"https:\/\/secure.gravatar.com\/avatar\/473d89339b9f8ec089adb8d5778363eb5a2ba2319956bcf0298bfd8cca04684a?s=96&d=mm&r=g\",\"contentUrl\":\"https:\/\/secure.gravatar.com\/avatar\/473d89339b9f8ec089adb8d5778363eb5a2ba2319956bcf0298bfd8cca04684a?s=96&d=mm&r=g\",\"caption\":\"Joaquim Haickel\"},\"url\":\"https:\/\/www.blogsoestado.com\/joaquimhaickel\/author\/joaquimhaickel\/\"}]}<\/script>\n<!-- \/ Yoast SEO plugin. -->","yoast_head_json":{"title":"Sobre as manifesta\u00e7\u00f5es que est\u00e3o acontecendo no Brasil, desde que foi divulgado o resultado da elei\u00e7\u00e3o - Joaquim Haickel","robots":{"index":"index","follow":"follow","max-snippet":"max-snippet:-1","max-image-preview":"max-image-preview:large","max-video-preview":"max-video-preview:-1"},"canonical":"https:\/\/www.blogsoestado.com\/joaquimhaickel\/2022\/11\/03\/sobre-as-manifestacoes-que-estao-acontecendo-no-brasil-desde-que-foi-divulgado-o-resultado-da-eleicao\/","og_locale":"pt_BR","og_type":"article","og_title":"Sobre as manifesta\u00e7\u00f5es que est\u00e3o acontecendo no Brasil, desde que foi divulgado o resultado da elei\u00e7\u00e3o - Joaquim Haickel","og_description":"Manifesta\u00e7\u00f5es ordeiras, que n\u00e3o transgridam nenhuma lei, s\u00e3o leg\u00edtimas e protegidas pela Constitui\u00e7\u00e3o Federal. Querer criminalizar esse tipo de coisa [&hellip;]","og_url":"https:\/\/www.blogsoestado.com\/joaquimhaickel\/2022\/11\/03\/sobre-as-manifestacoes-que-estao-acontecendo-no-brasil-desde-que-foi-divulgado-o-resultado-da-eleicao\/","og_site_name":"Joaquim Haickel","article_published_time":"2022-11-03T11:20:54+00:00","og_image":[{"url":"https:\/\/www.blogsoestado.com\/joaquimhaickel\/wp-content\/uploads\/sites\/6\/2022\/11\/uai20221102002-675x450-1-1.jpg","type":"","width":"","height":""}],"author":"Joaquim Haickel","twitter_card":"summary_large_image","twitter_misc":{"Escrito por":"Joaquim Haickel","Est. tempo de leitura":"3 minutos"},"schema":{"@context":"https:\/\/schema.org","@graph":[{"@type":"WebPage","@id":"https:\/\/www.blogsoestado.com\/joaquimhaickel\/2022\/11\/03\/sobre-as-manifestacoes-que-estao-acontecendo-no-brasil-desde-que-foi-divulgado-o-resultado-da-eleicao\/","url":"https:\/\/www.blogsoestado.com\/joaquimhaickel\/2022\/11\/03\/sobre-as-manifestacoes-que-estao-acontecendo-no-brasil-desde-que-foi-divulgado-o-resultado-da-eleicao\/","name":"Sobre as manifesta\u00e7\u00f5es que est\u00e3o acontecendo no Brasil, desde que foi divulgado o resultado da elei\u00e7\u00e3o - Joaquim Haickel","isPartOf":{"@id":"https:\/\/www.blogsoestado.com\/joaquimhaickel\/#website"},"primaryImageOfPage":{"@id":"https:\/\/www.blogsoestado.com\/joaquimhaickel\/2022\/11\/03\/sobre-as-manifestacoes-que-estao-acontecendo-no-brasil-desde-que-foi-divulgado-o-resultado-da-eleicao\/#primaryimage"},"image":{"@id":"https:\/\/www.blogsoestado.com\/joaquimhaickel\/2022\/11\/03\/sobre-as-manifestacoes-que-estao-acontecendo-no-brasil-desde-que-foi-divulgado-o-resultado-da-eleicao\/#primaryimage"},"thumbnailUrl":"https:\/\/www.blogsoestado.com\/joaquimhaickel\/wp-content\/uploads\/sites\/6\/2022\/11\/uai20221102002-675x450-1-1.jpg","datePublished":"2022-11-03T11:20:54+00:00","author":{"@id":"https:\/\/www.blogsoestado.com\/joaquimhaickel\/#\/schema\/person\/4a711644aff28245c6c2c3452d66d325"},"breadcrumb":{"@id":"https:\/\/www.blogsoestado.com\/joaquimhaickel\/2022\/11\/03\/sobre-as-manifestacoes-que-estao-acontecendo-no-brasil-desde-que-foi-divulgado-o-resultado-da-eleicao\/#breadcrumb"},"inLanguage":"pt-BR","potentialAction":[{"@type":"ReadAction","target":["https:\/\/www.blogsoestado.com\/joaquimhaickel\/2022\/11\/03\/sobre-as-manifestacoes-que-estao-acontecendo-no-brasil-desde-que-foi-divulgado-o-resultado-da-eleicao\/"]}]},{"@type":"ImageObject","inLanguage":"pt-BR","@id":"https:\/\/www.blogsoestado.com\/joaquimhaickel\/2022\/11\/03\/sobre-as-manifestacoes-que-estao-acontecendo-no-brasil-desde-que-foi-divulgado-o-resultado-da-eleicao\/#primaryimage","url":"https:\/\/www.blogsoestado.com\/joaquimhaickel\/wp-content\/uploads\/sites\/6\/2022\/11\/uai20221102002-675x450-1-1.jpg","contentUrl":"https:\/\/www.blogsoestado.com\/joaquimhaickel\/wp-content\/uploads\/sites\/6\/2022\/11\/uai20221102002-675x450-1-1.jpg"},{"@type":"BreadcrumbList","@id":"https:\/\/www.blogsoestado.com\/joaquimhaickel\/2022\/11\/03\/sobre-as-manifestacoes-que-estao-acontecendo-no-brasil-desde-que-foi-divulgado-o-resultado-da-eleicao\/#breadcrumb","itemListElement":[{"@type":"ListItem","position":1,"name":"In\u00edcio","item":"https:\/\/www.blogsoestado.com\/joaquimhaickel\/"},{"@type":"ListItem","position":2,"name":"Sobre as manifesta\u00e7\u00f5es que est\u00e3o acontecendo no Brasil, desde que foi divulgado o resultado da elei\u00e7\u00e3o"}]},{"@type":"WebSite","@id":"https:\/\/www.blogsoestado.com\/joaquimhaickel\/#website","url":"https:\/\/www.blogsoestado.com\/joaquimhaickel\/","name":"Joaquim Haickel","description":"","potentialAction":[{"@type":"SearchAction","target":{"@type":"EntryPoint","urlTemplate":"https:\/\/www.blogsoestado.com\/joaquimhaickel\/?s={search_term_string}"},"query-input":{"@type":"PropertyValueSpecification","valueRequired":true,"valueName":"search_term_string"}}],"inLanguage":"pt-BR"},{"@type":"Person","@id":"https:\/\/www.blogsoestado.com\/joaquimhaickel\/#\/schema\/person\/4a711644aff28245c6c2c3452d66d325","name":"Joaquim Haickel","image":{"@type":"ImageObject","inLanguage":"pt-BR","@id":"https:\/\/www.blogsoestado.com\/joaquimhaickel\/#\/schema\/person\/image\/","url":"https:\/\/secure.gravatar.com\/avatar\/473d89339b9f8ec089adb8d5778363eb5a2ba2319956bcf0298bfd8cca04684a?s=96&d=mm&r=g","contentUrl":"https:\/\/secure.gravatar.com\/avatar\/473d89339b9f8ec089adb8d5778363eb5a2ba2319956bcf0298bfd8cca04684a?s=96&d=mm&r=g","caption":"Joaquim Haickel"},"url":"https:\/\/www.blogsoestado.com\/joaquimhaickel\/author\/joaquimhaickel\/"}]}},"jetpack_featured_media_url":"","_links":{"self":[{"href":"https:\/\/www.blogsoestado.com\/joaquimhaickel\/wp-json\/wp\/v2\/posts\/3129","targetHints":{"allow":["GET"]}}],"collection":[{"href":"https:\/\/www.blogsoestado.com\/joaquimhaickel\/wp-json\/wp\/v2\/posts"}],"about":[{"href":"https:\/\/www.blogsoestado.com\/joaquimhaickel\/wp-json\/wp\/v2\/types\/post"}],"author":[{"embeddable":true,"href":"https:\/\/www.blogsoestado.com\/joaquimhaickel\/wp-json\/wp\/v2\/users\/7"}],"replies":[{"embeddable":true,"href":"https:\/\/www.blogsoestado.com\/joaquimhaickel\/wp-json\/wp\/v2\/comments?post=3129"}],"version-history":[{"count":0,"href":"https:\/\/www.blogsoestado.com\/joaquimhaickel\/wp-json\/wp\/v2\/posts\/3129\/revisions"}],"wp:attachment":[{"href":"https:\/\/www.blogsoestado.com\/joaquimhaickel\/wp-json\/wp\/v2\/media?parent=3129"}],"wp:term":[{"taxonomy":"category","embeddable":true,"href":"https:\/\/www.blogsoestado.com\/joaquimhaickel\/wp-json\/wp\/v2\/categories?post=3129"},{"taxonomy":"post_tag","embeddable":true,"href":"https:\/\/www.blogsoestado.com\/joaquimhaickel\/wp-json\/wp\/v2\/tags?post=3129"}],"curies":[{"name":"wp","href":"https:\/\/api.w.org\/{rel}","templated":true}]}}