{"id":3168,"date":"2022-12-10T08:57:26","date_gmt":"2022-12-10T11:57:26","guid":{"rendered":"https:\/\/www.blogsoestado.com\/joaquimhaickel\/?p=3168"},"modified":"2022-12-10T08:57:26","modified_gmt":"2022-12-10T11:57:26","slug":"o-falastrao-e-o-tirano","status":"publish","type":"post","link":"https:\/\/www.blogsoestado.com\/joaquimhaickel\/2022\/12\/10\/o-falastrao-e-o-tirano\/","title":{"rendered":"O falastr\u00e3o e o tirano"},"content":{"rendered":"\n<figure class=\"wp-block-image size-large\"><a href=\"https:\/\/www.blogsoestado.com\/joaquimhaickel\/wp-content\/uploads\/sites\/6\/2022\/12\/jb-am-1.jpg\"><img fetchpriority=\"high\" decoding=\"async\" width=\"1024\" height=\"591\" src=\"https:\/\/www.blogsoestado.com\/joaquimhaickel\/wp-content\/uploads\/sites\/6\/2022\/12\/jb-am-1-1024x591.jpg\" alt=\"\" class=\"wp-image-3169\" srcset=\"https:\/\/www.blogsoestado.com\/joaquimhaickel\/wp-content\/uploads\/sites\/6\/2022\/12\/jb-am-1-1024x591.jpg 1024w, https:\/\/www.blogsoestado.com\/joaquimhaickel\/wp-content\/uploads\/sites\/6\/2022\/12\/jb-am-1-300x173.jpg 300w, https:\/\/www.blogsoestado.com\/joaquimhaickel\/wp-content\/uploads\/sites\/6\/2022\/12\/jb-am-1-768x443.jpg 768w, https:\/\/www.blogsoestado.com\/joaquimhaickel\/wp-content\/uploads\/sites\/6\/2022\/12\/jb-am-1.jpg 1064w\" sizes=\"(max-width: 1024px) 100vw, 1024px\" \/><\/a><\/figure>\n\n\n\n<p><\/p>\n\n\n\n<p>Na \u00faltima ter\u00e7a-feira, dia 6, fiz uma postagem em minhas redes sociais intitulada \u201cO falastr\u00e3o e o tirano\u201d, que reproduzo aqui, a seguir:<\/p>\n\n\n\n<p>\u201cNas antigas hist\u00f3rias de her\u00f3is, do tempo em que eu era bem jovem e via nas atitudes justas, nobres e honradas as qualidades mais importantes, sempre havia um personagem falastr\u00e3o e ign\u00f3bil, mas havia tamb\u00e9m um her\u00f3i que parava o tirano e dava fim a injusti\u00e7a e a usurpa\u00e7\u00e3o do poder.<\/p>\n\n\n\n<p><br>Acredito que o personagem falastr\u00e3o e ign\u00f3bil, Jair Bolsonaro, j\u00e1 tenha sido confrontado com sua triste realidade, atrav\u00e9s do resultado absurdo e desastroso de suas pr\u00f3prias atitudes, s\u00f3 n\u00e3o tenho certeza se ele entendeu clara e realmente o que aconteceu.<\/p>\n\n\n\n<p><br>Mas resta uma d\u00favida! Ainda n\u00e3o est\u00e1 claro para mim quem vai parar o tirano, usurpador do poder, Alexandre de Moraes!? Quem vai fazer com que o canalha respeite a Constitui\u00e7\u00e3o do Brasil, que ele jurou defender quando assumiu o cargo de ministro de nossa Suprema Corte?\u201d.<\/p>\n\n\n\n<p>Houve tr\u00eas tipos de rea\u00e7\u00f5es diferentes a minha postagem. Para minha satisfa\u00e7\u00e3o, a maioria foi de pessoas que concordavam integralmente comigo, mas tamb\u00e9m houve quem se ofendesse por eu qualificar Bolsonaro como o fiz, e quem dissesse que eu estava errado ao dizer o que disse sobre Alexandre de Moraes.<\/p>\n\n\n\n<p>Uma prima minha, revoltada pelo fato de eu ter chamado Bolsonaro de Ign\u00f3bil, disse que n\u00e3o admitia que ele fosse desrespeitado, logo por mim. Ela disse que ele \u00e9 um l\u00edder popular que defende a liberdade, a p\u00e1tria e a fam\u00edlia, e como tal deve ser respeitado.<\/p>\n\n\n\n<p>Eu respondi a ela que um verdadeiro l\u00edder deve se comportar de acordo com o decoro, deve ter uma conduta inatac\u00e1vel, deve ser imune a constru\u00e7\u00e3o de narrativas que o fragilize e que consequentemente coloque em risco o destino de seus liderados. Que n\u00e3o agindo destas formas Bolsonaro estava claramente tipificado como o ign\u00f3bil que descrevi em minha postagem.<\/p>\n\n\n\n<p>Uma senhora fez um coment\u00e1rio nesta minha postagem, dizendo que ela n\u00e3o conseguia entender como eu, uma pessoa t\u00e3o inteligente, culta, consciente e coerente, um artista, poderia achar que Bolsonaro fosse apenas um ign\u00f3bil falastr\u00e3o e ainda por cima taxar Alexandre de Moraes de canalha, pois ele na verdade seria o her\u00f3i dessa hist\u00f3ria!<\/p>\n\n\n\n<p>Eu respondi a ela que desde sempre deixei clara minha opini\u00e3o contr\u00e1ria a postura temer\u00e1ria do presidente da rep\u00fablica. Sempre o vi como o rem\u00e9dio amargo e ineficiente contra a grave doen\u00e7a que atacava e ainda ataca o nosso organismo nacional, ou seja, Lula, o PT e as ideias esquerdizantes de modo amplo e geral.<\/p>\n\n\n\n<p>Disse-lhe que ela estava fazendo a mesma coisa que eu, s\u00f3 que da forma inversa. O que para mim era um rem\u00e9dio travoso e duvidoso, para ela era a pr\u00f3pria doen\u00e7a. O que para mim era uma grav\u00edssima enfermidade, para ela era a cura messi\u00e2nica.<\/p>\n\n\n\n<p>Reconhe\u00e7o que usei uma met\u00e1fora um pouco forte na tentativa de explicar \u00e0quela senhora o que estava acontecendo. Disse a ela que eu entendia e respeitava o fato dela lutar para n\u00e3o ser \u201cestuprada\u201d por Bolsonaro, mas que ficava perplexo e n\u00e3o conseguia entender o fato de que para se livrar de um \u201cestuprador\u201d, ela aceitava ser \u201cestuprada\u201d por outro, Alexandre de Moraes, ainda achava isso bom e correto, al\u00e9m dela n\u00e3o ser capaz de entender a gravidade das a\u00e7\u00f5es dele e de seus colegas do STF e do TSE, cometem contra o devido processo legal, o estado de direito e a Constitui\u00e7\u00e3o Federal!<\/p>\n\n\n\n<p>Ao final de tudo isso, mais uma vez me ficou a certeza de que estamos trilhando por caminhos muito dif\u00edceis e estamos atravessando tempos muito conturbados, que precisamos ser muito s\u00e1bios para superarmos tudo isso de maneira satisfat\u00f3ria.<\/p>\n","protected":false},"excerpt":{"rendered":"<p>Na \u00faltima ter\u00e7a-feira, dia 6, fiz uma postagem em minhas redes sociais intitulada \u201cO falastr\u00e3o e o tirano\u201d, que reproduzo [&hellip;]<\/p>\n","protected":false},"author":7,"featured_media":0,"comment_status":"open","ping_status":"open","sticky":false,"template":"","format":"standard","meta":{"site-sidebar-layout":"default","site-content-layout":"","ast-site-content-layout":"default","site-content-style":"default","site-sidebar-style":"default","ast-global-header-display":"","ast-banner-title-visibility":"","ast-main-header-display":"","ast-hfb-above-header-display":"","ast-hfb-below-header-display":"","ast-hfb-mobile-header-display":"","site-post-title":"","ast-breadcrumbs-content":"","ast-featured-img":"","footer-sml-layout":"","ast-disable-related-posts":"","theme-transparent-header-meta":"","adv-header-id-meta":"","stick-header-meta":"","header-above-stick-meta":"","header-main-stick-meta":"","header-below-stick-meta":"","astra-migrate-meta-layouts":"default","ast-page-background-enabled":"default","ast-page-background-meta":{"desktop":{"background-color":"var(--ast-global-color-5)","background-image":"","background-repeat":"repeat","background-position":"center center","background-size":"auto","background-attachment":"scroll","background-type":"","background-media":"","overlay-type":"","overlay-color":"","overlay-opacity":"","overlay-gradient":""},"tablet":{"background-color":"","background-image":"","background-repeat":"repeat","background-position":"center center","background-size":"auto","background-attachment":"scroll","background-type":"","background-media":"","overlay-type":"","overlay-color":"","overlay-opacity":"","overlay-gradient":""},"mobile":{"background-color":"","background-image":"","background-repeat":"repeat","background-position":"center center","background-size":"auto","background-attachment":"scroll","background-type":"","background-media":"","overlay-type":"","overlay-color":"","overlay-opacity":"","overlay-gradient":""}},"ast-content-background-meta":{"desktop":{"background-color":"var(--ast-global-color-4)","background-image":"","background-repeat":"repeat","background-position":"center center","background-size":"auto","background-attachment":"scroll","background-type":"","background-media":"","overlay-type":"","overlay-color":"","overlay-opacity":"","overlay-gradient":""},"tablet":{"background-color":"var(--ast-global-color-4)","background-image":"","background-repeat":"repeat","background-position":"center center","background-size":"auto","background-attachment":"scroll","background-type":"","background-media":"","overlay-type":"","overlay-color":"","overlay-opacity":"","overlay-gradient":""},"mobile":{"background-color":"var(--ast-global-color-4)","background-image":"","background-repeat":"repeat","background-position":"center center","background-size":"auto","background-attachment":"scroll","background-type":"","background-media":"","overlay-type":"","overlay-color":"","overlay-opacity":"","overlay-gradient":""}},"footnotes":""},"categories":[1],"tags":[],"class_list":["post-3168","post","type-post","status-publish","format-standard","hentry","category-sem-categoria"],"yoast_head":"<!-- This site is optimized with the Yoast SEO plugin v26.6 - https:\/\/yoast.com\/wordpress\/plugins\/seo\/ -->\n<title>O falastr\u00e3o e o tirano - Joaquim Haickel<\/title>\n<meta name=\"robots\" content=\"index, follow, max-snippet:-1, max-image-preview:large, max-video-preview:-1\" \/>\n<link rel=\"canonical\" href=\"https:\/\/www.blogsoestado.com\/joaquimhaickel\/2022\/12\/10\/o-falastrao-e-o-tirano\/\" \/>\n<meta property=\"og:locale\" content=\"pt_BR\" \/>\n<meta property=\"og:type\" content=\"article\" \/>\n<meta property=\"og:title\" content=\"O falastr\u00e3o e o tirano - Joaquim Haickel\" \/>\n<meta property=\"og:description\" content=\"Na \u00faltima ter\u00e7a-feira, dia 6, fiz uma postagem em minhas redes sociais intitulada \u201cO falastr\u00e3o e o tirano\u201d, que reproduzo [&hellip;]\" \/>\n<meta property=\"og:url\" content=\"https:\/\/www.blogsoestado.com\/joaquimhaickel\/2022\/12\/10\/o-falastrao-e-o-tirano\/\" \/>\n<meta property=\"og:site_name\" content=\"Joaquim Haickel\" \/>\n<meta property=\"article:published_time\" content=\"2022-12-10T11:57:26+00:00\" \/>\n<meta property=\"og:image\" content=\"https:\/\/www.blogsoestado.com\/joaquimhaickel\/wp-content\/uploads\/sites\/6\/2022\/12\/jb-am-1-1024x591.jpg\" \/>\n<meta name=\"author\" content=\"Joaquim Haickel\" \/>\n<meta name=\"twitter:card\" content=\"summary_large_image\" \/>\n<meta name=\"twitter:label1\" content=\"Escrito por\" \/>\n\t<meta name=\"twitter:data1\" content=\"Joaquim Haickel\" \/>\n\t<meta name=\"twitter:label2\" content=\"Est. tempo de leitura\" \/>\n\t<meta name=\"twitter:data2\" content=\"3 minutos\" \/>\n<script type=\"application\/ld+json\" class=\"yoast-schema-graph\">{\"@context\":\"https:\/\/schema.org\",\"@graph\":[{\"@type\":\"WebPage\",\"@id\":\"https:\/\/www.blogsoestado.com\/joaquimhaickel\/2022\/12\/10\/o-falastrao-e-o-tirano\/\",\"url\":\"https:\/\/www.blogsoestado.com\/joaquimhaickel\/2022\/12\/10\/o-falastrao-e-o-tirano\/\",\"name\":\"O falastr\u00e3o e o tirano - Joaquim Haickel\",\"isPartOf\":{\"@id\":\"https:\/\/www.blogsoestado.com\/joaquimhaickel\/#website\"},\"primaryImageOfPage\":{\"@id\":\"https:\/\/www.blogsoestado.com\/joaquimhaickel\/2022\/12\/10\/o-falastrao-e-o-tirano\/#primaryimage\"},\"image\":{\"@id\":\"https:\/\/www.blogsoestado.com\/joaquimhaickel\/2022\/12\/10\/o-falastrao-e-o-tirano\/#primaryimage\"},\"thumbnailUrl\":\"https:\/\/www.blogsoestado.com\/joaquimhaickel\/wp-content\/uploads\/sites\/6\/2022\/12\/jb-am-1-1024x591.jpg\",\"datePublished\":\"2022-12-10T11:57:26+00:00\",\"author\":{\"@id\":\"https:\/\/www.blogsoestado.com\/joaquimhaickel\/#\/schema\/person\/4a711644aff28245c6c2c3452d66d325\"},\"breadcrumb\":{\"@id\":\"https:\/\/www.blogsoestado.com\/joaquimhaickel\/2022\/12\/10\/o-falastrao-e-o-tirano\/#breadcrumb\"},\"inLanguage\":\"pt-BR\",\"potentialAction\":[{\"@type\":\"ReadAction\",\"target\":[\"https:\/\/www.blogsoestado.com\/joaquimhaickel\/2022\/12\/10\/o-falastrao-e-o-tirano\/\"]}]},{\"@type\":\"ImageObject\",\"inLanguage\":\"pt-BR\",\"@id\":\"https:\/\/www.blogsoestado.com\/joaquimhaickel\/2022\/12\/10\/o-falastrao-e-o-tirano\/#primaryimage\",\"url\":\"https:\/\/www.blogsoestado.com\/joaquimhaickel\/wp-content\/uploads\/sites\/6\/2022\/12\/jb-am-1.jpg\",\"contentUrl\":\"https:\/\/www.blogsoestado.com\/joaquimhaickel\/wp-content\/uploads\/sites\/6\/2022\/12\/jb-am-1.jpg\",\"width\":1064,\"height\":614},{\"@type\":\"BreadcrumbList\",\"@id\":\"https:\/\/www.blogsoestado.com\/joaquimhaickel\/2022\/12\/10\/o-falastrao-e-o-tirano\/#breadcrumb\",\"itemListElement\":[{\"@type\":\"ListItem\",\"position\":1,\"name\":\"In\u00edcio\",\"item\":\"https:\/\/www.blogsoestado.com\/joaquimhaickel\/\"},{\"@type\":\"ListItem\",\"position\":2,\"name\":\"O falastr\u00e3o e o tirano\"}]},{\"@type\":\"WebSite\",\"@id\":\"https:\/\/www.blogsoestado.com\/joaquimhaickel\/#website\",\"url\":\"https:\/\/www.blogsoestado.com\/joaquimhaickel\/\",\"name\":\"Joaquim Haickel\",\"description\":\"\",\"potentialAction\":[{\"@type\":\"SearchAction\",\"target\":{\"@type\":\"EntryPoint\",\"urlTemplate\":\"https:\/\/www.blogsoestado.com\/joaquimhaickel\/?s={search_term_string}\"},\"query-input\":{\"@type\":\"PropertyValueSpecification\",\"valueRequired\":true,\"valueName\":\"search_term_string\"}}],\"inLanguage\":\"pt-BR\"},{\"@type\":\"Person\",\"@id\":\"https:\/\/www.blogsoestado.com\/joaquimhaickel\/#\/schema\/person\/4a711644aff28245c6c2c3452d66d325\",\"name\":\"Joaquim Haickel\",\"image\":{\"@type\":\"ImageObject\",\"inLanguage\":\"pt-BR\",\"@id\":\"https:\/\/www.blogsoestado.com\/joaquimhaickel\/#\/schema\/person\/image\/\",\"url\":\"https:\/\/secure.gravatar.com\/avatar\/473d89339b9f8ec089adb8d5778363eb5a2ba2319956bcf0298bfd8cca04684a?s=96&d=mm&r=g\",\"contentUrl\":\"https:\/\/secure.gravatar.com\/avatar\/473d89339b9f8ec089adb8d5778363eb5a2ba2319956bcf0298bfd8cca04684a?s=96&d=mm&r=g\",\"caption\":\"Joaquim Haickel\"},\"url\":\"https:\/\/www.blogsoestado.com\/joaquimhaickel\/author\/joaquimhaickel\/\"}]}<\/script>\n<!-- \/ Yoast SEO plugin. -->","yoast_head_json":{"title":"O falastr\u00e3o e o tirano - Joaquim Haickel","robots":{"index":"index","follow":"follow","max-snippet":"max-snippet:-1","max-image-preview":"max-image-preview:large","max-video-preview":"max-video-preview:-1"},"canonical":"https:\/\/www.blogsoestado.com\/joaquimhaickel\/2022\/12\/10\/o-falastrao-e-o-tirano\/","og_locale":"pt_BR","og_type":"article","og_title":"O falastr\u00e3o e o tirano - Joaquim Haickel","og_description":"Na \u00faltima ter\u00e7a-feira, dia 6, fiz uma postagem em minhas redes sociais intitulada \u201cO falastr\u00e3o e o tirano\u201d, que reproduzo [&hellip;]","og_url":"https:\/\/www.blogsoestado.com\/joaquimhaickel\/2022\/12\/10\/o-falastrao-e-o-tirano\/","og_site_name":"Joaquim Haickel","article_published_time":"2022-12-10T11:57:26+00:00","og_image":[{"url":"https:\/\/www.blogsoestado.com\/joaquimhaickel\/wp-content\/uploads\/sites\/6\/2022\/12\/jb-am-1-1024x591.jpg","type":"","width":"","height":""}],"author":"Joaquim Haickel","twitter_card":"summary_large_image","twitter_misc":{"Escrito por":"Joaquim Haickel","Est. tempo de leitura":"3 minutos"},"schema":{"@context":"https:\/\/schema.org","@graph":[{"@type":"WebPage","@id":"https:\/\/www.blogsoestado.com\/joaquimhaickel\/2022\/12\/10\/o-falastrao-e-o-tirano\/","url":"https:\/\/www.blogsoestado.com\/joaquimhaickel\/2022\/12\/10\/o-falastrao-e-o-tirano\/","name":"O falastr\u00e3o e o tirano - Joaquim Haickel","isPartOf":{"@id":"https:\/\/www.blogsoestado.com\/joaquimhaickel\/#website"},"primaryImageOfPage":{"@id":"https:\/\/www.blogsoestado.com\/joaquimhaickel\/2022\/12\/10\/o-falastrao-e-o-tirano\/#primaryimage"},"image":{"@id":"https:\/\/www.blogsoestado.com\/joaquimhaickel\/2022\/12\/10\/o-falastrao-e-o-tirano\/#primaryimage"},"thumbnailUrl":"https:\/\/www.blogsoestado.com\/joaquimhaickel\/wp-content\/uploads\/sites\/6\/2022\/12\/jb-am-1-1024x591.jpg","datePublished":"2022-12-10T11:57:26+00:00","author":{"@id":"https:\/\/www.blogsoestado.com\/joaquimhaickel\/#\/schema\/person\/4a711644aff28245c6c2c3452d66d325"},"breadcrumb":{"@id":"https:\/\/www.blogsoestado.com\/joaquimhaickel\/2022\/12\/10\/o-falastrao-e-o-tirano\/#breadcrumb"},"inLanguage":"pt-BR","potentialAction":[{"@type":"ReadAction","target":["https:\/\/www.blogsoestado.com\/joaquimhaickel\/2022\/12\/10\/o-falastrao-e-o-tirano\/"]}]},{"@type":"ImageObject","inLanguage":"pt-BR","@id":"https:\/\/www.blogsoestado.com\/joaquimhaickel\/2022\/12\/10\/o-falastrao-e-o-tirano\/#primaryimage","url":"https:\/\/www.blogsoestado.com\/joaquimhaickel\/wp-content\/uploads\/sites\/6\/2022\/12\/jb-am-1.jpg","contentUrl":"https:\/\/www.blogsoestado.com\/joaquimhaickel\/wp-content\/uploads\/sites\/6\/2022\/12\/jb-am-1.jpg","width":1064,"height":614},{"@type":"BreadcrumbList","@id":"https:\/\/www.blogsoestado.com\/joaquimhaickel\/2022\/12\/10\/o-falastrao-e-o-tirano\/#breadcrumb","itemListElement":[{"@type":"ListItem","position":1,"name":"In\u00edcio","item":"https:\/\/www.blogsoestado.com\/joaquimhaickel\/"},{"@type":"ListItem","position":2,"name":"O falastr\u00e3o e o tirano"}]},{"@type":"WebSite","@id":"https:\/\/www.blogsoestado.com\/joaquimhaickel\/#website","url":"https:\/\/www.blogsoestado.com\/joaquimhaickel\/","name":"Joaquim Haickel","description":"","potentialAction":[{"@type":"SearchAction","target":{"@type":"EntryPoint","urlTemplate":"https:\/\/www.blogsoestado.com\/joaquimhaickel\/?s={search_term_string}"},"query-input":{"@type":"PropertyValueSpecification","valueRequired":true,"valueName":"search_term_string"}}],"inLanguage":"pt-BR"},{"@type":"Person","@id":"https:\/\/www.blogsoestado.com\/joaquimhaickel\/#\/schema\/person\/4a711644aff28245c6c2c3452d66d325","name":"Joaquim Haickel","image":{"@type":"ImageObject","inLanguage":"pt-BR","@id":"https:\/\/www.blogsoestado.com\/joaquimhaickel\/#\/schema\/person\/image\/","url":"https:\/\/secure.gravatar.com\/avatar\/473d89339b9f8ec089adb8d5778363eb5a2ba2319956bcf0298bfd8cca04684a?s=96&d=mm&r=g","contentUrl":"https:\/\/secure.gravatar.com\/avatar\/473d89339b9f8ec089adb8d5778363eb5a2ba2319956bcf0298bfd8cca04684a?s=96&d=mm&r=g","caption":"Joaquim Haickel"},"url":"https:\/\/www.blogsoestado.com\/joaquimhaickel\/author\/joaquimhaickel\/"}]}},"jetpack_featured_media_url":"","_links":{"self":[{"href":"https:\/\/www.blogsoestado.com\/joaquimhaickel\/wp-json\/wp\/v2\/posts\/3168","targetHints":{"allow":["GET"]}}],"collection":[{"href":"https:\/\/www.blogsoestado.com\/joaquimhaickel\/wp-json\/wp\/v2\/posts"}],"about":[{"href":"https:\/\/www.blogsoestado.com\/joaquimhaickel\/wp-json\/wp\/v2\/types\/post"}],"author":[{"embeddable":true,"href":"https:\/\/www.blogsoestado.com\/joaquimhaickel\/wp-json\/wp\/v2\/users\/7"}],"replies":[{"embeddable":true,"href":"https:\/\/www.blogsoestado.com\/joaquimhaickel\/wp-json\/wp\/v2\/comments?post=3168"}],"version-history":[{"count":0,"href":"https:\/\/www.blogsoestado.com\/joaquimhaickel\/wp-json\/wp\/v2\/posts\/3168\/revisions"}],"wp:attachment":[{"href":"https:\/\/www.blogsoestado.com\/joaquimhaickel\/wp-json\/wp\/v2\/media?parent=3168"}],"wp:term":[{"taxonomy":"category","embeddable":true,"href":"https:\/\/www.blogsoestado.com\/joaquimhaickel\/wp-json\/wp\/v2\/categories?post=3168"},{"taxonomy":"post_tag","embeddable":true,"href":"https:\/\/www.blogsoestado.com\/joaquimhaickel\/wp-json\/wp\/v2\/tags?post=3168"}],"curies":[{"name":"wp","href":"https:\/\/api.w.org\/{rel}","templated":true}]}}