{"id":3184,"date":"2022-12-30T12:03:28","date_gmt":"2022-12-30T15:03:28","guid":{"rendered":"https:\/\/www.blogsoestado.com\/joaquimhaickel\/?p=3184"},"modified":"2022-12-30T12:03:28","modified_gmt":"2022-12-30T15:03:28","slug":"o-edson-era-antes-do-nascimento","status":"publish","type":"post","link":"https:\/\/www.blogsoestado.com\/joaquimhaickel\/2022\/12\/30\/o-edson-era-antes-do-nascimento\/","title":{"rendered":"O Edson era antes do Nascimento"},"content":{"rendered":"\n<figure class=\"wp-block-image size-large\"><a href=\"https:\/\/www.blogsoestado.com\/joaquimhaickel\/wp-content\/uploads\/sites\/6\/2022\/12\/download-1-1.jpg\"><img fetchpriority=\"high\" decoding=\"async\" width=\"614\" height=\"462\" src=\"https:\/\/www.blogsoestado.com\/joaquimhaickel\/wp-content\/uploads\/sites\/6\/2022\/12\/download-1-1.jpg\" alt=\"\" class=\"wp-image-3185\" srcset=\"https:\/\/www.blogsoestado.com\/joaquimhaickel\/wp-content\/uploads\/sites\/6\/2022\/12\/download-1-1.jpg 614w, https:\/\/www.blogsoestado.com\/joaquimhaickel\/wp-content\/uploads\/sites\/6\/2022\/12\/download-1-1-300x226.jpg 300w\" sizes=\"(max-width: 614px) 100vw, 614px\" \/><\/a><\/figure>\n\n\n\n<figure class=\"wp-block-image size-large\"><a href=\"https:\/\/www.blogsoestado.com\/joaquimhaickel\/wp-content\/uploads\/sites\/6\/2022\/12\/52d92743-f54f-44c0-9c1e-78a6149f716a-1.jpg\"><img decoding=\"async\" width=\"1024\" height=\"683\" src=\"https:\/\/www.blogsoestado.com\/joaquimhaickel\/wp-content\/uploads\/sites\/6\/2022\/12\/52d92743-f54f-44c0-9c1e-78a6149f716a-1-1024x683.jpg\" alt=\"\" class=\"wp-image-3186\" srcset=\"https:\/\/www.blogsoestado.com\/joaquimhaickel\/wp-content\/uploads\/sites\/6\/2022\/12\/52d92743-f54f-44c0-9c1e-78a6149f716a-1-1024x683.jpg 1024w, https:\/\/www.blogsoestado.com\/joaquimhaickel\/wp-content\/uploads\/sites\/6\/2022\/12\/52d92743-f54f-44c0-9c1e-78a6149f716a-1-300x200.jpg 300w, https:\/\/www.blogsoestado.com\/joaquimhaickel\/wp-content\/uploads\/sites\/6\/2022\/12\/52d92743-f54f-44c0-9c1e-78a6149f716a-1-768x512.jpg 768w, https:\/\/www.blogsoestado.com\/joaquimhaickel\/wp-content\/uploads\/sites\/6\/2022\/12\/52d92743-f54f-44c0-9c1e-78a6149f716a-1.jpg 1200w\" sizes=\"(max-width: 1024px) 100vw, 1024px\" \/><\/a><\/figure>\n\n\n\n<p><\/p>\n\n\n\n<figure class=\"wp-block-image size-large\"><a href=\"https:\/\/www.blogsoestado.com\/joaquimhaickel\/wp-content\/uploads\/sites\/6\/2022\/12\/1549976489605-1.jpg\"><img decoding=\"async\" width=\"932\" height=\"697\" src=\"https:\/\/www.blogsoestado.com\/joaquimhaickel\/wp-content\/uploads\/sites\/6\/2022\/12\/1549976489605-1.jpg\" alt=\"\" class=\"wp-image-3187\" srcset=\"https:\/\/www.blogsoestado.com\/joaquimhaickel\/wp-content\/uploads\/sites\/6\/2022\/12\/1549976489605-1.jpg 932w, https:\/\/www.blogsoestado.com\/joaquimhaickel\/wp-content\/uploads\/sites\/6\/2022\/12\/1549976489605-1-300x224.jpg 300w, https:\/\/www.blogsoestado.com\/joaquimhaickel\/wp-content\/uploads\/sites\/6\/2022\/12\/1549976489605-1-768x574.jpg 768w\" sizes=\"(max-width: 932px) 100vw, 932px\" \/><\/a><figcaption>FILE &#8211; In this Thursday March 4, 2004 file photo Brazilian soccer legend Pele, right, presents former England goalkeeper Gordon Banks with a photograph showing Banks saving a header from Pele in the 1970 World Cup, at a press conference in London, to mark FIFA&#8217;s 100 year anniversary. English soccer club Stoke said Tuesday Feb. 12, 2019 that World Cup-winning England goalkeeper Gordon Banks has died at 81. (AP Photo\/Max Nash, File)<\/figcaption><\/figure>\n\n\n\n<p>O t\u00edtulo deste singelo texto, era uma das brincadeiras que eu fazia quando tinha apenas 10 anos de idade, em 1970, ao assistir os jogos do Brasil na Copa do M\u00e9xico, e presenciar as m\u00e1gicas feitas pelo maior encantador da bola nos verdes gramados astecas.<\/p>\n\n\n\n<p>Edson era antes do nascimento! Edson era REI mesmo antes de ter nascido. Seu pai, Dondinho, abriu as portas dos campos de futebol para o menino Edson, e ensinou a ele o cabeceio de beija-flor, a maleabilidade nos dribles, o uso da a\u00e7\u00e3o negativa nas gingadas de corpo e no corta luz, a matada de bola que parecia colar em seu corpo.<\/p>\n\n\n\n<p>Enquanto eu me postava em frente a tela branca do Word em meu computador, e lembrava das imagens que guardo em minha mem\u00f3ria, lagrimas saltavam de meus olhos, escorriam por minha face e espocavam sobre a mesa, e me assustavam ao lembrar que meu pai torcia pelo Santos s\u00f3 por causa desse tal Edson.<\/p>\n\n\n\n<p>Lembro dos gola\u00e7os; das gingas que geraram dribles desconcertantes; das cabe\u00e7adas de olho aberto, pra saber para onde direcionar a pelota; dos passes geniais, colocando a bola naquilo que se convencionou chamar de ponto futuro; das matadas de bola nos p\u00e9s e no peito, usando intuitivamente a f\u00edsica pura.<\/p>\n\n\n\n<p>Aquele Edson, que j\u00e1 havia se tornado o Rei Pel\u00e9, foi t\u00e3o genial em 1970, que tr\u00eas lances de n\u00e3o gols dele s\u00e3o mais importantes que muitos gols de outros jogadores.<\/p>\n\n\n\n<p>Um foi o desconcertante drible de corpo que ele deu em Mazurkiewicz naquele 3 X 1, sobre, o Uruguai, vingando, em parte, Barbosa, no Maracana\u00e7o de 1950. Outro foi aquele o chute do meio do campo que tirou a tinta do travess\u00e3o superior da Tchecoslov\u00e1quia, e que gerou uma das mais belas cr\u00f4nicas esportivas feitas por outro Rei, o do Teatro, Nelson Rodrigues. E o \u00faltimo foi aquela cabe\u00e7ada espetacular, no 1 X 0 contra a Inglaterra, defendida no susto por Banks.<\/p>\n\n\n\n<p>Uma daquelas l\u00e1grimas que escorreram por minha face foi motivada pela lembran\u00e7a de meu pai me dizendo que Pel\u00e9 havia feito a coisa mais correta que uma pessoa deve fazer na vida: Saber a hora de parar.<\/p>\n\n\n\n<p>Para meu pai, saber a hora de sair de cena \u00e9 a coisa mais importante que uma pessoa deve fazer, e Pel\u00e9 deixou os gramados no auge de sua forma e de seu prest\u00edgio.<\/p>\n\n\n\n<p>Entre sua despedida dos gramados e a sua eleva\u00e7\u00e3o a eternidade, foram quarenta e quatro anos de trabalho em favor da difus\u00e3o do futebol e da cidadania que o esporte leva com ele.<\/p>\n\n\n\n<p>Se meu pai fosse vivo, diria que se Pel\u00e9 deixou o futebol no momento certo, ele jamais deixar\u00e1 a vida e a hist\u00f3ria do Brasil e do povo brasileiro, diria aquilo que todos n\u00f3s pensamos: Pel\u00e9 \u00e9 eterno.<\/p>\n","protected":false},"excerpt":{"rendered":"<p>O t\u00edtulo deste singelo texto, era uma das brincadeiras que eu fazia quando tinha apenas 10 anos de idade, em [&hellip;]<\/p>\n","protected":false},"author":7,"featured_media":0,"comment_status":"open","ping_status":"open","sticky":false,"template":"","format":"standard","meta":{"site-sidebar-layout":"default","site-content-layout":"","ast-site-content-layout":"default","site-content-style":"default","site-sidebar-style":"default","ast-global-header-display":"","ast-banner-title-visibility":"","ast-main-header-display":"","ast-hfb-above-header-display":"","ast-hfb-below-header-display":"","ast-hfb-mobile-header-display":"","site-post-title":"","ast-breadcrumbs-content":"","ast-featured-img":"","footer-sml-layout":"","ast-disable-related-posts":"","theme-transparent-header-meta":"","adv-header-id-meta":"","stick-header-meta":"","header-above-stick-meta":"","header-main-stick-meta":"","header-below-stick-meta":"","astra-migrate-meta-layouts":"default","ast-page-background-enabled":"default","ast-page-background-meta":{"desktop":{"background-color":"var(--ast-global-color-5)","background-image":"","background-repeat":"repeat","background-position":"center center","background-size":"auto","background-attachment":"scroll","background-type":"","background-media":"","overlay-type":"","overlay-color":"","overlay-opacity":"","overlay-gradient":""},"tablet":{"background-color":"","background-image":"","background-repeat":"repeat","background-position":"center center","background-size":"auto","background-attachment":"scroll","background-type":"","background-media":"","overlay-type":"","overlay-color":"","overlay-opacity":"","overlay-gradient":""},"mobile":{"background-color":"","background-image":"","background-repeat":"repeat","background-position":"center center","background-size":"auto","background-attachment":"scroll","background-type":"","background-media":"","overlay-type":"","overlay-color":"","overlay-opacity":"","overlay-gradient":""}},"ast-content-background-meta":{"desktop":{"background-color":"var(--ast-global-color-4)","background-image":"","background-repeat":"repeat","background-position":"center center","background-size":"auto","background-attachment":"scroll","background-type":"","background-media":"","overlay-type":"","overlay-color":"","overlay-opacity":"","overlay-gradient":""},"tablet":{"background-color":"var(--ast-global-color-4)","background-image":"","background-repeat":"repeat","background-position":"center center","background-size":"auto","background-attachment":"scroll","background-type":"","background-media":"","overlay-type":"","overlay-color":"","overlay-opacity":"","overlay-gradient":""},"mobile":{"background-color":"var(--ast-global-color-4)","background-image":"","background-repeat":"repeat","background-position":"center center","background-size":"auto","background-attachment":"scroll","background-type":"","background-media":"","overlay-type":"","overlay-color":"","overlay-opacity":"","overlay-gradient":""}},"footnotes":""},"categories":[1],"tags":[],"class_list":["post-3184","post","type-post","status-publish","format-standard","hentry","category-sem-categoria"],"yoast_head":"<!-- This site is optimized with the Yoast SEO plugin v26.6 - https:\/\/yoast.com\/wordpress\/plugins\/seo\/ -->\n<title>O Edson era antes do Nascimento - Joaquim Haickel<\/title>\n<meta name=\"robots\" content=\"index, follow, max-snippet:-1, max-image-preview:large, max-video-preview:-1\" \/>\n<link rel=\"canonical\" href=\"https:\/\/www.blogsoestado.com\/joaquimhaickel\/2022\/12\/30\/o-edson-era-antes-do-nascimento\/\" \/>\n<meta property=\"og:locale\" content=\"pt_BR\" \/>\n<meta property=\"og:type\" content=\"article\" \/>\n<meta property=\"og:title\" content=\"O Edson era antes do Nascimento - Joaquim Haickel\" \/>\n<meta property=\"og:description\" content=\"O t\u00edtulo deste singelo texto, era uma das brincadeiras que eu fazia quando tinha apenas 10 anos de idade, em [&hellip;]\" \/>\n<meta property=\"og:url\" content=\"https:\/\/www.blogsoestado.com\/joaquimhaickel\/2022\/12\/30\/o-edson-era-antes-do-nascimento\/\" \/>\n<meta property=\"og:site_name\" content=\"Joaquim Haickel\" \/>\n<meta property=\"article:published_time\" content=\"2022-12-30T15:03:28+00:00\" \/>\n<meta property=\"og:image\" content=\"https:\/\/www.blogsoestado.com\/joaquimhaickel\/wp-content\/uploads\/sites\/6\/2022\/12\/download-1-1.jpg\" \/>\n<meta name=\"author\" content=\"Joaquim Haickel\" \/>\n<meta name=\"twitter:card\" content=\"summary_large_image\" \/>\n<meta name=\"twitter:label1\" content=\"Escrito por\" \/>\n\t<meta name=\"twitter:data1\" content=\"Joaquim Haickel\" \/>\n\t<meta name=\"twitter:label2\" content=\"Est. tempo de leitura\" \/>\n\t<meta name=\"twitter:data2\" content=\"3 minutos\" \/>\n<script type=\"application\/ld+json\" class=\"yoast-schema-graph\">{\"@context\":\"https:\/\/schema.org\",\"@graph\":[{\"@type\":\"WebPage\",\"@id\":\"https:\/\/www.blogsoestado.com\/joaquimhaickel\/2022\/12\/30\/o-edson-era-antes-do-nascimento\/\",\"url\":\"https:\/\/www.blogsoestado.com\/joaquimhaickel\/2022\/12\/30\/o-edson-era-antes-do-nascimento\/\",\"name\":\"O Edson era antes do Nascimento - Joaquim Haickel\",\"isPartOf\":{\"@id\":\"https:\/\/www.blogsoestado.com\/joaquimhaickel\/#website\"},\"primaryImageOfPage\":{\"@id\":\"https:\/\/www.blogsoestado.com\/joaquimhaickel\/2022\/12\/30\/o-edson-era-antes-do-nascimento\/#primaryimage\"},\"image\":{\"@id\":\"https:\/\/www.blogsoestado.com\/joaquimhaickel\/2022\/12\/30\/o-edson-era-antes-do-nascimento\/#primaryimage\"},\"thumbnailUrl\":\"https:\/\/www.blogsoestado.com\/joaquimhaickel\/wp-content\/uploads\/sites\/6\/2022\/12\/download-1-1.jpg\",\"datePublished\":\"2022-12-30T15:03:28+00:00\",\"author\":{\"@id\":\"https:\/\/www.blogsoestado.com\/joaquimhaickel\/#\/schema\/person\/4a711644aff28245c6c2c3452d66d325\"},\"breadcrumb\":{\"@id\":\"https:\/\/www.blogsoestado.com\/joaquimhaickel\/2022\/12\/30\/o-edson-era-antes-do-nascimento\/#breadcrumb\"},\"inLanguage\":\"pt-BR\",\"potentialAction\":[{\"@type\":\"ReadAction\",\"target\":[\"https:\/\/www.blogsoestado.com\/joaquimhaickel\/2022\/12\/30\/o-edson-era-antes-do-nascimento\/\"]}]},{\"@type\":\"ImageObject\",\"inLanguage\":\"pt-BR\",\"@id\":\"https:\/\/www.blogsoestado.com\/joaquimhaickel\/2022\/12\/30\/o-edson-era-antes-do-nascimento\/#primaryimage\",\"url\":\"https:\/\/www.blogsoestado.com\/joaquimhaickel\/wp-content\/uploads\/sites\/6\/2022\/12\/download-1-1.jpg\",\"contentUrl\":\"https:\/\/www.blogsoestado.com\/joaquimhaickel\/wp-content\/uploads\/sites\/6\/2022\/12\/download-1-1.jpg\"},{\"@type\":\"BreadcrumbList\",\"@id\":\"https:\/\/www.blogsoestado.com\/joaquimhaickel\/2022\/12\/30\/o-edson-era-antes-do-nascimento\/#breadcrumb\",\"itemListElement\":[{\"@type\":\"ListItem\",\"position\":1,\"name\":\"In\u00edcio\",\"item\":\"https:\/\/www.blogsoestado.com\/joaquimhaickel\/\"},{\"@type\":\"ListItem\",\"position\":2,\"name\":\"O Edson era antes do Nascimento\"}]},{\"@type\":\"WebSite\",\"@id\":\"https:\/\/www.blogsoestado.com\/joaquimhaickel\/#website\",\"url\":\"https:\/\/www.blogsoestado.com\/joaquimhaickel\/\",\"name\":\"Joaquim Haickel\",\"description\":\"\",\"potentialAction\":[{\"@type\":\"SearchAction\",\"target\":{\"@type\":\"EntryPoint\",\"urlTemplate\":\"https:\/\/www.blogsoestado.com\/joaquimhaickel\/?s={search_term_string}\"},\"query-input\":{\"@type\":\"PropertyValueSpecification\",\"valueRequired\":true,\"valueName\":\"search_term_string\"}}],\"inLanguage\":\"pt-BR\"},{\"@type\":\"Person\",\"@id\":\"https:\/\/www.blogsoestado.com\/joaquimhaickel\/#\/schema\/person\/4a711644aff28245c6c2c3452d66d325\",\"name\":\"Joaquim Haickel\",\"image\":{\"@type\":\"ImageObject\",\"inLanguage\":\"pt-BR\",\"@id\":\"https:\/\/www.blogsoestado.com\/joaquimhaickel\/#\/schema\/person\/image\/\",\"url\":\"https:\/\/secure.gravatar.com\/avatar\/473d89339b9f8ec089adb8d5778363eb5a2ba2319956bcf0298bfd8cca04684a?s=96&d=mm&r=g\",\"contentUrl\":\"https:\/\/secure.gravatar.com\/avatar\/473d89339b9f8ec089adb8d5778363eb5a2ba2319956bcf0298bfd8cca04684a?s=96&d=mm&r=g\",\"caption\":\"Joaquim Haickel\"},\"url\":\"https:\/\/www.blogsoestado.com\/joaquimhaickel\/author\/joaquimhaickel\/\"}]}<\/script>\n<!-- \/ Yoast SEO plugin. -->","yoast_head_json":{"title":"O Edson era antes do Nascimento - Joaquim Haickel","robots":{"index":"index","follow":"follow","max-snippet":"max-snippet:-1","max-image-preview":"max-image-preview:large","max-video-preview":"max-video-preview:-1"},"canonical":"https:\/\/www.blogsoestado.com\/joaquimhaickel\/2022\/12\/30\/o-edson-era-antes-do-nascimento\/","og_locale":"pt_BR","og_type":"article","og_title":"O Edson era antes do Nascimento - Joaquim Haickel","og_description":"O t\u00edtulo deste singelo texto, era uma das brincadeiras que eu fazia quando tinha apenas 10 anos de idade, em [&hellip;]","og_url":"https:\/\/www.blogsoestado.com\/joaquimhaickel\/2022\/12\/30\/o-edson-era-antes-do-nascimento\/","og_site_name":"Joaquim Haickel","article_published_time":"2022-12-30T15:03:28+00:00","og_image":[{"url":"https:\/\/www.blogsoestado.com\/joaquimhaickel\/wp-content\/uploads\/sites\/6\/2022\/12\/download-1-1.jpg","type":"","width":"","height":""}],"author":"Joaquim Haickel","twitter_card":"summary_large_image","twitter_misc":{"Escrito por":"Joaquim Haickel","Est. tempo de leitura":"3 minutos"},"schema":{"@context":"https:\/\/schema.org","@graph":[{"@type":"WebPage","@id":"https:\/\/www.blogsoestado.com\/joaquimhaickel\/2022\/12\/30\/o-edson-era-antes-do-nascimento\/","url":"https:\/\/www.blogsoestado.com\/joaquimhaickel\/2022\/12\/30\/o-edson-era-antes-do-nascimento\/","name":"O Edson era antes do Nascimento - Joaquim Haickel","isPartOf":{"@id":"https:\/\/www.blogsoestado.com\/joaquimhaickel\/#website"},"primaryImageOfPage":{"@id":"https:\/\/www.blogsoestado.com\/joaquimhaickel\/2022\/12\/30\/o-edson-era-antes-do-nascimento\/#primaryimage"},"image":{"@id":"https:\/\/www.blogsoestado.com\/joaquimhaickel\/2022\/12\/30\/o-edson-era-antes-do-nascimento\/#primaryimage"},"thumbnailUrl":"https:\/\/www.blogsoestado.com\/joaquimhaickel\/wp-content\/uploads\/sites\/6\/2022\/12\/download-1-1.jpg","datePublished":"2022-12-30T15:03:28+00:00","author":{"@id":"https:\/\/www.blogsoestado.com\/joaquimhaickel\/#\/schema\/person\/4a711644aff28245c6c2c3452d66d325"},"breadcrumb":{"@id":"https:\/\/www.blogsoestado.com\/joaquimhaickel\/2022\/12\/30\/o-edson-era-antes-do-nascimento\/#breadcrumb"},"inLanguage":"pt-BR","potentialAction":[{"@type":"ReadAction","target":["https:\/\/www.blogsoestado.com\/joaquimhaickel\/2022\/12\/30\/o-edson-era-antes-do-nascimento\/"]}]},{"@type":"ImageObject","inLanguage":"pt-BR","@id":"https:\/\/www.blogsoestado.com\/joaquimhaickel\/2022\/12\/30\/o-edson-era-antes-do-nascimento\/#primaryimage","url":"https:\/\/www.blogsoestado.com\/joaquimhaickel\/wp-content\/uploads\/sites\/6\/2022\/12\/download-1-1.jpg","contentUrl":"https:\/\/www.blogsoestado.com\/joaquimhaickel\/wp-content\/uploads\/sites\/6\/2022\/12\/download-1-1.jpg"},{"@type":"BreadcrumbList","@id":"https:\/\/www.blogsoestado.com\/joaquimhaickel\/2022\/12\/30\/o-edson-era-antes-do-nascimento\/#breadcrumb","itemListElement":[{"@type":"ListItem","position":1,"name":"In\u00edcio","item":"https:\/\/www.blogsoestado.com\/joaquimhaickel\/"},{"@type":"ListItem","position":2,"name":"O Edson era antes do Nascimento"}]},{"@type":"WebSite","@id":"https:\/\/www.blogsoestado.com\/joaquimhaickel\/#website","url":"https:\/\/www.blogsoestado.com\/joaquimhaickel\/","name":"Joaquim Haickel","description":"","potentialAction":[{"@type":"SearchAction","target":{"@type":"EntryPoint","urlTemplate":"https:\/\/www.blogsoestado.com\/joaquimhaickel\/?s={search_term_string}"},"query-input":{"@type":"PropertyValueSpecification","valueRequired":true,"valueName":"search_term_string"}}],"inLanguage":"pt-BR"},{"@type":"Person","@id":"https:\/\/www.blogsoestado.com\/joaquimhaickel\/#\/schema\/person\/4a711644aff28245c6c2c3452d66d325","name":"Joaquim Haickel","image":{"@type":"ImageObject","inLanguage":"pt-BR","@id":"https:\/\/www.blogsoestado.com\/joaquimhaickel\/#\/schema\/person\/image\/","url":"https:\/\/secure.gravatar.com\/avatar\/473d89339b9f8ec089adb8d5778363eb5a2ba2319956bcf0298bfd8cca04684a?s=96&d=mm&r=g","contentUrl":"https:\/\/secure.gravatar.com\/avatar\/473d89339b9f8ec089adb8d5778363eb5a2ba2319956bcf0298bfd8cca04684a?s=96&d=mm&r=g","caption":"Joaquim Haickel"},"url":"https:\/\/www.blogsoestado.com\/joaquimhaickel\/author\/joaquimhaickel\/"}]}},"jetpack_featured_media_url":"","_links":{"self":[{"href":"https:\/\/www.blogsoestado.com\/joaquimhaickel\/wp-json\/wp\/v2\/posts\/3184","targetHints":{"allow":["GET"]}}],"collection":[{"href":"https:\/\/www.blogsoestado.com\/joaquimhaickel\/wp-json\/wp\/v2\/posts"}],"about":[{"href":"https:\/\/www.blogsoestado.com\/joaquimhaickel\/wp-json\/wp\/v2\/types\/post"}],"author":[{"embeddable":true,"href":"https:\/\/www.blogsoestado.com\/joaquimhaickel\/wp-json\/wp\/v2\/users\/7"}],"replies":[{"embeddable":true,"href":"https:\/\/www.blogsoestado.com\/joaquimhaickel\/wp-json\/wp\/v2\/comments?post=3184"}],"version-history":[{"count":0,"href":"https:\/\/www.blogsoestado.com\/joaquimhaickel\/wp-json\/wp\/v2\/posts\/3184\/revisions"}],"wp:attachment":[{"href":"https:\/\/www.blogsoestado.com\/joaquimhaickel\/wp-json\/wp\/v2\/media?parent=3184"}],"wp:term":[{"taxonomy":"category","embeddable":true,"href":"https:\/\/www.blogsoestado.com\/joaquimhaickel\/wp-json\/wp\/v2\/categories?post=3184"},{"taxonomy":"post_tag","embeddable":true,"href":"https:\/\/www.blogsoestado.com\/joaquimhaickel\/wp-json\/wp\/v2\/tags?post=3184"}],"curies":[{"name":"wp","href":"https:\/\/api.w.org\/{rel}","templated":true}]}}