{"id":321,"date":"2008-10-05T12:59:53","date_gmt":"2008-10-05T15:59:53","guid":{"rendered":"https:\/\/www.blogsoestado.com\/joaquimhaickel\/2008\/10\/05\/vinte-anos-depois\/"},"modified":"2008-10-05T12:59:53","modified_gmt":"2008-10-05T15:59:53","slug":"vinte-anos-depois","status":"publish","type":"post","link":"https:\/\/www.blogsoestado.com\/joaquimhaickel\/2008\/10\/05\/vinte-anos-depois\/","title":{"rendered":"Vinte anos depois"},"content":{"rendered":"<p>Um amigo meu me pediu que eu escrevesse sobre a Assembl\u00e9ia Nacional Constituinte que elaborou a nossa Constitui\u00e7\u00e3o, promulgada em 5 de outubro de 1988. Quando estava escrevendo sobre aquele evento, lembrei da primeira vez que eu me deparei com a express\u00e3o Assembl\u00e9ia Constituinte.<\/p>\n<p>Eu devia ter uns 13 anos e ainda mor\u00e1vamos no Outeiro da Cruz. Naquela \u00e9poca, eu lia, ou pelo menos tentava ler, tudo que tivesse letras. De gibis a enciclop\u00e9dias, passando por jornais, revistas de moda, fotonovelas (se algu\u00e9m com menos de 30 anos ler esse texto, favor perguntar para o pai ou para a m\u00e3e o que \u00e9 uma fotonovela) e at\u00e9 lista telef\u00f4nica e bulas de rem\u00e9dios. Naquele dia eu havia chegado da aula no Col\u00e9gio Batista onde hav\u00edamos estudado sobre a revolu\u00e7\u00e3o francesa e aquilo tudo estava muito vivo em minha mente, que desde cedo era extremamente cinematogr\u00e1fica. Havia canh\u00f5es, guilhotinas, roupas de \u00e9poca e at\u00e9 os brioches de Maria Antonieta estavam na cena. Ent\u00e3o me danei a procurar tudo sobre a revolu\u00e7\u00e3o francesa. Recorri \u00e0s enciclop\u00e9dias que t\u00ednhamos em casa: Mundo da Crian\u00e7a, Tesouro da Juventude, Delta Junior, Delta Larrousse e Brit\u00e2nica.<\/p>\n<p>Em meio a todas aquelas informa\u00e7\u00f5es deparei com o verbete Assembl\u00e9ia Constituinte e enquanto lia e relia, meus olhos se arregalavam e minha mente voava. Depois disso larguei a pesquisa sobre a revolu\u00e7\u00e3o francesa e me dediquei a escarafunchar tudo sobre o poder legislativo em todas as suas formas. Quando terminei, exausto, disse para mim mesmo. Um dia vou ser isso, um constituinte, pois adoraria fazer leis, codificar os procedimentos dos cidad\u00e3os e da sociedade, garantindo direitos e estabelecendo deveres, enquanto indiv\u00edduos e coletividade, regulamentando e limitando o poder estado, preservando os direitos e as garantias individuais. Naquele dia eu selei o meu destino e em um tempo igual ao que eu j\u00e1 havia vivido at\u00e9 aquela data, realizei o meu sonho.<\/p>\n<p>Ter participado como deputado federal dos trabalhos da Assembl\u00e9ia Nacional Constituinte de 1988 foi um privilegio para mim. Al\u00e9m disso, aqueles anos tamb\u00e9m foram anos de muito aprendizado e de grande amadurecimento, pois pude usufruir de muitos ensinamentos desfrutando da companhia de figuras da estatura de Afonso Arinos, Florestan Fernandes, Luis Viana Filho, Fernando Henrique Cardoso, Luis In\u00e1cio Lula da Silva, Jos\u00e9 Serra, Vladimir Palmeira, Geraldo Alkimim, Nelson Jobim e Artur da T\u00e1vola, dentre tantos outros.<\/p>\n<p>Lembro que fui indicado pelo meu partido, o PMDB, como membro de duas das mais importantes comiss\u00f5es daquele Congresso. Da comiss\u00e3o de fiscaliza\u00e7\u00e3o e controle e da comiss\u00e3o de direitos e garantias individuais. Nesta \u00faltima, recebi a incumb\u00eancia de ser o relator do projeto de autoria do deputado Amaral Neto que visava instituir a pena de morte no Brasil. Lembro que foram meses de muitas discuss\u00f5es e de grandes polemicas, mas no final, o meu parecer, que era contrario \u00e0quele projeto, saiu-se vencedor.<\/p>\n<p>A bancada Maranhense naquela legislatura era formada por parlamentares de grande representatividade pol\u00edtica e eleitoral, e de grande capacidade cultural e intelectual, e onde eu era o ca\u00e7ula, com apenas 26 anos.<\/p>\n<p>Entre 1\u00ba de fevereiro de 1997 ate 5 de outubro de 1988, deputados e senadores de todos os estados brasileiros, de todos os partidos pol\u00edticos, de todas as ideologias, juntos, mesmo que muitas vezes com posi\u00e7\u00f5es antag\u00f4nicas, buscaram fazer uma carta constitucional que pudesse resgatar a cidadania de nosso povo e garantir o regime democr\u00e1tico para nossa na\u00e7\u00e3o.<br \/>\nNum dos finais de semana que passei em S\u00e3o Luis, durante a Constituinte, fui at\u00e9 a casa de meus pais, procurei aqueles velhos livros e reli os textos que havia lido 13 anos antes. Senti um angustiante aperto na garganta.<\/p>\n<p align=\"center\"><img decoding=\"async\" src=\"https:\/\/www.blogsoestado.com\/joaquimhaickel\/files\/2008\/10\/deputados.jpg\" alt=\"deputados.jpg\" \/><\/p>\n<p>Enquanto escrevia esse texto, lembrei que os deputados maranhenses tiraram uma foto naquele dia 5 de outubro de 1988. Lembro-me muito bem daquela foto. Nela estavam os deputados Davi Alves Silva, o ent\u00e3o suplente Edivaldo Holanda, Enoc Vieira, Sarney Filho, Vieira da Silva (em cadeira de rodas), Jaime Santana, Eu, Eliezer Moreira, Haroldo Sab\u00f3ia, Alberico Filho, Onofre Correa, Cid Carvalho, Antonio Gaspar, Costa Ferreira, Chico Coelho e Z\u00e9 Carlos Sab\u00f3ia, ausentes da foto apenas os deputados Jos\u00e9 Teixeira, Vitor Trov\u00e3o e Vagner Lago e os senadores Edison Lob\u00e3o, Alexandre Costa e Jo\u00e3o Castelo.<\/p>\n<p>Lembro daquela foto e tento me lembrar de tudo que fizemos ali, mas isso n\u00e3o \u00e9 importante. O mais importante \u00e9 que o que resultou daquele trabalho, mesmo n\u00e3o tendo sido perfeito, foi o melhor que pod\u00edamos fazer naquele momento t\u00e3o crucial de nossa hist\u00f3ria.<\/p>\n<p>Tenho muito orgulho de ter participado, mesmo que de forma modesta, daquele momento decisivo da historia de nosso pa\u00eds.<\/p>\n<p>Hoje, 20 anos depois, iremos \u00e0s urnas para elegermos mais uma vez os prefeitos e os vereadores de nossos munic\u00edpios. Brindemos ent\u00e3o, em homenagem a nossa jovem Constitui\u00e7\u00e3o, e j\u00e1 que \u00e9 proibida a venda de bebida alco\u00f3lica durante o pleito, que no brinde usemos o nosso voto como maior instrumento da liberdade a servi\u00e7o da democracia e escolhamos sabiamente aqueles que possam melhor nos representar e administrar nossas cidades.<\/p>\n","protected":false},"excerpt":{"rendered":"<p>Um amigo meu me pediu que eu escrevesse sobre a Assembl\u00e9ia Nacional Constituinte que elaborou a nossa Constitui\u00e7\u00e3o, promulgada em [&hellip;]<\/p>\n","protected":false},"author":7,"featured_media":0,"comment_status":"open","ping_status":"open","sticky":false,"template":"","format":"standard","meta":{"site-sidebar-layout":"default","site-content-layout":"","ast-site-content-layout":"default","site-content-style":"default","site-sidebar-style":"default","ast-global-header-display":"","ast-banner-title-visibility":"","ast-main-header-display":"","ast-hfb-above-header-display":"","ast-hfb-below-header-display":"","ast-hfb-mobile-header-display":"","site-post-title":"","ast-breadcrumbs-content":"","ast-featured-img":"","footer-sml-layout":"","ast-disable-related-posts":"","theme-transparent-header-meta":"","adv-header-id-meta":"","stick-header-meta":"","header-above-stick-meta":"","header-main-stick-meta":"","header-below-stick-meta":"","astra-migrate-meta-layouts":"default","ast-page-background-enabled":"default","ast-page-background-meta":{"desktop":{"background-color":"var(--ast-global-color-5)","background-image":"","background-repeat":"repeat","background-position":"center center","background-size":"auto","background-attachment":"scroll","background-type":"","background-media":"","overlay-type":"","overlay-color":"","overlay-opacity":"","overlay-gradient":""},"tablet":{"background-color":"","background-image":"","background-repeat":"repeat","background-position":"center center","background-size":"auto","background-attachment":"scroll","background-type":"","background-media":"","overlay-type":"","overlay-color":"","overlay-opacity":"","overlay-gradient":""},"mobile":{"background-color":"","background-image":"","background-repeat":"repeat","background-position":"center center","background-size":"auto","background-attachment":"scroll","background-type":"","background-media":"","overlay-type":"","overlay-color":"","overlay-opacity":"","overlay-gradient":""}},"ast-content-background-meta":{"desktop":{"background-color":"var(--ast-global-color-4)","background-image":"","background-repeat":"repeat","background-position":"center center","background-size":"auto","background-attachment":"scroll","background-type":"","background-media":"","overlay-type":"","overlay-color":"","overlay-opacity":"","overlay-gradient":""},"tablet":{"background-color":"var(--ast-global-color-4)","background-image":"","background-repeat":"repeat","background-position":"center center","background-size":"auto","background-attachment":"scroll","background-type":"","background-media":"","overlay-type":"","overlay-color":"","overlay-opacity":"","overlay-gradient":""},"mobile":{"background-color":"var(--ast-global-color-4)","background-image":"","background-repeat":"repeat","background-position":"center center","background-size":"auto","background-attachment":"scroll","background-type":"","background-media":"","overlay-type":"","overlay-color":"","overlay-opacity":"","overlay-gradient":""}},"footnotes":""},"categories":[3],"tags":[],"class_list":["post-321","post","type-post","status-publish","format-standard","hentry","category-geral"],"yoast_head":"<!-- This site is optimized with the Yoast SEO plugin v26.6 - https:\/\/yoast.com\/wordpress\/plugins\/seo\/ -->\n<title>Vinte anos depois - Joaquim Haickel<\/title>\n<meta name=\"robots\" content=\"index, follow, max-snippet:-1, max-image-preview:large, max-video-preview:-1\" \/>\n<link rel=\"canonical\" href=\"https:\/\/www.blogsoestado.com\/joaquimhaickel\/2008\/10\/05\/vinte-anos-depois\/\" \/>\n<meta property=\"og:locale\" content=\"pt_BR\" \/>\n<meta property=\"og:type\" content=\"article\" \/>\n<meta property=\"og:title\" content=\"Vinte anos depois - Joaquim Haickel\" \/>\n<meta property=\"og:description\" content=\"Um amigo meu me pediu que eu escrevesse sobre a Assembl\u00e9ia Nacional Constituinte que elaborou a nossa Constitui\u00e7\u00e3o, promulgada em [&hellip;]\" \/>\n<meta property=\"og:url\" content=\"https:\/\/www.blogsoestado.com\/joaquimhaickel\/2008\/10\/05\/vinte-anos-depois\/\" \/>\n<meta property=\"og:site_name\" content=\"Joaquim Haickel\" \/>\n<meta property=\"article:published_time\" content=\"2008-10-05T15:59:53+00:00\" \/>\n<meta property=\"og:image\" content=\"https:\/\/www.blogsoestado.com\/joaquimhaickel\/files\/2008\/10\/deputados.jpg\" \/>\n<meta name=\"author\" content=\"Joaquim Haickel\" \/>\n<meta name=\"twitter:card\" content=\"summary_large_image\" \/>\n<meta name=\"twitter:label1\" content=\"Escrito por\" \/>\n\t<meta name=\"twitter:data1\" content=\"Joaquim Haickel\" \/>\n\t<meta name=\"twitter:label2\" content=\"Est. tempo de leitura\" \/>\n\t<meta name=\"twitter:data2\" content=\"4 minutos\" \/>\n<script type=\"application\/ld+json\" class=\"yoast-schema-graph\">{\"@context\":\"https:\/\/schema.org\",\"@graph\":[{\"@type\":\"WebPage\",\"@id\":\"https:\/\/www.blogsoestado.com\/joaquimhaickel\/2008\/10\/05\/vinte-anos-depois\/\",\"url\":\"https:\/\/www.blogsoestado.com\/joaquimhaickel\/2008\/10\/05\/vinte-anos-depois\/\",\"name\":\"Vinte anos depois - Joaquim Haickel\",\"isPartOf\":{\"@id\":\"https:\/\/www.blogsoestado.com\/joaquimhaickel\/#website\"},\"primaryImageOfPage\":{\"@id\":\"https:\/\/www.blogsoestado.com\/joaquimhaickel\/2008\/10\/05\/vinte-anos-depois\/#primaryimage\"},\"image\":{\"@id\":\"https:\/\/www.blogsoestado.com\/joaquimhaickel\/2008\/10\/05\/vinte-anos-depois\/#primaryimage\"},\"thumbnailUrl\":\"https:\/\/www.blogsoestado.com\/joaquimhaickel\/files\/2008\/10\/deputados.jpg\",\"datePublished\":\"2008-10-05T15:59:53+00:00\",\"author\":{\"@id\":\"https:\/\/www.blogsoestado.com\/joaquimhaickel\/#\/schema\/person\/4a711644aff28245c6c2c3452d66d325\"},\"breadcrumb\":{\"@id\":\"https:\/\/www.blogsoestado.com\/joaquimhaickel\/2008\/10\/05\/vinte-anos-depois\/#breadcrumb\"},\"inLanguage\":\"pt-BR\",\"potentialAction\":[{\"@type\":\"ReadAction\",\"target\":[\"https:\/\/www.blogsoestado.com\/joaquimhaickel\/2008\/10\/05\/vinte-anos-depois\/\"]}]},{\"@type\":\"ImageObject\",\"inLanguage\":\"pt-BR\",\"@id\":\"https:\/\/www.blogsoestado.com\/joaquimhaickel\/2008\/10\/05\/vinte-anos-depois\/#primaryimage\",\"url\":\"https:\/\/www.blogsoestado.com\/joaquimhaickel\/files\/2008\/10\/deputados.jpg\",\"contentUrl\":\"https:\/\/www.blogsoestado.com\/joaquimhaickel\/files\/2008\/10\/deputados.jpg\"},{\"@type\":\"BreadcrumbList\",\"@id\":\"https:\/\/www.blogsoestado.com\/joaquimhaickel\/2008\/10\/05\/vinte-anos-depois\/#breadcrumb\",\"itemListElement\":[{\"@type\":\"ListItem\",\"position\":1,\"name\":\"In\u00edcio\",\"item\":\"https:\/\/www.blogsoestado.com\/joaquimhaickel\/\"},{\"@type\":\"ListItem\",\"position\":2,\"name\":\"Vinte anos depois\"}]},{\"@type\":\"WebSite\",\"@id\":\"https:\/\/www.blogsoestado.com\/joaquimhaickel\/#website\",\"url\":\"https:\/\/www.blogsoestado.com\/joaquimhaickel\/\",\"name\":\"Joaquim Haickel\",\"description\":\"\",\"potentialAction\":[{\"@type\":\"SearchAction\",\"target\":{\"@type\":\"EntryPoint\",\"urlTemplate\":\"https:\/\/www.blogsoestado.com\/joaquimhaickel\/?s={search_term_string}\"},\"query-input\":{\"@type\":\"PropertyValueSpecification\",\"valueRequired\":true,\"valueName\":\"search_term_string\"}}],\"inLanguage\":\"pt-BR\"},{\"@type\":\"Person\",\"@id\":\"https:\/\/www.blogsoestado.com\/joaquimhaickel\/#\/schema\/person\/4a711644aff28245c6c2c3452d66d325\",\"name\":\"Joaquim Haickel\",\"image\":{\"@type\":\"ImageObject\",\"inLanguage\":\"pt-BR\",\"@id\":\"https:\/\/www.blogsoestado.com\/joaquimhaickel\/#\/schema\/person\/image\/\",\"url\":\"https:\/\/secure.gravatar.com\/avatar\/473d89339b9f8ec089adb8d5778363eb5a2ba2319956bcf0298bfd8cca04684a?s=96&d=mm&r=g\",\"contentUrl\":\"https:\/\/secure.gravatar.com\/avatar\/473d89339b9f8ec089adb8d5778363eb5a2ba2319956bcf0298bfd8cca04684a?s=96&d=mm&r=g\",\"caption\":\"Joaquim Haickel\"},\"url\":\"https:\/\/www.blogsoestado.com\/joaquimhaickel\/author\/joaquimhaickel\/\"}]}<\/script>\n<!-- \/ Yoast SEO plugin. -->","yoast_head_json":{"title":"Vinte anos depois - Joaquim Haickel","robots":{"index":"index","follow":"follow","max-snippet":"max-snippet:-1","max-image-preview":"max-image-preview:large","max-video-preview":"max-video-preview:-1"},"canonical":"https:\/\/www.blogsoestado.com\/joaquimhaickel\/2008\/10\/05\/vinte-anos-depois\/","og_locale":"pt_BR","og_type":"article","og_title":"Vinte anos depois - Joaquim Haickel","og_description":"Um amigo meu me pediu que eu escrevesse sobre a Assembl\u00e9ia Nacional Constituinte que elaborou a nossa Constitui\u00e7\u00e3o, promulgada em [&hellip;]","og_url":"https:\/\/www.blogsoestado.com\/joaquimhaickel\/2008\/10\/05\/vinte-anos-depois\/","og_site_name":"Joaquim Haickel","article_published_time":"2008-10-05T15:59:53+00:00","og_image":[{"url":"https:\/\/www.blogsoestado.com\/joaquimhaickel\/files\/2008\/10\/deputados.jpg","type":"","width":"","height":""}],"author":"Joaquim Haickel","twitter_card":"summary_large_image","twitter_misc":{"Escrito por":"Joaquim Haickel","Est. tempo de leitura":"4 minutos"},"schema":{"@context":"https:\/\/schema.org","@graph":[{"@type":"WebPage","@id":"https:\/\/www.blogsoestado.com\/joaquimhaickel\/2008\/10\/05\/vinte-anos-depois\/","url":"https:\/\/www.blogsoestado.com\/joaquimhaickel\/2008\/10\/05\/vinte-anos-depois\/","name":"Vinte anos depois - Joaquim Haickel","isPartOf":{"@id":"https:\/\/www.blogsoestado.com\/joaquimhaickel\/#website"},"primaryImageOfPage":{"@id":"https:\/\/www.blogsoestado.com\/joaquimhaickel\/2008\/10\/05\/vinte-anos-depois\/#primaryimage"},"image":{"@id":"https:\/\/www.blogsoestado.com\/joaquimhaickel\/2008\/10\/05\/vinte-anos-depois\/#primaryimage"},"thumbnailUrl":"https:\/\/www.blogsoestado.com\/joaquimhaickel\/files\/2008\/10\/deputados.jpg","datePublished":"2008-10-05T15:59:53+00:00","author":{"@id":"https:\/\/www.blogsoestado.com\/joaquimhaickel\/#\/schema\/person\/4a711644aff28245c6c2c3452d66d325"},"breadcrumb":{"@id":"https:\/\/www.blogsoestado.com\/joaquimhaickel\/2008\/10\/05\/vinte-anos-depois\/#breadcrumb"},"inLanguage":"pt-BR","potentialAction":[{"@type":"ReadAction","target":["https:\/\/www.blogsoestado.com\/joaquimhaickel\/2008\/10\/05\/vinte-anos-depois\/"]}]},{"@type":"ImageObject","inLanguage":"pt-BR","@id":"https:\/\/www.blogsoestado.com\/joaquimhaickel\/2008\/10\/05\/vinte-anos-depois\/#primaryimage","url":"https:\/\/www.blogsoestado.com\/joaquimhaickel\/files\/2008\/10\/deputados.jpg","contentUrl":"https:\/\/www.blogsoestado.com\/joaquimhaickel\/files\/2008\/10\/deputados.jpg"},{"@type":"BreadcrumbList","@id":"https:\/\/www.blogsoestado.com\/joaquimhaickel\/2008\/10\/05\/vinte-anos-depois\/#breadcrumb","itemListElement":[{"@type":"ListItem","position":1,"name":"In\u00edcio","item":"https:\/\/www.blogsoestado.com\/joaquimhaickel\/"},{"@type":"ListItem","position":2,"name":"Vinte anos depois"}]},{"@type":"WebSite","@id":"https:\/\/www.blogsoestado.com\/joaquimhaickel\/#website","url":"https:\/\/www.blogsoestado.com\/joaquimhaickel\/","name":"Joaquim Haickel","description":"","potentialAction":[{"@type":"SearchAction","target":{"@type":"EntryPoint","urlTemplate":"https:\/\/www.blogsoestado.com\/joaquimhaickel\/?s={search_term_string}"},"query-input":{"@type":"PropertyValueSpecification","valueRequired":true,"valueName":"search_term_string"}}],"inLanguage":"pt-BR"},{"@type":"Person","@id":"https:\/\/www.blogsoestado.com\/joaquimhaickel\/#\/schema\/person\/4a711644aff28245c6c2c3452d66d325","name":"Joaquim Haickel","image":{"@type":"ImageObject","inLanguage":"pt-BR","@id":"https:\/\/www.blogsoestado.com\/joaquimhaickel\/#\/schema\/person\/image\/","url":"https:\/\/secure.gravatar.com\/avatar\/473d89339b9f8ec089adb8d5778363eb5a2ba2319956bcf0298bfd8cca04684a?s=96&d=mm&r=g","contentUrl":"https:\/\/secure.gravatar.com\/avatar\/473d89339b9f8ec089adb8d5778363eb5a2ba2319956bcf0298bfd8cca04684a?s=96&d=mm&r=g","caption":"Joaquim Haickel"},"url":"https:\/\/www.blogsoestado.com\/joaquimhaickel\/author\/joaquimhaickel\/"}]}},"jetpack_featured_media_url":"","_links":{"self":[{"href":"https:\/\/www.blogsoestado.com\/joaquimhaickel\/wp-json\/wp\/v2\/posts\/321","targetHints":{"allow":["GET"]}}],"collection":[{"href":"https:\/\/www.blogsoestado.com\/joaquimhaickel\/wp-json\/wp\/v2\/posts"}],"about":[{"href":"https:\/\/www.blogsoestado.com\/joaquimhaickel\/wp-json\/wp\/v2\/types\/post"}],"author":[{"embeddable":true,"href":"https:\/\/www.blogsoestado.com\/joaquimhaickel\/wp-json\/wp\/v2\/users\/7"}],"replies":[{"embeddable":true,"href":"https:\/\/www.blogsoestado.com\/joaquimhaickel\/wp-json\/wp\/v2\/comments?post=321"}],"version-history":[{"count":0,"href":"https:\/\/www.blogsoestado.com\/joaquimhaickel\/wp-json\/wp\/v2\/posts\/321\/revisions"}],"wp:attachment":[{"href":"https:\/\/www.blogsoestado.com\/joaquimhaickel\/wp-json\/wp\/v2\/media?parent=321"}],"wp:term":[{"taxonomy":"category","embeddable":true,"href":"https:\/\/www.blogsoestado.com\/joaquimhaickel\/wp-json\/wp\/v2\/categories?post=321"},{"taxonomy":"post_tag","embeddable":true,"href":"https:\/\/www.blogsoestado.com\/joaquimhaickel\/wp-json\/wp\/v2\/tags?post=321"}],"curies":[{"name":"wp","href":"https:\/\/api.w.org\/{rel}","templated":true}]}}