{"id":3220,"date":"2023-03-04T10:55:44","date_gmt":"2023-03-04T13:55:44","guid":{"rendered":"https:\/\/www.blogsoestado.com\/joaquimhaickel\/?p=3220"},"modified":"2023-03-04T10:55:44","modified_gmt":"2023-03-04T13:55:44","slug":"sobre-aquilo-que-mais-precisamos","status":"publish","type":"post","link":"https:\/\/www.blogsoestado.com\/joaquimhaickel\/2023\/03\/04\/sobre-aquilo-que-mais-precisamos\/","title":{"rendered":"Sobre aquilo que mais precisamos"},"content":{"rendered":"\n<figure class=\"wp-block-image size-large\"><a href=\"https:\/\/www.blogsoestado.com\/joaquimhaickel\/wp-content\/uploads\/sites\/6\/2023\/03\/1-1.jpg\"><img fetchpriority=\"high\" decoding=\"async\" width=\"612\" height=\"381\" src=\"https:\/\/www.blogsoestado.com\/joaquimhaickel\/wp-content\/uploads\/sites\/6\/2023\/03\/1-1.jpg\" alt=\"\" class=\"wp-image-3221\" srcset=\"https:\/\/www.blogsoestado.com\/joaquimhaickel\/wp-content\/uploads\/sites\/6\/2023\/03\/1-1.jpg 612w, https:\/\/www.blogsoestado.com\/joaquimhaickel\/wp-content\/uploads\/sites\/6\/2023\/03\/1-1-300x187.jpg 300w\" sizes=\"(max-width: 612px) 100vw, 612px\" \/><\/a><figcaption>A politician at a podium making an announcement<\/figcaption><\/figure>\n\n\n\n<p><\/p>\n\n\n\n<p>No come\u00e7o de nossa rep\u00fablica, os \u00f3rg\u00e3os governamentais mais cobi\u00e7ados pelos pol\u00edticos eram os que envolviam a fazenda p\u00fablica, a seguran\u00e7a e a instru\u00e7\u00e3o, pois neles estavam a fiscaliza\u00e7\u00e3o das empresas, a arrecada\u00e7\u00e3o dos impostos e os pagamentos dos fornecedores, o controle das a\u00e7\u00f5es civis e penais das pessoas e o acesso ao conhecimento com a respectiva possibilidade de nomea\u00e7\u00f5es de professores e seus auxiliares.<\/p>\n\n\n\n<p>A sociedade evoluiu e com ela a m\u00e1quina administrativa tamb\u00e9m passou a ser vista e utilizada de outras formas. Os \u00f3rg\u00e3os citados anteriormente continuam sendo de grande import\u00e2ncia, mas deixaram de ser os mais cobi\u00e7ados, com exce\u00e7\u00e3o da Educa\u00e7\u00e3o.<\/p>\n\n\n\n<p>A fazenda p\u00fablica hoje s\u00f3 arrecada e n\u00e3o mais tem fun\u00e7\u00e3o pagadora. A seguran\u00e7a, pela exist\u00eancia de uma grande quantidade de direitos e regras que devem ser respeitadas e obedecidas, n\u00e3o mais enche os olhos dos pol\u00edticos. A instru\u00e7\u00e3o p\u00fablica que hoje se chama erradamente de educa\u00e7\u00e3o, pois educa\u00e7\u00e3o \u00e9 algo imensamente maior que a mera transfer\u00eancia de conhecimento, \u00e9 a \u00fanica que mant\u00e9m a sua import\u00e2ncia, n\u00e3o mais pela possibilidade de semear pessoas em cargos, pois hoje todos eles s\u00e3o preenchidos por concurso p\u00fablico, mas pela possibilidade de pautar e controlar a sociedade e o povo que dela faz parte, atrav\u00e9s dos conte\u00fados e mat\u00e9rias que se estabelece na grade curricular.<\/p>\n\n\n\n<p>Setores como o planejamento que foi desmembrado da fazenda p\u00fablica, passou a ter bem mais import\u00e2ncia, pois em que pese n\u00e3o arrecadar, \u00e9 o setor que efetivamente planeja os investimentos e os gastos do Estado, prioriza e autoriza os pagamentos. Meio ambiente, que nem existia, passou a ser uma forma de controle dos meios de produ\u00e7\u00e3o, pois \u00e9 ele que diz onde pode a sociedade implantar suas casas e seus neg\u00f3cios. Organismos ligados \u00e0s pessoas, que antes nem eram cogitados, passaram a ter grande relev\u00e2ncia, pois uma das formas mais modernas e eficientes de politiza\u00e7\u00e3o, s\u00e3o os direitos sociais. O setor de infraestrutura que antes era chamado apenas de obras p\u00fablicas, ganhou uma import\u00e2ncia imensa, uma vez que a melhoria dos ambientes onde vive a popula\u00e7\u00e3o \u00e9 de suma import\u00e2ncia, coisa que antes n\u00e3o era crucial.<\/p>\n\n\n\n<p>Essa mudan\u00e7a de paradigma requer um novo pol\u00edtico, que se preocupe com coisas diversas, que tenha um olhar mais abrangente e menos focado, que observe o perif\u00e9rico simultaneamente com o pontual, requer algu\u00e9m n\u00e3o s\u00f3 mais sens\u00edvel, mas tamb\u00e9m mais m\u00faltiplo, algu\u00e9m que possa dosar a import\u00e2ncia do meio ambiente, do agroneg\u00f3cio, da ind\u00fastria e da constru\u00e7\u00e3o civil, sem que uma atividade interfira negativamente na outra. Este pol\u00edtico \u00e9 o que h\u00e1 de mais importante hoje e o que \u00e9 mais raro em nossa sociedade.<\/p>\n\n\n\n<p>Acredito que apenas o liberalismo respons\u00e1vel \u00e9 capaz de produzir um pol\u00edtico assim. Algu\u00e9m que saiba o valor de preservar o meio ambiente, mas que entenda que de nada ele servir\u00e1 \u00e0 popula\u00e7\u00e3o se ela n\u00e3o tiver alimentos bons e baratos, que existem certos custos que a ind\u00fastria deve pagar para que o meio ambiente seja preservado, mas que a produ\u00e7\u00e3o n\u00e3o deve e n\u00e3o pode ser reprimida.<\/p>\n\n\n\n<p>Responsabilidade social e pol\u00edtica n\u00e3o se refere apenas a garantir direitos e igualdades \u00e0s pessoas, mas garantir a elas uma vida mais produtiva e feliz, e isso n\u00e3o apenas aos menos favorecidos que devem \u00e9 claro ser priorizados, mas os cuidados com eles n\u00e3o podem desqualificar o respeito aos demais.<\/p>\n\n\n\n<p>A extremada politiza\u00e7\u00e3o das causas que criou o \u201cn\u00f3s contra eles\u201d em todos os \u00e2mbitos do conv\u00edvio social, \u00e9 a arma que os incapazes usam ao se recusarem a entender isso que eu hoje comento aqui.<\/p>\n\n\n\n<p>O respeito, o compromisso com o correto e com o justo, a fraternidade, a toler\u00e2ncia e a dedica\u00e7\u00e3o \u00e0 realiza\u00e7\u00e3o de coisas boas para todos de forma racional, mesmo que se saiba o quanto isso \u00e9 complicado e dif\u00edcil, \u00e9 o que define o bom pol\u00edtico, hoje e eternamente.<\/p>\n\n\n\n<p>PS: Ofere\u00e7o esse texto \u00e0queles que considerado os melhores secret\u00e1rios da administra\u00e7\u00e3o estadual anterior: Felipe Camar\u00e3o, que foi eleito vice governador; Carlos Lula que agora \u00e9 deputado estadual; Marcellus Ribeiro Alves, que para o bem de nosso Estado continua na Secretaria da Fazenda; e Ted Lago que fez um primoroso trabalho frente a EMAP.<\/p>\n","protected":false},"excerpt":{"rendered":"<p>No come\u00e7o de nossa rep\u00fablica, os \u00f3rg\u00e3os governamentais mais cobi\u00e7ados pelos pol\u00edticos eram os que envolviam a fazenda p\u00fablica, a [&hellip;]<\/p>\n","protected":false},"author":7,"featured_media":0,"comment_status":"open","ping_status":"open","sticky":false,"template":"","format":"standard","meta":{"site-sidebar-layout":"default","site-content-layout":"","ast-site-content-layout":"default","site-content-style":"default","site-sidebar-style":"default","ast-global-header-display":"","ast-banner-title-visibility":"","ast-main-header-display":"","ast-hfb-above-header-display":"","ast-hfb-below-header-display":"","ast-hfb-mobile-header-display":"","site-post-title":"","ast-breadcrumbs-content":"","ast-featured-img":"","footer-sml-layout":"","ast-disable-related-posts":"","theme-transparent-header-meta":"","adv-header-id-meta":"","stick-header-meta":"","header-above-stick-meta":"","header-main-stick-meta":"","header-below-stick-meta":"","astra-migrate-meta-layouts":"default","ast-page-background-enabled":"default","ast-page-background-meta":{"desktop":{"background-color":"var(--ast-global-color-5)","background-image":"","background-repeat":"repeat","background-position":"center center","background-size":"auto","background-attachment":"scroll","background-type":"","background-media":"","overlay-type":"","overlay-color":"","overlay-opacity":"","overlay-gradient":""},"tablet":{"background-color":"","background-image":"","background-repeat":"repeat","background-position":"center center","background-size":"auto","background-attachment":"scroll","background-type":"","background-media":"","overlay-type":"","overlay-color":"","overlay-opacity":"","overlay-gradient":""},"mobile":{"background-color":"","background-image":"","background-repeat":"repeat","background-position":"center center","background-size":"auto","background-attachment":"scroll","background-type":"","background-media":"","overlay-type":"","overlay-color":"","overlay-opacity":"","overlay-gradient":""}},"ast-content-background-meta":{"desktop":{"background-color":"var(--ast-global-color-4)","background-image":"","background-repeat":"repeat","background-position":"center center","background-size":"auto","background-attachment":"scroll","background-type":"","background-media":"","overlay-type":"","overlay-color":"","overlay-opacity":"","overlay-gradient":""},"tablet":{"background-color":"var(--ast-global-color-4)","background-image":"","background-repeat":"repeat","background-position":"center center","background-size":"auto","background-attachment":"scroll","background-type":"","background-media":"","overlay-type":"","overlay-color":"","overlay-opacity":"","overlay-gradient":""},"mobile":{"background-color":"var(--ast-global-color-4)","background-image":"","background-repeat":"repeat","background-position":"center center","background-size":"auto","background-attachment":"scroll","background-type":"","background-media":"","overlay-type":"","overlay-color":"","overlay-opacity":"","overlay-gradient":""}},"footnotes":""},"categories":[1],"tags":[],"class_list":["post-3220","post","type-post","status-publish","format-standard","hentry","category-sem-categoria"],"yoast_head":"<!-- This site is optimized with the Yoast SEO plugin v26.6 - https:\/\/yoast.com\/wordpress\/plugins\/seo\/ -->\n<title>Sobre aquilo que mais precisamos - Joaquim Haickel<\/title>\n<meta name=\"robots\" content=\"index, follow, max-snippet:-1, max-image-preview:large, max-video-preview:-1\" \/>\n<link rel=\"canonical\" href=\"https:\/\/www.blogsoestado.com\/joaquimhaickel\/2023\/03\/04\/sobre-aquilo-que-mais-precisamos\/\" \/>\n<meta property=\"og:locale\" content=\"pt_BR\" \/>\n<meta property=\"og:type\" content=\"article\" \/>\n<meta property=\"og:title\" content=\"Sobre aquilo que mais precisamos - Joaquim Haickel\" \/>\n<meta property=\"og:description\" content=\"No come\u00e7o de nossa rep\u00fablica, os \u00f3rg\u00e3os governamentais mais cobi\u00e7ados pelos pol\u00edticos eram os que envolviam a fazenda p\u00fablica, a [&hellip;]\" \/>\n<meta property=\"og:url\" content=\"https:\/\/www.blogsoestado.com\/joaquimhaickel\/2023\/03\/04\/sobre-aquilo-que-mais-precisamos\/\" \/>\n<meta property=\"og:site_name\" content=\"Joaquim Haickel\" \/>\n<meta property=\"article:published_time\" content=\"2023-03-04T13:55:44+00:00\" \/>\n<meta property=\"og:image\" content=\"https:\/\/www.blogsoestado.com\/joaquimhaickel\/wp-content\/uploads\/sites\/6\/2023\/03\/1-1.jpg\" \/>\n<meta name=\"author\" content=\"Joaquim Haickel\" \/>\n<meta name=\"twitter:card\" content=\"summary_large_image\" \/>\n<meta name=\"twitter:label1\" content=\"Escrito por\" \/>\n\t<meta name=\"twitter:data1\" content=\"Joaquim Haickel\" \/>\n\t<meta name=\"twitter:label2\" content=\"Est. tempo de leitura\" \/>\n\t<meta name=\"twitter:data2\" content=\"4 minutos\" \/>\n<script type=\"application\/ld+json\" class=\"yoast-schema-graph\">{\"@context\":\"https:\/\/schema.org\",\"@graph\":[{\"@type\":\"WebPage\",\"@id\":\"https:\/\/www.blogsoestado.com\/joaquimhaickel\/2023\/03\/04\/sobre-aquilo-que-mais-precisamos\/\",\"url\":\"https:\/\/www.blogsoestado.com\/joaquimhaickel\/2023\/03\/04\/sobre-aquilo-que-mais-precisamos\/\",\"name\":\"Sobre aquilo que mais precisamos - Joaquim Haickel\",\"isPartOf\":{\"@id\":\"https:\/\/www.blogsoestado.com\/joaquimhaickel\/#website\"},\"primaryImageOfPage\":{\"@id\":\"https:\/\/www.blogsoestado.com\/joaquimhaickel\/2023\/03\/04\/sobre-aquilo-que-mais-precisamos\/#primaryimage\"},\"image\":{\"@id\":\"https:\/\/www.blogsoestado.com\/joaquimhaickel\/2023\/03\/04\/sobre-aquilo-que-mais-precisamos\/#primaryimage\"},\"thumbnailUrl\":\"https:\/\/www.blogsoestado.com\/joaquimhaickel\/wp-content\/uploads\/sites\/6\/2023\/03\/1-1.jpg\",\"datePublished\":\"2023-03-04T13:55:44+00:00\",\"author\":{\"@id\":\"https:\/\/www.blogsoestado.com\/joaquimhaickel\/#\/schema\/person\/4a711644aff28245c6c2c3452d66d325\"},\"breadcrumb\":{\"@id\":\"https:\/\/www.blogsoestado.com\/joaquimhaickel\/2023\/03\/04\/sobre-aquilo-que-mais-precisamos\/#breadcrumb\"},\"inLanguage\":\"pt-BR\",\"potentialAction\":[{\"@type\":\"ReadAction\",\"target\":[\"https:\/\/www.blogsoestado.com\/joaquimhaickel\/2023\/03\/04\/sobre-aquilo-que-mais-precisamos\/\"]}]},{\"@type\":\"ImageObject\",\"inLanguage\":\"pt-BR\",\"@id\":\"https:\/\/www.blogsoestado.com\/joaquimhaickel\/2023\/03\/04\/sobre-aquilo-que-mais-precisamos\/#primaryimage\",\"url\":\"https:\/\/www.blogsoestado.com\/joaquimhaickel\/wp-content\/uploads\/sites\/6\/2023\/03\/1-1.jpg\",\"contentUrl\":\"https:\/\/www.blogsoestado.com\/joaquimhaickel\/wp-content\/uploads\/sites\/6\/2023\/03\/1-1.jpg\"},{\"@type\":\"BreadcrumbList\",\"@id\":\"https:\/\/www.blogsoestado.com\/joaquimhaickel\/2023\/03\/04\/sobre-aquilo-que-mais-precisamos\/#breadcrumb\",\"itemListElement\":[{\"@type\":\"ListItem\",\"position\":1,\"name\":\"In\u00edcio\",\"item\":\"https:\/\/www.blogsoestado.com\/joaquimhaickel\/\"},{\"@type\":\"ListItem\",\"position\":2,\"name\":\"Sobre aquilo que mais precisamos\"}]},{\"@type\":\"WebSite\",\"@id\":\"https:\/\/www.blogsoestado.com\/joaquimhaickel\/#website\",\"url\":\"https:\/\/www.blogsoestado.com\/joaquimhaickel\/\",\"name\":\"Joaquim Haickel\",\"description\":\"\",\"potentialAction\":[{\"@type\":\"SearchAction\",\"target\":{\"@type\":\"EntryPoint\",\"urlTemplate\":\"https:\/\/www.blogsoestado.com\/joaquimhaickel\/?s={search_term_string}\"},\"query-input\":{\"@type\":\"PropertyValueSpecification\",\"valueRequired\":true,\"valueName\":\"search_term_string\"}}],\"inLanguage\":\"pt-BR\"},{\"@type\":\"Person\",\"@id\":\"https:\/\/www.blogsoestado.com\/joaquimhaickel\/#\/schema\/person\/4a711644aff28245c6c2c3452d66d325\",\"name\":\"Joaquim Haickel\",\"image\":{\"@type\":\"ImageObject\",\"inLanguage\":\"pt-BR\",\"@id\":\"https:\/\/www.blogsoestado.com\/joaquimhaickel\/#\/schema\/person\/image\/\",\"url\":\"https:\/\/secure.gravatar.com\/avatar\/473d89339b9f8ec089adb8d5778363eb5a2ba2319956bcf0298bfd8cca04684a?s=96&d=mm&r=g\",\"contentUrl\":\"https:\/\/secure.gravatar.com\/avatar\/473d89339b9f8ec089adb8d5778363eb5a2ba2319956bcf0298bfd8cca04684a?s=96&d=mm&r=g\",\"caption\":\"Joaquim Haickel\"},\"url\":\"https:\/\/www.blogsoestado.com\/joaquimhaickel\/author\/joaquimhaickel\/\"}]}<\/script>\n<!-- \/ Yoast SEO plugin. -->","yoast_head_json":{"title":"Sobre aquilo que mais precisamos - Joaquim Haickel","robots":{"index":"index","follow":"follow","max-snippet":"max-snippet:-1","max-image-preview":"max-image-preview:large","max-video-preview":"max-video-preview:-1"},"canonical":"https:\/\/www.blogsoestado.com\/joaquimhaickel\/2023\/03\/04\/sobre-aquilo-que-mais-precisamos\/","og_locale":"pt_BR","og_type":"article","og_title":"Sobre aquilo que mais precisamos - Joaquim Haickel","og_description":"No come\u00e7o de nossa rep\u00fablica, os \u00f3rg\u00e3os governamentais mais cobi\u00e7ados pelos pol\u00edticos eram os que envolviam a fazenda p\u00fablica, a [&hellip;]","og_url":"https:\/\/www.blogsoestado.com\/joaquimhaickel\/2023\/03\/04\/sobre-aquilo-que-mais-precisamos\/","og_site_name":"Joaquim Haickel","article_published_time":"2023-03-04T13:55:44+00:00","og_image":[{"url":"https:\/\/www.blogsoestado.com\/joaquimhaickel\/wp-content\/uploads\/sites\/6\/2023\/03\/1-1.jpg","type":"","width":"","height":""}],"author":"Joaquim Haickel","twitter_card":"summary_large_image","twitter_misc":{"Escrito por":"Joaquim Haickel","Est. tempo de leitura":"4 minutos"},"schema":{"@context":"https:\/\/schema.org","@graph":[{"@type":"WebPage","@id":"https:\/\/www.blogsoestado.com\/joaquimhaickel\/2023\/03\/04\/sobre-aquilo-que-mais-precisamos\/","url":"https:\/\/www.blogsoestado.com\/joaquimhaickel\/2023\/03\/04\/sobre-aquilo-que-mais-precisamos\/","name":"Sobre aquilo que mais precisamos - Joaquim Haickel","isPartOf":{"@id":"https:\/\/www.blogsoestado.com\/joaquimhaickel\/#website"},"primaryImageOfPage":{"@id":"https:\/\/www.blogsoestado.com\/joaquimhaickel\/2023\/03\/04\/sobre-aquilo-que-mais-precisamos\/#primaryimage"},"image":{"@id":"https:\/\/www.blogsoestado.com\/joaquimhaickel\/2023\/03\/04\/sobre-aquilo-que-mais-precisamos\/#primaryimage"},"thumbnailUrl":"https:\/\/www.blogsoestado.com\/joaquimhaickel\/wp-content\/uploads\/sites\/6\/2023\/03\/1-1.jpg","datePublished":"2023-03-04T13:55:44+00:00","author":{"@id":"https:\/\/www.blogsoestado.com\/joaquimhaickel\/#\/schema\/person\/4a711644aff28245c6c2c3452d66d325"},"breadcrumb":{"@id":"https:\/\/www.blogsoestado.com\/joaquimhaickel\/2023\/03\/04\/sobre-aquilo-que-mais-precisamos\/#breadcrumb"},"inLanguage":"pt-BR","potentialAction":[{"@type":"ReadAction","target":["https:\/\/www.blogsoestado.com\/joaquimhaickel\/2023\/03\/04\/sobre-aquilo-que-mais-precisamos\/"]}]},{"@type":"ImageObject","inLanguage":"pt-BR","@id":"https:\/\/www.blogsoestado.com\/joaquimhaickel\/2023\/03\/04\/sobre-aquilo-que-mais-precisamos\/#primaryimage","url":"https:\/\/www.blogsoestado.com\/joaquimhaickel\/wp-content\/uploads\/sites\/6\/2023\/03\/1-1.jpg","contentUrl":"https:\/\/www.blogsoestado.com\/joaquimhaickel\/wp-content\/uploads\/sites\/6\/2023\/03\/1-1.jpg"},{"@type":"BreadcrumbList","@id":"https:\/\/www.blogsoestado.com\/joaquimhaickel\/2023\/03\/04\/sobre-aquilo-que-mais-precisamos\/#breadcrumb","itemListElement":[{"@type":"ListItem","position":1,"name":"In\u00edcio","item":"https:\/\/www.blogsoestado.com\/joaquimhaickel\/"},{"@type":"ListItem","position":2,"name":"Sobre aquilo que mais precisamos"}]},{"@type":"WebSite","@id":"https:\/\/www.blogsoestado.com\/joaquimhaickel\/#website","url":"https:\/\/www.blogsoestado.com\/joaquimhaickel\/","name":"Joaquim Haickel","description":"","potentialAction":[{"@type":"SearchAction","target":{"@type":"EntryPoint","urlTemplate":"https:\/\/www.blogsoestado.com\/joaquimhaickel\/?s={search_term_string}"},"query-input":{"@type":"PropertyValueSpecification","valueRequired":true,"valueName":"search_term_string"}}],"inLanguage":"pt-BR"},{"@type":"Person","@id":"https:\/\/www.blogsoestado.com\/joaquimhaickel\/#\/schema\/person\/4a711644aff28245c6c2c3452d66d325","name":"Joaquim Haickel","image":{"@type":"ImageObject","inLanguage":"pt-BR","@id":"https:\/\/www.blogsoestado.com\/joaquimhaickel\/#\/schema\/person\/image\/","url":"https:\/\/secure.gravatar.com\/avatar\/473d89339b9f8ec089adb8d5778363eb5a2ba2319956bcf0298bfd8cca04684a?s=96&d=mm&r=g","contentUrl":"https:\/\/secure.gravatar.com\/avatar\/473d89339b9f8ec089adb8d5778363eb5a2ba2319956bcf0298bfd8cca04684a?s=96&d=mm&r=g","caption":"Joaquim Haickel"},"url":"https:\/\/www.blogsoestado.com\/joaquimhaickel\/author\/joaquimhaickel\/"}]}},"jetpack_featured_media_url":"","_links":{"self":[{"href":"https:\/\/www.blogsoestado.com\/joaquimhaickel\/wp-json\/wp\/v2\/posts\/3220","targetHints":{"allow":["GET"]}}],"collection":[{"href":"https:\/\/www.blogsoestado.com\/joaquimhaickel\/wp-json\/wp\/v2\/posts"}],"about":[{"href":"https:\/\/www.blogsoestado.com\/joaquimhaickel\/wp-json\/wp\/v2\/types\/post"}],"author":[{"embeddable":true,"href":"https:\/\/www.blogsoestado.com\/joaquimhaickel\/wp-json\/wp\/v2\/users\/7"}],"replies":[{"embeddable":true,"href":"https:\/\/www.blogsoestado.com\/joaquimhaickel\/wp-json\/wp\/v2\/comments?post=3220"}],"version-history":[{"count":0,"href":"https:\/\/www.blogsoestado.com\/joaquimhaickel\/wp-json\/wp\/v2\/posts\/3220\/revisions"}],"wp:attachment":[{"href":"https:\/\/www.blogsoestado.com\/joaquimhaickel\/wp-json\/wp\/v2\/media?parent=3220"}],"wp:term":[{"taxonomy":"category","embeddable":true,"href":"https:\/\/www.blogsoestado.com\/joaquimhaickel\/wp-json\/wp\/v2\/categories?post=3220"},{"taxonomy":"post_tag","embeddable":true,"href":"https:\/\/www.blogsoestado.com\/joaquimhaickel\/wp-json\/wp\/v2\/tags?post=3220"}],"curies":[{"name":"wp","href":"https:\/\/api.w.org\/{rel}","templated":true}]}}