{"id":3224,"date":"2023-03-11T10:49:22","date_gmt":"2023-03-11T13:49:22","guid":{"rendered":"https:\/\/www.blogsoestado.com\/joaquimhaickel\/?p=3224"},"modified":"2023-03-11T10:49:22","modified_gmt":"2023-03-11T13:49:22","slug":"as-efemerides-de-2023","status":"publish","type":"post","link":"https:\/\/www.blogsoestado.com\/joaquimhaickel\/2023\/03\/11\/as-efemerides-de-2023\/","title":{"rendered":"As efem\u00e9rides de 2023"},"content":{"rendered":"\n<p><\/p>\n\n\n\n<figure class=\"wp-block-gallery columns-3 is-cropped wp-block-gallery-2 is-layout-flex wp-block-gallery-is-layout-flex\"><ul class=\"blocks-gallery-grid\"><li class=\"blocks-gallery-item\"><figure><a href=\"https:\/\/www.blogsoestado.com\/joaquimhaickel\/wp-content\/uploads\/sites\/6\/2023\/03\/Goncalves-Dias-2-607x1024.jpg\"><img fetchpriority=\"high\" decoding=\"async\" width=\"607\" height=\"1024\" src=\"https:\/\/www.blogsoestado.com\/joaquimhaickel\/wp-content\/uploads\/sites\/6\/2023\/03\/Goncalves-Dias-2-607x1024.jpg\" alt=\"\" data-id=\"3225\" data-link=\"https:\/\/www.blogsoestado.com\/joaquimhaickel\/?attachment_id=3225\" class=\"wp-image-3225\" srcset=\"https:\/\/www.blogsoestado.com\/joaquimhaickel\/wp-content\/uploads\/sites\/6\/2023\/03\/Goncalves-Dias-2-607x1024.jpg 607w, https:\/\/www.blogsoestado.com\/joaquimhaickel\/wp-content\/uploads\/sites\/6\/2023\/03\/Goncalves-Dias-2-178x300.jpg 178w, https:\/\/www.blogsoestado.com\/joaquimhaickel\/wp-content\/uploads\/sites\/6\/2023\/03\/Goncalves-Dias-2.jpg 759w\" sizes=\"(max-width: 607px) 100vw, 607px\" \/><\/a><\/figure><\/li><li class=\"blocks-gallery-item\"><figure><a href=\"https:\/\/www.blogsoestado.com\/joaquimhaickel\/files\/2023\/03\/Nagib-Haickelx-793x1024.jpg\"><img decoding=\"async\" src=\"https:\/\/www.blogsoestado.com\/joaquimhaickel\/files\/2023\/03\/Nagib-Haickelx-793x1024.jpg\" alt=\"\" data-id=\"3226\" data-link=\"https:\/\/www.blogsoestado.com\/joaquimhaickel\/?attachment_id=3226\" class=\"wp-image-3226\"\/><\/a><\/figure><\/li><li class=\"blocks-gallery-item\"><figure><a href=\"https:\/\/www.blogsoestado.com\/joaquimhaickel\/wp-content\/uploads\/sites\/6\/2023\/03\/R-G-2-960x1024.jpg\"><img decoding=\"async\" width=\"960\" height=\"1024\" src=\"https:\/\/www.blogsoestado.com\/joaquimhaickel\/wp-content\/uploads\/sites\/6\/2023\/03\/R-G-2-960x1024.jpg\" alt=\"\" data-id=\"3227\" data-link=\"https:\/\/www.blogsoestado.com\/joaquimhaickel\/?attachment_id=3227\" class=\"wp-image-3227\" srcset=\"https:\/\/www.blogsoestado.com\/joaquimhaickel\/wp-content\/uploads\/sites\/6\/2023\/03\/R-G-2-960x1024.jpg 960w, https:\/\/www.blogsoestado.com\/joaquimhaickel\/wp-content\/uploads\/sites\/6\/2023\/03\/R-G-2-281x300.jpg 281w, https:\/\/www.blogsoestado.com\/joaquimhaickel\/wp-content\/uploads\/sites\/6\/2023\/03\/R-G-2-768x820.jpg 768w, https:\/\/www.blogsoestado.com\/joaquimhaickel\/wp-content\/uploads\/sites\/6\/2023\/03\/R-G-2.jpg 1280w\" sizes=\"(max-width: 960px) 100vw, 960px\" \/><\/a><\/figure><\/li><\/ul><\/figure>\n\n\n\n<p>O ano de 2023 est\u00e1 repleto de efem\u00e9rides.<\/p>\n\n\n\n<p>Essa palavra grega designava a tabela astron\u00f4mica onde, em intervalos de tempo regulares, registrava-se a relativa posi\u00e7\u00e3o de um corpo celeste, com os quais astr\u00f4nomos, astr\u00f3logos, magos e navegadores se orientavam no exerc\u00edcio de cada uma de suas diversas atividades.<\/p>\n\n\n\n<p>Quando essa palavra foi absorvida pelo idioma e pela cultura romana ela passou a designar aquilo que se convencionou chamar de memorial ou di\u00e1rio, onde se anotava os acontecimentos de cada dia.<\/p>\n\n\n\n<p>Nos dias atuais o termo efem\u00e9rides se relaciona com a lista de fatos marcantes que aconteceram em determinados dias e anos. Datas que se tornaram relevantes por marcarem, de alguma forma, a hist\u00f3ria das pessoas e da sociedade.<\/p>\n\n\n\n<p>Particularmente para mim 2023 \u00e9 um ano de muitas e importantes efem\u00e9rides.<\/p>\n\n\n\n<p>Neste ano meu pai far\u00e1 30 anos de falecido. Se vivo fosse, completaria 90 anos de idade. Para marcar esta data, a Funda\u00e7\u00e3o Nagib Haickel resolveu doar \u00e0 Assembleia Legislativa do Maranh\u00e3o, onde ele exerceu diversos mandatos e chegou a ser presidente, um busto para ser colocado na entrada do plen\u00e1rio que leva o seu nome.<\/p>\n\n\n\n<p>Um outro busto ser\u00e1 colocado no Pr\u00e9dio Nagib Haickel, no Complexo Administrativo do Estado, no Calhau, e uma est\u00e1tua, em tamanho natural, ser\u00e1 erguida na pra\u00e7a que leva seu nome, em sua cidade natal, Pindar\u00e9 Mirim.<\/p>\n\n\n\n<p>2023 marca o quadrag\u00e9simo anivers\u00e1rio de posse de meu primeiro mandato eletivo, legislatura em que fui o mais jovem parlamentar do Brasil. Em comemora\u00e7\u00e3o, no m\u00eas de setembro, receberei na Assembleia Legislativa, as Medalhas de M\u00e9rito, Jo\u00e3o do Vale e Canhoteiro, que me foram outorgadas em 2021 pelos relevantes servi\u00e7os prestados ao nosso Estado, ao criar as leis de incentivo \u00e0 cultura e ao esporte do Maranh\u00e3o.<\/p>\n\n\n\n<p>Tamb\u00e9m neste ano comemorarei, junto com meus queridos amigos Celso Borges, Roberto Kenard, Paulo Coelho, \u00c9rico Junqueira Aires, Dulce Brito, Cordeiro Filho e Ronaldo Braga, dentre muitos outros, os 40 anos da Revista Guarnic\u00ea, que deu origem a um dos mais importantes movimentos art\u00edsticos e culturais de nossa terra, e que lan\u00e7ou muitos nomes de nossa literatura.<\/p>\n\n\n\n<p>Para marcar essa data, lan\u00e7aremos a miniss\u00e9rie \u201cGuarnic\u00ea &#8211; uma hist\u00f3ria pra contar\u201d, que narra a trajet\u00f3ria daqueles jovens que n\u00e3o sabendo que era imposs\u00edvel fazer aquilo tudo, foram l\u00e1 e fizeram.<\/p>\n\n\n\n<p>Entre tantas datas importantes que teremos em 2023, uma se destaca mais que qualquer outra. Trata-se da comemora\u00e7\u00e3o do bicenten\u00e1rio de nascimento de nosso maior poeta, Antonio Gon\u00e7alves Dias.<\/p>\n\n\n\n<p>Essa efem\u00e9ride ser\u00e1 o centro das aten\u00e7\u00f5es da Academia Maranhense de Letras, que em parceria com o Governo do Maranh\u00e3o, por iniciativa do governador Carlos Brand\u00e3o, realizar\u00e1 diversos eventos em louvor \u00e0quela que \u00e9 a figura central de nossa cultura.<\/p>\n\n\n\n<p>Entre as diversas atividades e eventos, como palestras, semin\u00e1rios, concursos liter\u00e1rios, concess\u00e3o de medalhas comemorativas, recitais, espet\u00e1culos teatrais, haver\u00e1 tamb\u00e9m a realiza\u00e7\u00e3o de um filme sobre a vida e a obra do poeta.<\/p>\n\n\n\n<p>Duas outras efem\u00e9rides marcam esse ano no que diz respeito a minha pessoa. Em 1973, h\u00e1 exatos 50 anos, comecei a escrever textos com inten\u00e7\u00e3o de public\u00e1-los, e naquele mesmo ano come\u00e7aram a ser disputados os JEM\u2019s, Jogos Estudantis Maranhenses, que revelaram alguns de nossos maiores atletas. Inclusive estamos produzindo uma miniss\u00e9rie para registrar a hist\u00f3ria daquela gera\u00e7\u00e3o e das que a sucedeu.<\/p>\n\n\n\n<p>2023 promete ser um ano bem movimentado.<\/p>\n","protected":false},"excerpt":{"rendered":"<p>O ano de 2023 est\u00e1 repleto de efem\u00e9rides. Essa palavra grega designava a tabela astron\u00f4mica onde, em intervalos de tempo [&hellip;]<\/p>\n","protected":false},"author":7,"featured_media":0,"comment_status":"open","ping_status":"open","sticky":false,"template":"","format":"standard","meta":{"site-sidebar-layout":"default","site-content-layout":"","ast-site-content-layout":"default","site-content-style":"default","site-sidebar-style":"default","ast-global-header-display":"","ast-banner-title-visibility":"","ast-main-header-display":"","ast-hfb-above-header-display":"","ast-hfb-below-header-display":"","ast-hfb-mobile-header-display":"","site-post-title":"","ast-breadcrumbs-content":"","ast-featured-img":"","footer-sml-layout":"","ast-disable-related-posts":"","theme-transparent-header-meta":"","adv-header-id-meta":"","stick-header-meta":"","header-above-stick-meta":"","header-main-stick-meta":"","header-below-stick-meta":"","astra-migrate-meta-layouts":"default","ast-page-background-enabled":"default","ast-page-background-meta":{"desktop":{"background-color":"var(--ast-global-color-5)","background-image":"","background-repeat":"repeat","background-position":"center center","background-size":"auto","background-attachment":"scroll","background-type":"","background-media":"","overlay-type":"","overlay-color":"","overlay-opacity":"","overlay-gradient":""},"tablet":{"background-color":"","background-image":"","background-repeat":"repeat","background-position":"center center","background-size":"auto","background-attachment":"scroll","background-type":"","background-media":"","overlay-type":"","overlay-color":"","overlay-opacity":"","overlay-gradient":""},"mobile":{"background-color":"","background-image":"","background-repeat":"repeat","background-position":"center center","background-size":"auto","background-attachment":"scroll","background-type":"","background-media":"","overlay-type":"","overlay-color":"","overlay-opacity":"","overlay-gradient":""}},"ast-content-background-meta":{"desktop":{"background-color":"var(--ast-global-color-4)","background-image":"","background-repeat":"repeat","background-position":"center center","background-size":"auto","background-attachment":"scroll","background-type":"","background-media":"","overlay-type":"","overlay-color":"","overlay-opacity":"","overlay-gradient":""},"tablet":{"background-color":"var(--ast-global-color-4)","background-image":"","background-repeat":"repeat","background-position":"center center","background-size":"auto","background-attachment":"scroll","background-type":"","background-media":"","overlay-type":"","overlay-color":"","overlay-opacity":"","overlay-gradient":""},"mobile":{"background-color":"var(--ast-global-color-4)","background-image":"","background-repeat":"repeat","background-position":"center center","background-size":"auto","background-attachment":"scroll","background-type":"","background-media":"","overlay-type":"","overlay-color":"","overlay-opacity":"","overlay-gradient":""}},"footnotes":""},"categories":[1],"tags":[],"class_list":["post-3224","post","type-post","status-publish","format-standard","hentry","category-sem-categoria"],"yoast_head":"<!-- This site is optimized with the Yoast SEO plugin v26.6 - https:\/\/yoast.com\/wordpress\/plugins\/seo\/ -->\n<title>As efem\u00e9rides de 2023 - Joaquim Haickel<\/title>\n<meta name=\"robots\" content=\"index, follow, max-snippet:-1, max-image-preview:large, max-video-preview:-1\" \/>\n<link rel=\"canonical\" href=\"https:\/\/www.blogsoestado.com\/joaquimhaickel\/2023\/03\/11\/as-efemerides-de-2023\/\" \/>\n<meta property=\"og:locale\" content=\"pt_BR\" \/>\n<meta property=\"og:type\" content=\"article\" \/>\n<meta property=\"og:title\" content=\"As efem\u00e9rides de 2023 - Joaquim Haickel\" \/>\n<meta property=\"og:description\" content=\"O ano de 2023 est\u00e1 repleto de efem\u00e9rides. Essa palavra grega designava a tabela astron\u00f4mica onde, em intervalos de tempo [&hellip;]\" \/>\n<meta property=\"og:url\" content=\"https:\/\/www.blogsoestado.com\/joaquimhaickel\/2023\/03\/11\/as-efemerides-de-2023\/\" \/>\n<meta property=\"og:site_name\" content=\"Joaquim Haickel\" \/>\n<meta property=\"article:published_time\" content=\"2023-03-11T13:49:22+00:00\" \/>\n<meta property=\"og:image\" content=\"https:\/\/www.blogsoestado.com\/joaquimhaickel\/wp-content\/uploads\/sites\/6\/2023\/03\/Goncalves-Dias-2-607x1024.jpg\" \/>\n<meta name=\"author\" content=\"Joaquim Haickel\" \/>\n<meta name=\"twitter:card\" content=\"summary_large_image\" \/>\n<meta name=\"twitter:label1\" content=\"Escrito por\" \/>\n\t<meta name=\"twitter:data1\" content=\"Joaquim Haickel\" \/>\n\t<meta name=\"twitter:label2\" content=\"Est. tempo de leitura\" \/>\n\t<meta name=\"twitter:data2\" content=\"4 minutos\" \/>\n<script type=\"application\/ld+json\" class=\"yoast-schema-graph\">{\"@context\":\"https:\/\/schema.org\",\"@graph\":[{\"@type\":\"WebPage\",\"@id\":\"https:\/\/www.blogsoestado.com\/joaquimhaickel\/2023\/03\/11\/as-efemerides-de-2023\/\",\"url\":\"https:\/\/www.blogsoestado.com\/joaquimhaickel\/2023\/03\/11\/as-efemerides-de-2023\/\",\"name\":\"As efem\u00e9rides de 2023 - Joaquim Haickel\",\"isPartOf\":{\"@id\":\"https:\/\/www.blogsoestado.com\/joaquimhaickel\/#website\"},\"primaryImageOfPage\":{\"@id\":\"https:\/\/www.blogsoestado.com\/joaquimhaickel\/2023\/03\/11\/as-efemerides-de-2023\/#primaryimage\"},\"image\":{\"@id\":\"https:\/\/www.blogsoestado.com\/joaquimhaickel\/2023\/03\/11\/as-efemerides-de-2023\/#primaryimage\"},\"thumbnailUrl\":\"https:\/\/www.blogsoestado.com\/joaquimhaickel\/wp-content\/uploads\/sites\/6\/2023\/03\/Goncalves-Dias-2-607x1024.jpg\",\"datePublished\":\"2023-03-11T13:49:22+00:00\",\"author\":{\"@id\":\"https:\/\/www.blogsoestado.com\/joaquimhaickel\/#\/schema\/person\/4a711644aff28245c6c2c3452d66d325\"},\"breadcrumb\":{\"@id\":\"https:\/\/www.blogsoestado.com\/joaquimhaickel\/2023\/03\/11\/as-efemerides-de-2023\/#breadcrumb\"},\"inLanguage\":\"pt-BR\",\"potentialAction\":[{\"@type\":\"ReadAction\",\"target\":[\"https:\/\/www.blogsoestado.com\/joaquimhaickel\/2023\/03\/11\/as-efemerides-de-2023\/\"]}]},{\"@type\":\"ImageObject\",\"inLanguage\":\"pt-BR\",\"@id\":\"https:\/\/www.blogsoestado.com\/joaquimhaickel\/2023\/03\/11\/as-efemerides-de-2023\/#primaryimage\",\"url\":\"https:\/\/www.blogsoestado.com\/joaquimhaickel\/wp-content\/uploads\/sites\/6\/2023\/03\/Goncalves-Dias-2-607x1024.jpg\",\"contentUrl\":\"https:\/\/www.blogsoestado.com\/joaquimhaickel\/wp-content\/uploads\/sites\/6\/2023\/03\/Goncalves-Dias-2-607x1024.jpg\"},{\"@type\":\"BreadcrumbList\",\"@id\":\"https:\/\/www.blogsoestado.com\/joaquimhaickel\/2023\/03\/11\/as-efemerides-de-2023\/#breadcrumb\",\"itemListElement\":[{\"@type\":\"ListItem\",\"position\":1,\"name\":\"In\u00edcio\",\"item\":\"https:\/\/www.blogsoestado.com\/joaquimhaickel\/\"},{\"@type\":\"ListItem\",\"position\":2,\"name\":\"As efem\u00e9rides de 2023\"}]},{\"@type\":\"WebSite\",\"@id\":\"https:\/\/www.blogsoestado.com\/joaquimhaickel\/#website\",\"url\":\"https:\/\/www.blogsoestado.com\/joaquimhaickel\/\",\"name\":\"Joaquim Haickel\",\"description\":\"\",\"potentialAction\":[{\"@type\":\"SearchAction\",\"target\":{\"@type\":\"EntryPoint\",\"urlTemplate\":\"https:\/\/www.blogsoestado.com\/joaquimhaickel\/?s={search_term_string}\"},\"query-input\":{\"@type\":\"PropertyValueSpecification\",\"valueRequired\":true,\"valueName\":\"search_term_string\"}}],\"inLanguage\":\"pt-BR\"},{\"@type\":\"Person\",\"@id\":\"https:\/\/www.blogsoestado.com\/joaquimhaickel\/#\/schema\/person\/4a711644aff28245c6c2c3452d66d325\",\"name\":\"Joaquim Haickel\",\"image\":{\"@type\":\"ImageObject\",\"inLanguage\":\"pt-BR\",\"@id\":\"https:\/\/www.blogsoestado.com\/joaquimhaickel\/#\/schema\/person\/image\/\",\"url\":\"https:\/\/secure.gravatar.com\/avatar\/473d89339b9f8ec089adb8d5778363eb5a2ba2319956bcf0298bfd8cca04684a?s=96&d=mm&r=g\",\"contentUrl\":\"https:\/\/secure.gravatar.com\/avatar\/473d89339b9f8ec089adb8d5778363eb5a2ba2319956bcf0298bfd8cca04684a?s=96&d=mm&r=g\",\"caption\":\"Joaquim Haickel\"},\"url\":\"https:\/\/www.blogsoestado.com\/joaquimhaickel\/author\/joaquimhaickel\/\"}]}<\/script>\n<!-- \/ Yoast SEO plugin. -->","yoast_head_json":{"title":"As efem\u00e9rides de 2023 - Joaquim Haickel","robots":{"index":"index","follow":"follow","max-snippet":"max-snippet:-1","max-image-preview":"max-image-preview:large","max-video-preview":"max-video-preview:-1"},"canonical":"https:\/\/www.blogsoestado.com\/joaquimhaickel\/2023\/03\/11\/as-efemerides-de-2023\/","og_locale":"pt_BR","og_type":"article","og_title":"As efem\u00e9rides de 2023 - Joaquim Haickel","og_description":"O ano de 2023 est\u00e1 repleto de efem\u00e9rides. Essa palavra grega designava a tabela astron\u00f4mica onde, em intervalos de tempo [&hellip;]","og_url":"https:\/\/www.blogsoestado.com\/joaquimhaickel\/2023\/03\/11\/as-efemerides-de-2023\/","og_site_name":"Joaquim Haickel","article_published_time":"2023-03-11T13:49:22+00:00","og_image":[{"url":"https:\/\/www.blogsoestado.com\/joaquimhaickel\/wp-content\/uploads\/sites\/6\/2023\/03\/Goncalves-Dias-2-607x1024.jpg","type":"","width":"","height":""}],"author":"Joaquim Haickel","twitter_card":"summary_large_image","twitter_misc":{"Escrito por":"Joaquim Haickel","Est. tempo de leitura":"4 minutos"},"schema":{"@context":"https:\/\/schema.org","@graph":[{"@type":"WebPage","@id":"https:\/\/www.blogsoestado.com\/joaquimhaickel\/2023\/03\/11\/as-efemerides-de-2023\/","url":"https:\/\/www.blogsoestado.com\/joaquimhaickel\/2023\/03\/11\/as-efemerides-de-2023\/","name":"As efem\u00e9rides de 2023 - Joaquim Haickel","isPartOf":{"@id":"https:\/\/www.blogsoestado.com\/joaquimhaickel\/#website"},"primaryImageOfPage":{"@id":"https:\/\/www.blogsoestado.com\/joaquimhaickel\/2023\/03\/11\/as-efemerides-de-2023\/#primaryimage"},"image":{"@id":"https:\/\/www.blogsoestado.com\/joaquimhaickel\/2023\/03\/11\/as-efemerides-de-2023\/#primaryimage"},"thumbnailUrl":"https:\/\/www.blogsoestado.com\/joaquimhaickel\/wp-content\/uploads\/sites\/6\/2023\/03\/Goncalves-Dias-2-607x1024.jpg","datePublished":"2023-03-11T13:49:22+00:00","author":{"@id":"https:\/\/www.blogsoestado.com\/joaquimhaickel\/#\/schema\/person\/4a711644aff28245c6c2c3452d66d325"},"breadcrumb":{"@id":"https:\/\/www.blogsoestado.com\/joaquimhaickel\/2023\/03\/11\/as-efemerides-de-2023\/#breadcrumb"},"inLanguage":"pt-BR","potentialAction":[{"@type":"ReadAction","target":["https:\/\/www.blogsoestado.com\/joaquimhaickel\/2023\/03\/11\/as-efemerides-de-2023\/"]}]},{"@type":"ImageObject","inLanguage":"pt-BR","@id":"https:\/\/www.blogsoestado.com\/joaquimhaickel\/2023\/03\/11\/as-efemerides-de-2023\/#primaryimage","url":"https:\/\/www.blogsoestado.com\/joaquimhaickel\/wp-content\/uploads\/sites\/6\/2023\/03\/Goncalves-Dias-2-607x1024.jpg","contentUrl":"https:\/\/www.blogsoestado.com\/joaquimhaickel\/wp-content\/uploads\/sites\/6\/2023\/03\/Goncalves-Dias-2-607x1024.jpg"},{"@type":"BreadcrumbList","@id":"https:\/\/www.blogsoestado.com\/joaquimhaickel\/2023\/03\/11\/as-efemerides-de-2023\/#breadcrumb","itemListElement":[{"@type":"ListItem","position":1,"name":"In\u00edcio","item":"https:\/\/www.blogsoestado.com\/joaquimhaickel\/"},{"@type":"ListItem","position":2,"name":"As efem\u00e9rides de 2023"}]},{"@type":"WebSite","@id":"https:\/\/www.blogsoestado.com\/joaquimhaickel\/#website","url":"https:\/\/www.blogsoestado.com\/joaquimhaickel\/","name":"Joaquim Haickel","description":"","potentialAction":[{"@type":"SearchAction","target":{"@type":"EntryPoint","urlTemplate":"https:\/\/www.blogsoestado.com\/joaquimhaickel\/?s={search_term_string}"},"query-input":{"@type":"PropertyValueSpecification","valueRequired":true,"valueName":"search_term_string"}}],"inLanguage":"pt-BR"},{"@type":"Person","@id":"https:\/\/www.blogsoestado.com\/joaquimhaickel\/#\/schema\/person\/4a711644aff28245c6c2c3452d66d325","name":"Joaquim Haickel","image":{"@type":"ImageObject","inLanguage":"pt-BR","@id":"https:\/\/www.blogsoestado.com\/joaquimhaickel\/#\/schema\/person\/image\/","url":"https:\/\/secure.gravatar.com\/avatar\/473d89339b9f8ec089adb8d5778363eb5a2ba2319956bcf0298bfd8cca04684a?s=96&d=mm&r=g","contentUrl":"https:\/\/secure.gravatar.com\/avatar\/473d89339b9f8ec089adb8d5778363eb5a2ba2319956bcf0298bfd8cca04684a?s=96&d=mm&r=g","caption":"Joaquim Haickel"},"url":"https:\/\/www.blogsoestado.com\/joaquimhaickel\/author\/joaquimhaickel\/"}]}},"jetpack_featured_media_url":"","_links":{"self":[{"href":"https:\/\/www.blogsoestado.com\/joaquimhaickel\/wp-json\/wp\/v2\/posts\/3224","targetHints":{"allow":["GET"]}}],"collection":[{"href":"https:\/\/www.blogsoestado.com\/joaquimhaickel\/wp-json\/wp\/v2\/posts"}],"about":[{"href":"https:\/\/www.blogsoestado.com\/joaquimhaickel\/wp-json\/wp\/v2\/types\/post"}],"author":[{"embeddable":true,"href":"https:\/\/www.blogsoestado.com\/joaquimhaickel\/wp-json\/wp\/v2\/users\/7"}],"replies":[{"embeddable":true,"href":"https:\/\/www.blogsoestado.com\/joaquimhaickel\/wp-json\/wp\/v2\/comments?post=3224"}],"version-history":[{"count":0,"href":"https:\/\/www.blogsoestado.com\/joaquimhaickel\/wp-json\/wp\/v2\/posts\/3224\/revisions"}],"wp:attachment":[{"href":"https:\/\/www.blogsoestado.com\/joaquimhaickel\/wp-json\/wp\/v2\/media?parent=3224"}],"wp:term":[{"taxonomy":"category","embeddable":true,"href":"https:\/\/www.blogsoestado.com\/joaquimhaickel\/wp-json\/wp\/v2\/categories?post=3224"},{"taxonomy":"post_tag","embeddable":true,"href":"https:\/\/www.blogsoestado.com\/joaquimhaickel\/wp-json\/wp\/v2\/tags?post=3224"}],"curies":[{"name":"wp","href":"https:\/\/api.w.org\/{rel}","templated":true}]}}