{"id":3232,"date":"2023-03-18T12:08:45","date_gmt":"2023-03-18T15:08:45","guid":{"rendered":"https:\/\/www.blogsoestado.com\/joaquimhaickel\/?p=3232"},"modified":"2023-03-18T12:08:45","modified_gmt":"2023-03-18T15:08:45","slug":"sobre-processos-criativos","status":"publish","type":"post","link":"https:\/\/www.blogsoestado.com\/joaquimhaickel\/2023\/03\/18\/sobre-processos-criativos\/","title":{"rendered":"Sobre Processos Criativos"},"content":{"rendered":"\n<figure class=\"wp-block-image size-large\"><a href=\"https:\/\/www.blogsoestado.com\/joaquimhaickel\/wp-content\/uploads\/sites\/6\/2023\/03\/FrQRP1iWIAM6nlt-1.jpg\"><img fetchpriority=\"high\" decoding=\"async\" width=\"680\" height=\"680\" src=\"https:\/\/www.blogsoestado.com\/joaquimhaickel\/wp-content\/uploads\/sites\/6\/2023\/03\/FrQRP1iWIAM6nlt-1.jpg\" alt=\"\" class=\"wp-image-3234\" srcset=\"https:\/\/www.blogsoestado.com\/joaquimhaickel\/wp-content\/uploads\/sites\/6\/2023\/03\/FrQRP1iWIAM6nlt-1.jpg 680w, https:\/\/www.blogsoestado.com\/joaquimhaickel\/wp-content\/uploads\/sites\/6\/2023\/03\/FrQRP1iWIAM6nlt-1-300x300.jpg 300w, https:\/\/www.blogsoestado.com\/joaquimhaickel\/wp-content\/uploads\/sites\/6\/2023\/03\/FrQRP1iWIAM6nlt-1-150x150.jpg 150w\" sizes=\"(max-width: 680px) 100vw, 680px\" \/><\/a><\/figure>\n\n\n\n<p>Fui convidado por meu amigo Miguel Abdala para dar uma palestra sobre processos criativos para uma turma de alunos de Propaganda e Marketing do CEUMA. N\u00e3o foi exatamente uma palestra, foi um bate papo sobre quais e como s\u00e3o meus processos cognitivos e criativos.<\/p>\n\n\n\n<p>Comentei que quando eu era crian\u00e7a, preferia assistir aulas que estudar em casa. Em mim, o l\u00fadico sempre se sobressaiu mais que qualquer outra coisa, e eu sempre achei que as aulas eram l\u00fadicas, pois via os professores como contadores de hist\u00f3rias, sendo que os professores das mat\u00e9rias exatas contavam hist\u00f3rias de terror, g\u00eanero do qual jamais gostei.<\/p>\n\n\n\n<p>Falei a eles sobre minha professora particular, Dona Terezinha, que notou que quando ela lia os textos para mim, meu aprendizado era muito melhor. Casualmente ela descobriu que eu era dislexo, s\u00edndrome muito pouco conhecida naquela \u00e9poca. Com o passar do tempo fui descobrindo como usar minha dislexia em meu benef\u00edcio, fazendo com que minha audi\u00e7\u00e3o e minha vis\u00e3o compensassem a minha dificuldade cognitiva de leitura e amenizem bastante meu TDAH, que naquela \u00e9poca era conhecido comumente por \u201cmenino danado, com falta de aten\u00e7\u00e3o\u201d.<\/p>\n\n\n\n<p>Os livros ilustrados tinham minha prefer\u00eancia. As revistas em quadrinhos eram meu mundo, mas havia tamb\u00e9m as enciclop\u00e9dias ilustradas e os fasc\u00edculos, e eu os consumia avidamente.<\/p>\n\n\n\n<p>Foi nessa \u00e9poca que passei a amar os meios de comunica\u00e7\u00e3o eletr\u00f4nicos, r\u00e1dio e televis\u00e3o. Da\u00ed ao cinema foi um pulo.<\/p>\n\n\n\n<p>Falei a eles que toda vez que meu pai ia nos levar para o Col\u00e9gio Batista, ele ensaiava, em voz alta, os discursos que ele faria naquele dia na Assembleia Legislativa, e ouvi-lo fez com que desde cedo eu aprendesse como fazer aquilo que mais tarde usaria em minha atua\u00e7\u00e3o pol\u00edtica.<\/p>\n\n\n\n<p>Expliquei que antes de tudo eu sou um contador de causos, como \u201cSeu\u201d Sergio, o caseiro do s\u00edtio que t\u00ednhamos no Inga\u00fara, que se sentava toda noite na porta da casa do s\u00edtio e contava suas hist\u00f3rias para uma plateia curiosa e atenta.<\/p>\n\n\n\n<p>O fato de gostar de ouvir hist\u00f3rias me fez aprender a cont\u00e1-las, me fez descobrir a morfologia dos personagens e identificar seus arqu\u00e9tipos. Isso me possibilitou aprender a desenhar o esqueleto das hist\u00f3rias e colocar nelas a musculatura necess\u00e1ria para fazer esse esqueleto ficar de p\u00e9 e andar por onde eu desejasse. Ser escritor, produzir textos ou qualquer coisa relacionada a eles, depende unicamente disso.<\/p>\n\n\n\n<p>Normalmente costumo acordar muito cedo, e assim que levanto come\u00e7o a escrever. Quando acabo um texto, fa\u00e7o uma primeira leitura e o reviso, e o leio novamente, e torno a revis\u00e1-lo. Fa\u00e7o isso umas seis vezes. Em seguida pe\u00e7o que minha esposa, Jacira, o leia para mim. Enquanto escuto a leitura, vou revisando, pois as palavras que ou\u00e7o precisam se encaixar perfeitamente. Quando elas n\u00e3o se encaixam, doem em meu ouvido.<\/p>\n\n\n\n<p>Uma preposi\u00e7\u00e3o, um adjetivo, ou um substantivo mal colocado, doem como se fosse um belisc\u00e3o.<\/p>\n\n\n\n<p>Feito isso deixo o texto descansar por uns dias. Na verdade, me distancio dele, para que quando volte a l\u00ea-lo ou a ouvi-lo, tr\u00eas dias depois, possa ter um melhor senso cr\u00edtico sobre ele, e ent\u00e3o o reviso por uma \u00faltima vez, ou at\u00e9 que ele se torne uma verdadeira Skol, e des\u00e7a redondo.<\/p>\n\n\n\n<p>Normalmente uso Tr\u00eas m\u00e9todos de processos criativos.<\/p>\n\n\n\n<p>Inspira\u00e7\u00e3o, que tamb\u00e9m chamo de psicografia medi\u00fanica ou \u201csopro no ouvido\u201d, que \u00e9 quando do nada aparece em minha mente a ideia de um texto, que as vezes vem prontinho, quase como se algu\u00e9m o soprasse em meu ouvido.<\/p>\n\n\n\n<p>Suspira\u00e7\u00e3o, que chamo de trabalho de pesquisa ou modelagem ou escultura\u00e7\u00e3o, que \u00e9 quando para realizar um trabalho, \u00e9 necess\u00e1rio que se pesquise sobre o assunto a ser desenvolvido, que se analise aspectos que precisam ser abordados, que se molde o texto para que ele seja melhor narrado e mais bem recebido pelo leitor.<\/p>\n\n\n\n<p>Observa\u00e7\u00e3o e Viv\u00eancia\u00e7\u00e3o, que eu tamb\u00e9m chamo de \u201cJanela indiscreta\u201d ou \u201cEu cobaia de mim\u201d, que \u00e9 quando ao observar ou vivenciar alguma coisa, eu escrevo um texto ou crio um enredo baseado no que vi ou fiz. <strong><\/strong><\/p>\n\n\n\n<p>Contei aos alunos que Lavoisier dizia que \u201cna natureza nada se perde, nada se cria e tudo se transforma\u201d, e que um marqueteiro safo parodiando o qu\u00edmico franc\u00eas disse que no mundo de hoje, \u201cnada se cria, tudo se copia\u201d, mas argumentei que para que n\u00e3o se seja um mero plagiador, precisamos saber como fazer essas releituras para se possa reaproveitar tais ideias de maneira original.<\/p>\n\n\n\n<p>Foram quase tr\u00eas horas de uma agrad\u00e1vel conversa. No final pude ler para eles alguns textos, mostrando cada processo criativo utilizado em suas produ\u00e7\u00f5es e exibi os filmes \u201cPelo ouvido\u201d e \u201cLockdown, como n\u00e3o fazer um filme\u201d, mostrando a eles os textos dos quais se originaram.<\/p>\n\n\n\n<p>Acredito que os alunos tenham gostado de nosso bate papo. Eu adorei.<\/p>\n","protected":false},"excerpt":{"rendered":"<p>Fui convidado por meu amigo Miguel Abdala para dar uma palestra sobre processos criativos para uma turma de alunos de [&hellip;]<\/p>\n","protected":false},"author":7,"featured_media":0,"comment_status":"open","ping_status":"open","sticky":false,"template":"","format":"standard","meta":{"site-sidebar-layout":"default","site-content-layout":"","ast-site-content-layout":"default","site-content-style":"default","site-sidebar-style":"default","ast-global-header-display":"","ast-banner-title-visibility":"","ast-main-header-display":"","ast-hfb-above-header-display":"","ast-hfb-below-header-display":"","ast-hfb-mobile-header-display":"","site-post-title":"","ast-breadcrumbs-content":"","ast-featured-img":"","footer-sml-layout":"","ast-disable-related-posts":"","theme-transparent-header-meta":"","adv-header-id-meta":"","stick-header-meta":"","header-above-stick-meta":"","header-main-stick-meta":"","header-below-stick-meta":"","astra-migrate-meta-layouts":"default","ast-page-background-enabled":"default","ast-page-background-meta":{"desktop":{"background-color":"var(--ast-global-color-5)","background-image":"","background-repeat":"repeat","background-position":"center center","background-size":"auto","background-attachment":"scroll","background-type":"","background-media":"","overlay-type":"","overlay-color":"","overlay-opacity":"","overlay-gradient":""},"tablet":{"background-color":"","background-image":"","background-repeat":"repeat","background-position":"center center","background-size":"auto","background-attachment":"scroll","background-type":"","background-media":"","overlay-type":"","overlay-color":"","overlay-opacity":"","overlay-gradient":""},"mobile":{"background-color":"","background-image":"","background-repeat":"repeat","background-position":"center center","background-size":"auto","background-attachment":"scroll","background-type":"","background-media":"","overlay-type":"","overlay-color":"","overlay-opacity":"","overlay-gradient":""}},"ast-content-background-meta":{"desktop":{"background-color":"var(--ast-global-color-4)","background-image":"","background-repeat":"repeat","background-position":"center center","background-size":"auto","background-attachment":"scroll","background-type":"","background-media":"","overlay-type":"","overlay-color":"","overlay-opacity":"","overlay-gradient":""},"tablet":{"background-color":"var(--ast-global-color-4)","background-image":"","background-repeat":"repeat","background-position":"center center","background-size":"auto","background-attachment":"scroll","background-type":"","background-media":"","overlay-type":"","overlay-color":"","overlay-opacity":"","overlay-gradient":""},"mobile":{"background-color":"var(--ast-global-color-4)","background-image":"","background-repeat":"repeat","background-position":"center center","background-size":"auto","background-attachment":"scroll","background-type":"","background-media":"","overlay-type":"","overlay-color":"","overlay-opacity":"","overlay-gradient":""}},"footnotes":""},"categories":[1],"tags":[],"class_list":["post-3232","post","type-post","status-publish","format-standard","hentry","category-sem-categoria"],"yoast_head":"<!-- This site is optimized with the Yoast SEO plugin v26.6 - https:\/\/yoast.com\/wordpress\/plugins\/seo\/ -->\n<title>Sobre Processos Criativos - Joaquim Haickel<\/title>\n<meta name=\"robots\" content=\"index, follow, max-snippet:-1, max-image-preview:large, max-video-preview:-1\" \/>\n<link rel=\"canonical\" href=\"https:\/\/www.blogsoestado.com\/joaquimhaickel\/2023\/03\/18\/sobre-processos-criativos\/\" \/>\n<meta property=\"og:locale\" content=\"pt_BR\" \/>\n<meta property=\"og:type\" content=\"article\" \/>\n<meta property=\"og:title\" content=\"Sobre Processos Criativos - Joaquim Haickel\" \/>\n<meta property=\"og:description\" content=\"Fui convidado por meu amigo Miguel Abdala para dar uma palestra sobre processos criativos para uma turma de alunos de [&hellip;]\" \/>\n<meta property=\"og:url\" content=\"https:\/\/www.blogsoestado.com\/joaquimhaickel\/2023\/03\/18\/sobre-processos-criativos\/\" \/>\n<meta property=\"og:site_name\" content=\"Joaquim Haickel\" \/>\n<meta property=\"article:published_time\" content=\"2023-03-18T15:08:45+00:00\" \/>\n<meta property=\"og:image\" content=\"https:\/\/www.blogsoestado.com\/joaquimhaickel\/wp-content\/uploads\/sites\/6\/2023\/03\/FrQRP1iWIAM6nlt-1.jpg\" \/>\n<meta name=\"author\" content=\"Joaquim Haickel\" \/>\n<meta name=\"twitter:card\" content=\"summary_large_image\" \/>\n<meta name=\"twitter:label1\" content=\"Escrito por\" \/>\n\t<meta name=\"twitter:data1\" content=\"Joaquim Haickel\" \/>\n\t<meta name=\"twitter:label2\" content=\"Est. tempo de leitura\" \/>\n\t<meta name=\"twitter:data2\" content=\"4 minutos\" \/>\n<script type=\"application\/ld+json\" class=\"yoast-schema-graph\">{\"@context\":\"https:\/\/schema.org\",\"@graph\":[{\"@type\":\"WebPage\",\"@id\":\"https:\/\/www.blogsoestado.com\/joaquimhaickel\/2023\/03\/18\/sobre-processos-criativos\/\",\"url\":\"https:\/\/www.blogsoestado.com\/joaquimhaickel\/2023\/03\/18\/sobre-processos-criativos\/\",\"name\":\"Sobre Processos Criativos - Joaquim Haickel\",\"isPartOf\":{\"@id\":\"https:\/\/www.blogsoestado.com\/joaquimhaickel\/#website\"},\"primaryImageOfPage\":{\"@id\":\"https:\/\/www.blogsoestado.com\/joaquimhaickel\/2023\/03\/18\/sobre-processos-criativos\/#primaryimage\"},\"image\":{\"@id\":\"https:\/\/www.blogsoestado.com\/joaquimhaickel\/2023\/03\/18\/sobre-processos-criativos\/#primaryimage\"},\"thumbnailUrl\":\"https:\/\/www.blogsoestado.com\/joaquimhaickel\/wp-content\/uploads\/sites\/6\/2023\/03\/FrQRP1iWIAM6nlt-1.jpg\",\"datePublished\":\"2023-03-18T15:08:45+00:00\",\"author\":{\"@id\":\"https:\/\/www.blogsoestado.com\/joaquimhaickel\/#\/schema\/person\/4a711644aff28245c6c2c3452d66d325\"},\"breadcrumb\":{\"@id\":\"https:\/\/www.blogsoestado.com\/joaquimhaickel\/2023\/03\/18\/sobre-processos-criativos\/#breadcrumb\"},\"inLanguage\":\"pt-BR\",\"potentialAction\":[{\"@type\":\"ReadAction\",\"target\":[\"https:\/\/www.blogsoestado.com\/joaquimhaickel\/2023\/03\/18\/sobre-processos-criativos\/\"]}]},{\"@type\":\"ImageObject\",\"inLanguage\":\"pt-BR\",\"@id\":\"https:\/\/www.blogsoestado.com\/joaquimhaickel\/2023\/03\/18\/sobre-processos-criativos\/#primaryimage\",\"url\":\"https:\/\/www.blogsoestado.com\/joaquimhaickel\/wp-content\/uploads\/sites\/6\/2023\/03\/FrQRP1iWIAM6nlt-1.jpg\",\"contentUrl\":\"https:\/\/www.blogsoestado.com\/joaquimhaickel\/wp-content\/uploads\/sites\/6\/2023\/03\/FrQRP1iWIAM6nlt-1.jpg\"},{\"@type\":\"BreadcrumbList\",\"@id\":\"https:\/\/www.blogsoestado.com\/joaquimhaickel\/2023\/03\/18\/sobre-processos-criativos\/#breadcrumb\",\"itemListElement\":[{\"@type\":\"ListItem\",\"position\":1,\"name\":\"In\u00edcio\",\"item\":\"https:\/\/www.blogsoestado.com\/joaquimhaickel\/\"},{\"@type\":\"ListItem\",\"position\":2,\"name\":\"Sobre Processos Criativos\"}]},{\"@type\":\"WebSite\",\"@id\":\"https:\/\/www.blogsoestado.com\/joaquimhaickel\/#website\",\"url\":\"https:\/\/www.blogsoestado.com\/joaquimhaickel\/\",\"name\":\"Joaquim Haickel\",\"description\":\"\",\"potentialAction\":[{\"@type\":\"SearchAction\",\"target\":{\"@type\":\"EntryPoint\",\"urlTemplate\":\"https:\/\/www.blogsoestado.com\/joaquimhaickel\/?s={search_term_string}\"},\"query-input\":{\"@type\":\"PropertyValueSpecification\",\"valueRequired\":true,\"valueName\":\"search_term_string\"}}],\"inLanguage\":\"pt-BR\"},{\"@type\":\"Person\",\"@id\":\"https:\/\/www.blogsoestado.com\/joaquimhaickel\/#\/schema\/person\/4a711644aff28245c6c2c3452d66d325\",\"name\":\"Joaquim Haickel\",\"image\":{\"@type\":\"ImageObject\",\"inLanguage\":\"pt-BR\",\"@id\":\"https:\/\/www.blogsoestado.com\/joaquimhaickel\/#\/schema\/person\/image\/\",\"url\":\"https:\/\/secure.gravatar.com\/avatar\/473d89339b9f8ec089adb8d5778363eb5a2ba2319956bcf0298bfd8cca04684a?s=96&d=mm&r=g\",\"contentUrl\":\"https:\/\/secure.gravatar.com\/avatar\/473d89339b9f8ec089adb8d5778363eb5a2ba2319956bcf0298bfd8cca04684a?s=96&d=mm&r=g\",\"caption\":\"Joaquim Haickel\"},\"url\":\"https:\/\/www.blogsoestado.com\/joaquimhaickel\/author\/joaquimhaickel\/\"}]}<\/script>\n<!-- \/ Yoast SEO plugin. -->","yoast_head_json":{"title":"Sobre Processos Criativos - Joaquim Haickel","robots":{"index":"index","follow":"follow","max-snippet":"max-snippet:-1","max-image-preview":"max-image-preview:large","max-video-preview":"max-video-preview:-1"},"canonical":"https:\/\/www.blogsoestado.com\/joaquimhaickel\/2023\/03\/18\/sobre-processos-criativos\/","og_locale":"pt_BR","og_type":"article","og_title":"Sobre Processos Criativos - Joaquim Haickel","og_description":"Fui convidado por meu amigo Miguel Abdala para dar uma palestra sobre processos criativos para uma turma de alunos de [&hellip;]","og_url":"https:\/\/www.blogsoestado.com\/joaquimhaickel\/2023\/03\/18\/sobre-processos-criativos\/","og_site_name":"Joaquim Haickel","article_published_time":"2023-03-18T15:08:45+00:00","og_image":[{"url":"https:\/\/www.blogsoestado.com\/joaquimhaickel\/wp-content\/uploads\/sites\/6\/2023\/03\/FrQRP1iWIAM6nlt-1.jpg","type":"","width":"","height":""}],"author":"Joaquim Haickel","twitter_card":"summary_large_image","twitter_misc":{"Escrito por":"Joaquim Haickel","Est. tempo de leitura":"4 minutos"},"schema":{"@context":"https:\/\/schema.org","@graph":[{"@type":"WebPage","@id":"https:\/\/www.blogsoestado.com\/joaquimhaickel\/2023\/03\/18\/sobre-processos-criativos\/","url":"https:\/\/www.blogsoestado.com\/joaquimhaickel\/2023\/03\/18\/sobre-processos-criativos\/","name":"Sobre Processos Criativos - Joaquim Haickel","isPartOf":{"@id":"https:\/\/www.blogsoestado.com\/joaquimhaickel\/#website"},"primaryImageOfPage":{"@id":"https:\/\/www.blogsoestado.com\/joaquimhaickel\/2023\/03\/18\/sobre-processos-criativos\/#primaryimage"},"image":{"@id":"https:\/\/www.blogsoestado.com\/joaquimhaickel\/2023\/03\/18\/sobre-processos-criativos\/#primaryimage"},"thumbnailUrl":"https:\/\/www.blogsoestado.com\/joaquimhaickel\/wp-content\/uploads\/sites\/6\/2023\/03\/FrQRP1iWIAM6nlt-1.jpg","datePublished":"2023-03-18T15:08:45+00:00","author":{"@id":"https:\/\/www.blogsoestado.com\/joaquimhaickel\/#\/schema\/person\/4a711644aff28245c6c2c3452d66d325"},"breadcrumb":{"@id":"https:\/\/www.blogsoestado.com\/joaquimhaickel\/2023\/03\/18\/sobre-processos-criativos\/#breadcrumb"},"inLanguage":"pt-BR","potentialAction":[{"@type":"ReadAction","target":["https:\/\/www.blogsoestado.com\/joaquimhaickel\/2023\/03\/18\/sobre-processos-criativos\/"]}]},{"@type":"ImageObject","inLanguage":"pt-BR","@id":"https:\/\/www.blogsoestado.com\/joaquimhaickel\/2023\/03\/18\/sobre-processos-criativos\/#primaryimage","url":"https:\/\/www.blogsoestado.com\/joaquimhaickel\/wp-content\/uploads\/sites\/6\/2023\/03\/FrQRP1iWIAM6nlt-1.jpg","contentUrl":"https:\/\/www.blogsoestado.com\/joaquimhaickel\/wp-content\/uploads\/sites\/6\/2023\/03\/FrQRP1iWIAM6nlt-1.jpg"},{"@type":"BreadcrumbList","@id":"https:\/\/www.blogsoestado.com\/joaquimhaickel\/2023\/03\/18\/sobre-processos-criativos\/#breadcrumb","itemListElement":[{"@type":"ListItem","position":1,"name":"In\u00edcio","item":"https:\/\/www.blogsoestado.com\/joaquimhaickel\/"},{"@type":"ListItem","position":2,"name":"Sobre Processos Criativos"}]},{"@type":"WebSite","@id":"https:\/\/www.blogsoestado.com\/joaquimhaickel\/#website","url":"https:\/\/www.blogsoestado.com\/joaquimhaickel\/","name":"Joaquim Haickel","description":"","potentialAction":[{"@type":"SearchAction","target":{"@type":"EntryPoint","urlTemplate":"https:\/\/www.blogsoestado.com\/joaquimhaickel\/?s={search_term_string}"},"query-input":{"@type":"PropertyValueSpecification","valueRequired":true,"valueName":"search_term_string"}}],"inLanguage":"pt-BR"},{"@type":"Person","@id":"https:\/\/www.blogsoestado.com\/joaquimhaickel\/#\/schema\/person\/4a711644aff28245c6c2c3452d66d325","name":"Joaquim Haickel","image":{"@type":"ImageObject","inLanguage":"pt-BR","@id":"https:\/\/www.blogsoestado.com\/joaquimhaickel\/#\/schema\/person\/image\/","url":"https:\/\/secure.gravatar.com\/avatar\/473d89339b9f8ec089adb8d5778363eb5a2ba2319956bcf0298bfd8cca04684a?s=96&d=mm&r=g","contentUrl":"https:\/\/secure.gravatar.com\/avatar\/473d89339b9f8ec089adb8d5778363eb5a2ba2319956bcf0298bfd8cca04684a?s=96&d=mm&r=g","caption":"Joaquim Haickel"},"url":"https:\/\/www.blogsoestado.com\/joaquimhaickel\/author\/joaquimhaickel\/"}]}},"jetpack_featured_media_url":"","_links":{"self":[{"href":"https:\/\/www.blogsoestado.com\/joaquimhaickel\/wp-json\/wp\/v2\/posts\/3232","targetHints":{"allow":["GET"]}}],"collection":[{"href":"https:\/\/www.blogsoestado.com\/joaquimhaickel\/wp-json\/wp\/v2\/posts"}],"about":[{"href":"https:\/\/www.blogsoestado.com\/joaquimhaickel\/wp-json\/wp\/v2\/types\/post"}],"author":[{"embeddable":true,"href":"https:\/\/www.blogsoestado.com\/joaquimhaickel\/wp-json\/wp\/v2\/users\/7"}],"replies":[{"embeddable":true,"href":"https:\/\/www.blogsoestado.com\/joaquimhaickel\/wp-json\/wp\/v2\/comments?post=3232"}],"version-history":[{"count":0,"href":"https:\/\/www.blogsoestado.com\/joaquimhaickel\/wp-json\/wp\/v2\/posts\/3232\/revisions"}],"wp:attachment":[{"href":"https:\/\/www.blogsoestado.com\/joaquimhaickel\/wp-json\/wp\/v2\/media?parent=3232"}],"wp:term":[{"taxonomy":"category","embeddable":true,"href":"https:\/\/www.blogsoestado.com\/joaquimhaickel\/wp-json\/wp\/v2\/categories?post=3232"},{"taxonomy":"post_tag","embeddable":true,"href":"https:\/\/www.blogsoestado.com\/joaquimhaickel\/wp-json\/wp\/v2\/tags?post=3232"}],"curies":[{"name":"wp","href":"https:\/\/api.w.org\/{rel}","templated":true}]}}