{"id":3261,"date":"2023-04-29T07:47:36","date_gmt":"2023-04-29T10:47:36","guid":{"rendered":"https:\/\/www.blogsoestado.com\/joaquimhaickel\/?p=3261"},"modified":"2023-04-29T07:47:36","modified_gmt":"2023-04-29T10:47:36","slug":"celso-borges","status":"publish","type":"post","link":"https:\/\/www.blogsoestado.com\/joaquimhaickel\/2023\/04\/29\/celso-borges\/","title":{"rendered":"Celso Borges"},"content":{"rendered":"\n<p>Nos \u00faltimos dias senti uma dor que j\u00e1 fazia trinta anos que n\u00e3o sentia. A dor da perda da presen\u00e7a f\u00edsica de uma pessoa. Em 1993 perdi meu pai, Nagib Haickel, e no \u00faltimo dia 23 de abril, perdi meu \u201cirm\u00e3o\u201d Celso Borges.<\/p>\n\n\n\n<figure class=\"wp-block-image size-large\"><a href=\"https:\/\/www.blogsoestado.com\/joaquimhaickel\/wp-content\/uploads\/sites\/6\/2023\/04\/1-1-1.jpeg\"><img fetchpriority=\"high\" decoding=\"async\" width=\"852\" height=\"1024\" src=\"https:\/\/www.blogsoestado.com\/joaquimhaickel\/wp-content\/uploads\/sites\/6\/2023\/04\/1-1-1-852x1024.jpeg\" alt=\"\" class=\"wp-image-3264\" srcset=\"https:\/\/www.blogsoestado.com\/joaquimhaickel\/wp-content\/uploads\/sites\/6\/2023\/04\/1-1-1-852x1024.jpeg 852w, https:\/\/www.blogsoestado.com\/joaquimhaickel\/wp-content\/uploads\/sites\/6\/2023\/04\/1-1-1-250x300.jpeg 250w, https:\/\/www.blogsoestado.com\/joaquimhaickel\/wp-content\/uploads\/sites\/6\/2023\/04\/1-1-1-768x923.jpeg 768w, https:\/\/www.blogsoestado.com\/joaquimhaickel\/wp-content\/uploads\/sites\/6\/2023\/04\/1-1-1-1278x1536.jpeg 1278w, https:\/\/www.blogsoestado.com\/joaquimhaickel\/wp-content\/uploads\/sites\/6\/2023\/04\/1-1-1.jpeg 1331w\" sizes=\"(max-width: 852px) 100vw, 852px\" \/><\/a><\/figure>\n\n\n\n<p>No caso da morte de meu pai, eu perdi o ch\u00e3o embaixo de mim. Perder Celso me tirou a lateralidade e a vis\u00e3o em profundidade, em perspectiva.<\/p>\n\n\n\n<p>A perda de meu pai me obrigou a, em alguns aspectos, tomar o lugar dele, a perda de Celso faz de mim um in\u00fatil, pois nada que ele fazia eu posso minimamente imitar.<\/p>\n\n\n\n<p>H\u00e1 mais de quarenta anos eu conheci um garoto de seus vinte e poucos anos, magrinho, lourinho, risonho. Literalmente um garoto, coisa que ele, para o seu bem e para o bem de quem com ele convivia, jamais deixou de ser.<\/p>\n\n\n\n<p>As pessoas se identificam com as outras por suas semelhan\u00e7as e havia muitas entre n\u00f3s. Assim como havia diferen\u00e7as, que n\u00e3o servindo para nos identificar, estabeleceram os par\u00e2metros que nos fizeram buscar a compreens\u00e3o e o entendimento.<\/p>\n\n\n\n<p>Eu e Celso, desde sempre constru\u00edmos nossa amizade baseados na admira\u00e7\u00e3o por nossas semelhan\u00e7as e no respeito por nossas diferen\u00e7as. Eu sempre pude beber da fonte da pureza e da inoc\u00eancia dele e ele sempre pode aproveitar de meu celeiro de praticidade e objetividade.<\/p>\n\n\n\n<p>Em 1982 reunimos um seleto grupo e resolvemos fazer um programa de r\u00e1dio, onde s\u00f3 tocar\u00edamos m\u00fasicas maranhenses e s\u00f3 falar\u00edamos de arte e de cultura de nossa terra. Foi o \u201cEm tempo de guarnic\u00ea\u201d. No ano seguinte, transformamos o programa de r\u00e1dio em uma revista, a \u201cGuarnic\u00ea\u201d. Junto com ela vieram uma gr\u00e1fica, uma editora e uma produtora de audiovisual e mais que isso, vieram Kenard, Paulinho Coelho, \u00c9rico Junqueira Ayres, Cordeiro Filho, Dulce Brito, Ronaldo Braga, e tantos outros amigos e parceiros, que durante toda a vida iriam, de uma forma ou de outra, caminhar conosco.<\/p>\n\n\n\n<p>O tempo passa e passa muito depressa, e nem sempre se percebe as mudan\u00e7as que ele traz consigo.<\/p>\n\n\n\n<p>Eu que j\u00e1 era deputado estadual, em 1986 me elegi deputado federal constituinte e nossa aventura editorial teve fim, mas nossa amizade n\u00e3o, mesmo que fosse ser modificada, primeiro pela dist\u00e2ncia e depois pelo tempo.<\/p>\n\n\n\n<p>Cada um tomou seu rumo. Eu fui para Bras\u00edlia, Celso foi para S\u00e3o Paulo, Kenard para o Rio de Janeiro, Paulinho foi trabalhar com Ant\u00f4nio Carlos, na Gr\u00e1fica Minerva, \u00c9rico continuou dando aulas e fazendo seus maravilhosos desenhos&#8230; A vida iria continuar e cada um de n\u00f3s iria em busca de seu destino. O meu foi durante trinta e poucos anos, a pol\u00edtica, com suaves e discretas incurs\u00f5es na literatura. O de Celso foi a poesia e a fecundidade&#8230; Em todos os aspectos. Com cinco filhos, ele tem mais que eu, Kenard, Paulinho e \u00c9rico juntos! Fecundo em tudo.<\/p>\n\n\n\n<p>Fico falando do Celso da d\u00e9cada de 80, porque \u00e9 nele em que o meu sentimento se reflete. No irm\u00e3o, com quem divid\u00edamos nossas fam\u00edlias. Nossas m\u00e3es, amigas de inf\u00e2ncia eram nossas.<\/p>\n\n\n\n<p>\u00c9 verdade que eu era mais filho de \u201cMarrenha\u201d que CB de \u201cCici\u201d. \u00c9 que a timidez dele o fazia desfrutar pouco daquilo que eu muito desfrutava: do conv\u00edvio com a fam\u00edlia dele, onde todos, menos \u201cseu\u201d M\u00e1rio, me chamavam de \u201cRua\u201d, apelido que ele e Kenard me deram, em homenagem a Joaqu\u00edn Murieta, uma esp\u00e9cie de Robin Hood do velho oeste, que era visto por uns como um revolucion\u00e1rio patriota e por outros como um bandoleiro mexicano. Bem como acontece realmente comigo.<\/p>\n\n\n\n<p>Lembrar dessas coisas \u00e9 um balsamo para a dor latejante que tenho em meu peito e em minha cabe\u00e7a. Melhor que essas lembran\u00e7as, s\u00f3 a certeza de que CB realizou quase tudo a que se prop\u00f4s. Digo quase tudo porque em nenhuma agenda cabem os planos que ele tinha.<\/p>\n\n\n\n<p>Mesmo que n\u00e3o tiv\u00e9ssemos o mesmo conv\u00edvio dos anos 1980, continuamos realizando muitos trabalhos juntos. Participei de v\u00e1rios projetos liter\u00e1rios de e com Celso. Produzi pra ele um disco com poemas de Tribuzi adaptados e musicados por ele e seus parceiros. Ele fez comigo e Beto Matuck diversos filmes, entre eles, dois in\u00e9ditos, um sobre o pr\u00f3prio Tribuzi e outro sobre m\u00fasico Miguel Damous. Al\u00e9m disso est\u00e1vamos come\u00e7ando a trabalhar num document\u00e1rio sobre o mestre Catulo da Paix\u00e3o Cearense. Eu e Beto teremos um grande problema: Arrumar algu\u00e9m que minimamente possa fazer o mesmo trabalho sens\u00edvel de Celso, quanto aos textos para este filme.<\/p>\n\n\n\n<p>O espa\u00e7o est\u00e1 acabando e eu ainda n\u00e3o disse quase nada efetivamente sobre Celso, mas pelo menos preciso dizer que seus amigos est\u00e3o programando fazer uma homenagem para ele no pr\u00f3ximo dia 18 de maio, quando ele COMPLETAR\u00c1 64 anos, algo que deixe claro que a nossa alegria por ele ter existido e por n\u00f3s termos podido desfrutar de sua companhia, \u00e9 infinitamente maior que a tristeza que sentimos por ele ter partido.<\/p>\n\n\n\n<p>Para o ano que vem, quando Celso COMPLETAR\u00c1 65 anos, quem sabe possamos exibir um document\u00e1rio completo, e apoiarmos sua fam\u00edlia a lan\u00e7ar um livro de poemas dele, com suas poesias in\u00e9ditas ou talvez com suas obras completas.<\/p>\n\n\n\n<p>Av\u00e9, Celso!&#8230; Todos por aqui de sa\u00fadam!&#8230;<\/p>\n","protected":false},"excerpt":{"rendered":"<p>Nos \u00faltimos dias senti uma dor que j\u00e1 fazia trinta anos que n\u00e3o sentia. A dor da perda da presen\u00e7a [&hellip;]<\/p>\n","protected":false},"author":7,"featured_media":0,"comment_status":"open","ping_status":"open","sticky":false,"template":"","format":"standard","meta":{"site-sidebar-layout":"default","site-content-layout":"","ast-site-content-layout":"default","site-content-style":"default","site-sidebar-style":"default","ast-global-header-display":"","ast-banner-title-visibility":"","ast-main-header-display":"","ast-hfb-above-header-display":"","ast-hfb-below-header-display":"","ast-hfb-mobile-header-display":"","site-post-title":"","ast-breadcrumbs-content":"","ast-featured-img":"","footer-sml-layout":"","ast-disable-related-posts":"","theme-transparent-header-meta":"","adv-header-id-meta":"","stick-header-meta":"","header-above-stick-meta":"","header-main-stick-meta":"","header-below-stick-meta":"","astra-migrate-meta-layouts":"default","ast-page-background-enabled":"default","ast-page-background-meta":{"desktop":{"background-color":"var(--ast-global-color-5)","background-image":"","background-repeat":"repeat","background-position":"center center","background-size":"auto","background-attachment":"scroll","background-type":"","background-media":"","overlay-type":"","overlay-color":"","overlay-opacity":"","overlay-gradient":""},"tablet":{"background-color":"","background-image":"","background-repeat":"repeat","background-position":"center center","background-size":"auto","background-attachment":"scroll","background-type":"","background-media":"","overlay-type":"","overlay-color":"","overlay-opacity":"","overlay-gradient":""},"mobile":{"background-color":"","background-image":"","background-repeat":"repeat","background-position":"center center","background-size":"auto","background-attachment":"scroll","background-type":"","background-media":"","overlay-type":"","overlay-color":"","overlay-opacity":"","overlay-gradient":""}},"ast-content-background-meta":{"desktop":{"background-color":"var(--ast-global-color-4)","background-image":"","background-repeat":"repeat","background-position":"center center","background-size":"auto","background-attachment":"scroll","background-type":"","background-media":"","overlay-type":"","overlay-color":"","overlay-opacity":"","overlay-gradient":""},"tablet":{"background-color":"var(--ast-global-color-4)","background-image":"","background-repeat":"repeat","background-position":"center center","background-size":"auto","background-attachment":"scroll","background-type":"","background-media":"","overlay-type":"","overlay-color":"","overlay-opacity":"","overlay-gradient":""},"mobile":{"background-color":"var(--ast-global-color-4)","background-image":"","background-repeat":"repeat","background-position":"center center","background-size":"auto","background-attachment":"scroll","background-type":"","background-media":"","overlay-type":"","overlay-color":"","overlay-opacity":"","overlay-gradient":""}},"footnotes":""},"categories":[1],"tags":[],"class_list":["post-3261","post","type-post","status-publish","format-standard","hentry","category-sem-categoria"],"yoast_head":"<!-- This site is optimized with the Yoast SEO plugin v26.6 - https:\/\/yoast.com\/wordpress\/plugins\/seo\/ -->\n<title>Celso Borges - Joaquim Haickel<\/title>\n<meta name=\"robots\" content=\"index, follow, max-snippet:-1, max-image-preview:large, max-video-preview:-1\" \/>\n<link rel=\"canonical\" href=\"https:\/\/www.blogsoestado.com\/joaquimhaickel\/2023\/04\/29\/celso-borges\/\" \/>\n<meta property=\"og:locale\" content=\"pt_BR\" \/>\n<meta property=\"og:type\" content=\"article\" \/>\n<meta property=\"og:title\" content=\"Celso Borges - Joaquim Haickel\" \/>\n<meta property=\"og:description\" content=\"Nos \u00faltimos dias senti uma dor que j\u00e1 fazia trinta anos que n\u00e3o sentia. A dor da perda da presen\u00e7a [&hellip;]\" \/>\n<meta property=\"og:url\" content=\"https:\/\/www.blogsoestado.com\/joaquimhaickel\/2023\/04\/29\/celso-borges\/\" \/>\n<meta property=\"og:site_name\" content=\"Joaquim Haickel\" \/>\n<meta property=\"article:published_time\" content=\"2023-04-29T10:47:36+00:00\" \/>\n<meta property=\"og:image\" content=\"https:\/\/www.blogsoestado.com\/joaquimhaickel\/wp-content\/uploads\/sites\/6\/2023\/04\/1-1-1-852x1024.jpeg\" \/>\n<meta name=\"author\" content=\"Joaquim Haickel\" \/>\n<meta name=\"twitter:card\" content=\"summary_large_image\" \/>\n<meta name=\"twitter:label1\" content=\"Escrito por\" \/>\n\t<meta name=\"twitter:data1\" content=\"Joaquim Haickel\" \/>\n\t<meta name=\"twitter:label2\" content=\"Est. tempo de leitura\" \/>\n\t<meta name=\"twitter:data2\" content=\"4 minutos\" \/>\n<script type=\"application\/ld+json\" class=\"yoast-schema-graph\">{\"@context\":\"https:\/\/schema.org\",\"@graph\":[{\"@type\":\"WebPage\",\"@id\":\"https:\/\/www.blogsoestado.com\/joaquimhaickel\/2023\/04\/29\/celso-borges\/\",\"url\":\"https:\/\/www.blogsoestado.com\/joaquimhaickel\/2023\/04\/29\/celso-borges\/\",\"name\":\"Celso Borges - Joaquim Haickel\",\"isPartOf\":{\"@id\":\"https:\/\/www.blogsoestado.com\/joaquimhaickel\/#website\"},\"primaryImageOfPage\":{\"@id\":\"https:\/\/www.blogsoestado.com\/joaquimhaickel\/2023\/04\/29\/celso-borges\/#primaryimage\"},\"image\":{\"@id\":\"https:\/\/www.blogsoestado.com\/joaquimhaickel\/2023\/04\/29\/celso-borges\/#primaryimage\"},\"thumbnailUrl\":\"https:\/\/www.blogsoestado.com\/joaquimhaickel\/wp-content\/uploads\/sites\/6\/2023\/04\/1-1-1-852x1024.jpeg\",\"datePublished\":\"2023-04-29T10:47:36+00:00\",\"author\":{\"@id\":\"https:\/\/www.blogsoestado.com\/joaquimhaickel\/#\/schema\/person\/4a711644aff28245c6c2c3452d66d325\"},\"breadcrumb\":{\"@id\":\"https:\/\/www.blogsoestado.com\/joaquimhaickel\/2023\/04\/29\/celso-borges\/#breadcrumb\"},\"inLanguage\":\"pt-BR\",\"potentialAction\":[{\"@type\":\"ReadAction\",\"target\":[\"https:\/\/www.blogsoestado.com\/joaquimhaickel\/2023\/04\/29\/celso-borges\/\"]}]},{\"@type\":\"ImageObject\",\"inLanguage\":\"pt-BR\",\"@id\":\"https:\/\/www.blogsoestado.com\/joaquimhaickel\/2023\/04\/29\/celso-borges\/#primaryimage\",\"url\":\"https:\/\/www.blogsoestado.com\/joaquimhaickel\/wp-content\/uploads\/sites\/6\/2023\/04\/1-1-1.jpeg\",\"contentUrl\":\"https:\/\/www.blogsoestado.com\/joaquimhaickel\/wp-content\/uploads\/sites\/6\/2023\/04\/1-1-1.jpeg\",\"width\":1331,\"height\":1600},{\"@type\":\"BreadcrumbList\",\"@id\":\"https:\/\/www.blogsoestado.com\/joaquimhaickel\/2023\/04\/29\/celso-borges\/#breadcrumb\",\"itemListElement\":[{\"@type\":\"ListItem\",\"position\":1,\"name\":\"In\u00edcio\",\"item\":\"https:\/\/www.blogsoestado.com\/joaquimhaickel\/\"},{\"@type\":\"ListItem\",\"position\":2,\"name\":\"Celso Borges\"}]},{\"@type\":\"WebSite\",\"@id\":\"https:\/\/www.blogsoestado.com\/joaquimhaickel\/#website\",\"url\":\"https:\/\/www.blogsoestado.com\/joaquimhaickel\/\",\"name\":\"Joaquim Haickel\",\"description\":\"\",\"potentialAction\":[{\"@type\":\"SearchAction\",\"target\":{\"@type\":\"EntryPoint\",\"urlTemplate\":\"https:\/\/www.blogsoestado.com\/joaquimhaickel\/?s={search_term_string}\"},\"query-input\":{\"@type\":\"PropertyValueSpecification\",\"valueRequired\":true,\"valueName\":\"search_term_string\"}}],\"inLanguage\":\"pt-BR\"},{\"@type\":\"Person\",\"@id\":\"https:\/\/www.blogsoestado.com\/joaquimhaickel\/#\/schema\/person\/4a711644aff28245c6c2c3452d66d325\",\"name\":\"Joaquim Haickel\",\"image\":{\"@type\":\"ImageObject\",\"inLanguage\":\"pt-BR\",\"@id\":\"https:\/\/www.blogsoestado.com\/joaquimhaickel\/#\/schema\/person\/image\/\",\"url\":\"https:\/\/secure.gravatar.com\/avatar\/473d89339b9f8ec089adb8d5778363eb5a2ba2319956bcf0298bfd8cca04684a?s=96&d=mm&r=g\",\"contentUrl\":\"https:\/\/secure.gravatar.com\/avatar\/473d89339b9f8ec089adb8d5778363eb5a2ba2319956bcf0298bfd8cca04684a?s=96&d=mm&r=g\",\"caption\":\"Joaquim Haickel\"},\"url\":\"https:\/\/www.blogsoestado.com\/joaquimhaickel\/author\/joaquimhaickel\/\"}]}<\/script>\n<!-- \/ Yoast SEO plugin. -->","yoast_head_json":{"title":"Celso Borges - Joaquim Haickel","robots":{"index":"index","follow":"follow","max-snippet":"max-snippet:-1","max-image-preview":"max-image-preview:large","max-video-preview":"max-video-preview:-1"},"canonical":"https:\/\/www.blogsoestado.com\/joaquimhaickel\/2023\/04\/29\/celso-borges\/","og_locale":"pt_BR","og_type":"article","og_title":"Celso Borges - Joaquim Haickel","og_description":"Nos \u00faltimos dias senti uma dor que j\u00e1 fazia trinta anos que n\u00e3o sentia. A dor da perda da presen\u00e7a [&hellip;]","og_url":"https:\/\/www.blogsoestado.com\/joaquimhaickel\/2023\/04\/29\/celso-borges\/","og_site_name":"Joaquim Haickel","article_published_time":"2023-04-29T10:47:36+00:00","og_image":[{"url":"https:\/\/www.blogsoestado.com\/joaquimhaickel\/wp-content\/uploads\/sites\/6\/2023\/04\/1-1-1-852x1024.jpeg","type":"","width":"","height":""}],"author":"Joaquim Haickel","twitter_card":"summary_large_image","twitter_misc":{"Escrito por":"Joaquim Haickel","Est. tempo de leitura":"4 minutos"},"schema":{"@context":"https:\/\/schema.org","@graph":[{"@type":"WebPage","@id":"https:\/\/www.blogsoestado.com\/joaquimhaickel\/2023\/04\/29\/celso-borges\/","url":"https:\/\/www.blogsoestado.com\/joaquimhaickel\/2023\/04\/29\/celso-borges\/","name":"Celso Borges - Joaquim Haickel","isPartOf":{"@id":"https:\/\/www.blogsoestado.com\/joaquimhaickel\/#website"},"primaryImageOfPage":{"@id":"https:\/\/www.blogsoestado.com\/joaquimhaickel\/2023\/04\/29\/celso-borges\/#primaryimage"},"image":{"@id":"https:\/\/www.blogsoestado.com\/joaquimhaickel\/2023\/04\/29\/celso-borges\/#primaryimage"},"thumbnailUrl":"https:\/\/www.blogsoestado.com\/joaquimhaickel\/wp-content\/uploads\/sites\/6\/2023\/04\/1-1-1-852x1024.jpeg","datePublished":"2023-04-29T10:47:36+00:00","author":{"@id":"https:\/\/www.blogsoestado.com\/joaquimhaickel\/#\/schema\/person\/4a711644aff28245c6c2c3452d66d325"},"breadcrumb":{"@id":"https:\/\/www.blogsoestado.com\/joaquimhaickel\/2023\/04\/29\/celso-borges\/#breadcrumb"},"inLanguage":"pt-BR","potentialAction":[{"@type":"ReadAction","target":["https:\/\/www.blogsoestado.com\/joaquimhaickel\/2023\/04\/29\/celso-borges\/"]}]},{"@type":"ImageObject","inLanguage":"pt-BR","@id":"https:\/\/www.blogsoestado.com\/joaquimhaickel\/2023\/04\/29\/celso-borges\/#primaryimage","url":"https:\/\/www.blogsoestado.com\/joaquimhaickel\/wp-content\/uploads\/sites\/6\/2023\/04\/1-1-1.jpeg","contentUrl":"https:\/\/www.blogsoestado.com\/joaquimhaickel\/wp-content\/uploads\/sites\/6\/2023\/04\/1-1-1.jpeg","width":1331,"height":1600},{"@type":"BreadcrumbList","@id":"https:\/\/www.blogsoestado.com\/joaquimhaickel\/2023\/04\/29\/celso-borges\/#breadcrumb","itemListElement":[{"@type":"ListItem","position":1,"name":"In\u00edcio","item":"https:\/\/www.blogsoestado.com\/joaquimhaickel\/"},{"@type":"ListItem","position":2,"name":"Celso Borges"}]},{"@type":"WebSite","@id":"https:\/\/www.blogsoestado.com\/joaquimhaickel\/#website","url":"https:\/\/www.blogsoestado.com\/joaquimhaickel\/","name":"Joaquim Haickel","description":"","potentialAction":[{"@type":"SearchAction","target":{"@type":"EntryPoint","urlTemplate":"https:\/\/www.blogsoestado.com\/joaquimhaickel\/?s={search_term_string}"},"query-input":{"@type":"PropertyValueSpecification","valueRequired":true,"valueName":"search_term_string"}}],"inLanguage":"pt-BR"},{"@type":"Person","@id":"https:\/\/www.blogsoestado.com\/joaquimhaickel\/#\/schema\/person\/4a711644aff28245c6c2c3452d66d325","name":"Joaquim Haickel","image":{"@type":"ImageObject","inLanguage":"pt-BR","@id":"https:\/\/www.blogsoestado.com\/joaquimhaickel\/#\/schema\/person\/image\/","url":"https:\/\/secure.gravatar.com\/avatar\/473d89339b9f8ec089adb8d5778363eb5a2ba2319956bcf0298bfd8cca04684a?s=96&d=mm&r=g","contentUrl":"https:\/\/secure.gravatar.com\/avatar\/473d89339b9f8ec089adb8d5778363eb5a2ba2319956bcf0298bfd8cca04684a?s=96&d=mm&r=g","caption":"Joaquim Haickel"},"url":"https:\/\/www.blogsoestado.com\/joaquimhaickel\/author\/joaquimhaickel\/"}]}},"jetpack_featured_media_url":"","_links":{"self":[{"href":"https:\/\/www.blogsoestado.com\/joaquimhaickel\/wp-json\/wp\/v2\/posts\/3261","targetHints":{"allow":["GET"]}}],"collection":[{"href":"https:\/\/www.blogsoestado.com\/joaquimhaickel\/wp-json\/wp\/v2\/posts"}],"about":[{"href":"https:\/\/www.blogsoestado.com\/joaquimhaickel\/wp-json\/wp\/v2\/types\/post"}],"author":[{"embeddable":true,"href":"https:\/\/www.blogsoestado.com\/joaquimhaickel\/wp-json\/wp\/v2\/users\/7"}],"replies":[{"embeddable":true,"href":"https:\/\/www.blogsoestado.com\/joaquimhaickel\/wp-json\/wp\/v2\/comments?post=3261"}],"version-history":[{"count":0,"href":"https:\/\/www.blogsoestado.com\/joaquimhaickel\/wp-json\/wp\/v2\/posts\/3261\/revisions"}],"wp:attachment":[{"href":"https:\/\/www.blogsoestado.com\/joaquimhaickel\/wp-json\/wp\/v2\/media?parent=3261"}],"wp:term":[{"taxonomy":"category","embeddable":true,"href":"https:\/\/www.blogsoestado.com\/joaquimhaickel\/wp-json\/wp\/v2\/categories?post=3261"},{"taxonomy":"post_tag","embeddable":true,"href":"https:\/\/www.blogsoestado.com\/joaquimhaickel\/wp-json\/wp\/v2\/tags?post=3261"}],"curies":[{"name":"wp","href":"https:\/\/api.w.org\/{rel}","templated":true}]}}