{"id":332,"date":"2008-11-08T17:41:42","date_gmt":"2008-11-08T19:41:42","guid":{"rendered":"https:\/\/www.blogsoestado.com\/joaquimhaickel\/2008\/11\/08\/sobre-eleicao-da-mesa-da-alm\/"},"modified":"2008-11-08T17:41:42","modified_gmt":"2008-11-08T19:41:42","slug":"sobre-eleicao-da-mesa-da-alm","status":"publish","type":"post","link":"https:\/\/www.blogsoestado.com\/joaquimhaickel\/2008\/11\/08\/sobre-eleicao-da-mesa-da-alm\/","title":{"rendered":"Sobre elei\u00e7\u00e3o da mesa da ALM"},"content":{"rendered":"<p>Vamos fazer hoje um r\u00e1pido retrospecto das \u00faltimas cinco elei\u00e7\u00f5es internas no Poder Legislativo.<\/p>\n<p>Em 1999 seria o quarto mandato consecutivo do deputado Manuel Ribeiro, coisa que j\u00e1 ach\u00e1vamos demasiado, por\u00e9m como era o in\u00edcio de outra legislatura, resolvemos dar-lhe o benef\u00edcio da analogia em rela\u00e7\u00e3o ao Congresso Nacional e votamos todos nele. At\u00e9 a oposi\u00e7\u00e3o da \u00e9poca votou sem muitas restri\u00e7\u00f5es.<\/p>\n<p>Em 2001 j\u00e1 havia outro \u00e2nimo. Os deputados Arnaldo Melo, Jo\u00e3o Evangelista e eu, encabe\u00e7amos uma discord\u00e2ncia aberta e clara e lideramos um movimento contra o que acredit\u00e1vamos que era uma grave inconstitucionalidade. Tanto que eu entrei com uma A\u00e7\u00e3o Direta de Inconstitucionalidade no Supremo Tribunal Federal para impedir que um presidente de Assembl\u00e9ia Legislativa estadual pudesse se eleger ad eternum para aquele cargo, j\u00e1 que o mesmo n\u00e3o era poss\u00edvel em rela\u00e7\u00e3o \u00e0s duas casas do Poder Legislativo federal. N\u00e3o consegui meu intento. A liminar que pedi n\u00e3o foi concedida e at\u00e9 hoje o m\u00e9rito da a\u00e7\u00e3o n\u00e3o foi apreciado por nossa corte constitucional.<\/p>\n<p>Resolvemos marcar posi\u00e7\u00e3o e candidatarmos algu\u00e9m que sab\u00edamos que iria sofrer uma derrota fragorosa. Eu fui o escalado para perder e obtive apenas sete preciosos votos dos 42 deputados com direito para tal naquele pleito. Se n\u00e3o me falha a mem\u00f3ria, Manuel teve 33 e dois deputados n\u00e3o compareceram \u00e0 sess\u00e3o.<\/p>\n<p>Continuaria havendo at\u00e9 hoje reelei\u00e7\u00f5es em nosso Legislativo se em 2003 os mesmos rebeldes mais uma vez liderados por Arnaldo, Jo\u00e3o e por este humilde escrevinhador que vos fala n\u00e3o se manifestassem. Acrescidos ent\u00e3o de um excelente grupo de deputados recentemente eleitos como C\u00e9sar Pires, Chico Gomes, Carlos Filho e Max Barros e por um grupo de velhas raposas, entre elas, Tat\u00e1 Milhomem, Aderson Lago, Juli\u00e3o Amim, Luis Pedro e o eterno Mauro Bezerra, que ajudaram a come\u00e7ar a mudar a face de nosso Legislativo.<\/p>\n<p>Uma coisa pela qual sempre lutei foi pela independ\u00eancia do Poder Legislativo. N\u00e3o que f\u00f4ssemos ser t\u00e3o independentes que nos afastar\u00edamos dos demais poderes. Isso nunca, nem do Judici\u00e1rio e muito menos do Executivo. Isso seria imposs\u00edvel. Quer\u00edamos ouvir as orienta\u00e7\u00f5es de nossos grupos, mas que n\u00e3o gostar\u00edamos de obedec\u00ea-las cegamente, caso elas fossem visivelmente prejudiciais ao equil\u00edbrio e \u00e0 harmonia que deve sempre haver entre os poderes.<\/p>\n<p>Em 2003 elegemos Milhomem em uma elei\u00e7\u00e3o dif\u00edcil, mas que acabou sendo quase consensual e a partir da\u00ed come\u00e7amos a utilizar um processo eletivo quase normal, sofrendo sim, dentro dos limites normais, a influ\u00eancia n\u00e3o s\u00f3 do Executivo, mas tamb\u00e9m de todas as for\u00e7as da sociedade.<\/p>\n<p>Em 2005, com a ruptura do ent\u00e3o governador Z\u00e9 Reinaldo com o grupo pol\u00edtico que o gerou, preferi apoiar a candidatura de Mauro Bezerra ao inv\u00e9s de me curvar \u00e0s exig\u00eancias de le\u00f5es t\u00e3o mal governados. Fiz isso, mesmo que o candidato apoiado pelo pal\u00e1cio fosse meu querido amigo Jo\u00e3o Evangelista, por quem sempre tive o maior respeito e considera\u00e7\u00e3o, mas n\u00e3o poderia ir contra tudo aquilo que sempre defendi. Perdi com Mauro, mas Jo\u00e3o fez uma administra\u00e7\u00e3o t\u00e3o boa, democr\u00e1tica e igualit\u00e1ria que logo est\u00e1vamos todos juntos na defesa do Poder Legislativo, ainda que em campos opostos, pol\u00edtica e eleitoralmente falando.<\/p>\n<p>Em 2007, depois de outra grande renova\u00e7\u00e3o na composi\u00e7\u00e3o da casa, houve uma pequena tentativa de subleva\u00e7\u00e3o que logo foi sufocada, pois seus motivos n\u00e3o eram libert\u00e1rios nem de interesse comum, visavam unicamente posi\u00e7\u00f5es personal\u00edsticas e individuais e movimentos assim se desintegram por si s\u00f3.<\/p>\n<p>Para mim pouco importa quem esteja tentando puxar os cord\u00f5es, n\u00e3o sou marionete nem fantoche. Sou t\u00edtere de mim mesmo e se puder sou tamb\u00e9m de outros, foi para isso que sempre procurei estudar os bonecos, os mamulengos e suas idiossincrasias.<\/p>\n<p>Agora, para a pr\u00f3xima elei\u00e7\u00e3o, que deve ser casuisticamente antecipada, temos um quadro extremamente complexo, sujeito a uma infinidade de vari\u00e1veis. O governo amealhou uma confort\u00e1vel maioria no plen\u00e1rio da ALM, mas mesmo assim tinha, at\u00e9 muito recentemente, dois candidatos \u00e0 presid\u00eancia da casa, os deputados Marcelo Tavares e Edivaldo Holanda. Todos dois meus amigos, parlamentares honrados, homens confi\u00e1veis, pessoas de boa \u00edndole. Seria muito dif\u00edcil escolher entre um deles em CNTP.<\/p>\n<p>Era preciso buscar crit\u00e9rios fortes e r\u00edgidos para nos posicionarmos, e s\u00f3 havia um diferencial que visivelmente distinguia Marcelo de Edivaldo. A proximidade inevit\u00e1vel de Marcelo ao ex-governador Z\u00e9 Reinaldo, seu tio, fato que poderia fazer com que nossa bancada n\u00e3o acompanhasse sua candidatura. Isso eu sempre disse, tanto para Marcelo, como para todas as pessoas que me perguntaram sobre a situa\u00e7\u00e3o da elei\u00e7\u00e3o. Foi a\u00ed que o l\u00edder de nossa bancada, deputado Ricardo Murad, em boa hora, nos repassou uma orienta\u00e7\u00e3o no sentido de que dever\u00edamos esperar a decis\u00e3o do bloco governista. Dever\u00edamos esperar que eles indicassem e apoiassem efetivamente algu\u00e9m. Este seria tamb\u00e9m o nosso candidato, desde que o acordo de proporcionalidade dos cargos da Mesa Diretora fosse mantido.<\/p>\n<p>Quanto \u00e0 escolha dos nomes para cada cargo, isso \u00e9 de compet\u00eancia interna das respectivas bancadas, que dever\u00e3o se reunir e escolher democraticamente quem lhes representar\u00e3o na Mesa Diretora.<\/p>\n","protected":false},"excerpt":{"rendered":"<p>Vamos fazer hoje um r\u00e1pido retrospecto das \u00faltimas cinco elei\u00e7\u00f5es internas no Poder Legislativo. Em 1999 seria o quarto mandato [&hellip;]<\/p>\n","protected":false},"author":7,"featured_media":0,"comment_status":"open","ping_status":"open","sticky":false,"template":"","format":"standard","meta":{"site-sidebar-layout":"default","site-content-layout":"","ast-site-content-layout":"default","site-content-style":"default","site-sidebar-style":"default","ast-global-header-display":"","ast-banner-title-visibility":"","ast-main-header-display":"","ast-hfb-above-header-display":"","ast-hfb-below-header-display":"","ast-hfb-mobile-header-display":"","site-post-title":"","ast-breadcrumbs-content":"","ast-featured-img":"","footer-sml-layout":"","ast-disable-related-posts":"","theme-transparent-header-meta":"","adv-header-id-meta":"","stick-header-meta":"","header-above-stick-meta":"","header-main-stick-meta":"","header-below-stick-meta":"","astra-migrate-meta-layouts":"default","ast-page-background-enabled":"default","ast-page-background-meta":{"desktop":{"background-color":"var(--ast-global-color-5)","background-image":"","background-repeat":"repeat","background-position":"center center","background-size":"auto","background-attachment":"scroll","background-type":"","background-media":"","overlay-type":"","overlay-color":"","overlay-opacity":"","overlay-gradient":""},"tablet":{"background-color":"","background-image":"","background-repeat":"repeat","background-position":"center center","background-size":"auto","background-attachment":"scroll","background-type":"","background-media":"","overlay-type":"","overlay-color":"","overlay-opacity":"","overlay-gradient":""},"mobile":{"background-color":"","background-image":"","background-repeat":"repeat","background-position":"center center","background-size":"auto","background-attachment":"scroll","background-type":"","background-media":"","overlay-type":"","overlay-color":"","overlay-opacity":"","overlay-gradient":""}},"ast-content-background-meta":{"desktop":{"background-color":"var(--ast-global-color-4)","background-image":"","background-repeat":"repeat","background-position":"center center","background-size":"auto","background-attachment":"scroll","background-type":"","background-media":"","overlay-type":"","overlay-color":"","overlay-opacity":"","overlay-gradient":""},"tablet":{"background-color":"var(--ast-global-color-4)","background-image":"","background-repeat":"repeat","background-position":"center center","background-size":"auto","background-attachment":"scroll","background-type":"","background-media":"","overlay-type":"","overlay-color":"","overlay-opacity":"","overlay-gradient":""},"mobile":{"background-color":"var(--ast-global-color-4)","background-image":"","background-repeat":"repeat","background-position":"center center","background-size":"auto","background-attachment":"scroll","background-type":"","background-media":"","overlay-type":"","overlay-color":"","overlay-opacity":"","overlay-gradient":""}},"footnotes":""},"categories":[3],"tags":[],"class_list":["post-332","post","type-post","status-publish","format-standard","hentry","category-geral"],"yoast_head":"<!-- This site is optimized with the Yoast SEO plugin v26.6 - https:\/\/yoast.com\/wordpress\/plugins\/seo\/ -->\n<title>Sobre elei\u00e7\u00e3o da mesa da ALM - Joaquim Haickel<\/title>\n<meta name=\"robots\" content=\"index, follow, max-snippet:-1, max-image-preview:large, max-video-preview:-1\" \/>\n<link rel=\"canonical\" href=\"https:\/\/www.blogsoestado.com\/joaquimhaickel\/2008\/11\/08\/sobre-eleicao-da-mesa-da-alm\/\" \/>\n<meta property=\"og:locale\" content=\"pt_BR\" \/>\n<meta property=\"og:type\" content=\"article\" \/>\n<meta property=\"og:title\" content=\"Sobre elei\u00e7\u00e3o da mesa da ALM - Joaquim Haickel\" \/>\n<meta property=\"og:description\" content=\"Vamos fazer hoje um r\u00e1pido retrospecto das \u00faltimas cinco elei\u00e7\u00f5es internas no Poder Legislativo. Em 1999 seria o quarto mandato [&hellip;]\" \/>\n<meta property=\"og:url\" content=\"https:\/\/www.blogsoestado.com\/joaquimhaickel\/2008\/11\/08\/sobre-eleicao-da-mesa-da-alm\/\" \/>\n<meta property=\"og:site_name\" content=\"Joaquim Haickel\" \/>\n<meta property=\"article:published_time\" content=\"2008-11-08T19:41:42+00:00\" \/>\n<meta name=\"author\" content=\"Joaquim Haickel\" \/>\n<meta name=\"twitter:card\" content=\"summary_large_image\" \/>\n<meta name=\"twitter:label1\" content=\"Escrito por\" \/>\n\t<meta name=\"twitter:data1\" content=\"Joaquim Haickel\" \/>\n\t<meta name=\"twitter:label2\" content=\"Est. tempo de leitura\" \/>\n\t<meta name=\"twitter:data2\" content=\"5 minutos\" \/>\n<script type=\"application\/ld+json\" class=\"yoast-schema-graph\">{\"@context\":\"https:\/\/schema.org\",\"@graph\":[{\"@type\":\"WebPage\",\"@id\":\"https:\/\/www.blogsoestado.com\/joaquimhaickel\/2008\/11\/08\/sobre-eleicao-da-mesa-da-alm\/\",\"url\":\"https:\/\/www.blogsoestado.com\/joaquimhaickel\/2008\/11\/08\/sobre-eleicao-da-mesa-da-alm\/\",\"name\":\"Sobre elei\u00e7\u00e3o da mesa da ALM - Joaquim Haickel\",\"isPartOf\":{\"@id\":\"https:\/\/www.blogsoestado.com\/joaquimhaickel\/#website\"},\"datePublished\":\"2008-11-08T19:41:42+00:00\",\"author\":{\"@id\":\"https:\/\/www.blogsoestado.com\/joaquimhaickel\/#\/schema\/person\/4a711644aff28245c6c2c3452d66d325\"},\"breadcrumb\":{\"@id\":\"https:\/\/www.blogsoestado.com\/joaquimhaickel\/2008\/11\/08\/sobre-eleicao-da-mesa-da-alm\/#breadcrumb\"},\"inLanguage\":\"pt-BR\",\"potentialAction\":[{\"@type\":\"ReadAction\",\"target\":[\"https:\/\/www.blogsoestado.com\/joaquimhaickel\/2008\/11\/08\/sobre-eleicao-da-mesa-da-alm\/\"]}]},{\"@type\":\"BreadcrumbList\",\"@id\":\"https:\/\/www.blogsoestado.com\/joaquimhaickel\/2008\/11\/08\/sobre-eleicao-da-mesa-da-alm\/#breadcrumb\",\"itemListElement\":[{\"@type\":\"ListItem\",\"position\":1,\"name\":\"In\u00edcio\",\"item\":\"https:\/\/www.blogsoestado.com\/joaquimhaickel\/\"},{\"@type\":\"ListItem\",\"position\":2,\"name\":\"Sobre elei\u00e7\u00e3o da mesa da ALM\"}]},{\"@type\":\"WebSite\",\"@id\":\"https:\/\/www.blogsoestado.com\/joaquimhaickel\/#website\",\"url\":\"https:\/\/www.blogsoestado.com\/joaquimhaickel\/\",\"name\":\"Joaquim Haickel\",\"description\":\"\",\"potentialAction\":[{\"@type\":\"SearchAction\",\"target\":{\"@type\":\"EntryPoint\",\"urlTemplate\":\"https:\/\/www.blogsoestado.com\/joaquimhaickel\/?s={search_term_string}\"},\"query-input\":{\"@type\":\"PropertyValueSpecification\",\"valueRequired\":true,\"valueName\":\"search_term_string\"}}],\"inLanguage\":\"pt-BR\"},{\"@type\":\"Person\",\"@id\":\"https:\/\/www.blogsoestado.com\/joaquimhaickel\/#\/schema\/person\/4a711644aff28245c6c2c3452d66d325\",\"name\":\"Joaquim Haickel\",\"image\":{\"@type\":\"ImageObject\",\"inLanguage\":\"pt-BR\",\"@id\":\"https:\/\/www.blogsoestado.com\/joaquimhaickel\/#\/schema\/person\/image\/\",\"url\":\"https:\/\/secure.gravatar.com\/avatar\/473d89339b9f8ec089adb8d5778363eb5a2ba2319956bcf0298bfd8cca04684a?s=96&d=mm&r=g\",\"contentUrl\":\"https:\/\/secure.gravatar.com\/avatar\/473d89339b9f8ec089adb8d5778363eb5a2ba2319956bcf0298bfd8cca04684a?s=96&d=mm&r=g\",\"caption\":\"Joaquim Haickel\"},\"url\":\"https:\/\/www.blogsoestado.com\/joaquimhaickel\/author\/joaquimhaickel\/\"}]}<\/script>\n<!-- \/ Yoast SEO plugin. -->","yoast_head_json":{"title":"Sobre elei\u00e7\u00e3o da mesa da ALM - Joaquim Haickel","robots":{"index":"index","follow":"follow","max-snippet":"max-snippet:-1","max-image-preview":"max-image-preview:large","max-video-preview":"max-video-preview:-1"},"canonical":"https:\/\/www.blogsoestado.com\/joaquimhaickel\/2008\/11\/08\/sobre-eleicao-da-mesa-da-alm\/","og_locale":"pt_BR","og_type":"article","og_title":"Sobre elei\u00e7\u00e3o da mesa da ALM - Joaquim Haickel","og_description":"Vamos fazer hoje um r\u00e1pido retrospecto das \u00faltimas cinco elei\u00e7\u00f5es internas no Poder Legislativo. Em 1999 seria o quarto mandato [&hellip;]","og_url":"https:\/\/www.blogsoestado.com\/joaquimhaickel\/2008\/11\/08\/sobre-eleicao-da-mesa-da-alm\/","og_site_name":"Joaquim Haickel","article_published_time":"2008-11-08T19:41:42+00:00","author":"Joaquim Haickel","twitter_card":"summary_large_image","twitter_misc":{"Escrito por":"Joaquim Haickel","Est. tempo de leitura":"5 minutos"},"schema":{"@context":"https:\/\/schema.org","@graph":[{"@type":"WebPage","@id":"https:\/\/www.blogsoestado.com\/joaquimhaickel\/2008\/11\/08\/sobre-eleicao-da-mesa-da-alm\/","url":"https:\/\/www.blogsoestado.com\/joaquimhaickel\/2008\/11\/08\/sobre-eleicao-da-mesa-da-alm\/","name":"Sobre elei\u00e7\u00e3o da mesa da ALM - Joaquim Haickel","isPartOf":{"@id":"https:\/\/www.blogsoestado.com\/joaquimhaickel\/#website"},"datePublished":"2008-11-08T19:41:42+00:00","author":{"@id":"https:\/\/www.blogsoestado.com\/joaquimhaickel\/#\/schema\/person\/4a711644aff28245c6c2c3452d66d325"},"breadcrumb":{"@id":"https:\/\/www.blogsoestado.com\/joaquimhaickel\/2008\/11\/08\/sobre-eleicao-da-mesa-da-alm\/#breadcrumb"},"inLanguage":"pt-BR","potentialAction":[{"@type":"ReadAction","target":["https:\/\/www.blogsoestado.com\/joaquimhaickel\/2008\/11\/08\/sobre-eleicao-da-mesa-da-alm\/"]}]},{"@type":"BreadcrumbList","@id":"https:\/\/www.blogsoestado.com\/joaquimhaickel\/2008\/11\/08\/sobre-eleicao-da-mesa-da-alm\/#breadcrumb","itemListElement":[{"@type":"ListItem","position":1,"name":"In\u00edcio","item":"https:\/\/www.blogsoestado.com\/joaquimhaickel\/"},{"@type":"ListItem","position":2,"name":"Sobre elei\u00e7\u00e3o da mesa da ALM"}]},{"@type":"WebSite","@id":"https:\/\/www.blogsoestado.com\/joaquimhaickel\/#website","url":"https:\/\/www.blogsoestado.com\/joaquimhaickel\/","name":"Joaquim Haickel","description":"","potentialAction":[{"@type":"SearchAction","target":{"@type":"EntryPoint","urlTemplate":"https:\/\/www.blogsoestado.com\/joaquimhaickel\/?s={search_term_string}"},"query-input":{"@type":"PropertyValueSpecification","valueRequired":true,"valueName":"search_term_string"}}],"inLanguage":"pt-BR"},{"@type":"Person","@id":"https:\/\/www.blogsoestado.com\/joaquimhaickel\/#\/schema\/person\/4a711644aff28245c6c2c3452d66d325","name":"Joaquim Haickel","image":{"@type":"ImageObject","inLanguage":"pt-BR","@id":"https:\/\/www.blogsoestado.com\/joaquimhaickel\/#\/schema\/person\/image\/","url":"https:\/\/secure.gravatar.com\/avatar\/473d89339b9f8ec089adb8d5778363eb5a2ba2319956bcf0298bfd8cca04684a?s=96&d=mm&r=g","contentUrl":"https:\/\/secure.gravatar.com\/avatar\/473d89339b9f8ec089adb8d5778363eb5a2ba2319956bcf0298bfd8cca04684a?s=96&d=mm&r=g","caption":"Joaquim Haickel"},"url":"https:\/\/www.blogsoestado.com\/joaquimhaickel\/author\/joaquimhaickel\/"}]}},"jetpack_featured_media_url":"","_links":{"self":[{"href":"https:\/\/www.blogsoestado.com\/joaquimhaickel\/wp-json\/wp\/v2\/posts\/332","targetHints":{"allow":["GET"]}}],"collection":[{"href":"https:\/\/www.blogsoestado.com\/joaquimhaickel\/wp-json\/wp\/v2\/posts"}],"about":[{"href":"https:\/\/www.blogsoestado.com\/joaquimhaickel\/wp-json\/wp\/v2\/types\/post"}],"author":[{"embeddable":true,"href":"https:\/\/www.blogsoestado.com\/joaquimhaickel\/wp-json\/wp\/v2\/users\/7"}],"replies":[{"embeddable":true,"href":"https:\/\/www.blogsoestado.com\/joaquimhaickel\/wp-json\/wp\/v2\/comments?post=332"}],"version-history":[{"count":0,"href":"https:\/\/www.blogsoestado.com\/joaquimhaickel\/wp-json\/wp\/v2\/posts\/332\/revisions"}],"wp:attachment":[{"href":"https:\/\/www.blogsoestado.com\/joaquimhaickel\/wp-json\/wp\/v2\/media?parent=332"}],"wp:term":[{"taxonomy":"category","embeddable":true,"href":"https:\/\/www.blogsoestado.com\/joaquimhaickel\/wp-json\/wp\/v2\/categories?post=332"},{"taxonomy":"post_tag","embeddable":true,"href":"https:\/\/www.blogsoestado.com\/joaquimhaickel\/wp-json\/wp\/v2\/tags?post=332"}],"curies":[{"name":"wp","href":"https:\/\/api.w.org\/{rel}","templated":true}]}}