{"id":3349,"date":"2023-10-07T10:58:56","date_gmt":"2023-10-07T13:58:56","guid":{"rendered":"https:\/\/www.blogsoestado.com\/joaquimhaickel\/?p=3349"},"modified":"2023-10-07T10:58:56","modified_gmt":"2023-10-07T13:58:56","slug":"a-constituicao-brasileira-35-anos-depois","status":"publish","type":"post","link":"https:\/\/www.blogsoestado.com\/joaquimhaickel\/2023\/10\/07\/a-constituicao-brasileira-35-anos-depois\/","title":{"rendered":"A Constitui\u00e7\u00e3o brasileira, 35 anos depois"},"content":{"rendered":"\n<figure class=\"wp-block-image size-large\"><a href=\"https:\/\/www.blogsoestado.com\/joaquimhaickel\/wp-content\/uploads\/sites\/6\/2023\/10\/9-Discursando-na-Constituinte-scaled-1.jpg\"><img decoding=\"async\" src=\"https:\/\/www.blogsoestado.com\/joaquimhaickel\/files\/2023\/10\/9-Discursando-na-Constituinte-1024x742.jpg\" alt=\"\" class=\"wp-image-3350\"\/><\/a><\/figure>\n\n\n\n<p>\u00a0<\/p>\n\n\n\n<p>Depois de 20 meses de trabalho intenso de deputados e senadores constituintes, na tarde do dia 5 de outubro de 1988, foi promulgada a Constitui\u00e7\u00e3o da Rep\u00fablica Federativa do Brasil.&nbsp;<\/p>\n\n\n\n<p>Em um discurso empolgante, Ulisses Guimar\u00e3es conclamava toda a na\u00e7\u00e3o a honrar e defender a nossa constitui\u00e7\u00e3o e os princ\u00edpios humanit\u00e1rios, sociais e democr\u00e1ticos que ela trazia como base.&nbsp;<\/p>\n\n\n\n<p>Aqueles foram meses de muito trabalho. Eu era o quarto mais jovem constituinte brasileiro. Mais jovens que eu, A\u00e9cio Neves, Rita Camata e C\u00e1ssio Cunha Lima. Depois da Constituinte, o primeiro e o terceiro, citados acima, tiveram extensas carreiras pol\u00edticas, chegando aos governos de seus estados e ao senado federal. A segunda foi candidata a vice-presidente em uma dessas elei\u00e7\u00f5es. Quanto a mim, voltei para o Maranh\u00e3o, comandei algumas secretarias de Estado e novamente deputado estadual, at\u00e9 resolver que a pol\u00edtica formal, com mandato eletivo n\u00e3o fazia mais sentido para mim.<\/p>\n\n\n\n<p>Tenho orgulho de ter participado daquele momento importante da hist\u00f3ria de nosso pa\u00eds, mesmo sendo eu apenas um mero figurante, que na \u00e9poca tinha pouco em idade (26 anos) e menos ainda em experi\u00eancia, mas hoje, passados 35 anos, vejo melhor, tanto os acertos quanto os equ\u00edvocos que cometemos e confesso que me preocupo muito com a forma com que nossa Carta Magna est\u00e1 sendo usada.&nbsp;<\/p>\n\n\n\n<p>Muitos de nossos acertos est\u00e3o nos artigos 5\u00ba e 6\u00ba de CF, pois ali est\u00e3o os direitos e garantias institucionais e sociais das pessoas. Ali est\u00e3o tamb\u00e9m parte dos nossos equ\u00edvocos ou esquecimentos, pois n\u00e3o estabelecemos de forma proporcional os deveres que deveriam advir e respaldar os direitos que estavam sendo garantidos.&nbsp;<\/p>\n\n\n\n<p>Apenas como curiosidade, sobre um de nossos equ\u00edvocos mais gritantes, lembro que no pre\u00e2mbulo da CF, n\u00e3o h\u00e1 alus\u00e3o a nenhuma esp\u00e9cie de dever que os cidad\u00e3os submetidos a ela devam ter, apenas estabelecemos direitos. Est\u00e1vamos cegos!&nbsp;Cegados pelo medo do retrocesso democr\u00e1tico, que nos rondava. Parecido com o que estamos vivendo agora.&nbsp;<\/p>\n\n\n\n<p>Lembro a quem possa n\u00e3o ligar bem as coisas, que est\u00e1vamos saindo de 21 anos de estado de exce\u00e7\u00e3o, aquilo que uns chamavam de Revolu\u00e7\u00e3o e outros de Ditadura Militar, o certo \u00e9 que era um regime onde as liberdades e os direitos n\u00e3o eram plenamente respeitados, por isso o medo que todos t\u00ednhamos de um retrocesso institucional.&nbsp;<\/p>\n\n\n\n<p>Lembro tamb\u00e9m que um ano depois de promulgarmos nossa Constitui\u00e7\u00e3o, a derrubada de um muro mudou toda a configura\u00e7\u00e3o geopol\u00edtica do mundo. N\u00f3s, de certa forma nos antecipamos a essa mudan\u00e7a, e por isso agimos de forma precipitada em alguns aspectos.&nbsp;<\/p>\n\n\n\n<p>Por outro lado, \u00e9 sempre importante que se diga e n\u00e3o deixemos que ningu\u00e9m se esque\u00e7a, que uma constitui\u00e7\u00e3o n\u00e3o \u00e9 uma carta POL\u00cdTICA, naquilo que essa palavra tem de mais pejorativo! Ela \u00e9 s\u00famula jur\u00eddica que deve reger o funcionamento de todos os mecanismos e institui\u00e7\u00f5es de um pa\u00eds.&nbsp;<\/p>\n\n\n\n<p>Olhando em retrospecto, vejo que passados 35 anos, constatamos que o trabalho que realizamos foi quase que completamente desfigurado, em parte por culpa nossa mesmo, em parte pelo uso errado e pela m\u00e1 interpreta\u00e7\u00e3o dos dispositivos contidos nesta lei que deveria nortear a vida de nosso pa\u00eds.&nbsp;<\/p>\n\n\n\n<p>Algo urgente precisa ser feito para remediar isso, pois o medo \u00e9 um campo f\u00e9rtil para a tirania!&nbsp;<\/p>\n","protected":false},"excerpt":{"rendered":"<p>\u00a0 Depois de 20 meses de trabalho intenso de deputados e senadores constituintes, na tarde do dia 5 de outubro [&hellip;]<\/p>\n","protected":false},"author":7,"featured_media":0,"comment_status":"open","ping_status":"open","sticky":false,"template":"","format":"standard","meta":{"site-sidebar-layout":"default","site-content-layout":"","ast-site-content-layout":"default","site-content-style":"default","site-sidebar-style":"default","ast-global-header-display":"","ast-banner-title-visibility":"","ast-main-header-display":"","ast-hfb-above-header-display":"","ast-hfb-below-header-display":"","ast-hfb-mobile-header-display":"","site-post-title":"","ast-breadcrumbs-content":"","ast-featured-img":"","footer-sml-layout":"","ast-disable-related-posts":"","theme-transparent-header-meta":"","adv-header-id-meta":"","stick-header-meta":"","header-above-stick-meta":"","header-main-stick-meta":"","header-below-stick-meta":"","astra-migrate-meta-layouts":"default","ast-page-background-enabled":"default","ast-page-background-meta":{"desktop":{"background-color":"var(--ast-global-color-5)","background-image":"","background-repeat":"repeat","background-position":"center center","background-size":"auto","background-attachment":"scroll","background-type":"","background-media":"","overlay-type":"","overlay-color":"","overlay-opacity":"","overlay-gradient":""},"tablet":{"background-color":"","background-image":"","background-repeat":"repeat","background-position":"center center","background-size":"auto","background-attachment":"scroll","background-type":"","background-media":"","overlay-type":"","overlay-color":"","overlay-opacity":"","overlay-gradient":""},"mobile":{"background-color":"","background-image":"","background-repeat":"repeat","background-position":"center center","background-size":"auto","background-attachment":"scroll","background-type":"","background-media":"","overlay-type":"","overlay-color":"","overlay-opacity":"","overlay-gradient":""}},"ast-content-background-meta":{"desktop":{"background-color":"var(--ast-global-color-4)","background-image":"","background-repeat":"repeat","background-position":"center center","background-size":"auto","background-attachment":"scroll","background-type":"","background-media":"","overlay-type":"","overlay-color":"","overlay-opacity":"","overlay-gradient":""},"tablet":{"background-color":"var(--ast-global-color-4)","background-image":"","background-repeat":"repeat","background-position":"center center","background-size":"auto","background-attachment":"scroll","background-type":"","background-media":"","overlay-type":"","overlay-color":"","overlay-opacity":"","overlay-gradient":""},"mobile":{"background-color":"var(--ast-global-color-4)","background-image":"","background-repeat":"repeat","background-position":"center center","background-size":"auto","background-attachment":"scroll","background-type":"","background-media":"","overlay-type":"","overlay-color":"","overlay-opacity":"","overlay-gradient":""}},"footnotes":""},"categories":[1],"tags":[],"class_list":["post-3349","post","type-post","status-publish","format-standard","hentry","category-sem-categoria"],"yoast_head":"<!-- This site is optimized with the Yoast SEO plugin v26.6 - https:\/\/yoast.com\/wordpress\/plugins\/seo\/ -->\n<title>A Constitui\u00e7\u00e3o brasileira, 35 anos depois - Joaquim Haickel<\/title>\n<meta name=\"robots\" content=\"index, follow, max-snippet:-1, max-image-preview:large, max-video-preview:-1\" \/>\n<link rel=\"canonical\" href=\"https:\/\/www.blogsoestado.com\/joaquimhaickel\/2023\/10\/07\/a-constituicao-brasileira-35-anos-depois\/\" \/>\n<meta property=\"og:locale\" content=\"pt_BR\" \/>\n<meta property=\"og:type\" content=\"article\" \/>\n<meta property=\"og:title\" content=\"A Constitui\u00e7\u00e3o brasileira, 35 anos depois - Joaquim Haickel\" \/>\n<meta property=\"og:description\" content=\"\u00a0 Depois de 20 meses de trabalho intenso de deputados e senadores constituintes, na tarde do dia 5 de outubro [&hellip;]\" \/>\n<meta property=\"og:url\" content=\"https:\/\/www.blogsoestado.com\/joaquimhaickel\/2023\/10\/07\/a-constituicao-brasileira-35-anos-depois\/\" \/>\n<meta property=\"og:site_name\" content=\"Joaquim Haickel\" \/>\n<meta property=\"article:published_time\" content=\"2023-10-07T13:58:56+00:00\" \/>\n<meta property=\"og:image\" content=\"https:\/\/www.blogsoestado.com\/joaquimhaickel\/files\/2023\/10\/9-Discursando-na-Constituinte-1024x742.jpg\" \/>\n<meta name=\"author\" content=\"Joaquim Haickel\" \/>\n<meta name=\"twitter:card\" content=\"summary_large_image\" \/>\n<meta name=\"twitter:label1\" content=\"Escrito por\" \/>\n\t<meta name=\"twitter:data1\" content=\"Joaquim Haickel\" \/>\n\t<meta name=\"twitter:label2\" content=\"Est. tempo de leitura\" \/>\n\t<meta name=\"twitter:data2\" content=\"3 minutos\" \/>\n<script type=\"application\/ld+json\" class=\"yoast-schema-graph\">{\"@context\":\"https:\/\/schema.org\",\"@graph\":[{\"@type\":\"WebPage\",\"@id\":\"https:\/\/www.blogsoestado.com\/joaquimhaickel\/2023\/10\/07\/a-constituicao-brasileira-35-anos-depois\/\",\"url\":\"https:\/\/www.blogsoestado.com\/joaquimhaickel\/2023\/10\/07\/a-constituicao-brasileira-35-anos-depois\/\",\"name\":\"A Constitui\u00e7\u00e3o brasileira, 35 anos depois - Joaquim Haickel\",\"isPartOf\":{\"@id\":\"https:\/\/www.blogsoestado.com\/joaquimhaickel\/#website\"},\"primaryImageOfPage\":{\"@id\":\"https:\/\/www.blogsoestado.com\/joaquimhaickel\/2023\/10\/07\/a-constituicao-brasileira-35-anos-depois\/#primaryimage\"},\"image\":{\"@id\":\"https:\/\/www.blogsoestado.com\/joaquimhaickel\/2023\/10\/07\/a-constituicao-brasileira-35-anos-depois\/#primaryimage\"},\"thumbnailUrl\":\"https:\/\/www.blogsoestado.com\/joaquimhaickel\/files\/2023\/10\/9-Discursando-na-Constituinte-1024x742.jpg\",\"datePublished\":\"2023-10-07T13:58:56+00:00\",\"author\":{\"@id\":\"https:\/\/www.blogsoestado.com\/joaquimhaickel\/#\/schema\/person\/4a711644aff28245c6c2c3452d66d325\"},\"breadcrumb\":{\"@id\":\"https:\/\/www.blogsoestado.com\/joaquimhaickel\/2023\/10\/07\/a-constituicao-brasileira-35-anos-depois\/#breadcrumb\"},\"inLanguage\":\"pt-BR\",\"potentialAction\":[{\"@type\":\"ReadAction\",\"target\":[\"https:\/\/www.blogsoestado.com\/joaquimhaickel\/2023\/10\/07\/a-constituicao-brasileira-35-anos-depois\/\"]}]},{\"@type\":\"ImageObject\",\"inLanguage\":\"pt-BR\",\"@id\":\"https:\/\/www.blogsoestado.com\/joaquimhaickel\/2023\/10\/07\/a-constituicao-brasileira-35-anos-depois\/#primaryimage\",\"url\":\"https:\/\/www.blogsoestado.com\/joaquimhaickel\/files\/2023\/10\/9-Discursando-na-Constituinte-1024x742.jpg\",\"contentUrl\":\"https:\/\/www.blogsoestado.com\/joaquimhaickel\/files\/2023\/10\/9-Discursando-na-Constituinte-1024x742.jpg\"},{\"@type\":\"BreadcrumbList\",\"@id\":\"https:\/\/www.blogsoestado.com\/joaquimhaickel\/2023\/10\/07\/a-constituicao-brasileira-35-anos-depois\/#breadcrumb\",\"itemListElement\":[{\"@type\":\"ListItem\",\"position\":1,\"name\":\"In\u00edcio\",\"item\":\"https:\/\/www.blogsoestado.com\/joaquimhaickel\/\"},{\"@type\":\"ListItem\",\"position\":2,\"name\":\"A Constitui\u00e7\u00e3o brasileira, 35 anos depois\"}]},{\"@type\":\"WebSite\",\"@id\":\"https:\/\/www.blogsoestado.com\/joaquimhaickel\/#website\",\"url\":\"https:\/\/www.blogsoestado.com\/joaquimhaickel\/\",\"name\":\"Joaquim Haickel\",\"description\":\"\",\"potentialAction\":[{\"@type\":\"SearchAction\",\"target\":{\"@type\":\"EntryPoint\",\"urlTemplate\":\"https:\/\/www.blogsoestado.com\/joaquimhaickel\/?s={search_term_string}\"},\"query-input\":{\"@type\":\"PropertyValueSpecification\",\"valueRequired\":true,\"valueName\":\"search_term_string\"}}],\"inLanguage\":\"pt-BR\"},{\"@type\":\"Person\",\"@id\":\"https:\/\/www.blogsoestado.com\/joaquimhaickel\/#\/schema\/person\/4a711644aff28245c6c2c3452d66d325\",\"name\":\"Joaquim Haickel\",\"image\":{\"@type\":\"ImageObject\",\"inLanguage\":\"pt-BR\",\"@id\":\"https:\/\/www.blogsoestado.com\/joaquimhaickel\/#\/schema\/person\/image\/\",\"url\":\"https:\/\/secure.gravatar.com\/avatar\/473d89339b9f8ec089adb8d5778363eb5a2ba2319956bcf0298bfd8cca04684a?s=96&d=mm&r=g\",\"contentUrl\":\"https:\/\/secure.gravatar.com\/avatar\/473d89339b9f8ec089adb8d5778363eb5a2ba2319956bcf0298bfd8cca04684a?s=96&d=mm&r=g\",\"caption\":\"Joaquim Haickel\"},\"url\":\"https:\/\/www.blogsoestado.com\/joaquimhaickel\/author\/joaquimhaickel\/\"}]}<\/script>\n<!-- \/ Yoast SEO plugin. -->","yoast_head_json":{"title":"A Constitui\u00e7\u00e3o brasileira, 35 anos depois - Joaquim Haickel","robots":{"index":"index","follow":"follow","max-snippet":"max-snippet:-1","max-image-preview":"max-image-preview:large","max-video-preview":"max-video-preview:-1"},"canonical":"https:\/\/www.blogsoestado.com\/joaquimhaickel\/2023\/10\/07\/a-constituicao-brasileira-35-anos-depois\/","og_locale":"pt_BR","og_type":"article","og_title":"A Constitui\u00e7\u00e3o brasileira, 35 anos depois - Joaquim Haickel","og_description":"\u00a0 Depois de 20 meses de trabalho intenso de deputados e senadores constituintes, na tarde do dia 5 de outubro [&hellip;]","og_url":"https:\/\/www.blogsoestado.com\/joaquimhaickel\/2023\/10\/07\/a-constituicao-brasileira-35-anos-depois\/","og_site_name":"Joaquim Haickel","article_published_time":"2023-10-07T13:58:56+00:00","og_image":[{"url":"https:\/\/www.blogsoestado.com\/joaquimhaickel\/files\/2023\/10\/9-Discursando-na-Constituinte-1024x742.jpg","type":"","width":"","height":""}],"author":"Joaquim Haickel","twitter_card":"summary_large_image","twitter_misc":{"Escrito por":"Joaquim Haickel","Est. tempo de leitura":"3 minutos"},"schema":{"@context":"https:\/\/schema.org","@graph":[{"@type":"WebPage","@id":"https:\/\/www.blogsoestado.com\/joaquimhaickel\/2023\/10\/07\/a-constituicao-brasileira-35-anos-depois\/","url":"https:\/\/www.blogsoestado.com\/joaquimhaickel\/2023\/10\/07\/a-constituicao-brasileira-35-anos-depois\/","name":"A Constitui\u00e7\u00e3o brasileira, 35 anos depois - Joaquim Haickel","isPartOf":{"@id":"https:\/\/www.blogsoestado.com\/joaquimhaickel\/#website"},"primaryImageOfPage":{"@id":"https:\/\/www.blogsoestado.com\/joaquimhaickel\/2023\/10\/07\/a-constituicao-brasileira-35-anos-depois\/#primaryimage"},"image":{"@id":"https:\/\/www.blogsoestado.com\/joaquimhaickel\/2023\/10\/07\/a-constituicao-brasileira-35-anos-depois\/#primaryimage"},"thumbnailUrl":"https:\/\/www.blogsoestado.com\/joaquimhaickel\/files\/2023\/10\/9-Discursando-na-Constituinte-1024x742.jpg","datePublished":"2023-10-07T13:58:56+00:00","author":{"@id":"https:\/\/www.blogsoestado.com\/joaquimhaickel\/#\/schema\/person\/4a711644aff28245c6c2c3452d66d325"},"breadcrumb":{"@id":"https:\/\/www.blogsoestado.com\/joaquimhaickel\/2023\/10\/07\/a-constituicao-brasileira-35-anos-depois\/#breadcrumb"},"inLanguage":"pt-BR","potentialAction":[{"@type":"ReadAction","target":["https:\/\/www.blogsoestado.com\/joaquimhaickel\/2023\/10\/07\/a-constituicao-brasileira-35-anos-depois\/"]}]},{"@type":"ImageObject","inLanguage":"pt-BR","@id":"https:\/\/www.blogsoestado.com\/joaquimhaickel\/2023\/10\/07\/a-constituicao-brasileira-35-anos-depois\/#primaryimage","url":"https:\/\/www.blogsoestado.com\/joaquimhaickel\/files\/2023\/10\/9-Discursando-na-Constituinte-1024x742.jpg","contentUrl":"https:\/\/www.blogsoestado.com\/joaquimhaickel\/files\/2023\/10\/9-Discursando-na-Constituinte-1024x742.jpg"},{"@type":"BreadcrumbList","@id":"https:\/\/www.blogsoestado.com\/joaquimhaickel\/2023\/10\/07\/a-constituicao-brasileira-35-anos-depois\/#breadcrumb","itemListElement":[{"@type":"ListItem","position":1,"name":"In\u00edcio","item":"https:\/\/www.blogsoestado.com\/joaquimhaickel\/"},{"@type":"ListItem","position":2,"name":"A Constitui\u00e7\u00e3o brasileira, 35 anos depois"}]},{"@type":"WebSite","@id":"https:\/\/www.blogsoestado.com\/joaquimhaickel\/#website","url":"https:\/\/www.blogsoestado.com\/joaquimhaickel\/","name":"Joaquim Haickel","description":"","potentialAction":[{"@type":"SearchAction","target":{"@type":"EntryPoint","urlTemplate":"https:\/\/www.blogsoestado.com\/joaquimhaickel\/?s={search_term_string}"},"query-input":{"@type":"PropertyValueSpecification","valueRequired":true,"valueName":"search_term_string"}}],"inLanguage":"pt-BR"},{"@type":"Person","@id":"https:\/\/www.blogsoestado.com\/joaquimhaickel\/#\/schema\/person\/4a711644aff28245c6c2c3452d66d325","name":"Joaquim Haickel","image":{"@type":"ImageObject","inLanguage":"pt-BR","@id":"https:\/\/www.blogsoestado.com\/joaquimhaickel\/#\/schema\/person\/image\/","url":"https:\/\/secure.gravatar.com\/avatar\/473d89339b9f8ec089adb8d5778363eb5a2ba2319956bcf0298bfd8cca04684a?s=96&d=mm&r=g","contentUrl":"https:\/\/secure.gravatar.com\/avatar\/473d89339b9f8ec089adb8d5778363eb5a2ba2319956bcf0298bfd8cca04684a?s=96&d=mm&r=g","caption":"Joaquim Haickel"},"url":"https:\/\/www.blogsoestado.com\/joaquimhaickel\/author\/joaquimhaickel\/"}]}},"jetpack_featured_media_url":"","_links":{"self":[{"href":"https:\/\/www.blogsoestado.com\/joaquimhaickel\/wp-json\/wp\/v2\/posts\/3349","targetHints":{"allow":["GET"]}}],"collection":[{"href":"https:\/\/www.blogsoestado.com\/joaquimhaickel\/wp-json\/wp\/v2\/posts"}],"about":[{"href":"https:\/\/www.blogsoestado.com\/joaquimhaickel\/wp-json\/wp\/v2\/types\/post"}],"author":[{"embeddable":true,"href":"https:\/\/www.blogsoestado.com\/joaquimhaickel\/wp-json\/wp\/v2\/users\/7"}],"replies":[{"embeddable":true,"href":"https:\/\/www.blogsoestado.com\/joaquimhaickel\/wp-json\/wp\/v2\/comments?post=3349"}],"version-history":[{"count":0,"href":"https:\/\/www.blogsoestado.com\/joaquimhaickel\/wp-json\/wp\/v2\/posts\/3349\/revisions"}],"wp:attachment":[{"href":"https:\/\/www.blogsoestado.com\/joaquimhaickel\/wp-json\/wp\/v2\/media?parent=3349"}],"wp:term":[{"taxonomy":"category","embeddable":true,"href":"https:\/\/www.blogsoestado.com\/joaquimhaickel\/wp-json\/wp\/v2\/categories?post=3349"},{"taxonomy":"post_tag","embeddable":true,"href":"https:\/\/www.blogsoestado.com\/joaquimhaickel\/wp-json\/wp\/v2\/tags?post=3349"}],"curies":[{"name":"wp","href":"https:\/\/api.w.org\/{rel}","templated":true}]}}