{"id":3356,"date":"2023-10-14T11:13:39","date_gmt":"2023-10-14T14:13:39","guid":{"rendered":"https:\/\/www.blogsoestado.com\/joaquimhaickel\/?p=3356"},"modified":"2023-10-14T11:13:39","modified_gmt":"2023-10-14T14:13:39","slug":"ala-e-deus-e-maome-e-o-seu-profeta","status":"publish","type":"post","link":"https:\/\/www.blogsoestado.com\/joaquimhaickel\/2023\/10\/14\/ala-e-deus-e-maome-e-o-seu-profeta\/","title":{"rendered":"Al\u00e1 \u00e9 Deus e Maom\u00e9 \u00e9 o seu profeta               \u0627\u0644\u0644\u0647 \u0627\u0644\u0644\u0647 \u0648\u0645\u062d\u0645\u062f \u0631\u0633\u0648\u0644 \u0627\u0644\u0644\u0647"},"content":{"rendered":"\n<figure class=\"wp-block-image size-large\"><a href=\"https:\/\/www.blogsoestado.com\/joaquimhaickel\/wp-content\/uploads\/sites\/6\/2023\/10\/o-inverno-molda-a-decoracao-ornamentada-do-floco-de-neve-na-ia-generativa-do-fundo-de-madeira_188544-12521-1-1.jpg\"><img fetchpriority=\"high\" decoding=\"async\" width=\"996\" height=\"569\" src=\"https:\/\/www.blogsoestado.com\/joaquimhaickel\/wp-content\/uploads\/sites\/6\/2023\/10\/o-inverno-molda-a-decoracao-ornamentada-do-floco-de-neve-na-ia-generativa-do-fundo-de-madeira_188544-12521-1-1.jpg\" alt=\"\" class=\"wp-image-3358\" srcset=\"https:\/\/www.blogsoestado.com\/joaquimhaickel\/wp-content\/uploads\/sites\/6\/2023\/10\/o-inverno-molda-a-decoracao-ornamentada-do-floco-de-neve-na-ia-generativa-do-fundo-de-madeira_188544-12521-1-1.jpg 996w, https:\/\/www.blogsoestado.com\/joaquimhaickel\/wp-content\/uploads\/sites\/6\/2023\/10\/o-inverno-molda-a-decoracao-ornamentada-do-floco-de-neve-na-ia-generativa-do-fundo-de-madeira_188544-12521-1-1-300x171.jpg 300w, https:\/\/www.blogsoestado.com\/joaquimhaickel\/wp-content\/uploads\/sites\/6\/2023\/10\/o-inverno-molda-a-decoracao-ornamentada-do-floco-de-neve-na-ia-generativa-do-fundo-de-madeira_188544-12521-1-1-768x439.jpg 768w\" sizes=\"(max-width: 996px) 100vw, 996px\" \/><\/a><\/figure>\n\n\n\n<p>Hoje, este velho aqui, inquieto e curioso, se lembrou o motivo pelo qual nunca foi refrat\u00e1rio a ideia do islamismo nem a figura de Maom\u00e9. \u00c9 que h\u00e1 muitos anos quando eu ainda era apenas um menino, mas j\u00e1 inquieto e muito mais curioso, li um livro que chegou \u00e0s minhas m\u00e3os, n\u00e3o me lembro ao certo de que forma. O fato \u00e9 que naquele livro eu li sobre as regras de comportamento que Maom\u00e9 havia estabelecido para seus seguidores durante as disputas pelo o controle das cidades de Meca e Medina.<\/p>\n\n\n\n<p>Sua ordem era no sentido que crian\u00e7as, mulheres, idosos e at\u00e9 mesmo pessoas que n\u00e3o estivessem envolvidos nos conflitos fossem tratados com respeito, que eles n\u00e3o poderiam ser molestados.<\/p>\n\n\n\n<p>Maom\u00e9 viveu no s\u00e9culo VI depois de Jesus Cristo, e conviveu com judeus, crist\u00e3os e com povos de outras religi\u00f5es.<\/p>\n\n\n\n<p>Para os que n\u00e3o se lembram, assim como para aqueles que n\u00e3o sabem, Maom\u00e9 \u00e9 tido pelos islamitas como o \u00faltimo profeta do Deus de Abra\u00e3o, o mesmo patriarca de judeus e crist\u00e3os, portanto essas religi\u00f5es aparentemente t\u00e3o diferentes e d\u00edspares, fazem parte da mesma \u00e1rvore, usam a mesma raiz e at\u00e9 o mesmo tronco, s\u00f3 seus galhos s\u00e3o diferentes.<\/p>\n\n\n\n<p>Mas voltemos a ordem que Maom\u00e9 deu aos seus seguidores durante as disputas pelo controle pol\u00edtico, comercial e religioso de Meca e Medina, bem como de toda aquela regi\u00e3o.<\/p>\n\n\n\n<p>A ordem de preservar crian\u00e7as, mulheres, idosos e at\u00e9 mesmo civis que n\u00e3o estivessem envolvidos nos conflitos, que eles fossem tratados com respeito, que eles n\u00e3o poderiam ser molestados, fez com que eu tivesse empatia imediata por Maom\u00e9 e por sua causa, mesmo que n\u00e3o entendesse seus costumes, sua cultura, sua religi\u00e3o. Vi nela e em seu autor a mesma honra e a mesma nobreza que tanto me energizava quando ouvia, ainda muito pequeno, minha av\u00f3 Maria e minha m\u00e3e, contarem as hist\u00f3rias sobre Jesus. Senti naquela inten\u00e7\u00e3o a mesma signific\u00e2ncia das a\u00e7\u00f5es dos personagens de Alexandre Dumas, que recentemente havia descoberto.<\/p>\n\n\n\n<p>A honradez e a nobreza das palavras de Maom\u00e9, no sentido de que crian\u00e7as, mulheres, idosos e civis, alheios ao seu combate, fossem tratados com respeito e n\u00e3o fossem molestados, contrasta totalmente com as atitudes covardes de alguns c\u00e3es que se arvoram de seguidores daquele que pregava a palavra de Al\u00e1, o misericordioso.<\/p>\n\n\n\n<p>Esses vermes terroristas e fan\u00e1ticos religiosos, que n\u00e3o s\u00e3o capazes de ler e interpretar corretamente as palavras do profeta, n\u00e3o s\u00e3o seguidores de Maom\u00e9 e n\u00e3o honram Al\u00e1.<\/p>\n","protected":false},"excerpt":{"rendered":"<p>Hoje, este velho aqui, inquieto e curioso, se lembrou o motivo pelo qual nunca foi refrat\u00e1rio a ideia do islamismo [&hellip;]<\/p>\n","protected":false},"author":7,"featured_media":0,"comment_status":"open","ping_status":"open","sticky":false,"template":"","format":"standard","meta":{"site-sidebar-layout":"default","site-content-layout":"","ast-site-content-layout":"default","site-content-style":"default","site-sidebar-style":"default","ast-global-header-display":"","ast-banner-title-visibility":"","ast-main-header-display":"","ast-hfb-above-header-display":"","ast-hfb-below-header-display":"","ast-hfb-mobile-header-display":"","site-post-title":"","ast-breadcrumbs-content":"","ast-featured-img":"","footer-sml-layout":"","ast-disable-related-posts":"","theme-transparent-header-meta":"","adv-header-id-meta":"","stick-header-meta":"","header-above-stick-meta":"","header-main-stick-meta":"","header-below-stick-meta":"","astra-migrate-meta-layouts":"default","ast-page-background-enabled":"default","ast-page-background-meta":{"desktop":{"background-color":"var(--ast-global-color-5)","background-image":"","background-repeat":"repeat","background-position":"center center","background-size":"auto","background-attachment":"scroll","background-type":"","background-media":"","overlay-type":"","overlay-color":"","overlay-opacity":"","overlay-gradient":""},"tablet":{"background-color":"","background-image":"","background-repeat":"repeat","background-position":"center center","background-size":"auto","background-attachment":"scroll","background-type":"","background-media":"","overlay-type":"","overlay-color":"","overlay-opacity":"","overlay-gradient":""},"mobile":{"background-color":"","background-image":"","background-repeat":"repeat","background-position":"center center","background-size":"auto","background-attachment":"scroll","background-type":"","background-media":"","overlay-type":"","overlay-color":"","overlay-opacity":"","overlay-gradient":""}},"ast-content-background-meta":{"desktop":{"background-color":"var(--ast-global-color-4)","background-image":"","background-repeat":"repeat","background-position":"center center","background-size":"auto","background-attachment":"scroll","background-type":"","background-media":"","overlay-type":"","overlay-color":"","overlay-opacity":"","overlay-gradient":""},"tablet":{"background-color":"var(--ast-global-color-4)","background-image":"","background-repeat":"repeat","background-position":"center center","background-size":"auto","background-attachment":"scroll","background-type":"","background-media":"","overlay-type":"","overlay-color":"","overlay-opacity":"","overlay-gradient":""},"mobile":{"background-color":"var(--ast-global-color-4)","background-image":"","background-repeat":"repeat","background-position":"center center","background-size":"auto","background-attachment":"scroll","background-type":"","background-media":"","overlay-type":"","overlay-color":"","overlay-opacity":"","overlay-gradient":""}},"footnotes":""},"categories":[1],"tags":[],"class_list":["post-3356","post","type-post","status-publish","format-standard","hentry","category-sem-categoria"],"yoast_head":"<!-- This site is optimized with the Yoast SEO plugin v26.6 - https:\/\/yoast.com\/wordpress\/plugins\/seo\/ -->\n<title>Al\u00e1 \u00e9 Deus e Maom\u00e9 \u00e9 o seu profeta        \u0627\u0644\u0644\u0647 \u0627\u0644\u0644\u0647 \u0648\u0645\u062d\u0645\u062f \u0631\u0633\u0648\u0644 \u0627\u0644\u0644\u0647 - Joaquim Haickel<\/title>\n<meta name=\"robots\" content=\"index, follow, max-snippet:-1, max-image-preview:large, max-video-preview:-1\" \/>\n<link rel=\"canonical\" href=\"https:\/\/www.blogsoestado.com\/joaquimhaickel\/2023\/10\/14\/ala-e-deus-e-maome-e-o-seu-profeta\/\" \/>\n<meta property=\"og:locale\" content=\"pt_BR\" \/>\n<meta property=\"og:type\" content=\"article\" \/>\n<meta property=\"og:title\" content=\"Al\u00e1 \u00e9 Deus e Maom\u00e9 \u00e9 o seu profeta        \u0627\u0644\u0644\u0647 \u0627\u0644\u0644\u0647 \u0648\u0645\u062d\u0645\u062f \u0631\u0633\u0648\u0644 \u0627\u0644\u0644\u0647 - Joaquim Haickel\" \/>\n<meta property=\"og:description\" content=\"Hoje, este velho aqui, inquieto e curioso, se lembrou o motivo pelo qual nunca foi refrat\u00e1rio a ideia do islamismo [&hellip;]\" \/>\n<meta property=\"og:url\" content=\"https:\/\/www.blogsoestado.com\/joaquimhaickel\/2023\/10\/14\/ala-e-deus-e-maome-e-o-seu-profeta\/\" \/>\n<meta property=\"og:site_name\" content=\"Joaquim Haickel\" \/>\n<meta property=\"article:published_time\" content=\"2023-10-14T14:13:39+00:00\" \/>\n<meta property=\"og:image\" content=\"https:\/\/www.blogsoestado.com\/joaquimhaickel\/wp-content\/uploads\/sites\/6\/2023\/10\/o-inverno-molda-a-decoracao-ornamentada-do-floco-de-neve-na-ia-generativa-do-fundo-de-madeira_188544-12521-1-1.jpg\" \/>\n<meta name=\"author\" content=\"Joaquim Haickel\" \/>\n<meta name=\"twitter:card\" content=\"summary_large_image\" \/>\n<meta name=\"twitter:label1\" content=\"Escrito por\" \/>\n\t<meta name=\"twitter:data1\" content=\"Joaquim Haickel\" \/>\n\t<meta name=\"twitter:label2\" content=\"Est. tempo de leitura\" \/>\n\t<meta name=\"twitter:data2\" content=\"3 minutos\" \/>\n<script type=\"application\/ld+json\" class=\"yoast-schema-graph\">{\"@context\":\"https:\/\/schema.org\",\"@graph\":[{\"@type\":\"WebPage\",\"@id\":\"https:\/\/www.blogsoestado.com\/joaquimhaickel\/2023\/10\/14\/ala-e-deus-e-maome-e-o-seu-profeta\/\",\"url\":\"https:\/\/www.blogsoestado.com\/joaquimhaickel\/2023\/10\/14\/ala-e-deus-e-maome-e-o-seu-profeta\/\",\"name\":\"Al\u00e1 \u00e9 Deus e Maom\u00e9 \u00e9 o seu profeta \u0627\u0644\u0644\u0647 \u0627\u0644\u0644\u0647 \u0648\u0645\u062d\u0645\u062f \u0631\u0633\u0648\u0644 \u0627\u0644\u0644\u0647 - Joaquim Haickel\",\"isPartOf\":{\"@id\":\"https:\/\/www.blogsoestado.com\/joaquimhaickel\/#website\"},\"primaryImageOfPage\":{\"@id\":\"https:\/\/www.blogsoestado.com\/joaquimhaickel\/2023\/10\/14\/ala-e-deus-e-maome-e-o-seu-profeta\/#primaryimage\"},\"image\":{\"@id\":\"https:\/\/www.blogsoestado.com\/joaquimhaickel\/2023\/10\/14\/ala-e-deus-e-maome-e-o-seu-profeta\/#primaryimage\"},\"thumbnailUrl\":\"https:\/\/www.blogsoestado.com\/joaquimhaickel\/wp-content\/uploads\/sites\/6\/2023\/10\/o-inverno-molda-a-decoracao-ornamentada-do-floco-de-neve-na-ia-generativa-do-fundo-de-madeira_188544-12521-1-1.jpg\",\"datePublished\":\"2023-10-14T14:13:39+00:00\",\"author\":{\"@id\":\"https:\/\/www.blogsoestado.com\/joaquimhaickel\/#\/schema\/person\/4a711644aff28245c6c2c3452d66d325\"},\"breadcrumb\":{\"@id\":\"https:\/\/www.blogsoestado.com\/joaquimhaickel\/2023\/10\/14\/ala-e-deus-e-maome-e-o-seu-profeta\/#breadcrumb\"},\"inLanguage\":\"pt-BR\",\"potentialAction\":[{\"@type\":\"ReadAction\",\"target\":[\"https:\/\/www.blogsoestado.com\/joaquimhaickel\/2023\/10\/14\/ala-e-deus-e-maome-e-o-seu-profeta\/\"]}]},{\"@type\":\"ImageObject\",\"inLanguage\":\"pt-BR\",\"@id\":\"https:\/\/www.blogsoestado.com\/joaquimhaickel\/2023\/10\/14\/ala-e-deus-e-maome-e-o-seu-profeta\/#primaryimage\",\"url\":\"https:\/\/www.blogsoestado.com\/joaquimhaickel\/wp-content\/uploads\/sites\/6\/2023\/10\/o-inverno-molda-a-decoracao-ornamentada-do-floco-de-neve-na-ia-generativa-do-fundo-de-madeira_188544-12521-1-1.jpg\",\"contentUrl\":\"https:\/\/www.blogsoestado.com\/joaquimhaickel\/wp-content\/uploads\/sites\/6\/2023\/10\/o-inverno-molda-a-decoracao-ornamentada-do-floco-de-neve-na-ia-generativa-do-fundo-de-madeira_188544-12521-1-1.jpg\"},{\"@type\":\"BreadcrumbList\",\"@id\":\"https:\/\/www.blogsoestado.com\/joaquimhaickel\/2023\/10\/14\/ala-e-deus-e-maome-e-o-seu-profeta\/#breadcrumb\",\"itemListElement\":[{\"@type\":\"ListItem\",\"position\":1,\"name\":\"In\u00edcio\",\"item\":\"https:\/\/www.blogsoestado.com\/joaquimhaickel\/\"},{\"@type\":\"ListItem\",\"position\":2,\"name\":\"Al\u00e1 \u00e9 Deus e Maom\u00e9 \u00e9 o seu profeta \u0627\u0644\u0644\u0647 \u0627\u0644\u0644\u0647 \u0648\u0645\u062d\u0645\u062f \u0631\u0633\u0648\u0644 \u0627\u0644\u0644\u0647\"}]},{\"@type\":\"WebSite\",\"@id\":\"https:\/\/www.blogsoestado.com\/joaquimhaickel\/#website\",\"url\":\"https:\/\/www.blogsoestado.com\/joaquimhaickel\/\",\"name\":\"Joaquim Haickel\",\"description\":\"\",\"potentialAction\":[{\"@type\":\"SearchAction\",\"target\":{\"@type\":\"EntryPoint\",\"urlTemplate\":\"https:\/\/www.blogsoestado.com\/joaquimhaickel\/?s={search_term_string}\"},\"query-input\":{\"@type\":\"PropertyValueSpecification\",\"valueRequired\":true,\"valueName\":\"search_term_string\"}}],\"inLanguage\":\"pt-BR\"},{\"@type\":\"Person\",\"@id\":\"https:\/\/www.blogsoestado.com\/joaquimhaickel\/#\/schema\/person\/4a711644aff28245c6c2c3452d66d325\",\"name\":\"Joaquim Haickel\",\"image\":{\"@type\":\"ImageObject\",\"inLanguage\":\"pt-BR\",\"@id\":\"https:\/\/www.blogsoestado.com\/joaquimhaickel\/#\/schema\/person\/image\/\",\"url\":\"https:\/\/secure.gravatar.com\/avatar\/473d89339b9f8ec089adb8d5778363eb5a2ba2319956bcf0298bfd8cca04684a?s=96&d=mm&r=g\",\"contentUrl\":\"https:\/\/secure.gravatar.com\/avatar\/473d89339b9f8ec089adb8d5778363eb5a2ba2319956bcf0298bfd8cca04684a?s=96&d=mm&r=g\",\"caption\":\"Joaquim Haickel\"},\"url\":\"https:\/\/www.blogsoestado.com\/joaquimhaickel\/author\/joaquimhaickel\/\"}]}<\/script>\n<!-- \/ Yoast SEO plugin. -->","yoast_head_json":{"title":"Al\u00e1 \u00e9 Deus e Maom\u00e9 \u00e9 o seu profeta        \u0627\u0644\u0644\u0647 \u0627\u0644\u0644\u0647 \u0648\u0645\u062d\u0645\u062f \u0631\u0633\u0648\u0644 \u0627\u0644\u0644\u0647 - Joaquim Haickel","robots":{"index":"index","follow":"follow","max-snippet":"max-snippet:-1","max-image-preview":"max-image-preview:large","max-video-preview":"max-video-preview:-1"},"canonical":"https:\/\/www.blogsoestado.com\/joaquimhaickel\/2023\/10\/14\/ala-e-deus-e-maome-e-o-seu-profeta\/","og_locale":"pt_BR","og_type":"article","og_title":"Al\u00e1 \u00e9 Deus e Maom\u00e9 \u00e9 o seu profeta        \u0627\u0644\u0644\u0647 \u0627\u0644\u0644\u0647 \u0648\u0645\u062d\u0645\u062f \u0631\u0633\u0648\u0644 \u0627\u0644\u0644\u0647 - Joaquim Haickel","og_description":"Hoje, este velho aqui, inquieto e curioso, se lembrou o motivo pelo qual nunca foi refrat\u00e1rio a ideia do islamismo [&hellip;]","og_url":"https:\/\/www.blogsoestado.com\/joaquimhaickel\/2023\/10\/14\/ala-e-deus-e-maome-e-o-seu-profeta\/","og_site_name":"Joaquim Haickel","article_published_time":"2023-10-14T14:13:39+00:00","og_image":[{"url":"https:\/\/www.blogsoestado.com\/joaquimhaickel\/wp-content\/uploads\/sites\/6\/2023\/10\/o-inverno-molda-a-decoracao-ornamentada-do-floco-de-neve-na-ia-generativa-do-fundo-de-madeira_188544-12521-1-1.jpg","type":"","width":"","height":""}],"author":"Joaquim Haickel","twitter_card":"summary_large_image","twitter_misc":{"Escrito por":"Joaquim Haickel","Est. tempo de leitura":"3 minutos"},"schema":{"@context":"https:\/\/schema.org","@graph":[{"@type":"WebPage","@id":"https:\/\/www.blogsoestado.com\/joaquimhaickel\/2023\/10\/14\/ala-e-deus-e-maome-e-o-seu-profeta\/","url":"https:\/\/www.blogsoestado.com\/joaquimhaickel\/2023\/10\/14\/ala-e-deus-e-maome-e-o-seu-profeta\/","name":"Al\u00e1 \u00e9 Deus e Maom\u00e9 \u00e9 o seu profeta \u0627\u0644\u0644\u0647 \u0627\u0644\u0644\u0647 \u0648\u0645\u062d\u0645\u062f \u0631\u0633\u0648\u0644 \u0627\u0644\u0644\u0647 - Joaquim Haickel","isPartOf":{"@id":"https:\/\/www.blogsoestado.com\/joaquimhaickel\/#website"},"primaryImageOfPage":{"@id":"https:\/\/www.blogsoestado.com\/joaquimhaickel\/2023\/10\/14\/ala-e-deus-e-maome-e-o-seu-profeta\/#primaryimage"},"image":{"@id":"https:\/\/www.blogsoestado.com\/joaquimhaickel\/2023\/10\/14\/ala-e-deus-e-maome-e-o-seu-profeta\/#primaryimage"},"thumbnailUrl":"https:\/\/www.blogsoestado.com\/joaquimhaickel\/wp-content\/uploads\/sites\/6\/2023\/10\/o-inverno-molda-a-decoracao-ornamentada-do-floco-de-neve-na-ia-generativa-do-fundo-de-madeira_188544-12521-1-1.jpg","datePublished":"2023-10-14T14:13:39+00:00","author":{"@id":"https:\/\/www.blogsoestado.com\/joaquimhaickel\/#\/schema\/person\/4a711644aff28245c6c2c3452d66d325"},"breadcrumb":{"@id":"https:\/\/www.blogsoestado.com\/joaquimhaickel\/2023\/10\/14\/ala-e-deus-e-maome-e-o-seu-profeta\/#breadcrumb"},"inLanguage":"pt-BR","potentialAction":[{"@type":"ReadAction","target":["https:\/\/www.blogsoestado.com\/joaquimhaickel\/2023\/10\/14\/ala-e-deus-e-maome-e-o-seu-profeta\/"]}]},{"@type":"ImageObject","inLanguage":"pt-BR","@id":"https:\/\/www.blogsoestado.com\/joaquimhaickel\/2023\/10\/14\/ala-e-deus-e-maome-e-o-seu-profeta\/#primaryimage","url":"https:\/\/www.blogsoestado.com\/joaquimhaickel\/wp-content\/uploads\/sites\/6\/2023\/10\/o-inverno-molda-a-decoracao-ornamentada-do-floco-de-neve-na-ia-generativa-do-fundo-de-madeira_188544-12521-1-1.jpg","contentUrl":"https:\/\/www.blogsoestado.com\/joaquimhaickel\/wp-content\/uploads\/sites\/6\/2023\/10\/o-inverno-molda-a-decoracao-ornamentada-do-floco-de-neve-na-ia-generativa-do-fundo-de-madeira_188544-12521-1-1.jpg"},{"@type":"BreadcrumbList","@id":"https:\/\/www.blogsoestado.com\/joaquimhaickel\/2023\/10\/14\/ala-e-deus-e-maome-e-o-seu-profeta\/#breadcrumb","itemListElement":[{"@type":"ListItem","position":1,"name":"In\u00edcio","item":"https:\/\/www.blogsoestado.com\/joaquimhaickel\/"},{"@type":"ListItem","position":2,"name":"Al\u00e1 \u00e9 Deus e Maom\u00e9 \u00e9 o seu profeta \u0627\u0644\u0644\u0647 \u0627\u0644\u0644\u0647 \u0648\u0645\u062d\u0645\u062f \u0631\u0633\u0648\u0644 \u0627\u0644\u0644\u0647"}]},{"@type":"WebSite","@id":"https:\/\/www.blogsoestado.com\/joaquimhaickel\/#website","url":"https:\/\/www.blogsoestado.com\/joaquimhaickel\/","name":"Joaquim Haickel","description":"","potentialAction":[{"@type":"SearchAction","target":{"@type":"EntryPoint","urlTemplate":"https:\/\/www.blogsoestado.com\/joaquimhaickel\/?s={search_term_string}"},"query-input":{"@type":"PropertyValueSpecification","valueRequired":true,"valueName":"search_term_string"}}],"inLanguage":"pt-BR"},{"@type":"Person","@id":"https:\/\/www.blogsoestado.com\/joaquimhaickel\/#\/schema\/person\/4a711644aff28245c6c2c3452d66d325","name":"Joaquim Haickel","image":{"@type":"ImageObject","inLanguage":"pt-BR","@id":"https:\/\/www.blogsoestado.com\/joaquimhaickel\/#\/schema\/person\/image\/","url":"https:\/\/secure.gravatar.com\/avatar\/473d89339b9f8ec089adb8d5778363eb5a2ba2319956bcf0298bfd8cca04684a?s=96&d=mm&r=g","contentUrl":"https:\/\/secure.gravatar.com\/avatar\/473d89339b9f8ec089adb8d5778363eb5a2ba2319956bcf0298bfd8cca04684a?s=96&d=mm&r=g","caption":"Joaquim Haickel"},"url":"https:\/\/www.blogsoestado.com\/joaquimhaickel\/author\/joaquimhaickel\/"}]}},"jetpack_featured_media_url":"","_links":{"self":[{"href":"https:\/\/www.blogsoestado.com\/joaquimhaickel\/wp-json\/wp\/v2\/posts\/3356","targetHints":{"allow":["GET"]}}],"collection":[{"href":"https:\/\/www.blogsoestado.com\/joaquimhaickel\/wp-json\/wp\/v2\/posts"}],"about":[{"href":"https:\/\/www.blogsoestado.com\/joaquimhaickel\/wp-json\/wp\/v2\/types\/post"}],"author":[{"embeddable":true,"href":"https:\/\/www.blogsoestado.com\/joaquimhaickel\/wp-json\/wp\/v2\/users\/7"}],"replies":[{"embeddable":true,"href":"https:\/\/www.blogsoestado.com\/joaquimhaickel\/wp-json\/wp\/v2\/comments?post=3356"}],"version-history":[{"count":0,"href":"https:\/\/www.blogsoestado.com\/joaquimhaickel\/wp-json\/wp\/v2\/posts\/3356\/revisions"}],"wp:attachment":[{"href":"https:\/\/www.blogsoestado.com\/joaquimhaickel\/wp-json\/wp\/v2\/media?parent=3356"}],"wp:term":[{"taxonomy":"category","embeddable":true,"href":"https:\/\/www.blogsoestado.com\/joaquimhaickel\/wp-json\/wp\/v2\/categories?post=3356"},{"taxonomy":"post_tag","embeddable":true,"href":"https:\/\/www.blogsoestado.com\/joaquimhaickel\/wp-json\/wp\/v2\/tags?post=3356"}],"curies":[{"name":"wp","href":"https:\/\/api.w.org\/{rel}","templated":true}]}}