{"id":3365,"date":"2023-10-21T12:13:21","date_gmt":"2023-10-21T15:13:21","guid":{"rendered":"https:\/\/www.blogsoestado.com\/joaquimhaickel\/?p=3365"},"modified":"2023-10-21T12:13:21","modified_gmt":"2023-10-21T15:13:21","slug":"minha-mae-e-a-guerra","status":"publish","type":"post","link":"https:\/\/www.blogsoestado.com\/joaquimhaickel\/2023\/10\/21\/minha-mae-e-a-guerra\/","title":{"rendered":"Minha m\u00e3e e a guerra"},"content":{"rendered":"\n<figure class=\"wp-block-image size-large\"><a href=\"https:\/\/www.blogsoestado.com\/joaquimhaickel\/wp-content\/uploads\/sites\/6\/2023\/10\/DSC_7995-Copy-1.jpg\"><img fetchpriority=\"high\" decoding=\"async\" width=\"958\" height=\"378\" src=\"https:\/\/www.blogsoestado.com\/joaquimhaickel\/wp-content\/uploads\/sites\/6\/2023\/10\/DSC_7995-Copy-1.jpg\" alt=\"\" class=\"wp-image-3366\" srcset=\"https:\/\/www.blogsoestado.com\/joaquimhaickel\/wp-content\/uploads\/sites\/6\/2023\/10\/DSC_7995-Copy-1.jpg 958w, https:\/\/www.blogsoestado.com\/joaquimhaickel\/wp-content\/uploads\/sites\/6\/2023\/10\/DSC_7995-Copy-1-300x118.jpg 300w, https:\/\/www.blogsoestado.com\/joaquimhaickel\/wp-content\/uploads\/sites\/6\/2023\/10\/DSC_7995-Copy-1-768x303.jpg 768w\" sizes=\"(max-width: 958px) 100vw, 958px\" \/><\/a><\/figure>\n\n\n\n<p><\/p>\n\n\n\n<p>No nosso almo\u00e7o de quarta-feira passada, minha m\u00e3e, sempre querendo saber sobre tudo que acontece, me pediu para explicar para ela n\u00e3o s\u00f3 sobre o atual conflito entre Israel e o Hamas, mas tamb\u00e9m sobre como essa desuni\u00e3o entre primos come\u00e7ou.<\/p>\n\n\n\n<p>Sentei-me ao seu lado e lhe disse que esse era um assunto muito complicado, mas que iria contar algumas hist\u00f3rias para que ela pudesse ter uma ideia geral, mesmo que extremamente simplificada de toda a situa\u00e7\u00e3o.<\/p>\n\n\n\n<p>Contei a ela que os estudiosos dizem que Abra\u00e3o, patriarca dos povos do M\u00e9dio Oriente, descendente de Sem, filho de No\u00e9, viveu h\u00e1 aproximadamente 4.000 anos, na cidade de Ur, que hoje fica no Iraque.<\/p>\n\n\n\n<p>Comentei que de certa forma \u00e9 com a descend\u00eancia de Abra\u00e3o que se inicia a hist\u00f3ria de ciz\u00e2nia dos povos daquela regi\u00e3o, uma vez que Ismael, seu filho com Agar, escrava eg\u00edpcia de sua mulher, Sarah, deu origem aos Ismaelitas, povo que em sua maioria, depois do advento religioso de Maom\u00e9, passamos a conhecer como islamitas ou mu\u00e7ulmanos.<\/p>\n\n\n\n<p>J\u00e1 Isaac, filho de Abra\u00e3o com Sarah, deu origem ao povo hebreu, que hoje chamamos de judeus ou israelenses. Lembrei a ela que Deus resolveu mudar o nome de Jac\u00f3, neto de Abra\u00e3o, filho dileto de Isaac, para Israel, palavra que significa \u201cpermita que Deus prevale\u00e7a\u201d, e que \u00e9 no significado desse nome que esse povo tanto se respalda.<\/p>\n\n\n\n<p>Se essa hist\u00f3ria \u00e9 verdade, se ela aconteceu ou n\u00e3o, pouco importa. O que importa \u00e9 que muitas pessoas acreditam nela, outras n\u00e3o acreditam e outras ainda a desconhecem.<\/p>\n\n\n\n<p>Expliquei a ela que para entendermos melhor precisar\u00edamos viajar no tempo e irmos para o Egito, por volta do ano 1500 antes de Cristo quando dizem que Mois\u00e9s libertou os hebreus do cativeiro.<\/p>\n\n\n\n<p>Disse a ela que eu n\u00e3o acreditava que o povo hebreu, comandado por Mois\u00e9s, vagou durante 40 anos pelo deserto. Salientei que esse tempo foi suficiente para que tenha havido uma mudan\u00e7a geracional entre o povo que saiu do Egito e o que chegaria na tal Terra Prometida, onde jorrava leite e mel, mas onde viviam v\u00e1rios povos, entre eles os filisteus.<\/p>\n\n\n\n<p>Expliquei-lhe que para se implantarem ali, os hebreus, agora comandados por Josu\u00e9, expulsaram muitos povos de suas terras e passaram a conviver com aqueles que n\u00e3o conseguiram expulsar, inclusive os filisteus, que se encontravam espalhados pelo enclave entre o Rio Jord\u00e3o a leste, o Mar Mediterr\u00e2neo a oeste, a S\u00edria ao norte e o Egito ao sul.<\/p>\n\n\n\n<p>Nessa \u00e1rea viviam os cananeus em cidades como Jeric\u00f3 e Hazor, conquistadas e destru\u00eddas pelos hebreus, mas havia tamb\u00e9m os filisteus, agrupados em uma esp\u00e9cie de confedera\u00e7\u00e3o formada por cinco cidades: no litoral, Gaza, Asdode e Asquelom, e mais para o interior, Gat e Ekron.<\/p>\n\n\n\n<p>Disse \u00e0 minha atenta e boquiaberta m\u00e3e, que essas eram verdades hist\u00f3ricas que devem ser levadas em conta para que possamos criteriosamente entender os conflitos que acontecem naquela regi\u00e3o.<\/p>\n\n\n\n<p>Contei que uns 500 anos depois da morte de Josu\u00e9, por volta de 1.000 anos antes de Cristo, o ent\u00e3o juiz dos hebreus, Sans\u00e3o, da Tribo de D\u00e3, que se localizava nos arredores de onde hoje \u00e9 a Faixa de Gaza, enfrentou os filisteus e perdeu a vida para eles, acorrentado nas colunas centrais do Templo de Baal, e que cego, mas j\u00e1 com algum cabelo, transformou-o em escombros.<\/p>\n\n\n\n<p>Mais 1.000 anos se passariam at\u00e9 o nascimento de Jesus de Nazar\u00e9, na \u00e9poca em que o Imp\u00e9rio Romano dominava o mundo. Foram os romanos que consagraram o nome de Palestina \u00e0quela regi\u00e3o, a partir do nome hebraico Fil\u00edstia.<\/p>\n\n\n\n<p>Mostrei a ela que podemos datar o come\u00e7o deste conflito usando diversos referenciais. Podemos dizer de forma simb\u00f3lica que ele come\u00e7ou h\u00e1 4.000 anos quando Ismael e Isaac se apartaram. Podemos dizer que ele j\u00e1 dura 3.500 anos, desde quando Josu\u00e9, reivindicando o presente que Deus havia prometido a Jac\u00f3 \/ Israel, invadiu e tomou \u00e0 for\u00e7a parte do territ\u00f3rio que hoje ocupam. Podemos usar Sans\u00e3o como refer\u00eancia e marcar 3.000 anos de guerra. Podemos tamb\u00e9m pular 3 mil\u00eanios para localizar o in\u00edcio desse conflito apenas quando da cria\u00e7\u00e3o formal do Estado de Israel, em 1948, e a posterior ocupa\u00e7\u00e3o da Palestina pelos judeus, mesmo que eles j\u00e1 vivessem l\u00e1 h\u00e1 mais de 3 mil\u00eanios.<\/p>\n\n\n\n<p>Disse-lhe n\u00e3o importa quando datemos o in\u00edcio desse conflito, pois ele sempre remete a uma pergunta fundamental, quem \u00e9 o verdadeiro dono desta terra, e a resposta mais correta e honesta, \u00e9 complexa demais e n\u00e3o agrada a nenhum dos interessados.<\/p>\n\n\n\n<p>Falei rapidamente a ela sobre os agravantes culturais, religiosos, pol\u00edticos, estrat\u00e9gicos e de outras proced\u00eancias, que dificultam ainda mais o entendimento de toda essa situa\u00e7\u00e3o e a busca pela paz.<\/p>\n\n\n\n<p>Por fim, comentei sobre o atual epis\u00f3dio. Disse que a agress\u00e3o partiu de um grupo terrorista, o Hamas, que vivem em meio aos palestinos, e que at\u00e9 seria aceit\u00e1vel se ela fosse direcionada aos inimigos declarados de sua causa, o Estado de Israel, mas essas covardes agress\u00f5es foram direcionadas ao povo de Israel, por isso elas devem ser recha\u00e7adas de forma perempt\u00f3ria e total, da mesma forma que os atos cometidos pelo governo de Israel, diretamente contra o povo palestino, n\u00e3o podem ser admitidos.<\/p>\n\n\n\n<p>Disse a ela que defendo o direito do povo palestino ter um Estado constitu\u00eddo formalmente e reconhecido por todas as na\u00e7\u00f5es, mas para isso \u00e9 indispens\u00e1vel que eles admitam e respeitem a exist\u00eancia de Israel. Esse \u00e9 o primeiro passo para que haja alguma esp\u00e9cie de paz naquela regi\u00e3o.<\/p>\n\n\n\n<p>Ao final, minha m\u00e3e, com o semblante visivelmente consternado e pesaroso, me disse: \u201cMeu filho, ao que parece essa guerra n\u00e3o ter\u00e1 fim, mas atos covardes contra a popula\u00e7\u00e3o civil s\u00e3o totalmente inadmiss\u00edveis e devem ser repudiados por todos. Sinto muita pena das m\u00e3es das pessoas mortas nessa guerra\u201d.<\/p>\n","protected":false},"excerpt":{"rendered":"<p>No nosso almo\u00e7o de quarta-feira passada, minha m\u00e3e, sempre querendo saber sobre tudo que acontece, me pediu para explicar para [&hellip;]<\/p>\n","protected":false},"author":7,"featured_media":0,"comment_status":"open","ping_status":"open","sticky":false,"template":"","format":"standard","meta":{"site-sidebar-layout":"default","site-content-layout":"","ast-site-content-layout":"default","site-content-style":"default","site-sidebar-style":"default","ast-global-header-display":"","ast-banner-title-visibility":"","ast-main-header-display":"","ast-hfb-above-header-display":"","ast-hfb-below-header-display":"","ast-hfb-mobile-header-display":"","site-post-title":"","ast-breadcrumbs-content":"","ast-featured-img":"","footer-sml-layout":"","ast-disable-related-posts":"","theme-transparent-header-meta":"","adv-header-id-meta":"","stick-header-meta":"","header-above-stick-meta":"","header-main-stick-meta":"","header-below-stick-meta":"","astra-migrate-meta-layouts":"default","ast-page-background-enabled":"default","ast-page-background-meta":{"desktop":{"background-color":"var(--ast-global-color-5)","background-image":"","background-repeat":"repeat","background-position":"center center","background-size":"auto","background-attachment":"scroll","background-type":"","background-media":"","overlay-type":"","overlay-color":"","overlay-opacity":"","overlay-gradient":""},"tablet":{"background-color":"","background-image":"","background-repeat":"repeat","background-position":"center center","background-size":"auto","background-attachment":"scroll","background-type":"","background-media":"","overlay-type":"","overlay-color":"","overlay-opacity":"","overlay-gradient":""},"mobile":{"background-color":"","background-image":"","background-repeat":"repeat","background-position":"center center","background-size":"auto","background-attachment":"scroll","background-type":"","background-media":"","overlay-type":"","overlay-color":"","overlay-opacity":"","overlay-gradient":""}},"ast-content-background-meta":{"desktop":{"background-color":"var(--ast-global-color-4)","background-image":"","background-repeat":"repeat","background-position":"center center","background-size":"auto","background-attachment":"scroll","background-type":"","background-media":"","overlay-type":"","overlay-color":"","overlay-opacity":"","overlay-gradient":""},"tablet":{"background-color":"var(--ast-global-color-4)","background-image":"","background-repeat":"repeat","background-position":"center center","background-size":"auto","background-attachment":"scroll","background-type":"","background-media":"","overlay-type":"","overlay-color":"","overlay-opacity":"","overlay-gradient":""},"mobile":{"background-color":"var(--ast-global-color-4)","background-image":"","background-repeat":"repeat","background-position":"center center","background-size":"auto","background-attachment":"scroll","background-type":"","background-media":"","overlay-type":"","overlay-color":"","overlay-opacity":"","overlay-gradient":""}},"footnotes":""},"categories":[1],"tags":[],"class_list":["post-3365","post","type-post","status-publish","format-standard","hentry","category-sem-categoria"],"yoast_head":"<!-- This site is optimized with the Yoast SEO plugin v26.6 - https:\/\/yoast.com\/wordpress\/plugins\/seo\/ -->\n<title>Minha m\u00e3e e a guerra - Joaquim Haickel<\/title>\n<meta name=\"robots\" content=\"index, follow, max-snippet:-1, max-image-preview:large, max-video-preview:-1\" \/>\n<link rel=\"canonical\" href=\"https:\/\/www.blogsoestado.com\/joaquimhaickel\/2023\/10\/21\/minha-mae-e-a-guerra\/\" \/>\n<meta property=\"og:locale\" content=\"pt_BR\" \/>\n<meta property=\"og:type\" content=\"article\" \/>\n<meta property=\"og:title\" content=\"Minha m\u00e3e e a guerra - Joaquim Haickel\" \/>\n<meta property=\"og:description\" content=\"No nosso almo\u00e7o de quarta-feira passada, minha m\u00e3e, sempre querendo saber sobre tudo que acontece, me pediu para explicar para [&hellip;]\" \/>\n<meta property=\"og:url\" content=\"https:\/\/www.blogsoestado.com\/joaquimhaickel\/2023\/10\/21\/minha-mae-e-a-guerra\/\" \/>\n<meta property=\"og:site_name\" content=\"Joaquim Haickel\" \/>\n<meta property=\"article:published_time\" content=\"2023-10-21T15:13:21+00:00\" \/>\n<meta property=\"og:image\" content=\"https:\/\/www.blogsoestado.com\/joaquimhaickel\/wp-content\/uploads\/sites\/6\/2023\/10\/DSC_7995-Copy-1.jpg\" \/>\n<meta name=\"author\" content=\"Joaquim Haickel\" \/>\n<meta name=\"twitter:card\" content=\"summary_large_image\" \/>\n<meta name=\"twitter:label1\" content=\"Escrito por\" \/>\n\t<meta name=\"twitter:data1\" content=\"Joaquim Haickel\" \/>\n\t<meta name=\"twitter:label2\" content=\"Est. tempo de leitura\" \/>\n\t<meta name=\"twitter:data2\" content=\"5 minutos\" \/>\n<script type=\"application\/ld+json\" class=\"yoast-schema-graph\">{\"@context\":\"https:\/\/schema.org\",\"@graph\":[{\"@type\":\"WebPage\",\"@id\":\"https:\/\/www.blogsoestado.com\/joaquimhaickel\/2023\/10\/21\/minha-mae-e-a-guerra\/\",\"url\":\"https:\/\/www.blogsoestado.com\/joaquimhaickel\/2023\/10\/21\/minha-mae-e-a-guerra\/\",\"name\":\"Minha m\u00e3e e a guerra - Joaquim Haickel\",\"isPartOf\":{\"@id\":\"https:\/\/www.blogsoestado.com\/joaquimhaickel\/#website\"},\"primaryImageOfPage\":{\"@id\":\"https:\/\/www.blogsoestado.com\/joaquimhaickel\/2023\/10\/21\/minha-mae-e-a-guerra\/#primaryimage\"},\"image\":{\"@id\":\"https:\/\/www.blogsoestado.com\/joaquimhaickel\/2023\/10\/21\/minha-mae-e-a-guerra\/#primaryimage\"},\"thumbnailUrl\":\"https:\/\/www.blogsoestado.com\/joaquimhaickel\/wp-content\/uploads\/sites\/6\/2023\/10\/DSC_7995-Copy-1.jpg\",\"datePublished\":\"2023-10-21T15:13:21+00:00\",\"author\":{\"@id\":\"https:\/\/www.blogsoestado.com\/joaquimhaickel\/#\/schema\/person\/4a711644aff28245c6c2c3452d66d325\"},\"breadcrumb\":{\"@id\":\"https:\/\/www.blogsoestado.com\/joaquimhaickel\/2023\/10\/21\/minha-mae-e-a-guerra\/#breadcrumb\"},\"inLanguage\":\"pt-BR\",\"potentialAction\":[{\"@type\":\"ReadAction\",\"target\":[\"https:\/\/www.blogsoestado.com\/joaquimhaickel\/2023\/10\/21\/minha-mae-e-a-guerra\/\"]}]},{\"@type\":\"ImageObject\",\"inLanguage\":\"pt-BR\",\"@id\":\"https:\/\/www.blogsoestado.com\/joaquimhaickel\/2023\/10\/21\/minha-mae-e-a-guerra\/#primaryimage\",\"url\":\"https:\/\/www.blogsoestado.com\/joaquimhaickel\/wp-content\/uploads\/sites\/6\/2023\/10\/DSC_7995-Copy-1.jpg\",\"contentUrl\":\"https:\/\/www.blogsoestado.com\/joaquimhaickel\/wp-content\/uploads\/sites\/6\/2023\/10\/DSC_7995-Copy-1.jpg\"},{\"@type\":\"BreadcrumbList\",\"@id\":\"https:\/\/www.blogsoestado.com\/joaquimhaickel\/2023\/10\/21\/minha-mae-e-a-guerra\/#breadcrumb\",\"itemListElement\":[{\"@type\":\"ListItem\",\"position\":1,\"name\":\"In\u00edcio\",\"item\":\"https:\/\/www.blogsoestado.com\/joaquimhaickel\/\"},{\"@type\":\"ListItem\",\"position\":2,\"name\":\"Minha m\u00e3e e a guerra\"}]},{\"@type\":\"WebSite\",\"@id\":\"https:\/\/www.blogsoestado.com\/joaquimhaickel\/#website\",\"url\":\"https:\/\/www.blogsoestado.com\/joaquimhaickel\/\",\"name\":\"Joaquim Haickel\",\"description\":\"\",\"potentialAction\":[{\"@type\":\"SearchAction\",\"target\":{\"@type\":\"EntryPoint\",\"urlTemplate\":\"https:\/\/www.blogsoestado.com\/joaquimhaickel\/?s={search_term_string}\"},\"query-input\":{\"@type\":\"PropertyValueSpecification\",\"valueRequired\":true,\"valueName\":\"search_term_string\"}}],\"inLanguage\":\"pt-BR\"},{\"@type\":\"Person\",\"@id\":\"https:\/\/www.blogsoestado.com\/joaquimhaickel\/#\/schema\/person\/4a711644aff28245c6c2c3452d66d325\",\"name\":\"Joaquim Haickel\",\"image\":{\"@type\":\"ImageObject\",\"inLanguage\":\"pt-BR\",\"@id\":\"https:\/\/www.blogsoestado.com\/joaquimhaickel\/#\/schema\/person\/image\/\",\"url\":\"https:\/\/secure.gravatar.com\/avatar\/473d89339b9f8ec089adb8d5778363eb5a2ba2319956bcf0298bfd8cca04684a?s=96&d=mm&r=g\",\"contentUrl\":\"https:\/\/secure.gravatar.com\/avatar\/473d89339b9f8ec089adb8d5778363eb5a2ba2319956bcf0298bfd8cca04684a?s=96&d=mm&r=g\",\"caption\":\"Joaquim Haickel\"},\"url\":\"https:\/\/www.blogsoestado.com\/joaquimhaickel\/author\/joaquimhaickel\/\"}]}<\/script>\n<!-- \/ Yoast SEO plugin. -->","yoast_head_json":{"title":"Minha m\u00e3e e a guerra - Joaquim Haickel","robots":{"index":"index","follow":"follow","max-snippet":"max-snippet:-1","max-image-preview":"max-image-preview:large","max-video-preview":"max-video-preview:-1"},"canonical":"https:\/\/www.blogsoestado.com\/joaquimhaickel\/2023\/10\/21\/minha-mae-e-a-guerra\/","og_locale":"pt_BR","og_type":"article","og_title":"Minha m\u00e3e e a guerra - Joaquim Haickel","og_description":"No nosso almo\u00e7o de quarta-feira passada, minha m\u00e3e, sempre querendo saber sobre tudo que acontece, me pediu para explicar para [&hellip;]","og_url":"https:\/\/www.blogsoestado.com\/joaquimhaickel\/2023\/10\/21\/minha-mae-e-a-guerra\/","og_site_name":"Joaquim Haickel","article_published_time":"2023-10-21T15:13:21+00:00","og_image":[{"url":"https:\/\/www.blogsoestado.com\/joaquimhaickel\/wp-content\/uploads\/sites\/6\/2023\/10\/DSC_7995-Copy-1.jpg","type":"","width":"","height":""}],"author":"Joaquim Haickel","twitter_card":"summary_large_image","twitter_misc":{"Escrito por":"Joaquim Haickel","Est. tempo de leitura":"5 minutos"},"schema":{"@context":"https:\/\/schema.org","@graph":[{"@type":"WebPage","@id":"https:\/\/www.blogsoestado.com\/joaquimhaickel\/2023\/10\/21\/minha-mae-e-a-guerra\/","url":"https:\/\/www.blogsoestado.com\/joaquimhaickel\/2023\/10\/21\/minha-mae-e-a-guerra\/","name":"Minha m\u00e3e e a guerra - Joaquim Haickel","isPartOf":{"@id":"https:\/\/www.blogsoestado.com\/joaquimhaickel\/#website"},"primaryImageOfPage":{"@id":"https:\/\/www.blogsoestado.com\/joaquimhaickel\/2023\/10\/21\/minha-mae-e-a-guerra\/#primaryimage"},"image":{"@id":"https:\/\/www.blogsoestado.com\/joaquimhaickel\/2023\/10\/21\/minha-mae-e-a-guerra\/#primaryimage"},"thumbnailUrl":"https:\/\/www.blogsoestado.com\/joaquimhaickel\/wp-content\/uploads\/sites\/6\/2023\/10\/DSC_7995-Copy-1.jpg","datePublished":"2023-10-21T15:13:21+00:00","author":{"@id":"https:\/\/www.blogsoestado.com\/joaquimhaickel\/#\/schema\/person\/4a711644aff28245c6c2c3452d66d325"},"breadcrumb":{"@id":"https:\/\/www.blogsoestado.com\/joaquimhaickel\/2023\/10\/21\/minha-mae-e-a-guerra\/#breadcrumb"},"inLanguage":"pt-BR","potentialAction":[{"@type":"ReadAction","target":["https:\/\/www.blogsoestado.com\/joaquimhaickel\/2023\/10\/21\/minha-mae-e-a-guerra\/"]}]},{"@type":"ImageObject","inLanguage":"pt-BR","@id":"https:\/\/www.blogsoestado.com\/joaquimhaickel\/2023\/10\/21\/minha-mae-e-a-guerra\/#primaryimage","url":"https:\/\/www.blogsoestado.com\/joaquimhaickel\/wp-content\/uploads\/sites\/6\/2023\/10\/DSC_7995-Copy-1.jpg","contentUrl":"https:\/\/www.blogsoestado.com\/joaquimhaickel\/wp-content\/uploads\/sites\/6\/2023\/10\/DSC_7995-Copy-1.jpg"},{"@type":"BreadcrumbList","@id":"https:\/\/www.blogsoestado.com\/joaquimhaickel\/2023\/10\/21\/minha-mae-e-a-guerra\/#breadcrumb","itemListElement":[{"@type":"ListItem","position":1,"name":"In\u00edcio","item":"https:\/\/www.blogsoestado.com\/joaquimhaickel\/"},{"@type":"ListItem","position":2,"name":"Minha m\u00e3e e a guerra"}]},{"@type":"WebSite","@id":"https:\/\/www.blogsoestado.com\/joaquimhaickel\/#website","url":"https:\/\/www.blogsoestado.com\/joaquimhaickel\/","name":"Joaquim Haickel","description":"","potentialAction":[{"@type":"SearchAction","target":{"@type":"EntryPoint","urlTemplate":"https:\/\/www.blogsoestado.com\/joaquimhaickel\/?s={search_term_string}"},"query-input":{"@type":"PropertyValueSpecification","valueRequired":true,"valueName":"search_term_string"}}],"inLanguage":"pt-BR"},{"@type":"Person","@id":"https:\/\/www.blogsoestado.com\/joaquimhaickel\/#\/schema\/person\/4a711644aff28245c6c2c3452d66d325","name":"Joaquim Haickel","image":{"@type":"ImageObject","inLanguage":"pt-BR","@id":"https:\/\/www.blogsoestado.com\/joaquimhaickel\/#\/schema\/person\/image\/","url":"https:\/\/secure.gravatar.com\/avatar\/473d89339b9f8ec089adb8d5778363eb5a2ba2319956bcf0298bfd8cca04684a?s=96&d=mm&r=g","contentUrl":"https:\/\/secure.gravatar.com\/avatar\/473d89339b9f8ec089adb8d5778363eb5a2ba2319956bcf0298bfd8cca04684a?s=96&d=mm&r=g","caption":"Joaquim Haickel"},"url":"https:\/\/www.blogsoestado.com\/joaquimhaickel\/author\/joaquimhaickel\/"}]}},"jetpack_featured_media_url":"","_links":{"self":[{"href":"https:\/\/www.blogsoestado.com\/joaquimhaickel\/wp-json\/wp\/v2\/posts\/3365","targetHints":{"allow":["GET"]}}],"collection":[{"href":"https:\/\/www.blogsoestado.com\/joaquimhaickel\/wp-json\/wp\/v2\/posts"}],"about":[{"href":"https:\/\/www.blogsoestado.com\/joaquimhaickel\/wp-json\/wp\/v2\/types\/post"}],"author":[{"embeddable":true,"href":"https:\/\/www.blogsoestado.com\/joaquimhaickel\/wp-json\/wp\/v2\/users\/7"}],"replies":[{"embeddable":true,"href":"https:\/\/www.blogsoestado.com\/joaquimhaickel\/wp-json\/wp\/v2\/comments?post=3365"}],"version-history":[{"count":0,"href":"https:\/\/www.blogsoestado.com\/joaquimhaickel\/wp-json\/wp\/v2\/posts\/3365\/revisions"}],"wp:attachment":[{"href":"https:\/\/www.blogsoestado.com\/joaquimhaickel\/wp-json\/wp\/v2\/media?parent=3365"}],"wp:term":[{"taxonomy":"category","embeddable":true,"href":"https:\/\/www.blogsoestado.com\/joaquimhaickel\/wp-json\/wp\/v2\/categories?post=3365"},{"taxonomy":"post_tag","embeddable":true,"href":"https:\/\/www.blogsoestado.com\/joaquimhaickel\/wp-json\/wp\/v2\/tags?post=3365"}],"curies":[{"name":"wp","href":"https:\/\/api.w.org\/{rel}","templated":true}]}}