{"id":3636,"date":"2024-11-08T11:34:38","date_gmt":"2024-11-08T14:34:38","guid":{"rendered":"https:\/\/www.blogsoestado.com\/joaquimhaickel\/?p=3636"},"modified":"2024-11-08T11:34:38","modified_gmt":"2024-11-08T14:34:38","slug":"um-novo-torquemada","status":"publish","type":"post","link":"https:\/\/www.blogsoestado.com\/joaquimhaickel\/2024\/11\/08\/um-novo-torquemada\/","title":{"rendered":"Um novo Torquemada *"},"content":{"rendered":"\n<figure class=\"wp-block-image size-large\"><a href=\"https:\/\/www.blogsoestado.com\/joaquimhaickel\/wp-content\/uploads\/sites\/6\/2024\/11\/95e303e0b438d733986c66b67658b230-1.jpg\"><img fetchpriority=\"high\" decoding=\"async\" width=\"333\" height=\"500\" src=\"https:\/\/www.blogsoestado.com\/joaquimhaickel\/wp-content\/uploads\/sites\/6\/2024\/11\/95e303e0b438d733986c66b67658b230-1.jpg\" alt=\"\" class=\"wp-image-3637\" srcset=\"https:\/\/www.blogsoestado.com\/joaquimhaickel\/wp-content\/uploads\/sites\/6\/2024\/11\/95e303e0b438d733986c66b67658b230-1.jpg 333w, https:\/\/www.blogsoestado.com\/joaquimhaickel\/wp-content\/uploads\/sites\/6\/2024\/11\/95e303e0b438d733986c66b67658b230-1-200x300.jpg 200w\" sizes=\"(max-width: 333px) 100vw, 333px\" \/><\/a><\/figure>\n\n\n\n<p>Foi amplamente noticiado que o ministro Fl\u00e1vio Dino, do Supremo Tribunal Federal, determinou a retirada de circula\u00e7\u00e3o de quatro livros jur\u00eddicos que, segundo o ministro, continham trechos homof\u00f3bicos e mis\u00f3ginos.<\/p>\n\n\n\n<p>O ministro considerou que em alguns trechos os livros violavam a dignidade da pessoa humana, ficando em desacordo com aquilo que preconiza a nossa Constitui\u00e7\u00e3o, e determinou que as edi\u00e7\u00f5es existentes fossem destru\u00eddas e al\u00e9m da retirada e destrui\u00e7\u00e3o das edi\u00e7\u00f5es, Fl\u00e1vio Dino imp\u00f4s uma multa de R$ 150 mil aos autores das obras por danos morais coletivos.<\/p>\n\n\n\n<p>Fico imaginando se o ministro Fl\u00e1vio Dino agiria da mesma forma, mandando tirar de circula\u00e7\u00e3o e destruir o livro &#8220;<em>Cadernos do C\u00e1rcere<\/em>&#8220;, de Ant\u00f4nio Gramsci, fil\u00f3sofo italiano idealizador da teoria da hegemonia cultural, que nada mais \u00e9 que a base da pol\u00edtica de incentivo a luta de classes, da desagrega\u00e7\u00e3o da fam\u00edlia, do desrespeito \u00e0s leis, como a \u00fanica forma de mudar o mundo.<\/p>\n\n\n\n<p>&#8220;<em>Cadernos do C\u00e1rcere<\/em>&#8221; apresenta reflex\u00f5es que em muitos aspectos divergem dos princ\u00edpios da Constitui\u00e7\u00e3o Brasileira, especialmente em temas ligados \u00e0 estrutura de poder e organiza\u00e7\u00e3o do Estado. Gramsci diz que o Estado \u00e9 um instrumento de controle que classe dominante exerce sobre as demais, funcionando para manter permanentemente sua hegemonia. J\u00e1 a Constitui\u00e7\u00e3o Brasileira defende que o Estado \u00e9 uma institui\u00e7\u00e3o que existe para garantir o bem comum e a justi\u00e7a social, atendendo aos interesses de toda a popula\u00e7\u00e3o, independentemente de classes sociais.<\/p>\n\n\n\n<p>Quanto \u00e0 concep\u00e7\u00e3o de Liberdade e Democracia, em seu livro Gramsci defende o conceito de uma \u201cditadura do proletariado\u201d para substituir aquilo que ele diz ser a domina\u00e7\u00e3o da burguesia. A Constitui\u00e7\u00e3o de 1988, entretanto, promove a democracia representativa e os direitos individuais, protegendo o pluralismo pol\u00edtico e rejeitando qualquer forma de ditadura, seja de classes ou grupos espec\u00edficos.<\/p>\n\n\n\n<p>No que diz respeito as Reformas Institucionais, Gramsci argumenta que uma transforma\u00e7\u00e3o s\u00f3 pode ocorrer de forma radical e revolucion\u00e1ria para que possa se alcan\u00e7ar uma sociedade mais igualit\u00e1ria, incluindo uma mudan\u00e7a profunda nas estruturas econ\u00f4micas e pol\u00edticas. A Constitui\u00e7\u00e3o Brasileira, no entanto, reconhece mudan\u00e7as e reformas dentro de um sistema democr\u00e1tico e jur\u00eddico, defendendo que as transforma\u00e7\u00f5es ocorram dentro dos preceitos da legalidade e da ordem democr\u00e1tica.<\/p>\n\n\n\n<p>Essas diferen\u00e7as refletem a tens\u00e3o entre as ideias marxistas de Gramsci e a vis\u00e3o democr\u00e1tica e pluralista da Constitui\u00e7\u00e3o Federal, que busca equilibrar as liberdades individuais e coletivas dentro de um regime democr\u00e1tico e pac\u00edfico, logo o livro de Gramsci deveria merecer a mesma senten\u00e7a proferida pelo ministro Dino.<\/p>\n\n\n\n<p>Em s\u00edntese, &#8220;<em>Cadernos do C\u00e1rcere<\/em>&#8221; pode muito facilmente ser interpretado como uma amea\u00e7a aos princ\u00edpios democr\u00e1ticos estabelecidos por nossa constitui\u00e7\u00e3o, uma vez que Gramsci prop\u00f5e uma reorganiza\u00e7\u00e3o ideol\u00f3gica e pol\u00edtica que n\u00e3o se alinha com a estrutura democr\u00e1tica defendida por nossa Carta Magna, que prioriza a pluralidade de pensamentos e o equil\u00edbrio entre os poderes de forma amistosa e harm\u00f4nica, enquanto Gramsci despreza todos esses valores.<\/p>\n\n\n\n<p>Neste mesmo diapas\u00e3o, n\u00e3o apenas o livro &#8220;<em>Cadernos do C\u00e1rcere<\/em>&#8221; deveria receber esse julgamento do ministro Fl\u00e1vio Dino, mas outras obras de cunho comunista que tamb\u00e9m colidem com os preceitos constitucionais brasileiros, como, \u201cO Manifesto Comunista\u201d de Karl Marx e Friedrich Engels, \u201cO Estado e a Revolu\u00e7\u00e3o\u201d de Vladimir Lenin e \u201cPara a Cr\u00edtica da Filosofia do Direito de Hegel\u201d de Karl Marx, entre outros semelhantes.<\/p>\n\n\n\n<p>Meu intuito com este texto n\u00e3o \u00e9 incentivar a censura e a destrui\u00e7\u00e3o de livros que contenham ideias das quais eu discorde, mas mostrar a incoer\u00eancia de um julgador parcial, movido pela paix\u00e3o ideol\u00f3gica, que cega e desorienta at\u00e9 as pessoas mais preparadas, como ocorreu com Torquemada.<\/p>\n\n\n\n<p>*&nbsp; Durante a Inquisi\u00e7\u00e3o, um dos mais not\u00f3rios respons\u00e1veis pela queima de livros foi Tom\u00e1s de Torquemada, o primeiro grande inquisidor espanhol. Torquemada teve papel fundamental na Inquisi\u00e7\u00e3o Espanhola e ficou conhecido por perseguir intensamente tanto os livros quanto as pessoas que ele considerava her\u00e9ticas. Ele ordenou a queima de um grande n\u00famero de livros que foram considerados contr\u00e1rios aos ensinamentos da Igreja Cat\u00f3lica. As injusti\u00e7as cometidas por Torquemada e pela Inquisi\u00e7\u00e3o s\u00e3o alguns dos mais abomin\u00e1veis atos contra a liberdade e a vida praticados na hist\u00f3ria humana.&nbsp;<\/p>\n","protected":false},"excerpt":{"rendered":"<p>Foi amplamente noticiado que o ministro Fl\u00e1vio Dino, do Supremo Tribunal Federal, determinou a retirada de circula\u00e7\u00e3o de quatro livros [&hellip;]<\/p>\n","protected":false},"author":7,"featured_media":0,"comment_status":"open","ping_status":"open","sticky":false,"template":"","format":"standard","meta":{"site-sidebar-layout":"default","site-content-layout":"","ast-site-content-layout":"default","site-content-style":"default","site-sidebar-style":"default","ast-global-header-display":"","ast-banner-title-visibility":"","ast-main-header-display":"","ast-hfb-above-header-display":"","ast-hfb-below-header-display":"","ast-hfb-mobile-header-display":"","site-post-title":"","ast-breadcrumbs-content":"","ast-featured-img":"","footer-sml-layout":"","ast-disable-related-posts":"","theme-transparent-header-meta":"","adv-header-id-meta":"","stick-header-meta":"","header-above-stick-meta":"","header-main-stick-meta":"","header-below-stick-meta":"","astra-migrate-meta-layouts":"default","ast-page-background-enabled":"default","ast-page-background-meta":{"desktop":{"background-color":"var(--ast-global-color-5)","background-image":"","background-repeat":"repeat","background-position":"center center","background-size":"auto","background-attachment":"scroll","background-type":"","background-media":"","overlay-type":"","overlay-color":"","overlay-opacity":"","overlay-gradient":""},"tablet":{"background-color":"","background-image":"","background-repeat":"repeat","background-position":"center center","background-size":"auto","background-attachment":"scroll","background-type":"","background-media":"","overlay-type":"","overlay-color":"","overlay-opacity":"","overlay-gradient":""},"mobile":{"background-color":"","background-image":"","background-repeat":"repeat","background-position":"center center","background-size":"auto","background-attachment":"scroll","background-type":"","background-media":"","overlay-type":"","overlay-color":"","overlay-opacity":"","overlay-gradient":""}},"ast-content-background-meta":{"desktop":{"background-color":"var(--ast-global-color-4)","background-image":"","background-repeat":"repeat","background-position":"center center","background-size":"auto","background-attachment":"scroll","background-type":"","background-media":"","overlay-type":"","overlay-color":"","overlay-opacity":"","overlay-gradient":""},"tablet":{"background-color":"var(--ast-global-color-4)","background-image":"","background-repeat":"repeat","background-position":"center center","background-size":"auto","background-attachment":"scroll","background-type":"","background-media":"","overlay-type":"","overlay-color":"","overlay-opacity":"","overlay-gradient":""},"mobile":{"background-color":"var(--ast-global-color-4)","background-image":"","background-repeat":"repeat","background-position":"center center","background-size":"auto","background-attachment":"scroll","background-type":"","background-media":"","overlay-type":"","overlay-color":"","overlay-opacity":"","overlay-gradient":""}},"footnotes":""},"categories":[1],"tags":[],"class_list":["post-3636","post","type-post","status-publish","format-standard","hentry","category-sem-categoria"],"yoast_head":"<!-- This site is optimized with the Yoast SEO plugin v26.6 - https:\/\/yoast.com\/wordpress\/plugins\/seo\/ -->\n<title>Um novo Torquemada * - Joaquim Haickel<\/title>\n<meta name=\"robots\" content=\"index, follow, max-snippet:-1, max-image-preview:large, max-video-preview:-1\" \/>\n<link rel=\"canonical\" href=\"https:\/\/www.blogsoestado.com\/joaquimhaickel\/2024\/11\/08\/um-novo-torquemada\/\" \/>\n<meta property=\"og:locale\" content=\"pt_BR\" \/>\n<meta property=\"og:type\" content=\"article\" \/>\n<meta property=\"og:title\" content=\"Um novo Torquemada * - Joaquim Haickel\" \/>\n<meta property=\"og:description\" content=\"Foi amplamente noticiado que o ministro Fl\u00e1vio Dino, do Supremo Tribunal Federal, determinou a retirada de circula\u00e7\u00e3o de quatro livros [&hellip;]\" \/>\n<meta property=\"og:url\" content=\"https:\/\/www.blogsoestado.com\/joaquimhaickel\/2024\/11\/08\/um-novo-torquemada\/\" \/>\n<meta property=\"og:site_name\" content=\"Joaquim Haickel\" \/>\n<meta property=\"article:published_time\" content=\"2024-11-08T14:34:38+00:00\" \/>\n<meta property=\"og:image\" content=\"https:\/\/www.blogsoestado.com\/joaquimhaickel\/wp-content\/uploads\/sites\/6\/2024\/11\/95e303e0b438d733986c66b67658b230-1.jpg\" \/>\n<meta name=\"author\" content=\"Joaquim Haickel\" \/>\n<meta name=\"twitter:card\" content=\"summary_large_image\" \/>\n<meta name=\"twitter:label1\" content=\"Escrito por\" \/>\n\t<meta name=\"twitter:data1\" content=\"Joaquim Haickel\" \/>\n\t<meta name=\"twitter:label2\" content=\"Est. tempo de leitura\" \/>\n\t<meta name=\"twitter:data2\" content=\"4 minutos\" \/>\n<script type=\"application\/ld+json\" class=\"yoast-schema-graph\">{\"@context\":\"https:\/\/schema.org\",\"@graph\":[{\"@type\":\"WebPage\",\"@id\":\"https:\/\/www.blogsoestado.com\/joaquimhaickel\/2024\/11\/08\/um-novo-torquemada\/\",\"url\":\"https:\/\/www.blogsoestado.com\/joaquimhaickel\/2024\/11\/08\/um-novo-torquemada\/\",\"name\":\"Um novo Torquemada * - Joaquim Haickel\",\"isPartOf\":{\"@id\":\"https:\/\/www.blogsoestado.com\/joaquimhaickel\/#website\"},\"primaryImageOfPage\":{\"@id\":\"https:\/\/www.blogsoestado.com\/joaquimhaickel\/2024\/11\/08\/um-novo-torquemada\/#primaryimage\"},\"image\":{\"@id\":\"https:\/\/www.blogsoestado.com\/joaquimhaickel\/2024\/11\/08\/um-novo-torquemada\/#primaryimage\"},\"thumbnailUrl\":\"https:\/\/www.blogsoestado.com\/joaquimhaickel\/wp-content\/uploads\/sites\/6\/2024\/11\/95e303e0b438d733986c66b67658b230-1.jpg\",\"datePublished\":\"2024-11-08T14:34:38+00:00\",\"author\":{\"@id\":\"https:\/\/www.blogsoestado.com\/joaquimhaickel\/#\/schema\/person\/4a711644aff28245c6c2c3452d66d325\"},\"breadcrumb\":{\"@id\":\"https:\/\/www.blogsoestado.com\/joaquimhaickel\/2024\/11\/08\/um-novo-torquemada\/#breadcrumb\"},\"inLanguage\":\"pt-BR\",\"potentialAction\":[{\"@type\":\"ReadAction\",\"target\":[\"https:\/\/www.blogsoestado.com\/joaquimhaickel\/2024\/11\/08\/um-novo-torquemada\/\"]}]},{\"@type\":\"ImageObject\",\"inLanguage\":\"pt-BR\",\"@id\":\"https:\/\/www.blogsoestado.com\/joaquimhaickel\/2024\/11\/08\/um-novo-torquemada\/#primaryimage\",\"url\":\"https:\/\/www.blogsoestado.com\/joaquimhaickel\/wp-content\/uploads\/sites\/6\/2024\/11\/95e303e0b438d733986c66b67658b230-1.jpg\",\"contentUrl\":\"https:\/\/www.blogsoestado.com\/joaquimhaickel\/wp-content\/uploads\/sites\/6\/2024\/11\/95e303e0b438d733986c66b67658b230-1.jpg\"},{\"@type\":\"BreadcrumbList\",\"@id\":\"https:\/\/www.blogsoestado.com\/joaquimhaickel\/2024\/11\/08\/um-novo-torquemada\/#breadcrumb\",\"itemListElement\":[{\"@type\":\"ListItem\",\"position\":1,\"name\":\"In\u00edcio\",\"item\":\"https:\/\/www.blogsoestado.com\/joaquimhaickel\/\"},{\"@type\":\"ListItem\",\"position\":2,\"name\":\"Um novo Torquemada *\"}]},{\"@type\":\"WebSite\",\"@id\":\"https:\/\/www.blogsoestado.com\/joaquimhaickel\/#website\",\"url\":\"https:\/\/www.blogsoestado.com\/joaquimhaickel\/\",\"name\":\"Joaquim Haickel\",\"description\":\"\",\"potentialAction\":[{\"@type\":\"SearchAction\",\"target\":{\"@type\":\"EntryPoint\",\"urlTemplate\":\"https:\/\/www.blogsoestado.com\/joaquimhaickel\/?s={search_term_string}\"},\"query-input\":{\"@type\":\"PropertyValueSpecification\",\"valueRequired\":true,\"valueName\":\"search_term_string\"}}],\"inLanguage\":\"pt-BR\"},{\"@type\":\"Person\",\"@id\":\"https:\/\/www.blogsoestado.com\/joaquimhaickel\/#\/schema\/person\/4a711644aff28245c6c2c3452d66d325\",\"name\":\"Joaquim Haickel\",\"image\":{\"@type\":\"ImageObject\",\"inLanguage\":\"pt-BR\",\"@id\":\"https:\/\/www.blogsoestado.com\/joaquimhaickel\/#\/schema\/person\/image\/\",\"url\":\"https:\/\/secure.gravatar.com\/avatar\/473d89339b9f8ec089adb8d5778363eb5a2ba2319956bcf0298bfd8cca04684a?s=96&d=mm&r=g\",\"contentUrl\":\"https:\/\/secure.gravatar.com\/avatar\/473d89339b9f8ec089adb8d5778363eb5a2ba2319956bcf0298bfd8cca04684a?s=96&d=mm&r=g\",\"caption\":\"Joaquim Haickel\"},\"url\":\"https:\/\/www.blogsoestado.com\/joaquimhaickel\/author\/joaquimhaickel\/\"}]}<\/script>\n<!-- \/ Yoast SEO plugin. -->","yoast_head_json":{"title":"Um novo Torquemada * - Joaquim Haickel","robots":{"index":"index","follow":"follow","max-snippet":"max-snippet:-1","max-image-preview":"max-image-preview:large","max-video-preview":"max-video-preview:-1"},"canonical":"https:\/\/www.blogsoestado.com\/joaquimhaickel\/2024\/11\/08\/um-novo-torquemada\/","og_locale":"pt_BR","og_type":"article","og_title":"Um novo Torquemada * - Joaquim Haickel","og_description":"Foi amplamente noticiado que o ministro Fl\u00e1vio Dino, do Supremo Tribunal Federal, determinou a retirada de circula\u00e7\u00e3o de quatro livros [&hellip;]","og_url":"https:\/\/www.blogsoestado.com\/joaquimhaickel\/2024\/11\/08\/um-novo-torquemada\/","og_site_name":"Joaquim Haickel","article_published_time":"2024-11-08T14:34:38+00:00","og_image":[{"url":"https:\/\/www.blogsoestado.com\/joaquimhaickel\/wp-content\/uploads\/sites\/6\/2024\/11\/95e303e0b438d733986c66b67658b230-1.jpg","type":"","width":"","height":""}],"author":"Joaquim Haickel","twitter_card":"summary_large_image","twitter_misc":{"Escrito por":"Joaquim Haickel","Est. tempo de leitura":"4 minutos"},"schema":{"@context":"https:\/\/schema.org","@graph":[{"@type":"WebPage","@id":"https:\/\/www.blogsoestado.com\/joaquimhaickel\/2024\/11\/08\/um-novo-torquemada\/","url":"https:\/\/www.blogsoestado.com\/joaquimhaickel\/2024\/11\/08\/um-novo-torquemada\/","name":"Um novo Torquemada * - Joaquim Haickel","isPartOf":{"@id":"https:\/\/www.blogsoestado.com\/joaquimhaickel\/#website"},"primaryImageOfPage":{"@id":"https:\/\/www.blogsoestado.com\/joaquimhaickel\/2024\/11\/08\/um-novo-torquemada\/#primaryimage"},"image":{"@id":"https:\/\/www.blogsoestado.com\/joaquimhaickel\/2024\/11\/08\/um-novo-torquemada\/#primaryimage"},"thumbnailUrl":"https:\/\/www.blogsoestado.com\/joaquimhaickel\/wp-content\/uploads\/sites\/6\/2024\/11\/95e303e0b438d733986c66b67658b230-1.jpg","datePublished":"2024-11-08T14:34:38+00:00","author":{"@id":"https:\/\/www.blogsoestado.com\/joaquimhaickel\/#\/schema\/person\/4a711644aff28245c6c2c3452d66d325"},"breadcrumb":{"@id":"https:\/\/www.blogsoestado.com\/joaquimhaickel\/2024\/11\/08\/um-novo-torquemada\/#breadcrumb"},"inLanguage":"pt-BR","potentialAction":[{"@type":"ReadAction","target":["https:\/\/www.blogsoestado.com\/joaquimhaickel\/2024\/11\/08\/um-novo-torquemada\/"]}]},{"@type":"ImageObject","inLanguage":"pt-BR","@id":"https:\/\/www.blogsoestado.com\/joaquimhaickel\/2024\/11\/08\/um-novo-torquemada\/#primaryimage","url":"https:\/\/www.blogsoestado.com\/joaquimhaickel\/wp-content\/uploads\/sites\/6\/2024\/11\/95e303e0b438d733986c66b67658b230-1.jpg","contentUrl":"https:\/\/www.blogsoestado.com\/joaquimhaickel\/wp-content\/uploads\/sites\/6\/2024\/11\/95e303e0b438d733986c66b67658b230-1.jpg"},{"@type":"BreadcrumbList","@id":"https:\/\/www.blogsoestado.com\/joaquimhaickel\/2024\/11\/08\/um-novo-torquemada\/#breadcrumb","itemListElement":[{"@type":"ListItem","position":1,"name":"In\u00edcio","item":"https:\/\/www.blogsoestado.com\/joaquimhaickel\/"},{"@type":"ListItem","position":2,"name":"Um novo Torquemada *"}]},{"@type":"WebSite","@id":"https:\/\/www.blogsoestado.com\/joaquimhaickel\/#website","url":"https:\/\/www.blogsoestado.com\/joaquimhaickel\/","name":"Joaquim Haickel","description":"","potentialAction":[{"@type":"SearchAction","target":{"@type":"EntryPoint","urlTemplate":"https:\/\/www.blogsoestado.com\/joaquimhaickel\/?s={search_term_string}"},"query-input":{"@type":"PropertyValueSpecification","valueRequired":true,"valueName":"search_term_string"}}],"inLanguage":"pt-BR"},{"@type":"Person","@id":"https:\/\/www.blogsoestado.com\/joaquimhaickel\/#\/schema\/person\/4a711644aff28245c6c2c3452d66d325","name":"Joaquim Haickel","image":{"@type":"ImageObject","inLanguage":"pt-BR","@id":"https:\/\/www.blogsoestado.com\/joaquimhaickel\/#\/schema\/person\/image\/","url":"https:\/\/secure.gravatar.com\/avatar\/473d89339b9f8ec089adb8d5778363eb5a2ba2319956bcf0298bfd8cca04684a?s=96&d=mm&r=g","contentUrl":"https:\/\/secure.gravatar.com\/avatar\/473d89339b9f8ec089adb8d5778363eb5a2ba2319956bcf0298bfd8cca04684a?s=96&d=mm&r=g","caption":"Joaquim Haickel"},"url":"https:\/\/www.blogsoestado.com\/joaquimhaickel\/author\/joaquimhaickel\/"}]}},"jetpack_featured_media_url":"","_links":{"self":[{"href":"https:\/\/www.blogsoestado.com\/joaquimhaickel\/wp-json\/wp\/v2\/posts\/3636","targetHints":{"allow":["GET"]}}],"collection":[{"href":"https:\/\/www.blogsoestado.com\/joaquimhaickel\/wp-json\/wp\/v2\/posts"}],"about":[{"href":"https:\/\/www.blogsoestado.com\/joaquimhaickel\/wp-json\/wp\/v2\/types\/post"}],"author":[{"embeddable":true,"href":"https:\/\/www.blogsoestado.com\/joaquimhaickel\/wp-json\/wp\/v2\/users\/7"}],"replies":[{"embeddable":true,"href":"https:\/\/www.blogsoestado.com\/joaquimhaickel\/wp-json\/wp\/v2\/comments?post=3636"}],"version-history":[{"count":0,"href":"https:\/\/www.blogsoestado.com\/joaquimhaickel\/wp-json\/wp\/v2\/posts\/3636\/revisions"}],"wp:attachment":[{"href":"https:\/\/www.blogsoestado.com\/joaquimhaickel\/wp-json\/wp\/v2\/media?parent=3636"}],"wp:term":[{"taxonomy":"category","embeddable":true,"href":"https:\/\/www.blogsoestado.com\/joaquimhaickel\/wp-json\/wp\/v2\/categories?post=3636"},{"taxonomy":"post_tag","embeddable":true,"href":"https:\/\/www.blogsoestado.com\/joaquimhaickel\/wp-json\/wp\/v2\/tags?post=3636"}],"curies":[{"name":"wp","href":"https:\/\/api.w.org\/{rel}","templated":true}]}}