{"id":3645,"date":"2024-11-21T19:39:27","date_gmt":"2024-11-21T22:39:27","guid":{"rendered":"https:\/\/www.blogsoestado.com\/joaquimhaickel\/?p=3645"},"modified":"2024-11-21T19:39:27","modified_gmt":"2024-11-21T22:39:27","slug":"o-indiciamento-de-bolsonaro-e-outras-pessoas-em-nada-muda-a-minha-posicao-sobre-a-tentativa-de-assassinato-de-lula-e-de-outras-pessoas","status":"publish","type":"post","link":"https:\/\/www.blogsoestado.com\/joaquimhaickel\/2024\/11\/21\/o-indiciamento-de-bolsonaro-e-outras-pessoas-em-nada-muda-a-minha-posicao-sobre-a-tentativa-de-assassinato-de-lula-e-de-outras-pessoas\/","title":{"rendered":"O indiciamento de Bolsonaro e outras pessoas, em nada muda a minha posi\u00e7\u00e3o sobre a tentativa de assassinato de Lula e de outras pessoas"},"content":{"rendered":"\n<figure class=\"wp-block-image size-large\"><a href=\"https:\/\/www.blogsoestado.com\/joaquimhaickel\/wp-content\/uploads\/sites\/6\/2024\/11\/10981345-1.jpg\"><img fetchpriority=\"high\" decoding=\"async\" width=\"1024\" height=\"1024\" src=\"https:\/\/www.blogsoestado.com\/joaquimhaickel\/wp-content\/uploads\/sites\/6\/2024\/11\/10981345-1-1024x1024.jpg\" alt=\"\" class=\"wp-image-3646\" srcset=\"https:\/\/www.blogsoestado.com\/joaquimhaickel\/wp-content\/uploads\/sites\/6\/2024\/11\/10981345-1-1024x1024.jpg 1024w, https:\/\/www.blogsoestado.com\/joaquimhaickel\/wp-content\/uploads\/sites\/6\/2024\/11\/10981345-1-300x300.jpg 300w, https:\/\/www.blogsoestado.com\/joaquimhaickel\/wp-content\/uploads\/sites\/6\/2024\/11\/10981345-1-150x150.jpg 150w, https:\/\/www.blogsoestado.com\/joaquimhaickel\/wp-content\/uploads\/sites\/6\/2024\/11\/10981345-1-768x768.jpg 768w, https:\/\/www.blogsoestado.com\/joaquimhaickel\/wp-content\/uploads\/sites\/6\/2024\/11\/10981345-1.jpg 1080w\" sizes=\"(max-width: 1024px) 100vw, 1024px\" \/><\/a><\/figure>\n\n\n\n<p><\/p>\n\n\n\n<p>Eu duvido daquilo que n\u00e3o tenho certeza, e como eu n\u00e3o tenho certeza da veracidade do que est\u00e1 sendo dito, at\u00e9 que me seja provado, eu tenho d\u00favida. Ou seja, se me provarem, sem a menor sombra de d\u00favida, que tais afirma\u00e7\u00f5es s\u00e3o irrefutavelmente verdadeiras, QUE SE TOMEM AS MEDIDAS CAB\u00cdVEIS SEGUNDO A LEI, caso contr\u00e1rio, tudo isso vai ser mais um monte de narrativas feitas na tentativa de justificar os desmandos que est\u00e3o sendo cometidos, muitos dos quais eu n\u00e3o tenho nenhuma d\u00favida de estarem acontecendo, e da forma mais descarada poss\u00edvel.<\/p>\n\n\n\n<p>Cogitar matar algu\u00e9m que \u00e9 odiado por muito mais da metade do povo \u00e9 at\u00e9 algo que se possa vir a compreender, mesmo que n\u00e3o se aceite, mas pensar em matar algu\u00e9m que \u00e9 apoiado por mais da metade deste mesmo povo, \u00e9 algo n\u00e3o apenas inaceit\u00e1vel, mas tamb\u00e9m completamente inadmiss\u00edvel!<\/p>\n\n\n\n<p>O imbecil que cogitou matar uma figura como Lula, deveria ter sido fuzilado pelos pr\u00f3prios amigos, por uma pessoa como essa ser completamente desnecess\u00e1rio em qualquer organiza\u00e7\u00e3o, seja ela pol\u00edtica ou criminosa. Um assassinato deste tipo geraria um efeito contr\u00e1rio, id\u00eantico ao que aconteceu com o atentado contra Bolsonaro, fato que ajudou muito em sua vit\u00f3ria eleitoral.<\/p>\n\n\n\n<p>Um fato muito curioso nisso tudo \u00e9 a retroalimenta\u00e7\u00e3o que h\u00e1 entre as investiga\u00e7\u00f5es, os julgamentos e a imprensa, no tocante a esses casos. Os investigadores e o julgador repassam as not\u00edcias que interessam a imprensa, que por sua vez montam as narrativas que interessam aos investigadores e ao julgador, como tem sido a pratica descarada dos \u00faltimos anos.<\/p>\n\n\n\n<p>Por outro lado&#8230; Acredito que a melhor coisa que pode acontecer para a direita brasileira seja a pris\u00e3o de Jair Bolsonaro. Havendo a pris\u00e3o do ex-presidente, sendo ele culpado ou n\u00e3o das acusa\u00e7\u00f5es que lhe sejam atribu\u00eddas, seus seguidores, metade da popula\u00e7\u00e3o brasileira, n\u00e3o ir\u00e3o acreditar em sua culpa, transformando-o em m\u00e1rtir e fortalecendo a ideia de que o que est\u00e3o fazendo \u00e9 um golpe branco contra a democracia.<\/p>\n\n\n\n<p>Penso que este seja o lugar onde Bolsonaro mais pode ajudar o Brasil, pois j\u00e1 ficou provado que sua forma desastrosa de agir faz com que ele n\u00e3o seja uma boa op\u00e7\u00e3o para concorrer novamente a presid\u00eancia.<\/p>\n\n\n\n<p>Mais uma vez: Caso fique provado cabalmente que s\u00e3o verdadeiros os fatos levantados nessa investiga\u00e7\u00e3o, espero QUE SE TOMEM AS MEDIDAS CAB\u00cdVEIS SEGUNDO A LEI.<\/p>\n","protected":false},"excerpt":{"rendered":"<p>Eu duvido daquilo que n\u00e3o tenho certeza, e como eu n\u00e3o tenho certeza da veracidade do que est\u00e1 sendo dito, [&hellip;]<\/p>\n","protected":false},"author":7,"featured_media":0,"comment_status":"open","ping_status":"open","sticky":false,"template":"","format":"standard","meta":{"site-sidebar-layout":"default","site-content-layout":"","ast-site-content-layout":"default","site-content-style":"default","site-sidebar-style":"default","ast-global-header-display":"","ast-banner-title-visibility":"","ast-main-header-display":"","ast-hfb-above-header-display":"","ast-hfb-below-header-display":"","ast-hfb-mobile-header-display":"","site-post-title":"","ast-breadcrumbs-content":"","ast-featured-img":"","footer-sml-layout":"","ast-disable-related-posts":"","theme-transparent-header-meta":"","adv-header-id-meta":"","stick-header-meta":"","header-above-stick-meta":"","header-main-stick-meta":"","header-below-stick-meta":"","astra-migrate-meta-layouts":"default","ast-page-background-enabled":"default","ast-page-background-meta":{"desktop":{"background-color":"var(--ast-global-color-5)","background-image":"","background-repeat":"repeat","background-position":"center center","background-size":"auto","background-attachment":"scroll","background-type":"","background-media":"","overlay-type":"","overlay-color":"","overlay-opacity":"","overlay-gradient":""},"tablet":{"background-color":"","background-image":"","background-repeat":"repeat","background-position":"center center","background-size":"auto","background-attachment":"scroll","background-type":"","background-media":"","overlay-type":"","overlay-color":"","overlay-opacity":"","overlay-gradient":""},"mobile":{"background-color":"","background-image":"","background-repeat":"repeat","background-position":"center center","background-size":"auto","background-attachment":"scroll","background-type":"","background-media":"","overlay-type":"","overlay-color":"","overlay-opacity":"","overlay-gradient":""}},"ast-content-background-meta":{"desktop":{"background-color":"var(--ast-global-color-4)","background-image":"","background-repeat":"repeat","background-position":"center center","background-size":"auto","background-attachment":"scroll","background-type":"","background-media":"","overlay-type":"","overlay-color":"","overlay-opacity":"","overlay-gradient":""},"tablet":{"background-color":"var(--ast-global-color-4)","background-image":"","background-repeat":"repeat","background-position":"center center","background-size":"auto","background-attachment":"scroll","background-type":"","background-media":"","overlay-type":"","overlay-color":"","overlay-opacity":"","overlay-gradient":""},"mobile":{"background-color":"var(--ast-global-color-4)","background-image":"","background-repeat":"repeat","background-position":"center center","background-size":"auto","background-attachment":"scroll","background-type":"","background-media":"","overlay-type":"","overlay-color":"","overlay-opacity":"","overlay-gradient":""}},"footnotes":""},"categories":[1],"tags":[],"class_list":["post-3645","post","type-post","status-publish","format-standard","hentry","category-sem-categoria"],"yoast_head":"<!-- This site is optimized with the Yoast SEO plugin v26.6 - https:\/\/yoast.com\/wordpress\/plugins\/seo\/ -->\n<title>O indiciamento de Bolsonaro e outras pessoas, em nada muda a minha posi\u00e7\u00e3o sobre a tentativa de assassinato de Lula e de outras pessoas - Joaquim Haickel<\/title>\n<meta name=\"robots\" content=\"index, follow, max-snippet:-1, max-image-preview:large, max-video-preview:-1\" \/>\n<link rel=\"canonical\" href=\"https:\/\/www.blogsoestado.com\/joaquimhaickel\/2024\/11\/21\/o-indiciamento-de-bolsonaro-e-outras-pessoas-em-nada-muda-a-minha-posicao-sobre-a-tentativa-de-assassinato-de-lula-e-de-outras-pessoas\/\" \/>\n<meta property=\"og:locale\" content=\"pt_BR\" \/>\n<meta property=\"og:type\" content=\"article\" \/>\n<meta property=\"og:title\" content=\"O indiciamento de Bolsonaro e outras pessoas, em nada muda a minha posi\u00e7\u00e3o sobre a tentativa de assassinato de Lula e de outras pessoas - Joaquim Haickel\" \/>\n<meta property=\"og:description\" content=\"Eu duvido daquilo que n\u00e3o tenho certeza, e como eu n\u00e3o tenho certeza da veracidade do que est\u00e1 sendo dito, [&hellip;]\" \/>\n<meta property=\"og:url\" content=\"https:\/\/www.blogsoestado.com\/joaquimhaickel\/2024\/11\/21\/o-indiciamento-de-bolsonaro-e-outras-pessoas-em-nada-muda-a-minha-posicao-sobre-a-tentativa-de-assassinato-de-lula-e-de-outras-pessoas\/\" \/>\n<meta property=\"og:site_name\" content=\"Joaquim Haickel\" \/>\n<meta property=\"article:published_time\" content=\"2024-11-21T22:39:27+00:00\" \/>\n<meta property=\"og:image\" content=\"https:\/\/www.blogsoestado.com\/joaquimhaickel\/wp-content\/uploads\/sites\/6\/2024\/11\/10981345-1-1024x1024.jpg\" \/>\n<meta name=\"author\" content=\"Joaquim Haickel\" \/>\n<meta name=\"twitter:card\" content=\"summary_large_image\" \/>\n<meta name=\"twitter:label1\" content=\"Escrito por\" \/>\n\t<meta name=\"twitter:data1\" content=\"Joaquim Haickel\" \/>\n\t<meta name=\"twitter:label2\" content=\"Est. tempo de leitura\" \/>\n\t<meta name=\"twitter:data2\" content=\"2 minutos\" \/>\n<script type=\"application\/ld+json\" class=\"yoast-schema-graph\">{\"@context\":\"https:\/\/schema.org\",\"@graph\":[{\"@type\":\"WebPage\",\"@id\":\"https:\/\/www.blogsoestado.com\/joaquimhaickel\/2024\/11\/21\/o-indiciamento-de-bolsonaro-e-outras-pessoas-em-nada-muda-a-minha-posicao-sobre-a-tentativa-de-assassinato-de-lula-e-de-outras-pessoas\/\",\"url\":\"https:\/\/www.blogsoestado.com\/joaquimhaickel\/2024\/11\/21\/o-indiciamento-de-bolsonaro-e-outras-pessoas-em-nada-muda-a-minha-posicao-sobre-a-tentativa-de-assassinato-de-lula-e-de-outras-pessoas\/\",\"name\":\"O indiciamento de Bolsonaro e outras pessoas, em nada muda a minha posi\u00e7\u00e3o sobre a tentativa de assassinato de Lula e de outras pessoas - Joaquim Haickel\",\"isPartOf\":{\"@id\":\"https:\/\/www.blogsoestado.com\/joaquimhaickel\/#website\"},\"primaryImageOfPage\":{\"@id\":\"https:\/\/www.blogsoestado.com\/joaquimhaickel\/2024\/11\/21\/o-indiciamento-de-bolsonaro-e-outras-pessoas-em-nada-muda-a-minha-posicao-sobre-a-tentativa-de-assassinato-de-lula-e-de-outras-pessoas\/#primaryimage\"},\"image\":{\"@id\":\"https:\/\/www.blogsoestado.com\/joaquimhaickel\/2024\/11\/21\/o-indiciamento-de-bolsonaro-e-outras-pessoas-em-nada-muda-a-minha-posicao-sobre-a-tentativa-de-assassinato-de-lula-e-de-outras-pessoas\/#primaryimage\"},\"thumbnailUrl\":\"https:\/\/www.blogsoestado.com\/joaquimhaickel\/wp-content\/uploads\/sites\/6\/2024\/11\/10981345-1-1024x1024.jpg\",\"datePublished\":\"2024-11-21T22:39:27+00:00\",\"author\":{\"@id\":\"https:\/\/www.blogsoestado.com\/joaquimhaickel\/#\/schema\/person\/4a711644aff28245c6c2c3452d66d325\"},\"breadcrumb\":{\"@id\":\"https:\/\/www.blogsoestado.com\/joaquimhaickel\/2024\/11\/21\/o-indiciamento-de-bolsonaro-e-outras-pessoas-em-nada-muda-a-minha-posicao-sobre-a-tentativa-de-assassinato-de-lula-e-de-outras-pessoas\/#breadcrumb\"},\"inLanguage\":\"pt-BR\",\"potentialAction\":[{\"@type\":\"ReadAction\",\"target\":[\"https:\/\/www.blogsoestado.com\/joaquimhaickel\/2024\/11\/21\/o-indiciamento-de-bolsonaro-e-outras-pessoas-em-nada-muda-a-minha-posicao-sobre-a-tentativa-de-assassinato-de-lula-e-de-outras-pessoas\/\"]}]},{\"@type\":\"ImageObject\",\"inLanguage\":\"pt-BR\",\"@id\":\"https:\/\/www.blogsoestado.com\/joaquimhaickel\/2024\/11\/21\/o-indiciamento-de-bolsonaro-e-outras-pessoas-em-nada-muda-a-minha-posicao-sobre-a-tentativa-de-assassinato-de-lula-e-de-outras-pessoas\/#primaryimage\",\"url\":\"https:\/\/www.blogsoestado.com\/joaquimhaickel\/wp-content\/uploads\/sites\/6\/2024\/11\/10981345-1.jpg\",\"contentUrl\":\"https:\/\/www.blogsoestado.com\/joaquimhaickel\/wp-content\/uploads\/sites\/6\/2024\/11\/10981345-1.jpg\",\"width\":1080,\"height\":1080},{\"@type\":\"BreadcrumbList\",\"@id\":\"https:\/\/www.blogsoestado.com\/joaquimhaickel\/2024\/11\/21\/o-indiciamento-de-bolsonaro-e-outras-pessoas-em-nada-muda-a-minha-posicao-sobre-a-tentativa-de-assassinato-de-lula-e-de-outras-pessoas\/#breadcrumb\",\"itemListElement\":[{\"@type\":\"ListItem\",\"position\":1,\"name\":\"In\u00edcio\",\"item\":\"https:\/\/www.blogsoestado.com\/joaquimhaickel\/\"},{\"@type\":\"ListItem\",\"position\":2,\"name\":\"O indiciamento de Bolsonaro e outras pessoas, em nada muda a minha posi\u00e7\u00e3o sobre a tentativa de assassinato de Lula e de outras pessoas\"}]},{\"@type\":\"WebSite\",\"@id\":\"https:\/\/www.blogsoestado.com\/joaquimhaickel\/#website\",\"url\":\"https:\/\/www.blogsoestado.com\/joaquimhaickel\/\",\"name\":\"Joaquim Haickel\",\"description\":\"\",\"potentialAction\":[{\"@type\":\"SearchAction\",\"target\":{\"@type\":\"EntryPoint\",\"urlTemplate\":\"https:\/\/www.blogsoestado.com\/joaquimhaickel\/?s={search_term_string}\"},\"query-input\":{\"@type\":\"PropertyValueSpecification\",\"valueRequired\":true,\"valueName\":\"search_term_string\"}}],\"inLanguage\":\"pt-BR\"},{\"@type\":\"Person\",\"@id\":\"https:\/\/www.blogsoestado.com\/joaquimhaickel\/#\/schema\/person\/4a711644aff28245c6c2c3452d66d325\",\"name\":\"Joaquim Haickel\",\"image\":{\"@type\":\"ImageObject\",\"inLanguage\":\"pt-BR\",\"@id\":\"https:\/\/www.blogsoestado.com\/joaquimhaickel\/#\/schema\/person\/image\/\",\"url\":\"https:\/\/secure.gravatar.com\/avatar\/473d89339b9f8ec089adb8d5778363eb5a2ba2319956bcf0298bfd8cca04684a?s=96&d=mm&r=g\",\"contentUrl\":\"https:\/\/secure.gravatar.com\/avatar\/473d89339b9f8ec089adb8d5778363eb5a2ba2319956bcf0298bfd8cca04684a?s=96&d=mm&r=g\",\"caption\":\"Joaquim Haickel\"},\"url\":\"https:\/\/www.blogsoestado.com\/joaquimhaickel\/author\/joaquimhaickel\/\"}]}<\/script>\n<!-- \/ Yoast SEO plugin. -->","yoast_head_json":{"title":"O indiciamento de Bolsonaro e outras pessoas, em nada muda a minha posi\u00e7\u00e3o sobre a tentativa de assassinato de Lula e de outras pessoas - Joaquim Haickel","robots":{"index":"index","follow":"follow","max-snippet":"max-snippet:-1","max-image-preview":"max-image-preview:large","max-video-preview":"max-video-preview:-1"},"canonical":"https:\/\/www.blogsoestado.com\/joaquimhaickel\/2024\/11\/21\/o-indiciamento-de-bolsonaro-e-outras-pessoas-em-nada-muda-a-minha-posicao-sobre-a-tentativa-de-assassinato-de-lula-e-de-outras-pessoas\/","og_locale":"pt_BR","og_type":"article","og_title":"O indiciamento de Bolsonaro e outras pessoas, em nada muda a minha posi\u00e7\u00e3o sobre a tentativa de assassinato de Lula e de outras pessoas - Joaquim Haickel","og_description":"Eu duvido daquilo que n\u00e3o tenho certeza, e como eu n\u00e3o tenho certeza da veracidade do que est\u00e1 sendo dito, [&hellip;]","og_url":"https:\/\/www.blogsoestado.com\/joaquimhaickel\/2024\/11\/21\/o-indiciamento-de-bolsonaro-e-outras-pessoas-em-nada-muda-a-minha-posicao-sobre-a-tentativa-de-assassinato-de-lula-e-de-outras-pessoas\/","og_site_name":"Joaquim Haickel","article_published_time":"2024-11-21T22:39:27+00:00","og_image":[{"url":"https:\/\/www.blogsoestado.com\/joaquimhaickel\/wp-content\/uploads\/sites\/6\/2024\/11\/10981345-1-1024x1024.jpg","type":"","width":"","height":""}],"author":"Joaquim Haickel","twitter_card":"summary_large_image","twitter_misc":{"Escrito por":"Joaquim Haickel","Est. tempo de leitura":"2 minutos"},"schema":{"@context":"https:\/\/schema.org","@graph":[{"@type":"WebPage","@id":"https:\/\/www.blogsoestado.com\/joaquimhaickel\/2024\/11\/21\/o-indiciamento-de-bolsonaro-e-outras-pessoas-em-nada-muda-a-minha-posicao-sobre-a-tentativa-de-assassinato-de-lula-e-de-outras-pessoas\/","url":"https:\/\/www.blogsoestado.com\/joaquimhaickel\/2024\/11\/21\/o-indiciamento-de-bolsonaro-e-outras-pessoas-em-nada-muda-a-minha-posicao-sobre-a-tentativa-de-assassinato-de-lula-e-de-outras-pessoas\/","name":"O indiciamento de Bolsonaro e outras pessoas, em nada muda a minha posi\u00e7\u00e3o sobre a tentativa de assassinato de Lula e de outras pessoas - Joaquim Haickel","isPartOf":{"@id":"https:\/\/www.blogsoestado.com\/joaquimhaickel\/#website"},"primaryImageOfPage":{"@id":"https:\/\/www.blogsoestado.com\/joaquimhaickel\/2024\/11\/21\/o-indiciamento-de-bolsonaro-e-outras-pessoas-em-nada-muda-a-minha-posicao-sobre-a-tentativa-de-assassinato-de-lula-e-de-outras-pessoas\/#primaryimage"},"image":{"@id":"https:\/\/www.blogsoestado.com\/joaquimhaickel\/2024\/11\/21\/o-indiciamento-de-bolsonaro-e-outras-pessoas-em-nada-muda-a-minha-posicao-sobre-a-tentativa-de-assassinato-de-lula-e-de-outras-pessoas\/#primaryimage"},"thumbnailUrl":"https:\/\/www.blogsoestado.com\/joaquimhaickel\/wp-content\/uploads\/sites\/6\/2024\/11\/10981345-1-1024x1024.jpg","datePublished":"2024-11-21T22:39:27+00:00","author":{"@id":"https:\/\/www.blogsoestado.com\/joaquimhaickel\/#\/schema\/person\/4a711644aff28245c6c2c3452d66d325"},"breadcrumb":{"@id":"https:\/\/www.blogsoestado.com\/joaquimhaickel\/2024\/11\/21\/o-indiciamento-de-bolsonaro-e-outras-pessoas-em-nada-muda-a-minha-posicao-sobre-a-tentativa-de-assassinato-de-lula-e-de-outras-pessoas\/#breadcrumb"},"inLanguage":"pt-BR","potentialAction":[{"@type":"ReadAction","target":["https:\/\/www.blogsoestado.com\/joaquimhaickel\/2024\/11\/21\/o-indiciamento-de-bolsonaro-e-outras-pessoas-em-nada-muda-a-minha-posicao-sobre-a-tentativa-de-assassinato-de-lula-e-de-outras-pessoas\/"]}]},{"@type":"ImageObject","inLanguage":"pt-BR","@id":"https:\/\/www.blogsoestado.com\/joaquimhaickel\/2024\/11\/21\/o-indiciamento-de-bolsonaro-e-outras-pessoas-em-nada-muda-a-minha-posicao-sobre-a-tentativa-de-assassinato-de-lula-e-de-outras-pessoas\/#primaryimage","url":"https:\/\/www.blogsoestado.com\/joaquimhaickel\/wp-content\/uploads\/sites\/6\/2024\/11\/10981345-1.jpg","contentUrl":"https:\/\/www.blogsoestado.com\/joaquimhaickel\/wp-content\/uploads\/sites\/6\/2024\/11\/10981345-1.jpg","width":1080,"height":1080},{"@type":"BreadcrumbList","@id":"https:\/\/www.blogsoestado.com\/joaquimhaickel\/2024\/11\/21\/o-indiciamento-de-bolsonaro-e-outras-pessoas-em-nada-muda-a-minha-posicao-sobre-a-tentativa-de-assassinato-de-lula-e-de-outras-pessoas\/#breadcrumb","itemListElement":[{"@type":"ListItem","position":1,"name":"In\u00edcio","item":"https:\/\/www.blogsoestado.com\/joaquimhaickel\/"},{"@type":"ListItem","position":2,"name":"O indiciamento de Bolsonaro e outras pessoas, em nada muda a minha posi\u00e7\u00e3o sobre a tentativa de assassinato de Lula e de outras pessoas"}]},{"@type":"WebSite","@id":"https:\/\/www.blogsoestado.com\/joaquimhaickel\/#website","url":"https:\/\/www.blogsoestado.com\/joaquimhaickel\/","name":"Joaquim Haickel","description":"","potentialAction":[{"@type":"SearchAction","target":{"@type":"EntryPoint","urlTemplate":"https:\/\/www.blogsoestado.com\/joaquimhaickel\/?s={search_term_string}"},"query-input":{"@type":"PropertyValueSpecification","valueRequired":true,"valueName":"search_term_string"}}],"inLanguage":"pt-BR"},{"@type":"Person","@id":"https:\/\/www.blogsoestado.com\/joaquimhaickel\/#\/schema\/person\/4a711644aff28245c6c2c3452d66d325","name":"Joaquim Haickel","image":{"@type":"ImageObject","inLanguage":"pt-BR","@id":"https:\/\/www.blogsoestado.com\/joaquimhaickel\/#\/schema\/person\/image\/","url":"https:\/\/secure.gravatar.com\/avatar\/473d89339b9f8ec089adb8d5778363eb5a2ba2319956bcf0298bfd8cca04684a?s=96&d=mm&r=g","contentUrl":"https:\/\/secure.gravatar.com\/avatar\/473d89339b9f8ec089adb8d5778363eb5a2ba2319956bcf0298bfd8cca04684a?s=96&d=mm&r=g","caption":"Joaquim Haickel"},"url":"https:\/\/www.blogsoestado.com\/joaquimhaickel\/author\/joaquimhaickel\/"}]}},"jetpack_featured_media_url":"","_links":{"self":[{"href":"https:\/\/www.blogsoestado.com\/joaquimhaickel\/wp-json\/wp\/v2\/posts\/3645","targetHints":{"allow":["GET"]}}],"collection":[{"href":"https:\/\/www.blogsoestado.com\/joaquimhaickel\/wp-json\/wp\/v2\/posts"}],"about":[{"href":"https:\/\/www.blogsoestado.com\/joaquimhaickel\/wp-json\/wp\/v2\/types\/post"}],"author":[{"embeddable":true,"href":"https:\/\/www.blogsoestado.com\/joaquimhaickel\/wp-json\/wp\/v2\/users\/7"}],"replies":[{"embeddable":true,"href":"https:\/\/www.blogsoestado.com\/joaquimhaickel\/wp-json\/wp\/v2\/comments?post=3645"}],"version-history":[{"count":0,"href":"https:\/\/www.blogsoestado.com\/joaquimhaickel\/wp-json\/wp\/v2\/posts\/3645\/revisions"}],"wp:attachment":[{"href":"https:\/\/www.blogsoestado.com\/joaquimhaickel\/wp-json\/wp\/v2\/media?parent=3645"}],"wp:term":[{"taxonomy":"category","embeddable":true,"href":"https:\/\/www.blogsoestado.com\/joaquimhaickel\/wp-json\/wp\/v2\/categories?post=3645"},{"taxonomy":"post_tag","embeddable":true,"href":"https:\/\/www.blogsoestado.com\/joaquimhaickel\/wp-json\/wp\/v2\/tags?post=3645"}],"curies":[{"name":"wp","href":"https:\/\/api.w.org\/{rel}","templated":true}]}}