{"id":3658,"date":"2024-11-26T19:24:54","date_gmt":"2024-11-26T22:24:54","guid":{"rendered":"https:\/\/www.blogsoestado.com\/joaquimhaickel\/?p=3658"},"modified":"2024-11-26T19:24:54","modified_gmt":"2024-11-26T22:24:54","slug":"o-que-se-pode-entender-sobre-a-eleicao-para-mesa-diretora-da-alm","status":"publish","type":"post","link":"https:\/\/www.blogsoestado.com\/joaquimhaickel\/2024\/11\/26\/o-que-se-pode-entender-sobre-a-eleicao-para-mesa-diretora-da-alm\/","title":{"rendered":"O que se pode entender sobre a elei\u00e7\u00e3o para mesa diretora da ALM"},"content":{"rendered":"\n<figure class=\"wp-block-image size-large\"><a href=\"https:\/\/www.blogsoestado.com\/joaquimhaickel\/wp-content\/uploads\/sites\/6\/2024\/11\/Plenario-Deputado-Nagib-Haickel.jpg\"><img fetchpriority=\"high\" decoding=\"async\" width=\"1024\" height=\"683\" src=\"https:\/\/www.blogsoestado.com\/joaquimhaickel\/wp-content\/uploads\/sites\/6\/2024\/11\/Plenario-Deputado-Nagib-Haickel-1024x683.jpg\" alt=\"\" class=\"wp-image-3659\" srcset=\"https:\/\/www.blogsoestado.com\/joaquimhaickel\/wp-content\/uploads\/sites\/6\/2024\/11\/Plenario-Deputado-Nagib-Haickel-1024x683.jpg 1024w, https:\/\/www.blogsoestado.com\/joaquimhaickel\/wp-content\/uploads\/sites\/6\/2024\/11\/Plenario-Deputado-Nagib-Haickel-300x200.jpg 300w, https:\/\/www.blogsoestado.com\/joaquimhaickel\/wp-content\/uploads\/sites\/6\/2024\/11\/Plenario-Deputado-Nagib-Haickel-768x512.jpg 768w, https:\/\/www.blogsoestado.com\/joaquimhaickel\/wp-content\/uploads\/sites\/6\/2024\/11\/Plenario-Deputado-Nagib-Haickel-1536x1024.jpg 1536w, https:\/\/www.blogsoestado.com\/joaquimhaickel\/wp-content\/uploads\/sites\/6\/2024\/11\/Plenario-Deputado-Nagib-Haickel.jpg 1600w\" sizes=\"(max-width: 1024px) 100vw, 1024px\" \/><\/a><\/figure>\n\n\n\n<p><\/p>\n\n\n\n<p>Em minha modesta opini\u00e3o, o resultado da elei\u00e7\u00e3o para mesa diretora da Assembleia Legislativa do Maranh\u00e3o, deixou claro para aqueles que ainda insistiam em n\u00e3o acreditar no rompimento entre Carlos Brand\u00e3o e Fl\u00e1vio Dino, que a coisa \u00e9 definitiva e s\u00e9ria, por\u00e9m, mais que isso, demonstra que nem tudo s\u00e3o rosas na rela\u00e7\u00e3o entre os deputados e o governo ou entre alguns deputados e o comando do poder legislativo estadual.<\/p>\n\n\n\n<p>O placar de 21 a 21 no primeiro e no segundo escrut\u00ednio demonstra isso de forma num\u00e9rica e categ\u00f3rica.<\/p>\n\n\n\n<p>Acredito que se possa destrinchar os n\u00fameros dessa elei\u00e7\u00e3o, sem fulanizar.<\/p>\n\n\n\n<p>Dos 21 votos obtidos por Othelino, 5 s\u00e3o votos que pertencem a deputados 100% identificados com Fl\u00e1vio Dino, outros 5 votos s\u00e3o de deputados que sofrem influ\u00eancia ou press\u00e3o coercitiva direta do ministro, enquanto 10 desses votos s\u00e3o de parlamentares desgostosos com o governo ou com a dire\u00e7\u00e3o da ALM e 1 pertence a um franco atirador, que tem demonstrado ter aprendido importantes ensinamentos pol\u00edticos em casa.<\/p>\n\n\n\n<p>Quanto aos 21 votos de Iracema, eles devem ser creditados ao Pal\u00e1cio dos Le\u00f5es e ao Pal\u00e1cio Manuel Beckman.<\/p>\n\n\n\n<p>No caso de ambos os grupos, esse apoio refletido em votos, \u00e9 circunstancial, com exce\u00e7\u00e3o de 5 deputados de um lado e 16 do outro, que podem ser considerados 100% fi\u00e9is aos seus chefes.<\/p>\n\n\n\n<p>Dito isso, restam 21 votos na ALM que precisam ser conquistados pelo governo (na pior das hip\u00f3teses, pelo menos 12), sob pena dessa disputa equilibrada inviabilizar seus projetos no legislativo e at\u00e9, quem sabe, na elei\u00e7\u00e3o.<\/p>\n\n\n\n<p>Mas, h\u00e1 um fato que pode passar despercebido para as pessoas que n\u00e3o conhecem a fundo os meandros da pol\u00edtica. O controle da mesa diretora da ALM \u00e9 crucial para um governador que pretenda se desencompatibilizar para disputar, por exemplo, o senado.<\/p>\n\n\n\n<p>Caso o governador queira deixar o governo para concorrer, em seu lugar assume o vice, que neste caso pertence ao grupo de Fl\u00e1vio Dino, o que por si s\u00f3 inviabilizaria tal projeto, pois n\u00e3o haveria confian\u00e7a suficiente entre as partes, principalmente depois do epis\u00f3dio da elei\u00e7\u00e3o na ALM.<\/p>\n\n\n\n<p>Com o trunfo no legislativo, o governador pode ter mais meios de convencimento atrav\u00e9s de um acordo onde todos possam sair perdendo menos, porque uma coisa \u00e9 certa, haver\u00e1 perdas, e essas precisar\u00e3o ser medidas e pesadas para que possam ser avaliadas quanto aos seus riscos e suas compensa\u00e7\u00f5es.<\/p>\n\n\n\n<p>Est\u00e3o recorrendo STF quanto ao dispositivo que deu a vit\u00f3ria a Iracema, pelo fato dela ter mais idade que Othelino. Se a justi\u00e7a brasileira for minimamente s\u00e9ria, e n\u00e3o sofrer influ\u00eancia esp\u00faria ou corporativismo, isso ser\u00e1 perda de tempo. Para saber se falo a verdade, basta perguntar ao deputado Carlos Lula, um dos melhores de nosso parlamento e especialista no assunto legislativo, que ele dir\u00e1 que o dispositivo do regimento da ALM \u00e9 legal e constitucional.<\/p>\n\n\n\n<p>O que na verdade n\u00e3o poderia acontecer era a reelei\u00e7\u00e3o de um mesmo parlamentar, para o mesmo cargo, no segundo bi\u00eanio de uma mesma legislatura, como vai acontecer agora com os presidentes da C\u00e2mara Federal e do Senado Nacional, mas isso eu venho dizendo h\u00e1 quase 30 anos, desde 1996.<\/p>\n\n\n\n<p>Quanto ao futuro!&#8230; Quanto a isso eu tenho dois mantras. Um \u00e9 a frase s\u00e1bia do grande Lister Caldas: \u201cQuem viver, ver\u00e1\u201d, e o outro \u00e9 tamb\u00e9m uma frase s\u00e1bia que meu pai n\u00e3o se cansava de repetir: \u201cUm mal acordo \u00e9 melhor que uma boa briga\u201d.<\/p>\n\n\n\n<p>Se fosse para apostar, eu apostaria que Brand\u00e3o ficar\u00e1 no governo at\u00e9 o fim de seu mandato, e far\u00e1 de tudo para eleger seu sucessor, dois senadores e uma grande bancada de deputados federais e estaduais&#8230;<\/p>\n\n\n\n<p>Se fosse para escolher, eu escolheria que Brand\u00e3o e Felipe se desencompatibilizassem para concorrem ao senado, que para seus lugares fossem escolhidos, na ALM, pessoas que pudessem fazer uma transi\u00e7\u00e3o sem lit\u00edgios e traumas e que os candidatos \u00e0 sucess\u00e3o deles pudessem nos trazer pelo menos alguma esperan\u00e7a de dias melhores.<\/p>\n\n\n\n<p>Dito isso, preparem as apostas.<\/p>\n\n\n\n<p>PS: Estou neste momento em Cingapura, onde s\u00e3o exatamente seis horas e dezenove minutos do dia 27 de novembro de 2024, mas nem assim eu deixo de pensar em pol\u00edtica, no Maranh\u00e3o e no Brasil.<\/p>\n","protected":false},"excerpt":{"rendered":"<p>Em minha modesta opini\u00e3o, o resultado da elei\u00e7\u00e3o para mesa diretora da Assembleia Legislativa do Maranh\u00e3o, deixou claro para aqueles [&hellip;]<\/p>\n","protected":false},"author":7,"featured_media":0,"comment_status":"open","ping_status":"open","sticky":false,"template":"","format":"standard","meta":{"site-sidebar-layout":"default","site-content-layout":"","ast-site-content-layout":"default","site-content-style":"default","site-sidebar-style":"default","ast-global-header-display":"","ast-banner-title-visibility":"","ast-main-header-display":"","ast-hfb-above-header-display":"","ast-hfb-below-header-display":"","ast-hfb-mobile-header-display":"","site-post-title":"","ast-breadcrumbs-content":"","ast-featured-img":"","footer-sml-layout":"","ast-disable-related-posts":"","theme-transparent-header-meta":"","adv-header-id-meta":"","stick-header-meta":"","header-above-stick-meta":"","header-main-stick-meta":"","header-below-stick-meta":"","astra-migrate-meta-layouts":"default","ast-page-background-enabled":"default","ast-page-background-meta":{"desktop":{"background-color":"var(--ast-global-color-5)","background-image":"","background-repeat":"repeat","background-position":"center center","background-size":"auto","background-attachment":"scroll","background-type":"","background-media":"","overlay-type":"","overlay-color":"","overlay-opacity":"","overlay-gradient":""},"tablet":{"background-color":"","background-image":"","background-repeat":"repeat","background-position":"center center","background-size":"auto","background-attachment":"scroll","background-type":"","background-media":"","overlay-type":"","overlay-color":"","overlay-opacity":"","overlay-gradient":""},"mobile":{"background-color":"","background-image":"","background-repeat":"repeat","background-position":"center center","background-size":"auto","background-attachment":"scroll","background-type":"","background-media":"","overlay-type":"","overlay-color":"","overlay-opacity":"","overlay-gradient":""}},"ast-content-background-meta":{"desktop":{"background-color":"var(--ast-global-color-4)","background-image":"","background-repeat":"repeat","background-position":"center center","background-size":"auto","background-attachment":"scroll","background-type":"","background-media":"","overlay-type":"","overlay-color":"","overlay-opacity":"","overlay-gradient":""},"tablet":{"background-color":"var(--ast-global-color-4)","background-image":"","background-repeat":"repeat","background-position":"center center","background-size":"auto","background-attachment":"scroll","background-type":"","background-media":"","overlay-type":"","overlay-color":"","overlay-opacity":"","overlay-gradient":""},"mobile":{"background-color":"var(--ast-global-color-4)","background-image":"","background-repeat":"repeat","background-position":"center center","background-size":"auto","background-attachment":"scroll","background-type":"","background-media":"","overlay-type":"","overlay-color":"","overlay-opacity":"","overlay-gradient":""}},"footnotes":""},"categories":[1],"tags":[],"class_list":["post-3658","post","type-post","status-publish","format-standard","hentry","category-sem-categoria"],"yoast_head":"<!-- This site is optimized with the Yoast SEO plugin v26.6 - https:\/\/yoast.com\/wordpress\/plugins\/seo\/ -->\n<title>O que se pode entender sobre a elei\u00e7\u00e3o para mesa diretora da ALM - Joaquim Haickel<\/title>\n<meta name=\"robots\" content=\"index, follow, max-snippet:-1, max-image-preview:large, max-video-preview:-1\" \/>\n<link rel=\"canonical\" href=\"https:\/\/www.blogsoestado.com\/joaquimhaickel\/2024\/11\/26\/o-que-se-pode-entender-sobre-a-eleicao-para-mesa-diretora-da-alm\/\" \/>\n<meta property=\"og:locale\" content=\"pt_BR\" \/>\n<meta property=\"og:type\" content=\"article\" \/>\n<meta property=\"og:title\" content=\"O que se pode entender sobre a elei\u00e7\u00e3o para mesa diretora da ALM - Joaquim Haickel\" \/>\n<meta property=\"og:description\" content=\"Em minha modesta opini\u00e3o, o resultado da elei\u00e7\u00e3o para mesa diretora da Assembleia Legislativa do Maranh\u00e3o, deixou claro para aqueles [&hellip;]\" \/>\n<meta property=\"og:url\" content=\"https:\/\/www.blogsoestado.com\/joaquimhaickel\/2024\/11\/26\/o-que-se-pode-entender-sobre-a-eleicao-para-mesa-diretora-da-alm\/\" \/>\n<meta property=\"og:site_name\" content=\"Joaquim Haickel\" \/>\n<meta property=\"article:published_time\" content=\"2024-11-26T22:24:54+00:00\" \/>\n<meta property=\"og:image\" content=\"https:\/\/www.blogsoestado.com\/joaquimhaickel\/wp-content\/uploads\/sites\/6\/2024\/11\/Plenario-Deputado-Nagib-Haickel-1024x683.jpg\" \/>\n<meta name=\"author\" content=\"Joaquim Haickel\" \/>\n<meta name=\"twitter:card\" content=\"summary_large_image\" \/>\n<meta name=\"twitter:label1\" content=\"Escrito por\" \/>\n\t<meta name=\"twitter:data1\" content=\"Joaquim Haickel\" \/>\n\t<meta name=\"twitter:label2\" content=\"Est. tempo de leitura\" \/>\n\t<meta name=\"twitter:data2\" content=\"4 minutos\" \/>\n<script type=\"application\/ld+json\" class=\"yoast-schema-graph\">{\"@context\":\"https:\/\/schema.org\",\"@graph\":[{\"@type\":\"WebPage\",\"@id\":\"https:\/\/www.blogsoestado.com\/joaquimhaickel\/2024\/11\/26\/o-que-se-pode-entender-sobre-a-eleicao-para-mesa-diretora-da-alm\/\",\"url\":\"https:\/\/www.blogsoestado.com\/joaquimhaickel\/2024\/11\/26\/o-que-se-pode-entender-sobre-a-eleicao-para-mesa-diretora-da-alm\/\",\"name\":\"O que se pode entender sobre a elei\u00e7\u00e3o para mesa diretora da ALM - Joaquim Haickel\",\"isPartOf\":{\"@id\":\"https:\/\/www.blogsoestado.com\/joaquimhaickel\/#website\"},\"primaryImageOfPage\":{\"@id\":\"https:\/\/www.blogsoestado.com\/joaquimhaickel\/2024\/11\/26\/o-que-se-pode-entender-sobre-a-eleicao-para-mesa-diretora-da-alm\/#primaryimage\"},\"image\":{\"@id\":\"https:\/\/www.blogsoestado.com\/joaquimhaickel\/2024\/11\/26\/o-que-se-pode-entender-sobre-a-eleicao-para-mesa-diretora-da-alm\/#primaryimage\"},\"thumbnailUrl\":\"https:\/\/www.blogsoestado.com\/joaquimhaickel\/wp-content\/uploads\/sites\/6\/2024\/11\/Plenario-Deputado-Nagib-Haickel-1024x683.jpg\",\"datePublished\":\"2024-11-26T22:24:54+00:00\",\"author\":{\"@id\":\"https:\/\/www.blogsoestado.com\/joaquimhaickel\/#\/schema\/person\/4a711644aff28245c6c2c3452d66d325\"},\"breadcrumb\":{\"@id\":\"https:\/\/www.blogsoestado.com\/joaquimhaickel\/2024\/11\/26\/o-que-se-pode-entender-sobre-a-eleicao-para-mesa-diretora-da-alm\/#breadcrumb\"},\"inLanguage\":\"pt-BR\",\"potentialAction\":[{\"@type\":\"ReadAction\",\"target\":[\"https:\/\/www.blogsoestado.com\/joaquimhaickel\/2024\/11\/26\/o-que-se-pode-entender-sobre-a-eleicao-para-mesa-diretora-da-alm\/\"]}]},{\"@type\":\"ImageObject\",\"inLanguage\":\"pt-BR\",\"@id\":\"https:\/\/www.blogsoestado.com\/joaquimhaickel\/2024\/11\/26\/o-que-se-pode-entender-sobre-a-eleicao-para-mesa-diretora-da-alm\/#primaryimage\",\"url\":\"https:\/\/www.blogsoestado.com\/joaquimhaickel\/wp-content\/uploads\/sites\/6\/2024\/11\/Plenario-Deputado-Nagib-Haickel.jpg\",\"contentUrl\":\"https:\/\/www.blogsoestado.com\/joaquimhaickel\/wp-content\/uploads\/sites\/6\/2024\/11\/Plenario-Deputado-Nagib-Haickel.jpg\",\"width\":1600,\"height\":1067},{\"@type\":\"BreadcrumbList\",\"@id\":\"https:\/\/www.blogsoestado.com\/joaquimhaickel\/2024\/11\/26\/o-que-se-pode-entender-sobre-a-eleicao-para-mesa-diretora-da-alm\/#breadcrumb\",\"itemListElement\":[{\"@type\":\"ListItem\",\"position\":1,\"name\":\"In\u00edcio\",\"item\":\"https:\/\/www.blogsoestado.com\/joaquimhaickel\/\"},{\"@type\":\"ListItem\",\"position\":2,\"name\":\"O que se pode entender sobre a elei\u00e7\u00e3o para mesa diretora da ALM\"}]},{\"@type\":\"WebSite\",\"@id\":\"https:\/\/www.blogsoestado.com\/joaquimhaickel\/#website\",\"url\":\"https:\/\/www.blogsoestado.com\/joaquimhaickel\/\",\"name\":\"Joaquim Haickel\",\"description\":\"\",\"potentialAction\":[{\"@type\":\"SearchAction\",\"target\":{\"@type\":\"EntryPoint\",\"urlTemplate\":\"https:\/\/www.blogsoestado.com\/joaquimhaickel\/?s={search_term_string}\"},\"query-input\":{\"@type\":\"PropertyValueSpecification\",\"valueRequired\":true,\"valueName\":\"search_term_string\"}}],\"inLanguage\":\"pt-BR\"},{\"@type\":\"Person\",\"@id\":\"https:\/\/www.blogsoestado.com\/joaquimhaickel\/#\/schema\/person\/4a711644aff28245c6c2c3452d66d325\",\"name\":\"Joaquim Haickel\",\"image\":{\"@type\":\"ImageObject\",\"inLanguage\":\"pt-BR\",\"@id\":\"https:\/\/www.blogsoestado.com\/joaquimhaickel\/#\/schema\/person\/image\/\",\"url\":\"https:\/\/secure.gravatar.com\/avatar\/473d89339b9f8ec089adb8d5778363eb5a2ba2319956bcf0298bfd8cca04684a?s=96&d=mm&r=g\",\"contentUrl\":\"https:\/\/secure.gravatar.com\/avatar\/473d89339b9f8ec089adb8d5778363eb5a2ba2319956bcf0298bfd8cca04684a?s=96&d=mm&r=g\",\"caption\":\"Joaquim Haickel\"},\"url\":\"https:\/\/www.blogsoestado.com\/joaquimhaickel\/author\/joaquimhaickel\/\"}]}<\/script>\n<!-- \/ Yoast SEO plugin. -->","yoast_head_json":{"title":"O que se pode entender sobre a elei\u00e7\u00e3o para mesa diretora da ALM - Joaquim Haickel","robots":{"index":"index","follow":"follow","max-snippet":"max-snippet:-1","max-image-preview":"max-image-preview:large","max-video-preview":"max-video-preview:-1"},"canonical":"https:\/\/www.blogsoestado.com\/joaquimhaickel\/2024\/11\/26\/o-que-se-pode-entender-sobre-a-eleicao-para-mesa-diretora-da-alm\/","og_locale":"pt_BR","og_type":"article","og_title":"O que se pode entender sobre a elei\u00e7\u00e3o para mesa diretora da ALM - Joaquim Haickel","og_description":"Em minha modesta opini\u00e3o, o resultado da elei\u00e7\u00e3o para mesa diretora da Assembleia Legislativa do Maranh\u00e3o, deixou claro para aqueles [&hellip;]","og_url":"https:\/\/www.blogsoestado.com\/joaquimhaickel\/2024\/11\/26\/o-que-se-pode-entender-sobre-a-eleicao-para-mesa-diretora-da-alm\/","og_site_name":"Joaquim Haickel","article_published_time":"2024-11-26T22:24:54+00:00","og_image":[{"url":"https:\/\/www.blogsoestado.com\/joaquimhaickel\/wp-content\/uploads\/sites\/6\/2024\/11\/Plenario-Deputado-Nagib-Haickel-1024x683.jpg","type":"","width":"","height":""}],"author":"Joaquim Haickel","twitter_card":"summary_large_image","twitter_misc":{"Escrito por":"Joaquim Haickel","Est. tempo de leitura":"4 minutos"},"schema":{"@context":"https:\/\/schema.org","@graph":[{"@type":"WebPage","@id":"https:\/\/www.blogsoestado.com\/joaquimhaickel\/2024\/11\/26\/o-que-se-pode-entender-sobre-a-eleicao-para-mesa-diretora-da-alm\/","url":"https:\/\/www.blogsoestado.com\/joaquimhaickel\/2024\/11\/26\/o-que-se-pode-entender-sobre-a-eleicao-para-mesa-diretora-da-alm\/","name":"O que se pode entender sobre a elei\u00e7\u00e3o para mesa diretora da ALM - Joaquim Haickel","isPartOf":{"@id":"https:\/\/www.blogsoestado.com\/joaquimhaickel\/#website"},"primaryImageOfPage":{"@id":"https:\/\/www.blogsoestado.com\/joaquimhaickel\/2024\/11\/26\/o-que-se-pode-entender-sobre-a-eleicao-para-mesa-diretora-da-alm\/#primaryimage"},"image":{"@id":"https:\/\/www.blogsoestado.com\/joaquimhaickel\/2024\/11\/26\/o-que-se-pode-entender-sobre-a-eleicao-para-mesa-diretora-da-alm\/#primaryimage"},"thumbnailUrl":"https:\/\/www.blogsoestado.com\/joaquimhaickel\/wp-content\/uploads\/sites\/6\/2024\/11\/Plenario-Deputado-Nagib-Haickel-1024x683.jpg","datePublished":"2024-11-26T22:24:54+00:00","author":{"@id":"https:\/\/www.blogsoestado.com\/joaquimhaickel\/#\/schema\/person\/4a711644aff28245c6c2c3452d66d325"},"breadcrumb":{"@id":"https:\/\/www.blogsoestado.com\/joaquimhaickel\/2024\/11\/26\/o-que-se-pode-entender-sobre-a-eleicao-para-mesa-diretora-da-alm\/#breadcrumb"},"inLanguage":"pt-BR","potentialAction":[{"@type":"ReadAction","target":["https:\/\/www.blogsoestado.com\/joaquimhaickel\/2024\/11\/26\/o-que-se-pode-entender-sobre-a-eleicao-para-mesa-diretora-da-alm\/"]}]},{"@type":"ImageObject","inLanguage":"pt-BR","@id":"https:\/\/www.blogsoestado.com\/joaquimhaickel\/2024\/11\/26\/o-que-se-pode-entender-sobre-a-eleicao-para-mesa-diretora-da-alm\/#primaryimage","url":"https:\/\/www.blogsoestado.com\/joaquimhaickel\/wp-content\/uploads\/sites\/6\/2024\/11\/Plenario-Deputado-Nagib-Haickel.jpg","contentUrl":"https:\/\/www.blogsoestado.com\/joaquimhaickel\/wp-content\/uploads\/sites\/6\/2024\/11\/Plenario-Deputado-Nagib-Haickel.jpg","width":1600,"height":1067},{"@type":"BreadcrumbList","@id":"https:\/\/www.blogsoestado.com\/joaquimhaickel\/2024\/11\/26\/o-que-se-pode-entender-sobre-a-eleicao-para-mesa-diretora-da-alm\/#breadcrumb","itemListElement":[{"@type":"ListItem","position":1,"name":"In\u00edcio","item":"https:\/\/www.blogsoestado.com\/joaquimhaickel\/"},{"@type":"ListItem","position":2,"name":"O que se pode entender sobre a elei\u00e7\u00e3o para mesa diretora da ALM"}]},{"@type":"WebSite","@id":"https:\/\/www.blogsoestado.com\/joaquimhaickel\/#website","url":"https:\/\/www.blogsoestado.com\/joaquimhaickel\/","name":"Joaquim Haickel","description":"","potentialAction":[{"@type":"SearchAction","target":{"@type":"EntryPoint","urlTemplate":"https:\/\/www.blogsoestado.com\/joaquimhaickel\/?s={search_term_string}"},"query-input":{"@type":"PropertyValueSpecification","valueRequired":true,"valueName":"search_term_string"}}],"inLanguage":"pt-BR"},{"@type":"Person","@id":"https:\/\/www.blogsoestado.com\/joaquimhaickel\/#\/schema\/person\/4a711644aff28245c6c2c3452d66d325","name":"Joaquim Haickel","image":{"@type":"ImageObject","inLanguage":"pt-BR","@id":"https:\/\/www.blogsoestado.com\/joaquimhaickel\/#\/schema\/person\/image\/","url":"https:\/\/secure.gravatar.com\/avatar\/473d89339b9f8ec089adb8d5778363eb5a2ba2319956bcf0298bfd8cca04684a?s=96&d=mm&r=g","contentUrl":"https:\/\/secure.gravatar.com\/avatar\/473d89339b9f8ec089adb8d5778363eb5a2ba2319956bcf0298bfd8cca04684a?s=96&d=mm&r=g","caption":"Joaquim Haickel"},"url":"https:\/\/www.blogsoestado.com\/joaquimhaickel\/author\/joaquimhaickel\/"}]}},"jetpack_featured_media_url":"","_links":{"self":[{"href":"https:\/\/www.blogsoestado.com\/joaquimhaickel\/wp-json\/wp\/v2\/posts\/3658","targetHints":{"allow":["GET"]}}],"collection":[{"href":"https:\/\/www.blogsoestado.com\/joaquimhaickel\/wp-json\/wp\/v2\/posts"}],"about":[{"href":"https:\/\/www.blogsoestado.com\/joaquimhaickel\/wp-json\/wp\/v2\/types\/post"}],"author":[{"embeddable":true,"href":"https:\/\/www.blogsoestado.com\/joaquimhaickel\/wp-json\/wp\/v2\/users\/7"}],"replies":[{"embeddable":true,"href":"https:\/\/www.blogsoestado.com\/joaquimhaickel\/wp-json\/wp\/v2\/comments?post=3658"}],"version-history":[{"count":0,"href":"https:\/\/www.blogsoestado.com\/joaquimhaickel\/wp-json\/wp\/v2\/posts\/3658\/revisions"}],"wp:attachment":[{"href":"https:\/\/www.blogsoestado.com\/joaquimhaickel\/wp-json\/wp\/v2\/media?parent=3658"}],"wp:term":[{"taxonomy":"category","embeddable":true,"href":"https:\/\/www.blogsoestado.com\/joaquimhaickel\/wp-json\/wp\/v2\/categories?post=3658"},{"taxonomy":"post_tag","embeddable":true,"href":"https:\/\/www.blogsoestado.com\/joaquimhaickel\/wp-json\/wp\/v2\/tags?post=3658"}],"curies":[{"name":"wp","href":"https:\/\/api.w.org\/{rel}","templated":true}]}}