{"id":3680,"date":"2025-01-03T19:33:42","date_gmt":"2025-01-03T22:33:42","guid":{"rendered":"https:\/\/www.blogsoestado.com\/joaquimhaickel\/?p=3680"},"modified":"2025-01-03T19:33:42","modified_gmt":"2025-01-03T22:33:42","slug":"uma-prioridade-para-2025","status":"publish","type":"post","link":"https:\/\/www.blogsoestado.com\/joaquimhaickel\/2025\/01\/03\/uma-prioridade-para-2025\/","title":{"rendered":"Uma prioridade para 2025"},"content":{"rendered":"\n<figure class=\"wp-block-image size-large is-resized\"><a href=\"https:\/\/www.blogsoestado.com\/joaquimhaickel\/wp-content\/uploads\/sites\/6\/2025\/01\/urna_reforma_eleitoral-1.jpg\"><img fetchpriority=\"high\" decoding=\"async\" src=\"https:\/\/www.blogsoestado.com\/joaquimhaickel\/wp-content\/uploads\/sites\/6\/2025\/01\/urna_reforma_eleitoral-1.jpg\" alt=\"\" class=\"wp-image-3682\" width=\"641\" height=\"309\" srcset=\"https:\/\/www.blogsoestado.com\/joaquimhaickel\/wp-content\/uploads\/sites\/6\/2025\/01\/urna_reforma_eleitoral-1.jpg 810w, https:\/\/www.blogsoestado.com\/joaquimhaickel\/wp-content\/uploads\/sites\/6\/2025\/01\/urna_reforma_eleitoral-1-300x144.jpg 300w, https:\/\/www.blogsoestado.com\/joaquimhaickel\/wp-content\/uploads\/sites\/6\/2025\/01\/urna_reforma_eleitoral-1-768x370.jpg 768w\" sizes=\"(max-width: 641px) 100vw, 641px\" \/><\/a><\/figure>\n\n\n\n<p>J\u00e1 est\u00e1 passando da hora de fazermos uma reforma eleitoral em nosso pa\u00eds e 2025 seria o ano ideal para fazermos isso.<\/p>\n\n\n\n<p>Nosso sistema eleitoral e as leis que o sustentam, n\u00e3o est\u00e3o a altura de nossas necessidades e da exig\u00eancia dos tempos atuais.<\/p>\n\n\n\n<p>O sistema de voto proporcional, al\u00e9m de injusto, n\u00e3o representa a efetiva vontade do eleitor, uma vez que com ele, muitas vezes, ao exercermos nosso direito de voto, escolhemos uma pessoa para nos representar e acabamos elegendo outras, que nem conhecemos.<\/p>\n\n\n\n<p>A dura\u00e7\u00e3o dos mandatos e a ocorr\u00eancia de elei\u00e7\u00f5es descasadas, de dois em dois anos, transforma o Brasil em um grande ringue onde nem bem acaba uma briga eleitoral j\u00e1 come\u00e7a outra, fazendo com que os mandat\u00e1rios vivam eternamente em campanha eleitoral, n\u00e3o descendo nunca dos palanques, o que faz com que n\u00e3o se dediquem efetivamente a suas atividades, que s\u00e3o, ou pelo menos deveriam ser, pensar em como fazer a vida das pessoas ficarem melhores e administrar o dia a dia das cidades, dos estados e do pa\u00eds de forma minimamente satisfat\u00f3ria, o que parece nunca acontecer.<\/p>\n\n\n\n<p>A extrema radicaliza\u00e7\u00e3o pol\u00edtica pela qual passamos se deve em grande parte ao fato de termos elei\u00e7\u00f5es de dois em dois anos, \u201cfutebolizando\u201d nossa vida, transformando o povo brasileiros em torcedores e fazendo com que o status de cidad\u00e3o fique completamente desqualificado por isso.<\/p>\n\n\n\n<p>Em minha modesta opini\u00e3o as elei\u00e7\u00f5es deveriam ser unificadas e gerais, de vereador a presidente da republica. Elas deveriam acontecerem em dois dias subsequentes, um s\u00e1bado e um domingo, onde se votasse no primeiro dia para vereador, prefeito, deputado estadual e governador e no dia seguinte para deputado federal, senador e presidente da rep\u00fablica.<\/p>\n\n\n\n<p>Os mandatos deveriam ser todos de seis anos, sem reelei\u00e7\u00e3o para os cargos do poder executivo, nem mesmo em mandatos intercalados.<\/p>\n\n\n\n<p>O voto para a elei\u00e7\u00e3o de vagas do legislativo deveria ser distrital, onde cada munic\u00edpio e estado seria dividido em distritos no numero proporcional ao n\u00famero de vagas a serem preenchidas em cada C\u00e2mara Municipais ou Assembleias Legislativas, ou mesmo para a representa\u00e7\u00e3o na C\u00e2mara Federal. Quanto ao Senado Nacional, o voto continuaria sendo majorit\u00e1rio, colhido em cada um dos estados, como um todo, exatamente como no caso dos governadores, j\u00e1 que estes, segundo nossa constitui\u00e7\u00e3o, s\u00e3o os representantes dos estados no poder legislativo federal, enquanto os deputados federais, representam o povo brasileiro.<\/p>\n\n\n\n<p>Ainda no caso dos cargos de senadores, acredito que uma das disfun\u00e7\u00e3o de nossa legisla\u00e7\u00e3o, seja o fato de algu\u00e9m que n\u00e3o obteve diretamente nenhum voto, &nbsp;como os senadores suplentes, possa substituir algu\u00e9m que recebeu o apoio efetivo de milhares de eleitores. Em minha opini\u00e3o os suplentes de senador, deveriam ser aqueles candidatos que t\u00e3o tendo sido o mais votado foram os demais votados em ordem de quantidade de votos obtidos naquele pleito.<\/p>\n\n\n\n<p>O voto deve ser unit\u00e1rio, individual e n\u00e3o obrigat\u00f3rio, captado de forma eletr\u00f4nica, adit\u00e1vel e impressa, com QR CODE, mas sua contabiliza\u00e7\u00e3o deve feita de forma eletr\u00f4nica, n\u00e3o manual.<\/p>\n\n\n\n<p>A legisla\u00e7\u00e3o eleitoral s\u00f3 poderiam ser estabelecida pelo poder judici\u00e1rio em casos excepcionais, obrigando o poder legislativo, em curto prazo, a referend\u00e1-las ou substitui-las, em caso de necessidade.<\/p>\n\n\n\n<p>Talvez essas sugest\u00f5es possam ser melhoradas, mas acredito que sejam um primeiro passo para come\u00e7armos a tratar de um dos mais importantes assuntos de nosso pa\u00eds.<\/p>\n\n\n\n<p>Infelizmente acredito que nossos mandat\u00e1rios n\u00e3o estejam interessados em fazer qualquer reforma em nosso pa\u00eds, pois no caos em que estamos, fica mais f\u00e1cil para eles permanecerem no poder.<\/p>\n","protected":false},"excerpt":{"rendered":"<p>J\u00e1 est\u00e1 passando da hora de fazermos uma reforma eleitoral em nosso pa\u00eds e 2025 seria o ano ideal para [&hellip;]<\/p>\n","protected":false},"author":7,"featured_media":0,"comment_status":"open","ping_status":"open","sticky":false,"template":"","format":"standard","meta":{"site-sidebar-layout":"default","site-content-layout":"","ast-site-content-layout":"default","site-content-style":"default","site-sidebar-style":"default","ast-global-header-display":"","ast-banner-title-visibility":"","ast-main-header-display":"","ast-hfb-above-header-display":"","ast-hfb-below-header-display":"","ast-hfb-mobile-header-display":"","site-post-title":"","ast-breadcrumbs-content":"","ast-featured-img":"","footer-sml-layout":"","ast-disable-related-posts":"","theme-transparent-header-meta":"","adv-header-id-meta":"","stick-header-meta":"","header-above-stick-meta":"","header-main-stick-meta":"","header-below-stick-meta":"","astra-migrate-meta-layouts":"default","ast-page-background-enabled":"default","ast-page-background-meta":{"desktop":{"background-color":"var(--ast-global-color-5)","background-image":"","background-repeat":"repeat","background-position":"center center","background-size":"auto","background-attachment":"scroll","background-type":"","background-media":"","overlay-type":"","overlay-color":"","overlay-opacity":"","overlay-gradient":""},"tablet":{"background-color":"","background-image":"","background-repeat":"repeat","background-position":"center center","background-size":"auto","background-attachment":"scroll","background-type":"","background-media":"","overlay-type":"","overlay-color":"","overlay-opacity":"","overlay-gradient":""},"mobile":{"background-color":"","background-image":"","background-repeat":"repeat","background-position":"center center","background-size":"auto","background-attachment":"scroll","background-type":"","background-media":"","overlay-type":"","overlay-color":"","overlay-opacity":"","overlay-gradient":""}},"ast-content-background-meta":{"desktop":{"background-color":"var(--ast-global-color-4)","background-image":"","background-repeat":"repeat","background-position":"center center","background-size":"auto","background-attachment":"scroll","background-type":"","background-media":"","overlay-type":"","overlay-color":"","overlay-opacity":"","overlay-gradient":""},"tablet":{"background-color":"var(--ast-global-color-4)","background-image":"","background-repeat":"repeat","background-position":"center center","background-size":"auto","background-attachment":"scroll","background-type":"","background-media":"","overlay-type":"","overlay-color":"","overlay-opacity":"","overlay-gradient":""},"mobile":{"background-color":"var(--ast-global-color-4)","background-image":"","background-repeat":"repeat","background-position":"center center","background-size":"auto","background-attachment":"scroll","background-type":"","background-media":"","overlay-type":"","overlay-color":"","overlay-opacity":"","overlay-gradient":""}},"footnotes":""},"categories":[1],"tags":[],"class_list":["post-3680","post","type-post","status-publish","format-standard","hentry","category-sem-categoria"],"yoast_head":"<!-- This site is optimized with the Yoast SEO plugin v26.6 - https:\/\/yoast.com\/wordpress\/plugins\/seo\/ -->\n<title>Uma prioridade para 2025 - Joaquim Haickel<\/title>\n<meta name=\"robots\" content=\"index, follow, max-snippet:-1, max-image-preview:large, max-video-preview:-1\" \/>\n<link rel=\"canonical\" href=\"https:\/\/www.blogsoestado.com\/joaquimhaickel\/2025\/01\/03\/uma-prioridade-para-2025\/\" \/>\n<meta property=\"og:locale\" content=\"pt_BR\" \/>\n<meta property=\"og:type\" content=\"article\" \/>\n<meta property=\"og:title\" content=\"Uma prioridade para 2025 - Joaquim Haickel\" \/>\n<meta property=\"og:description\" content=\"J\u00e1 est\u00e1 passando da hora de fazermos uma reforma eleitoral em nosso pa\u00eds e 2025 seria o ano ideal para [&hellip;]\" \/>\n<meta property=\"og:url\" content=\"https:\/\/www.blogsoestado.com\/joaquimhaickel\/2025\/01\/03\/uma-prioridade-para-2025\/\" \/>\n<meta property=\"og:site_name\" content=\"Joaquim Haickel\" \/>\n<meta property=\"article:published_time\" content=\"2025-01-03T22:33:42+00:00\" \/>\n<meta property=\"og:image\" content=\"https:\/\/www.blogsoestado.com\/joaquimhaickel\/wp-content\/uploads\/sites\/6\/2025\/01\/urna_reforma_eleitoral-1.jpg\" \/>\n<meta name=\"author\" content=\"Joaquim Haickel\" \/>\n<meta name=\"twitter:card\" content=\"summary_large_image\" \/>\n<meta name=\"twitter:label1\" content=\"Escrito por\" \/>\n\t<meta name=\"twitter:data1\" content=\"Joaquim Haickel\" \/>\n\t<meta name=\"twitter:label2\" content=\"Est. tempo de leitura\" \/>\n\t<meta name=\"twitter:data2\" content=\"3 minutos\" \/>\n<script type=\"application\/ld+json\" class=\"yoast-schema-graph\">{\"@context\":\"https:\/\/schema.org\",\"@graph\":[{\"@type\":\"WebPage\",\"@id\":\"https:\/\/www.blogsoestado.com\/joaquimhaickel\/2025\/01\/03\/uma-prioridade-para-2025\/\",\"url\":\"https:\/\/www.blogsoestado.com\/joaquimhaickel\/2025\/01\/03\/uma-prioridade-para-2025\/\",\"name\":\"Uma prioridade para 2025 - Joaquim Haickel\",\"isPartOf\":{\"@id\":\"https:\/\/www.blogsoestado.com\/joaquimhaickel\/#website\"},\"primaryImageOfPage\":{\"@id\":\"https:\/\/www.blogsoestado.com\/joaquimhaickel\/2025\/01\/03\/uma-prioridade-para-2025\/#primaryimage\"},\"image\":{\"@id\":\"https:\/\/www.blogsoestado.com\/joaquimhaickel\/2025\/01\/03\/uma-prioridade-para-2025\/#primaryimage\"},\"thumbnailUrl\":\"https:\/\/www.blogsoestado.com\/joaquimhaickel\/wp-content\/uploads\/sites\/6\/2025\/01\/urna_reforma_eleitoral-1.jpg\",\"datePublished\":\"2025-01-03T22:33:42+00:00\",\"author\":{\"@id\":\"https:\/\/www.blogsoestado.com\/joaquimhaickel\/#\/schema\/person\/4a711644aff28245c6c2c3452d66d325\"},\"breadcrumb\":{\"@id\":\"https:\/\/www.blogsoestado.com\/joaquimhaickel\/2025\/01\/03\/uma-prioridade-para-2025\/#breadcrumb\"},\"inLanguage\":\"pt-BR\",\"potentialAction\":[{\"@type\":\"ReadAction\",\"target\":[\"https:\/\/www.blogsoestado.com\/joaquimhaickel\/2025\/01\/03\/uma-prioridade-para-2025\/\"]}]},{\"@type\":\"ImageObject\",\"inLanguage\":\"pt-BR\",\"@id\":\"https:\/\/www.blogsoestado.com\/joaquimhaickel\/2025\/01\/03\/uma-prioridade-para-2025\/#primaryimage\",\"url\":\"https:\/\/www.blogsoestado.com\/joaquimhaickel\/wp-content\/uploads\/sites\/6\/2025\/01\/urna_reforma_eleitoral-1.jpg\",\"contentUrl\":\"https:\/\/www.blogsoestado.com\/joaquimhaickel\/wp-content\/uploads\/sites\/6\/2025\/01\/urna_reforma_eleitoral-1.jpg\"},{\"@type\":\"BreadcrumbList\",\"@id\":\"https:\/\/www.blogsoestado.com\/joaquimhaickel\/2025\/01\/03\/uma-prioridade-para-2025\/#breadcrumb\",\"itemListElement\":[{\"@type\":\"ListItem\",\"position\":1,\"name\":\"In\u00edcio\",\"item\":\"https:\/\/www.blogsoestado.com\/joaquimhaickel\/\"},{\"@type\":\"ListItem\",\"position\":2,\"name\":\"Uma prioridade para 2025\"}]},{\"@type\":\"WebSite\",\"@id\":\"https:\/\/www.blogsoestado.com\/joaquimhaickel\/#website\",\"url\":\"https:\/\/www.blogsoestado.com\/joaquimhaickel\/\",\"name\":\"Joaquim Haickel\",\"description\":\"\",\"potentialAction\":[{\"@type\":\"SearchAction\",\"target\":{\"@type\":\"EntryPoint\",\"urlTemplate\":\"https:\/\/www.blogsoestado.com\/joaquimhaickel\/?s={search_term_string}\"},\"query-input\":{\"@type\":\"PropertyValueSpecification\",\"valueRequired\":true,\"valueName\":\"search_term_string\"}}],\"inLanguage\":\"pt-BR\"},{\"@type\":\"Person\",\"@id\":\"https:\/\/www.blogsoestado.com\/joaquimhaickel\/#\/schema\/person\/4a711644aff28245c6c2c3452d66d325\",\"name\":\"Joaquim Haickel\",\"image\":{\"@type\":\"ImageObject\",\"inLanguage\":\"pt-BR\",\"@id\":\"https:\/\/www.blogsoestado.com\/joaquimhaickel\/#\/schema\/person\/image\/\",\"url\":\"https:\/\/secure.gravatar.com\/avatar\/473d89339b9f8ec089adb8d5778363eb5a2ba2319956bcf0298bfd8cca04684a?s=96&d=mm&r=g\",\"contentUrl\":\"https:\/\/secure.gravatar.com\/avatar\/473d89339b9f8ec089adb8d5778363eb5a2ba2319956bcf0298bfd8cca04684a?s=96&d=mm&r=g\",\"caption\":\"Joaquim Haickel\"},\"url\":\"https:\/\/www.blogsoestado.com\/joaquimhaickel\/author\/joaquimhaickel\/\"}]}<\/script>\n<!-- \/ Yoast SEO plugin. -->","yoast_head_json":{"title":"Uma prioridade para 2025 - Joaquim Haickel","robots":{"index":"index","follow":"follow","max-snippet":"max-snippet:-1","max-image-preview":"max-image-preview:large","max-video-preview":"max-video-preview:-1"},"canonical":"https:\/\/www.blogsoestado.com\/joaquimhaickel\/2025\/01\/03\/uma-prioridade-para-2025\/","og_locale":"pt_BR","og_type":"article","og_title":"Uma prioridade para 2025 - Joaquim Haickel","og_description":"J\u00e1 est\u00e1 passando da hora de fazermos uma reforma eleitoral em nosso pa\u00eds e 2025 seria o ano ideal para [&hellip;]","og_url":"https:\/\/www.blogsoestado.com\/joaquimhaickel\/2025\/01\/03\/uma-prioridade-para-2025\/","og_site_name":"Joaquim Haickel","article_published_time":"2025-01-03T22:33:42+00:00","og_image":[{"url":"https:\/\/www.blogsoestado.com\/joaquimhaickel\/wp-content\/uploads\/sites\/6\/2025\/01\/urna_reforma_eleitoral-1.jpg","type":"","width":"","height":""}],"author":"Joaquim Haickel","twitter_card":"summary_large_image","twitter_misc":{"Escrito por":"Joaquim Haickel","Est. tempo de leitura":"3 minutos"},"schema":{"@context":"https:\/\/schema.org","@graph":[{"@type":"WebPage","@id":"https:\/\/www.blogsoestado.com\/joaquimhaickel\/2025\/01\/03\/uma-prioridade-para-2025\/","url":"https:\/\/www.blogsoestado.com\/joaquimhaickel\/2025\/01\/03\/uma-prioridade-para-2025\/","name":"Uma prioridade para 2025 - Joaquim Haickel","isPartOf":{"@id":"https:\/\/www.blogsoestado.com\/joaquimhaickel\/#website"},"primaryImageOfPage":{"@id":"https:\/\/www.blogsoestado.com\/joaquimhaickel\/2025\/01\/03\/uma-prioridade-para-2025\/#primaryimage"},"image":{"@id":"https:\/\/www.blogsoestado.com\/joaquimhaickel\/2025\/01\/03\/uma-prioridade-para-2025\/#primaryimage"},"thumbnailUrl":"https:\/\/www.blogsoestado.com\/joaquimhaickel\/wp-content\/uploads\/sites\/6\/2025\/01\/urna_reforma_eleitoral-1.jpg","datePublished":"2025-01-03T22:33:42+00:00","author":{"@id":"https:\/\/www.blogsoestado.com\/joaquimhaickel\/#\/schema\/person\/4a711644aff28245c6c2c3452d66d325"},"breadcrumb":{"@id":"https:\/\/www.blogsoestado.com\/joaquimhaickel\/2025\/01\/03\/uma-prioridade-para-2025\/#breadcrumb"},"inLanguage":"pt-BR","potentialAction":[{"@type":"ReadAction","target":["https:\/\/www.blogsoestado.com\/joaquimhaickel\/2025\/01\/03\/uma-prioridade-para-2025\/"]}]},{"@type":"ImageObject","inLanguage":"pt-BR","@id":"https:\/\/www.blogsoestado.com\/joaquimhaickel\/2025\/01\/03\/uma-prioridade-para-2025\/#primaryimage","url":"https:\/\/www.blogsoestado.com\/joaquimhaickel\/wp-content\/uploads\/sites\/6\/2025\/01\/urna_reforma_eleitoral-1.jpg","contentUrl":"https:\/\/www.blogsoestado.com\/joaquimhaickel\/wp-content\/uploads\/sites\/6\/2025\/01\/urna_reforma_eleitoral-1.jpg"},{"@type":"BreadcrumbList","@id":"https:\/\/www.blogsoestado.com\/joaquimhaickel\/2025\/01\/03\/uma-prioridade-para-2025\/#breadcrumb","itemListElement":[{"@type":"ListItem","position":1,"name":"In\u00edcio","item":"https:\/\/www.blogsoestado.com\/joaquimhaickel\/"},{"@type":"ListItem","position":2,"name":"Uma prioridade para 2025"}]},{"@type":"WebSite","@id":"https:\/\/www.blogsoestado.com\/joaquimhaickel\/#website","url":"https:\/\/www.blogsoestado.com\/joaquimhaickel\/","name":"Joaquim Haickel","description":"","potentialAction":[{"@type":"SearchAction","target":{"@type":"EntryPoint","urlTemplate":"https:\/\/www.blogsoestado.com\/joaquimhaickel\/?s={search_term_string}"},"query-input":{"@type":"PropertyValueSpecification","valueRequired":true,"valueName":"search_term_string"}}],"inLanguage":"pt-BR"},{"@type":"Person","@id":"https:\/\/www.blogsoestado.com\/joaquimhaickel\/#\/schema\/person\/4a711644aff28245c6c2c3452d66d325","name":"Joaquim Haickel","image":{"@type":"ImageObject","inLanguage":"pt-BR","@id":"https:\/\/www.blogsoestado.com\/joaquimhaickel\/#\/schema\/person\/image\/","url":"https:\/\/secure.gravatar.com\/avatar\/473d89339b9f8ec089adb8d5778363eb5a2ba2319956bcf0298bfd8cca04684a?s=96&d=mm&r=g","contentUrl":"https:\/\/secure.gravatar.com\/avatar\/473d89339b9f8ec089adb8d5778363eb5a2ba2319956bcf0298bfd8cca04684a?s=96&d=mm&r=g","caption":"Joaquim Haickel"},"url":"https:\/\/www.blogsoestado.com\/joaquimhaickel\/author\/joaquimhaickel\/"}]}},"jetpack_featured_media_url":"","_links":{"self":[{"href":"https:\/\/www.blogsoestado.com\/joaquimhaickel\/wp-json\/wp\/v2\/posts\/3680","targetHints":{"allow":["GET"]}}],"collection":[{"href":"https:\/\/www.blogsoestado.com\/joaquimhaickel\/wp-json\/wp\/v2\/posts"}],"about":[{"href":"https:\/\/www.blogsoestado.com\/joaquimhaickel\/wp-json\/wp\/v2\/types\/post"}],"author":[{"embeddable":true,"href":"https:\/\/www.blogsoestado.com\/joaquimhaickel\/wp-json\/wp\/v2\/users\/7"}],"replies":[{"embeddable":true,"href":"https:\/\/www.blogsoestado.com\/joaquimhaickel\/wp-json\/wp\/v2\/comments?post=3680"}],"version-history":[{"count":0,"href":"https:\/\/www.blogsoestado.com\/joaquimhaickel\/wp-json\/wp\/v2\/posts\/3680\/revisions"}],"wp:attachment":[{"href":"https:\/\/www.blogsoestado.com\/joaquimhaickel\/wp-json\/wp\/v2\/media?parent=3680"}],"wp:term":[{"taxonomy":"category","embeddable":true,"href":"https:\/\/www.blogsoestado.com\/joaquimhaickel\/wp-json\/wp\/v2\/categories?post=3680"},{"taxonomy":"post_tag","embeddable":true,"href":"https:\/\/www.blogsoestado.com\/joaquimhaickel\/wp-json\/wp\/v2\/tags?post=3680"}],"curies":[{"name":"wp","href":"https:\/\/api.w.org\/{rel}","templated":true}]}}