{"id":3785,"date":"2025-04-02T07:22:22","date_gmt":"2025-04-02T10:22:22","guid":{"rendered":"https:\/\/www.blogsoestado.com\/joaquimhaickel\/?p=3775"},"modified":"2025-04-02T07:22:22","modified_gmt":"2025-04-02T10:22:22","slug":"um-jeito-facil-de-viabilizar-a-anistia-para-as-pessoas-que-cometeram-crimes-de-menor-gravidade","status":"publish","type":"post","link":"https:\/\/www.blogsoestado.com\/joaquimhaickel\/2025\/04\/02\/um-jeito-facil-de-viabilizar-a-anistia-para-as-pessoas-que-cometeram-crimes-de-menor-gravidade\/","title":{"rendered":"Um jeito f\u00e1cil de viabilizar a anistia para as pessoas que cometeram crimes de menor gravidade."},"content":{"rendered":"\n<figure class=\"wp-block-image size-large is-resized\"><a href=\"https:\/\/www.blogsoestado.com\/joaquimhaickel\/files\/2025\/04\/Um-jeito-facil-de-viabilizar-a-anistia-para-as-pessoas-que-cometeram-crimes-de-menor-gravidade..png\"><img fetchpriority=\"high\" decoding=\"async\" src=\"https:\/\/www.blogsoestado.com\/joaquimhaickel\/files\/2025\/04\/Um-jeito-facil-de-viabilizar-a-anistia-para-as-pessoas-que-cometeram-crimes-de-menor-gravidade.-1024x1024.png\" alt=\"\" class=\"wp-image-3776\" width=\"449\" height=\"449\"\/><\/a><\/figure>\n\n\n\n<p>Penso que h\u00e1 uma forma do Projeto de Lei da Anistia ser colocado em pauta e ser aprovado na C\u00e2mara assim como no Senado e no Congresso Nacional. Basta que se inclua um dispositivo nele que preveja que a anistia da qual ele trata s\u00f3 poder\u00e1 ser aplicada no caso de pessoas que participaram dos atos de vandalismo e depreda\u00e7\u00e3o dos pr\u00e9dios localizados na Pra\u00e7a dos Tr\u00eas Poderes, em Bras\u00edlia, no dia 8 de janeiro de 2023, mas n\u00e3o se aplica para aqueles que ocupavam cargos no governo federal naquela data, da mesma forma que n\u00e3o se aplica para aqueles que n\u00e3o estando ali presentes, naquela data, ocuparam cargos no governo federal entre 1\u00ba de outubro e 31 de dezembro de 2022.<\/p>\n\n\n\n<p>Penso que desta maneira ser\u00e1 contemplado o anseio daqueles direitistas que desejam eliminar a crueldade e a injusti\u00e7a cometida contra pessoas que cometeram delitos menores e foram inclusive acusadas de crimes que n\u00e3o cometeram.<\/p>\n\n\n\n<p>Por outro lado, acredito que tamb\u00e9m ser\u00e1 contemplado o anseio daqueles esquerdistas que n\u00e3o admitiam a anistia para crimes menores por temerem que essa anistia seja usada em favor de Bolsonaro e sua turma.<\/p>\n\n\n\n<p>Fazendo isso tamb\u00e9m se cria a possibilita de apura\u00e7\u00e3o da culpa e consequente julgamento daqueles que s\u00e3o acusados de planejarem e tentarem um golpe de estado, como tamb\u00e9m se coloca luz sobre os atos daqueles que, tudo indica, facilitaram, de maneira criminosa, o acesso e a entrada dos v\u00e2ndalos nos pr\u00e9dios que foram depredados no dia 8 de janeiro de 2023 e aqueles que obstru\u00edram as investiga\u00e7\u00f5es.<\/p>\n\n\n\n<p>Fazendo isso acredito que rasgaremos as m\u00e1scaras dos hip\u00f3critas de esquerda e de direita, uns que n\u00e3o t\u00eam vergonha de cometer crueldade e injusti\u00e7a para alcan\u00e7ar seu objetivo, e outros a que na falta de vergonha usam pessoas como desculpa para atingirem seus objetivos.<\/p>\n","protected":false},"excerpt":{"rendered":"<p>Penso que h\u00e1 uma forma do Projeto de Lei da Anistia ser colocado em pauta e ser aprovado na C\u00e2mara [&hellip;]<\/p>\n","protected":false},"author":7,"featured_media":0,"comment_status":"open","ping_status":"open","sticky":false,"template":"","format":"standard","meta":{"site-sidebar-layout":"default","site-content-layout":"","ast-site-content-layout":"default","site-content-style":"default","site-sidebar-style":"default","ast-global-header-display":"","ast-banner-title-visibility":"","ast-main-header-display":"","ast-hfb-above-header-display":"","ast-hfb-below-header-display":"","ast-hfb-mobile-header-display":"","site-post-title":"","ast-breadcrumbs-content":"","ast-featured-img":"","footer-sml-layout":"","ast-disable-related-posts":"","theme-transparent-header-meta":"","adv-header-id-meta":"","stick-header-meta":"","header-above-stick-meta":"","header-main-stick-meta":"","header-below-stick-meta":"","astra-migrate-meta-layouts":"default","ast-page-background-enabled":"default","ast-page-background-meta":{"desktop":{"background-color":"var(--ast-global-color-5)","background-image":"","background-repeat":"repeat","background-position":"center center","background-size":"auto","background-attachment":"scroll","background-type":"","background-media":"","overlay-type":"","overlay-color":"","overlay-opacity":"","overlay-gradient":""},"tablet":{"background-color":"","background-image":"","background-repeat":"repeat","background-position":"center center","background-size":"auto","background-attachment":"scroll","background-type":"","background-media":"","overlay-type":"","overlay-color":"","overlay-opacity":"","overlay-gradient":""},"mobile":{"background-color":"","background-image":"","background-repeat":"repeat","background-position":"center center","background-size":"auto","background-attachment":"scroll","background-type":"","background-media":"","overlay-type":"","overlay-color":"","overlay-opacity":"","overlay-gradient":""}},"ast-content-background-meta":{"desktop":{"background-color":"var(--ast-global-color-4)","background-image":"","background-repeat":"repeat","background-position":"center center","background-size":"auto","background-attachment":"scroll","background-type":"","background-media":"","overlay-type":"","overlay-color":"","overlay-opacity":"","overlay-gradient":""},"tablet":{"background-color":"var(--ast-global-color-4)","background-image":"","background-repeat":"repeat","background-position":"center center","background-size":"auto","background-attachment":"scroll","background-type":"","background-media":"","overlay-type":"","overlay-color":"","overlay-opacity":"","overlay-gradient":""},"mobile":{"background-color":"var(--ast-global-color-4)","background-image":"","background-repeat":"repeat","background-position":"center center","background-size":"auto","background-attachment":"scroll","background-type":"","background-media":"","overlay-type":"","overlay-color":"","overlay-opacity":"","overlay-gradient":""}},"footnotes":""},"categories":[1],"tags":[],"class_list":["post-3785","post","type-post","status-publish","format-standard","hentry","category-sem-categoria"],"yoast_head":"<!-- This site is optimized with the Yoast SEO plugin v26.6 - https:\/\/yoast.com\/wordpress\/plugins\/seo\/ -->\n<title>Um jeito f\u00e1cil de viabilizar a anistia para as pessoas que cometeram crimes de menor gravidade. - Joaquim Haickel<\/title>\n<meta name=\"robots\" content=\"index, follow, max-snippet:-1, max-image-preview:large, max-video-preview:-1\" \/>\n<link rel=\"canonical\" href=\"https:\/\/www.blogsoestado.com\/joaquimhaickel\/2025\/04\/02\/um-jeito-facil-de-viabilizar-a-anistia-para-as-pessoas-que-cometeram-crimes-de-menor-gravidade\/\" \/>\n<meta property=\"og:locale\" content=\"pt_BR\" \/>\n<meta property=\"og:type\" content=\"article\" \/>\n<meta property=\"og:title\" content=\"Um jeito f\u00e1cil de viabilizar a anistia para as pessoas que cometeram crimes de menor gravidade. - Joaquim Haickel\" \/>\n<meta property=\"og:description\" content=\"Penso que h\u00e1 uma forma do Projeto de Lei da Anistia ser colocado em pauta e ser aprovado na C\u00e2mara [&hellip;]\" \/>\n<meta property=\"og:url\" content=\"https:\/\/www.blogsoestado.com\/joaquimhaickel\/2025\/04\/02\/um-jeito-facil-de-viabilizar-a-anistia-para-as-pessoas-que-cometeram-crimes-de-menor-gravidade\/\" \/>\n<meta property=\"og:site_name\" content=\"Joaquim Haickel\" \/>\n<meta property=\"article:published_time\" content=\"2025-04-02T10:22:22+00:00\" \/>\n<meta property=\"og:image\" content=\"https:\/\/www.blogsoestado.com\/joaquimhaickel\/files\/2025\/04\/Um-jeito-facil-de-viabilizar-a-anistia-para-as-pessoas-que-cometeram-crimes-de-menor-gravidade.-1024x1024.png\" \/>\n<meta name=\"author\" content=\"Joaquim Haickel\" \/>\n<meta name=\"twitter:card\" content=\"summary_large_image\" \/>\n<meta name=\"twitter:label1\" content=\"Escrito por\" \/>\n\t<meta name=\"twitter:data1\" content=\"Joaquim Haickel\" \/>\n\t<meta name=\"twitter:label2\" content=\"Est. tempo de leitura\" \/>\n\t<meta name=\"twitter:data2\" content=\"2 minutos\" \/>\n<script type=\"application\/ld+json\" class=\"yoast-schema-graph\">{\"@context\":\"https:\/\/schema.org\",\"@graph\":[{\"@type\":\"WebPage\",\"@id\":\"https:\/\/www.blogsoestado.com\/joaquimhaickel\/2025\/04\/02\/um-jeito-facil-de-viabilizar-a-anistia-para-as-pessoas-que-cometeram-crimes-de-menor-gravidade\/\",\"url\":\"https:\/\/www.blogsoestado.com\/joaquimhaickel\/2025\/04\/02\/um-jeito-facil-de-viabilizar-a-anistia-para-as-pessoas-que-cometeram-crimes-de-menor-gravidade\/\",\"name\":\"Um jeito f\u00e1cil de viabilizar a anistia para as pessoas que cometeram crimes de menor gravidade. - Joaquim Haickel\",\"isPartOf\":{\"@id\":\"https:\/\/www.blogsoestado.com\/joaquimhaickel\/#website\"},\"primaryImageOfPage\":{\"@id\":\"https:\/\/www.blogsoestado.com\/joaquimhaickel\/2025\/04\/02\/um-jeito-facil-de-viabilizar-a-anistia-para-as-pessoas-que-cometeram-crimes-de-menor-gravidade\/#primaryimage\"},\"image\":{\"@id\":\"https:\/\/www.blogsoestado.com\/joaquimhaickel\/2025\/04\/02\/um-jeito-facil-de-viabilizar-a-anistia-para-as-pessoas-que-cometeram-crimes-de-menor-gravidade\/#primaryimage\"},\"thumbnailUrl\":\"https:\/\/www.blogsoestado.com\/joaquimhaickel\/files\/2025\/04\/Um-jeito-facil-de-viabilizar-a-anistia-para-as-pessoas-que-cometeram-crimes-de-menor-gravidade.-1024x1024.png\",\"datePublished\":\"2025-04-02T10:22:22+00:00\",\"author\":{\"@id\":\"https:\/\/www.blogsoestado.com\/joaquimhaickel\/#\/schema\/person\/4a711644aff28245c6c2c3452d66d325\"},\"breadcrumb\":{\"@id\":\"https:\/\/www.blogsoestado.com\/joaquimhaickel\/2025\/04\/02\/um-jeito-facil-de-viabilizar-a-anistia-para-as-pessoas-que-cometeram-crimes-de-menor-gravidade\/#breadcrumb\"},\"inLanguage\":\"pt-BR\",\"potentialAction\":[{\"@type\":\"ReadAction\",\"target\":[\"https:\/\/www.blogsoestado.com\/joaquimhaickel\/2025\/04\/02\/um-jeito-facil-de-viabilizar-a-anistia-para-as-pessoas-que-cometeram-crimes-de-menor-gravidade\/\"]}]},{\"@type\":\"ImageObject\",\"inLanguage\":\"pt-BR\",\"@id\":\"https:\/\/www.blogsoestado.com\/joaquimhaickel\/2025\/04\/02\/um-jeito-facil-de-viabilizar-a-anistia-para-as-pessoas-que-cometeram-crimes-de-menor-gravidade\/#primaryimage\",\"url\":\"https:\/\/www.blogsoestado.com\/joaquimhaickel\/files\/2025\/04\/Um-jeito-facil-de-viabilizar-a-anistia-para-as-pessoas-que-cometeram-crimes-de-menor-gravidade.-1024x1024.png\",\"contentUrl\":\"https:\/\/www.blogsoestado.com\/joaquimhaickel\/files\/2025\/04\/Um-jeito-facil-de-viabilizar-a-anistia-para-as-pessoas-que-cometeram-crimes-de-menor-gravidade.-1024x1024.png\"},{\"@type\":\"BreadcrumbList\",\"@id\":\"https:\/\/www.blogsoestado.com\/joaquimhaickel\/2025\/04\/02\/um-jeito-facil-de-viabilizar-a-anistia-para-as-pessoas-que-cometeram-crimes-de-menor-gravidade\/#breadcrumb\",\"itemListElement\":[{\"@type\":\"ListItem\",\"position\":1,\"name\":\"In\u00edcio\",\"item\":\"https:\/\/www.blogsoestado.com\/joaquimhaickel\/\"},{\"@type\":\"ListItem\",\"position\":2,\"name\":\"Um jeito f\u00e1cil de viabilizar a anistia para as pessoas que cometeram crimes de menor gravidade.\"}]},{\"@type\":\"WebSite\",\"@id\":\"https:\/\/www.blogsoestado.com\/joaquimhaickel\/#website\",\"url\":\"https:\/\/www.blogsoestado.com\/joaquimhaickel\/\",\"name\":\"Joaquim Haickel\",\"description\":\"\",\"potentialAction\":[{\"@type\":\"SearchAction\",\"target\":{\"@type\":\"EntryPoint\",\"urlTemplate\":\"https:\/\/www.blogsoestado.com\/joaquimhaickel\/?s={search_term_string}\"},\"query-input\":{\"@type\":\"PropertyValueSpecification\",\"valueRequired\":true,\"valueName\":\"search_term_string\"}}],\"inLanguage\":\"pt-BR\"},{\"@type\":\"Person\",\"@id\":\"https:\/\/www.blogsoestado.com\/joaquimhaickel\/#\/schema\/person\/4a711644aff28245c6c2c3452d66d325\",\"name\":\"Joaquim Haickel\",\"image\":{\"@type\":\"ImageObject\",\"inLanguage\":\"pt-BR\",\"@id\":\"https:\/\/www.blogsoestado.com\/joaquimhaickel\/#\/schema\/person\/image\/\",\"url\":\"https:\/\/secure.gravatar.com\/avatar\/473d89339b9f8ec089adb8d5778363eb5a2ba2319956bcf0298bfd8cca04684a?s=96&d=mm&r=g\",\"contentUrl\":\"https:\/\/secure.gravatar.com\/avatar\/473d89339b9f8ec089adb8d5778363eb5a2ba2319956bcf0298bfd8cca04684a?s=96&d=mm&r=g\",\"caption\":\"Joaquim Haickel\"},\"url\":\"https:\/\/www.blogsoestado.com\/joaquimhaickel\/author\/joaquimhaickel\/\"}]}<\/script>\n<!-- \/ Yoast SEO plugin. -->","yoast_head_json":{"title":"Um jeito f\u00e1cil de viabilizar a anistia para as pessoas que cometeram crimes de menor gravidade. - Joaquim Haickel","robots":{"index":"index","follow":"follow","max-snippet":"max-snippet:-1","max-image-preview":"max-image-preview:large","max-video-preview":"max-video-preview:-1"},"canonical":"https:\/\/www.blogsoestado.com\/joaquimhaickel\/2025\/04\/02\/um-jeito-facil-de-viabilizar-a-anistia-para-as-pessoas-que-cometeram-crimes-de-menor-gravidade\/","og_locale":"pt_BR","og_type":"article","og_title":"Um jeito f\u00e1cil de viabilizar a anistia para as pessoas que cometeram crimes de menor gravidade. - Joaquim Haickel","og_description":"Penso que h\u00e1 uma forma do Projeto de Lei da Anistia ser colocado em pauta e ser aprovado na C\u00e2mara [&hellip;]","og_url":"https:\/\/www.blogsoestado.com\/joaquimhaickel\/2025\/04\/02\/um-jeito-facil-de-viabilizar-a-anistia-para-as-pessoas-que-cometeram-crimes-de-menor-gravidade\/","og_site_name":"Joaquim Haickel","article_published_time":"2025-04-02T10:22:22+00:00","og_image":[{"url":"https:\/\/www.blogsoestado.com\/joaquimhaickel\/files\/2025\/04\/Um-jeito-facil-de-viabilizar-a-anistia-para-as-pessoas-que-cometeram-crimes-de-menor-gravidade.-1024x1024.png","type":"","width":"","height":""}],"author":"Joaquim Haickel","twitter_card":"summary_large_image","twitter_misc":{"Escrito por":"Joaquim Haickel","Est. tempo de leitura":"2 minutos"},"schema":{"@context":"https:\/\/schema.org","@graph":[{"@type":"WebPage","@id":"https:\/\/www.blogsoestado.com\/joaquimhaickel\/2025\/04\/02\/um-jeito-facil-de-viabilizar-a-anistia-para-as-pessoas-que-cometeram-crimes-de-menor-gravidade\/","url":"https:\/\/www.blogsoestado.com\/joaquimhaickel\/2025\/04\/02\/um-jeito-facil-de-viabilizar-a-anistia-para-as-pessoas-que-cometeram-crimes-de-menor-gravidade\/","name":"Um jeito f\u00e1cil de viabilizar a anistia para as pessoas que cometeram crimes de menor gravidade. - Joaquim Haickel","isPartOf":{"@id":"https:\/\/www.blogsoestado.com\/joaquimhaickel\/#website"},"primaryImageOfPage":{"@id":"https:\/\/www.blogsoestado.com\/joaquimhaickel\/2025\/04\/02\/um-jeito-facil-de-viabilizar-a-anistia-para-as-pessoas-que-cometeram-crimes-de-menor-gravidade\/#primaryimage"},"image":{"@id":"https:\/\/www.blogsoestado.com\/joaquimhaickel\/2025\/04\/02\/um-jeito-facil-de-viabilizar-a-anistia-para-as-pessoas-que-cometeram-crimes-de-menor-gravidade\/#primaryimage"},"thumbnailUrl":"https:\/\/www.blogsoestado.com\/joaquimhaickel\/files\/2025\/04\/Um-jeito-facil-de-viabilizar-a-anistia-para-as-pessoas-que-cometeram-crimes-de-menor-gravidade.-1024x1024.png","datePublished":"2025-04-02T10:22:22+00:00","author":{"@id":"https:\/\/www.blogsoestado.com\/joaquimhaickel\/#\/schema\/person\/4a711644aff28245c6c2c3452d66d325"},"breadcrumb":{"@id":"https:\/\/www.blogsoestado.com\/joaquimhaickel\/2025\/04\/02\/um-jeito-facil-de-viabilizar-a-anistia-para-as-pessoas-que-cometeram-crimes-de-menor-gravidade\/#breadcrumb"},"inLanguage":"pt-BR","potentialAction":[{"@type":"ReadAction","target":["https:\/\/www.blogsoestado.com\/joaquimhaickel\/2025\/04\/02\/um-jeito-facil-de-viabilizar-a-anistia-para-as-pessoas-que-cometeram-crimes-de-menor-gravidade\/"]}]},{"@type":"ImageObject","inLanguage":"pt-BR","@id":"https:\/\/www.blogsoestado.com\/joaquimhaickel\/2025\/04\/02\/um-jeito-facil-de-viabilizar-a-anistia-para-as-pessoas-que-cometeram-crimes-de-menor-gravidade\/#primaryimage","url":"https:\/\/www.blogsoestado.com\/joaquimhaickel\/files\/2025\/04\/Um-jeito-facil-de-viabilizar-a-anistia-para-as-pessoas-que-cometeram-crimes-de-menor-gravidade.-1024x1024.png","contentUrl":"https:\/\/www.blogsoestado.com\/joaquimhaickel\/files\/2025\/04\/Um-jeito-facil-de-viabilizar-a-anistia-para-as-pessoas-que-cometeram-crimes-de-menor-gravidade.-1024x1024.png"},{"@type":"BreadcrumbList","@id":"https:\/\/www.blogsoestado.com\/joaquimhaickel\/2025\/04\/02\/um-jeito-facil-de-viabilizar-a-anistia-para-as-pessoas-que-cometeram-crimes-de-menor-gravidade\/#breadcrumb","itemListElement":[{"@type":"ListItem","position":1,"name":"In\u00edcio","item":"https:\/\/www.blogsoestado.com\/joaquimhaickel\/"},{"@type":"ListItem","position":2,"name":"Um jeito f\u00e1cil de viabilizar a anistia para as pessoas que cometeram crimes de menor gravidade."}]},{"@type":"WebSite","@id":"https:\/\/www.blogsoestado.com\/joaquimhaickel\/#website","url":"https:\/\/www.blogsoestado.com\/joaquimhaickel\/","name":"Joaquim Haickel","description":"","potentialAction":[{"@type":"SearchAction","target":{"@type":"EntryPoint","urlTemplate":"https:\/\/www.blogsoestado.com\/joaquimhaickel\/?s={search_term_string}"},"query-input":{"@type":"PropertyValueSpecification","valueRequired":true,"valueName":"search_term_string"}}],"inLanguage":"pt-BR"},{"@type":"Person","@id":"https:\/\/www.blogsoestado.com\/joaquimhaickel\/#\/schema\/person\/4a711644aff28245c6c2c3452d66d325","name":"Joaquim Haickel","image":{"@type":"ImageObject","inLanguage":"pt-BR","@id":"https:\/\/www.blogsoestado.com\/joaquimhaickel\/#\/schema\/person\/image\/","url":"https:\/\/secure.gravatar.com\/avatar\/473d89339b9f8ec089adb8d5778363eb5a2ba2319956bcf0298bfd8cca04684a?s=96&d=mm&r=g","contentUrl":"https:\/\/secure.gravatar.com\/avatar\/473d89339b9f8ec089adb8d5778363eb5a2ba2319956bcf0298bfd8cca04684a?s=96&d=mm&r=g","caption":"Joaquim Haickel"},"url":"https:\/\/www.blogsoestado.com\/joaquimhaickel\/author\/joaquimhaickel\/"}]}},"jetpack_featured_media_url":"","_links":{"self":[{"href":"https:\/\/www.blogsoestado.com\/joaquimhaickel\/wp-json\/wp\/v2\/posts\/3785","targetHints":{"allow":["GET"]}}],"collection":[{"href":"https:\/\/www.blogsoestado.com\/joaquimhaickel\/wp-json\/wp\/v2\/posts"}],"about":[{"href":"https:\/\/www.blogsoestado.com\/joaquimhaickel\/wp-json\/wp\/v2\/types\/post"}],"author":[{"embeddable":true,"href":"https:\/\/www.blogsoestado.com\/joaquimhaickel\/wp-json\/wp\/v2\/users\/7"}],"replies":[{"embeddable":true,"href":"https:\/\/www.blogsoestado.com\/joaquimhaickel\/wp-json\/wp\/v2\/comments?post=3785"}],"version-history":[{"count":0,"href":"https:\/\/www.blogsoestado.com\/joaquimhaickel\/wp-json\/wp\/v2\/posts\/3785\/revisions"}],"wp:attachment":[{"href":"https:\/\/www.blogsoestado.com\/joaquimhaickel\/wp-json\/wp\/v2\/media?parent=3785"}],"wp:term":[{"taxonomy":"category","embeddable":true,"href":"https:\/\/www.blogsoestado.com\/joaquimhaickel\/wp-json\/wp\/v2\/categories?post=3785"},{"taxonomy":"post_tag","embeddable":true,"href":"https:\/\/www.blogsoestado.com\/joaquimhaickel\/wp-json\/wp\/v2\/tags?post=3785"}],"curies":[{"name":"wp","href":"https:\/\/api.w.org\/{rel}","templated":true}]}}