{"id":3789,"date":"2025-04-16T10:41:32","date_gmt":"2025-04-16T13:41:32","guid":{"rendered":"https:\/\/www.blogsoestado.com\/joaquimhaickel\/?p=3788"},"modified":"2025-04-16T10:41:32","modified_gmt":"2025-04-16T13:41:32","slug":"poder-nao-e-para-quem-tem-poder-e-para-quem-sabe","status":"publish","type":"post","link":"https:\/\/www.blogsoestado.com\/joaquimhaickel\/2025\/04\/16\/poder-nao-e-para-quem-tem-poder-e-para-quem-sabe\/","title":{"rendered":"Poder n\u00e3o \u00e9 para quem tem, poder \u00e9 para quem sabe"},"content":{"rendered":"\n<figure class=\"wp-block-image size-large is-resized\"><a href=\"https:\/\/www.blogsoestado.com\/joaquimhaickel\/wp-content\/uploads\/sites\/6\/2025\/04\/2955ec9c-ae67-46fb-a23c-8038b692280f-Copia.png\"><img fetchpriority=\"high\" decoding=\"async\" src=\"https:\/\/www.blogsoestado.com\/joaquimhaickel\/wp-content\/uploads\/sites\/6\/2025\/04\/2955ec9c-ae67-46fb-a23c-8038b692280f-Copia.png\" alt=\"\" class=\"wp-image-3789\" width=\"582\" height=\"577\"\/><\/a><\/figure>\n\n\n\n<p>Meu eu pai, o deputado Nagib Haickel, ex-presidente da Assembleia Legislativa do Maranh\u00e3o, costumava repetir corriqueiramente, a frase t\u00edtulo deste texto e ela \u00a0sempre me pareceu expressar uma verdade extraordinariamente poderosa.<\/p>\n\n\n\n<p>Sempre que meu pai discursava para seus eleitores da regi\u00e3o do Vale do Pindar\u00e9, ou mesmo em outros lugares, principalmente pelo interior do Maranh\u00e3o, ele repetia essa frase, e ele a dizia para justificar que mesmo tendo ele pouco poder de decis\u00e3o e pouca influ\u00eancia pol\u00edtica, ainda assim fazia com que as melhorias e o progresso chegassem at\u00e9 \u00e0s regi\u00f5es que ele &nbsp;representava e ao povo que o apoiava, pois o conhecimento que ele tinha dos problemas que aquelas pessoas enfrentavam e das necessidades que elas tinham, possibilitava com que ele buscasse a ajuda de quem, com mais poder que ele, mais bem posicionado que ele, pudesse ajud\u00e1-lo a resolver tais situa\u00e7\u00f5es.<\/p>\n\n\n\n<p>\u200bA frase &#8220;Poder n\u00e3o \u00e9 para quem tem, poder \u00e9 para quem sabe&#8221; poderia ser atribu\u00edda a diversas figuras proeminentes da filosofia ou da pol\u00edtica, mas n\u00e3o \u00e9 poss\u00edvel se estabelecer sua autoria claramente. Essa frase reflete uma ideia recorrente em reflex\u00f5es sobre lideran\u00e7a e autoridade: o verdadeiro exerc\u00edcio do poder est\u00e1 ligado ao conhecimento e \u00e0 sabedoria de utiliz\u00e1-lo, mais do que \u00e0 mera posse de autoridade.\u200b<\/p>\n\n\n\n<p>Essa perspectiva \u00e9 explorada por diversos pensadores. Por exemplo, o fil\u00f3sofo franc\u00eas Michel Foucault discute em suas obras como o poder est\u00e1 intrinsecamente ligado ao saber, sugerindo que o conhecimento \u00e9 uma forma de poder e que o poder \u00e9 exercido atrav\u00e9s do conhecimento. Em seu livro <em>Microf\u00edsica do Poder<\/em>, Foucault afirma que o poder n\u00e3o est\u00e1 apenas nas institui\u00e7\u00f5es, mas nas rela\u00e7\u00f5es e pr\u00e1ticas cotidianas, sendo o saber uma ferramenta fundamental para o exerc\u00edcio do poder .\u200b<\/p>\n\n\n\n<p>Al\u00e9m disso, a frase &#8220;Saber \u00e9 poder&#8221;, atribu\u00edda a Francis Bacon, refor\u00e7a a ideia de que o conhecimento \u00e9 a base para o exerc\u00edcio eficaz, eficiente e efetivo do poder .\u200b<\/p>\n\n\n\n<p>Acredito que meu pai n\u00e3o teve not\u00edcia sobre os pensamentos de Foucault ou de Bacon.<\/p>\n\n\n\n<p>Portanto, a autoria dessa frase deve ser atribu\u00edda a Nagib Haickel, mesmo que ela encapsule uma vis\u00e3o de campos nos quais ele tinha pouco conhecimento, filosofia e sociologia, mas tamb\u00e9m de um outro campo no qual ele era autodidata, a pol\u00edtica. Meu pai sabia que o poder efetivo est\u00e1 ligado \u00e0 capacidade de compreender e aplicar o conhecimento de forma s\u00e1bia, de trilhar caminhos por onde apenas o conhecimento e tudo aquilo que ele \u00e9 capaz de agregar, pode trazer de benef\u00edcio para realiza\u00e7\u00e3o de seus intentos.<\/p>\n\n\n\n<p>Tudo isso enriquece ainda mais o significado da frase e faz com que ela se torne um s\u00edmbolo da pr\u00e1tica pol\u00edtica de Nagib Haickel: agir com intelig\u00eancia estrat\u00e9gica, sensibilidade social e senso de dever p\u00fablico, mesmo diante de limita\u00e7\u00f5es de seu poder formal.<\/p>\n\n\n\n<p>Como somente as pessoas com mais idade conheceram meu pai e sabiam como ele pensava e agia, \u00e9 importante que se diga para aqueles que n\u00e3o sabem de sua hist\u00f3ria, que ele n\u00e3o tinha instru\u00e7\u00e3o formal, s\u00f3 cursou at\u00e9 o segundo ano do ensino m\u00e9dio do curso de contabilidade e morreu tr\u00eas meses antes de completar sessenta anos, mas mesmo assim construiu e manteve empresas comerciais por 40 anos e elegeu-se deputado estadual e federal em cinco mandatos.<\/p>\n\n\n\n<p>A frase t\u00edtulo deste artigo, \u00e9 para minha vida um mantra.<\/p>\n","protected":false},"excerpt":{"rendered":"<p>Meu eu pai, o deputado Nagib Haickel, ex-presidente da Assembleia Legislativa do Maranh\u00e3o, costumava repetir corriqueiramente, a frase t\u00edtulo deste [&hellip;]<\/p>\n","protected":false},"author":7,"featured_media":0,"comment_status":"open","ping_status":"open","sticky":false,"template":"","format":"standard","meta":{"site-sidebar-layout":"default","site-content-layout":"","ast-site-content-layout":"default","site-content-style":"default","site-sidebar-style":"default","ast-global-header-display":"","ast-banner-title-visibility":"","ast-main-header-display":"","ast-hfb-above-header-display":"","ast-hfb-below-header-display":"","ast-hfb-mobile-header-display":"","site-post-title":"","ast-breadcrumbs-content":"","ast-featured-img":"","footer-sml-layout":"","ast-disable-related-posts":"","theme-transparent-header-meta":"","adv-header-id-meta":"","stick-header-meta":"","header-above-stick-meta":"","header-main-stick-meta":"","header-below-stick-meta":"","astra-migrate-meta-layouts":"default","ast-page-background-enabled":"default","ast-page-background-meta":{"desktop":{"background-color":"var(--ast-global-color-5)","background-image":"","background-repeat":"repeat","background-position":"center center","background-size":"auto","background-attachment":"scroll","background-type":"","background-media":"","overlay-type":"","overlay-color":"","overlay-opacity":"","overlay-gradient":""},"tablet":{"background-color":"","background-image":"","background-repeat":"repeat","background-position":"center center","background-size":"auto","background-attachment":"scroll","background-type":"","background-media":"","overlay-type":"","overlay-color":"","overlay-opacity":"","overlay-gradient":""},"mobile":{"background-color":"","background-image":"","background-repeat":"repeat","background-position":"center center","background-size":"auto","background-attachment":"scroll","background-type":"","background-media":"","overlay-type":"","overlay-color":"","overlay-opacity":"","overlay-gradient":""}},"ast-content-background-meta":{"desktop":{"background-color":"var(--ast-global-color-4)","background-image":"","background-repeat":"repeat","background-position":"center center","background-size":"auto","background-attachment":"scroll","background-type":"","background-media":"","overlay-type":"","overlay-color":"","overlay-opacity":"","overlay-gradient":""},"tablet":{"background-color":"var(--ast-global-color-4)","background-image":"","background-repeat":"repeat","background-position":"center center","background-size":"auto","background-attachment":"scroll","background-type":"","background-media":"","overlay-type":"","overlay-color":"","overlay-opacity":"","overlay-gradient":""},"mobile":{"background-color":"var(--ast-global-color-4)","background-image":"","background-repeat":"repeat","background-position":"center center","background-size":"auto","background-attachment":"scroll","background-type":"","background-media":"","overlay-type":"","overlay-color":"","overlay-opacity":"","overlay-gradient":""}},"footnotes":""},"categories":[1],"tags":[],"class_list":["post-3789","post","type-post","status-publish","format-standard","hentry","category-sem-categoria"],"yoast_head":"<!-- This site is optimized with the Yoast SEO plugin v26.6 - https:\/\/yoast.com\/wordpress\/plugins\/seo\/ -->\n<title>Poder n\u00e3o \u00e9 para quem tem, poder \u00e9 para quem sabe - Joaquim Haickel<\/title>\n<meta name=\"robots\" content=\"index, follow, max-snippet:-1, max-image-preview:large, max-video-preview:-1\" \/>\n<link rel=\"canonical\" href=\"https:\/\/www.blogsoestado.com\/joaquimhaickel\/2025\/04\/16\/poder-nao-e-para-quem-tem-poder-e-para-quem-sabe\/\" \/>\n<meta property=\"og:locale\" content=\"pt_BR\" \/>\n<meta property=\"og:type\" content=\"article\" \/>\n<meta property=\"og:title\" content=\"Poder n\u00e3o \u00e9 para quem tem, poder \u00e9 para quem sabe - Joaquim Haickel\" \/>\n<meta property=\"og:description\" content=\"Meu eu pai, o deputado Nagib Haickel, ex-presidente da Assembleia Legislativa do Maranh\u00e3o, costumava repetir corriqueiramente, a frase t\u00edtulo deste [&hellip;]\" \/>\n<meta property=\"og:url\" content=\"https:\/\/www.blogsoestado.com\/joaquimhaickel\/2025\/04\/16\/poder-nao-e-para-quem-tem-poder-e-para-quem-sabe\/\" \/>\n<meta property=\"og:site_name\" content=\"Joaquim Haickel\" \/>\n<meta property=\"article:published_time\" content=\"2025-04-16T13:41:32+00:00\" \/>\n<meta property=\"og:image\" content=\"https:\/\/www.blogsoestado.com\/joaquimhaickel\/wp-content\/uploads\/sites\/6\/2025\/04\/2955ec9c-ae67-46fb-a23c-8038b692280f-Copia.png\" \/>\n<meta name=\"author\" content=\"Joaquim Haickel\" \/>\n<meta name=\"twitter:card\" content=\"summary_large_image\" \/>\n<meta name=\"twitter:label1\" content=\"Escrito por\" \/>\n\t<meta name=\"twitter:data1\" content=\"Joaquim Haickel\" \/>\n\t<meta name=\"twitter:label2\" content=\"Est. tempo de leitura\" \/>\n\t<meta name=\"twitter:data2\" content=\"3 minutos\" \/>\n<script type=\"application\/ld+json\" class=\"yoast-schema-graph\">{\"@context\":\"https:\/\/schema.org\",\"@graph\":[{\"@type\":\"WebPage\",\"@id\":\"https:\/\/www.blogsoestado.com\/joaquimhaickel\/2025\/04\/16\/poder-nao-e-para-quem-tem-poder-e-para-quem-sabe\/\",\"url\":\"https:\/\/www.blogsoestado.com\/joaquimhaickel\/2025\/04\/16\/poder-nao-e-para-quem-tem-poder-e-para-quem-sabe\/\",\"name\":\"Poder n\u00e3o \u00e9 para quem tem, poder \u00e9 para quem sabe - Joaquim Haickel\",\"isPartOf\":{\"@id\":\"https:\/\/www.blogsoestado.com\/joaquimhaickel\/#website\"},\"primaryImageOfPage\":{\"@id\":\"https:\/\/www.blogsoestado.com\/joaquimhaickel\/2025\/04\/16\/poder-nao-e-para-quem-tem-poder-e-para-quem-sabe\/#primaryimage\"},\"image\":{\"@id\":\"https:\/\/www.blogsoestado.com\/joaquimhaickel\/2025\/04\/16\/poder-nao-e-para-quem-tem-poder-e-para-quem-sabe\/#primaryimage\"},\"thumbnailUrl\":\"https:\/\/www.blogsoestado.com\/joaquimhaickel\/wp-content\/uploads\/sites\/6\/2025\/04\/2955ec9c-ae67-46fb-a23c-8038b692280f-Copia.png\",\"datePublished\":\"2025-04-16T13:41:32+00:00\",\"author\":{\"@id\":\"https:\/\/www.blogsoestado.com\/joaquimhaickel\/#\/schema\/person\/4a711644aff28245c6c2c3452d66d325\"},\"breadcrumb\":{\"@id\":\"https:\/\/www.blogsoestado.com\/joaquimhaickel\/2025\/04\/16\/poder-nao-e-para-quem-tem-poder-e-para-quem-sabe\/#breadcrumb\"},\"inLanguage\":\"pt-BR\",\"potentialAction\":[{\"@type\":\"ReadAction\",\"target\":[\"https:\/\/www.blogsoestado.com\/joaquimhaickel\/2025\/04\/16\/poder-nao-e-para-quem-tem-poder-e-para-quem-sabe\/\"]}]},{\"@type\":\"ImageObject\",\"inLanguage\":\"pt-BR\",\"@id\":\"https:\/\/www.blogsoestado.com\/joaquimhaickel\/2025\/04\/16\/poder-nao-e-para-quem-tem-poder-e-para-quem-sabe\/#primaryimage\",\"url\":\"https:\/\/www.blogsoestado.com\/joaquimhaickel\/wp-content\/uploads\/sites\/6\/2025\/04\/2955ec9c-ae67-46fb-a23c-8038b692280f-Copia.png\",\"contentUrl\":\"https:\/\/www.blogsoestado.com\/joaquimhaickel\/wp-content\/uploads\/sites\/6\/2025\/04\/2955ec9c-ae67-46fb-a23c-8038b692280f-Copia.png\"},{\"@type\":\"BreadcrumbList\",\"@id\":\"https:\/\/www.blogsoestado.com\/joaquimhaickel\/2025\/04\/16\/poder-nao-e-para-quem-tem-poder-e-para-quem-sabe\/#breadcrumb\",\"itemListElement\":[{\"@type\":\"ListItem\",\"position\":1,\"name\":\"In\u00edcio\",\"item\":\"https:\/\/www.blogsoestado.com\/joaquimhaickel\/\"},{\"@type\":\"ListItem\",\"position\":2,\"name\":\"Poder n\u00e3o \u00e9 para quem tem, poder \u00e9 para quem sabe\"}]},{\"@type\":\"WebSite\",\"@id\":\"https:\/\/www.blogsoestado.com\/joaquimhaickel\/#website\",\"url\":\"https:\/\/www.blogsoestado.com\/joaquimhaickel\/\",\"name\":\"Joaquim Haickel\",\"description\":\"\",\"potentialAction\":[{\"@type\":\"SearchAction\",\"target\":{\"@type\":\"EntryPoint\",\"urlTemplate\":\"https:\/\/www.blogsoestado.com\/joaquimhaickel\/?s={search_term_string}\"},\"query-input\":{\"@type\":\"PropertyValueSpecification\",\"valueRequired\":true,\"valueName\":\"search_term_string\"}}],\"inLanguage\":\"pt-BR\"},{\"@type\":\"Person\",\"@id\":\"https:\/\/www.blogsoestado.com\/joaquimhaickel\/#\/schema\/person\/4a711644aff28245c6c2c3452d66d325\",\"name\":\"Joaquim Haickel\",\"image\":{\"@type\":\"ImageObject\",\"inLanguage\":\"pt-BR\",\"@id\":\"https:\/\/www.blogsoestado.com\/joaquimhaickel\/#\/schema\/person\/image\/\",\"url\":\"https:\/\/secure.gravatar.com\/avatar\/473d89339b9f8ec089adb8d5778363eb5a2ba2319956bcf0298bfd8cca04684a?s=96&d=mm&r=g\",\"contentUrl\":\"https:\/\/secure.gravatar.com\/avatar\/473d89339b9f8ec089adb8d5778363eb5a2ba2319956bcf0298bfd8cca04684a?s=96&d=mm&r=g\",\"caption\":\"Joaquim Haickel\"},\"url\":\"https:\/\/www.blogsoestado.com\/joaquimhaickel\/author\/joaquimhaickel\/\"}]}<\/script>\n<!-- \/ Yoast SEO plugin. -->","yoast_head_json":{"title":"Poder n\u00e3o \u00e9 para quem tem, poder \u00e9 para quem sabe - Joaquim Haickel","robots":{"index":"index","follow":"follow","max-snippet":"max-snippet:-1","max-image-preview":"max-image-preview:large","max-video-preview":"max-video-preview:-1"},"canonical":"https:\/\/www.blogsoestado.com\/joaquimhaickel\/2025\/04\/16\/poder-nao-e-para-quem-tem-poder-e-para-quem-sabe\/","og_locale":"pt_BR","og_type":"article","og_title":"Poder n\u00e3o \u00e9 para quem tem, poder \u00e9 para quem sabe - Joaquim Haickel","og_description":"Meu eu pai, o deputado Nagib Haickel, ex-presidente da Assembleia Legislativa do Maranh\u00e3o, costumava repetir corriqueiramente, a frase t\u00edtulo deste [&hellip;]","og_url":"https:\/\/www.blogsoestado.com\/joaquimhaickel\/2025\/04\/16\/poder-nao-e-para-quem-tem-poder-e-para-quem-sabe\/","og_site_name":"Joaquim Haickel","article_published_time":"2025-04-16T13:41:32+00:00","og_image":[{"url":"https:\/\/www.blogsoestado.com\/joaquimhaickel\/wp-content\/uploads\/sites\/6\/2025\/04\/2955ec9c-ae67-46fb-a23c-8038b692280f-Copia.png","type":"","width":"","height":""}],"author":"Joaquim Haickel","twitter_card":"summary_large_image","twitter_misc":{"Escrito por":"Joaquim Haickel","Est. tempo de leitura":"3 minutos"},"schema":{"@context":"https:\/\/schema.org","@graph":[{"@type":"WebPage","@id":"https:\/\/www.blogsoestado.com\/joaquimhaickel\/2025\/04\/16\/poder-nao-e-para-quem-tem-poder-e-para-quem-sabe\/","url":"https:\/\/www.blogsoestado.com\/joaquimhaickel\/2025\/04\/16\/poder-nao-e-para-quem-tem-poder-e-para-quem-sabe\/","name":"Poder n\u00e3o \u00e9 para quem tem, poder \u00e9 para quem sabe - Joaquim Haickel","isPartOf":{"@id":"https:\/\/www.blogsoestado.com\/joaquimhaickel\/#website"},"primaryImageOfPage":{"@id":"https:\/\/www.blogsoestado.com\/joaquimhaickel\/2025\/04\/16\/poder-nao-e-para-quem-tem-poder-e-para-quem-sabe\/#primaryimage"},"image":{"@id":"https:\/\/www.blogsoestado.com\/joaquimhaickel\/2025\/04\/16\/poder-nao-e-para-quem-tem-poder-e-para-quem-sabe\/#primaryimage"},"thumbnailUrl":"https:\/\/www.blogsoestado.com\/joaquimhaickel\/wp-content\/uploads\/sites\/6\/2025\/04\/2955ec9c-ae67-46fb-a23c-8038b692280f-Copia.png","datePublished":"2025-04-16T13:41:32+00:00","author":{"@id":"https:\/\/www.blogsoestado.com\/joaquimhaickel\/#\/schema\/person\/4a711644aff28245c6c2c3452d66d325"},"breadcrumb":{"@id":"https:\/\/www.blogsoestado.com\/joaquimhaickel\/2025\/04\/16\/poder-nao-e-para-quem-tem-poder-e-para-quem-sabe\/#breadcrumb"},"inLanguage":"pt-BR","potentialAction":[{"@type":"ReadAction","target":["https:\/\/www.blogsoestado.com\/joaquimhaickel\/2025\/04\/16\/poder-nao-e-para-quem-tem-poder-e-para-quem-sabe\/"]}]},{"@type":"ImageObject","inLanguage":"pt-BR","@id":"https:\/\/www.blogsoestado.com\/joaquimhaickel\/2025\/04\/16\/poder-nao-e-para-quem-tem-poder-e-para-quem-sabe\/#primaryimage","url":"https:\/\/www.blogsoestado.com\/joaquimhaickel\/wp-content\/uploads\/sites\/6\/2025\/04\/2955ec9c-ae67-46fb-a23c-8038b692280f-Copia.png","contentUrl":"https:\/\/www.blogsoestado.com\/joaquimhaickel\/wp-content\/uploads\/sites\/6\/2025\/04\/2955ec9c-ae67-46fb-a23c-8038b692280f-Copia.png"},{"@type":"BreadcrumbList","@id":"https:\/\/www.blogsoestado.com\/joaquimhaickel\/2025\/04\/16\/poder-nao-e-para-quem-tem-poder-e-para-quem-sabe\/#breadcrumb","itemListElement":[{"@type":"ListItem","position":1,"name":"In\u00edcio","item":"https:\/\/www.blogsoestado.com\/joaquimhaickel\/"},{"@type":"ListItem","position":2,"name":"Poder n\u00e3o \u00e9 para quem tem, poder \u00e9 para quem sabe"}]},{"@type":"WebSite","@id":"https:\/\/www.blogsoestado.com\/joaquimhaickel\/#website","url":"https:\/\/www.blogsoestado.com\/joaquimhaickel\/","name":"Joaquim Haickel","description":"","potentialAction":[{"@type":"SearchAction","target":{"@type":"EntryPoint","urlTemplate":"https:\/\/www.blogsoestado.com\/joaquimhaickel\/?s={search_term_string}"},"query-input":{"@type":"PropertyValueSpecification","valueRequired":true,"valueName":"search_term_string"}}],"inLanguage":"pt-BR"},{"@type":"Person","@id":"https:\/\/www.blogsoestado.com\/joaquimhaickel\/#\/schema\/person\/4a711644aff28245c6c2c3452d66d325","name":"Joaquim Haickel","image":{"@type":"ImageObject","inLanguage":"pt-BR","@id":"https:\/\/www.blogsoestado.com\/joaquimhaickel\/#\/schema\/person\/image\/","url":"https:\/\/secure.gravatar.com\/avatar\/473d89339b9f8ec089adb8d5778363eb5a2ba2319956bcf0298bfd8cca04684a?s=96&d=mm&r=g","contentUrl":"https:\/\/secure.gravatar.com\/avatar\/473d89339b9f8ec089adb8d5778363eb5a2ba2319956bcf0298bfd8cca04684a?s=96&d=mm&r=g","caption":"Joaquim Haickel"},"url":"https:\/\/www.blogsoestado.com\/joaquimhaickel\/author\/joaquimhaickel\/"}]}},"jetpack_featured_media_url":"","_links":{"self":[{"href":"https:\/\/www.blogsoestado.com\/joaquimhaickel\/wp-json\/wp\/v2\/posts\/3789","targetHints":{"allow":["GET"]}}],"collection":[{"href":"https:\/\/www.blogsoestado.com\/joaquimhaickel\/wp-json\/wp\/v2\/posts"}],"about":[{"href":"https:\/\/www.blogsoestado.com\/joaquimhaickel\/wp-json\/wp\/v2\/types\/post"}],"author":[{"embeddable":true,"href":"https:\/\/www.blogsoestado.com\/joaquimhaickel\/wp-json\/wp\/v2\/users\/7"}],"replies":[{"embeddable":true,"href":"https:\/\/www.blogsoestado.com\/joaquimhaickel\/wp-json\/wp\/v2\/comments?post=3789"}],"version-history":[{"count":0,"href":"https:\/\/www.blogsoestado.com\/joaquimhaickel\/wp-json\/wp\/v2\/posts\/3789\/revisions"}],"wp:attachment":[{"href":"https:\/\/www.blogsoestado.com\/joaquimhaickel\/wp-json\/wp\/v2\/media?parent=3789"}],"wp:term":[{"taxonomy":"category","embeddable":true,"href":"https:\/\/www.blogsoestado.com\/joaquimhaickel\/wp-json\/wp\/v2\/categories?post=3789"},{"taxonomy":"post_tag","embeddable":true,"href":"https:\/\/www.blogsoestado.com\/joaquimhaickel\/wp-json\/wp\/v2\/tags?post=3789"}],"curies":[{"name":"wp","href":"https:\/\/api.w.org\/{rel}","templated":true}]}}