{"id":381,"date":"2009-02-28T20:10:20","date_gmt":"2009-02-28T23:10:20","guid":{"rendered":"https:\/\/www.blogsoestado.com\/joaquimhaickel\/2009\/02\/28\/historia-de-um-sonho\/"},"modified":"2009-02-28T20:10:20","modified_gmt":"2009-02-28T23:10:20","slug":"historia-de-um-sonho","status":"publish","type":"post","link":"https:\/\/www.blogsoestado.com\/joaquimhaickel\/2009\/02\/28\/historia-de-um-sonho\/","title":{"rendered":"Hist\u00f3ria de um sonho"},"content":{"rendered":"<p><strong><em>Artigo publicado no domingo, 22\/02\/09, no Jornal O Estado do Maranh\u00e3o<\/em><\/strong><\/p>\n<p>L\u00e1 pelos idos de 1985 eu estive nesta nossa cidade, em estreito contato com os amigos Ivan Sarney e Joaquim Haickel. Convers\u00e1vamos sobre muitas coisas e, em especial, sobre cinema.<\/p>\n<p>Joaquim via todos os filmes e falava com entusiasmo daqueles que mais gostava, citava nomes de diretores, muito deles que eu nem conhecia. Ivan, por sua vez, tinha feito alguns trabalhos na bitola do Super-8 e pelo que depreendi, s\u00f3 n\u00e3o foi em frente, at\u00e9 alcan\u00e7ar o 35 mm, por falta de est\u00edmulo, pois produzir um curta que seja \u00e9 coisa complicada, envolve muita gente, os custos eram elevados.<\/p>\n<p>Minha conversa com esses amigos tinha um objetivo: criarmos em S\u00e3o Lu\u00eds, onde j\u00e1 havia o Festival Guarnic\u00ea de Cine &#8211; V\u00eddeo, um Polo de Cinema. Na \u00e9poca havia festivais em Fortaleza, no Rio de Janeiro, em S\u00e3o Paulo, Curitiba e Gramado, no Rio Grande do Sul. Botar as m\u00e3os no \u201cKikito\u201d (trof\u00e9u ga\u00facho) era a gl\u00f3ria para muitos realizadores.<\/p>\n<p>O p\u00f3lo cinematogr\u00e1fico funcionaria amparado pelas leis de incentivo e S\u00e3o Lu\u00eds, j\u00e1 conhecida por aqui como terra de pintores e intelectuais, se tornaria ainda mais importante com seus cineastas em atividade.<\/p>\n<p>O tempo passou, os festivais entraram em crise, junto com o cinema nacional, mas Joaquim Haickel seguiu cin\u00e9filo e com muita garra para viabilizar suas inven\u00e7\u00f5es e vencer desafios.<\/p>\n<p>Nessa \u00e9poca em que estivemos juntos Haickel marcava-se pela inquieta\u00e7\u00e3o, extrema curiosidade e a mania de tudo querer renovar, virar pelo avesso, na condi\u00e7\u00e3o de poeta rebelde e contista insatisfeito. Nunca desejou escrever conforme a cartilha oficial, sempre se inclinou pelas t\u00e9cnicas mais ousadas.<\/p>\n<p>No conto \u201cPelo Ouvido\u201d, n\u00famero 12 da colet\u00e2nea intitulada \u201cA Ponte\u201d (S\u00e3o Paulo, 1991) ele chega ao atrevimento de brincar com a l\u00f3gica gramatical, debocha de pensamentos tidos e havidos como normais, aprofunda-se nessa coisa humana, por\u00e9m misteriosa, que \u00e9 a sensualidade, o desejo de um corpo pelo outro.<\/p>\n<p>Os anos se passaram, o p\u00f3lo de cinema n\u00e3o aconteceu, Haickel e Ivan transitaram e transitam pelos caminhos da pol\u00edtica, sem deixar o que para eles \u00e9 b\u00e1sico: o amor pela arte de escrever. Com isso Ivan colhe poesia e Haickel inebria-se com a sensualidade.<\/p>\n<p>Seu conto \u201cPelo Ouvido\u201d, o mais breve da colet\u00e2nea, \u00e9 aquele que nos leva ao universo da felicidade plena, essa coisa t\u00e3o simples da mulher e do homem que t\u00eam afinidade e que se amam.<\/p>\n<p>Em \u201cS\u00e3o Lu\u00eds &#8211; Uma Cidade no Tempo\u201d Ivan comp\u00f4s, atrav\u00e9s da jun\u00e7\u00e3o de cr\u00f4nicas, um poema dif\u00edcil de algum dia ser igualado. Com \u201cA Ponte\u201d, o poeta Joaquim Haickel (\u201cO Quinto Cavalheiro\u201d) firma-se na literatura como contista de grandes m\u00e9ritos e, agora, pelo que estou informado, como diretor cinematogr\u00e1fico premiado, inclusive no exterior.<\/p>\n<p>Curiosamente, sua obra no cinema tem o mesmo t\u00edtulo do Conto n\u00famero 12. E pelo que consta na sinopse do curta, imagino que foi a partir dessa hist\u00f3ria (d\u00e9cada de 90), que saiu o roteiro para a produ\u00e7\u00e3o que vem fazendo sucesso e mostrando que Haickel \u00e9 maranhense de m\u00faltiplos talentos!<\/p>\n<p>Se o p\u00f3lo de cinema, sobre o qual tanto conversamos, n\u00e3o aconteceu \u00e9, para mim, motivo de alegria saber que Haickel \u00e9, hoje, al\u00e9m de poeta e ficcionista, um diretor premiado e tem tudo para ir em frente, pois seu curta-metragem, tema desta nossa cr\u00f4nica, funciona como verdadeiro teste para quem ingressa, com a cara e a coragem, no mundo m\u00e1gico das imagens.<\/p>\n<p>Falta que o prezado amigo Ivan Sarney siga pelo mesmo caminho, agora que as c\u00e2meras filmadoras operam milagres, o material sens\u00edvel tem pre\u00e7o baixo. as casas exibidoras que n\u00e3o se modernizaram est\u00e3o fechando as portas O cinema via TV democratizou-se, passou para dentro das casas, a imagem em alta defini\u00e7\u00e3o \u00e9 um sucesso!<\/p>\n<p><strong>Jos\u00e9 Louzeiro<br \/>\n<\/strong><em>Escritor, jornalista e membro da Academia Maranhense de Letras<\/em><\/p>\n","protected":false},"excerpt":{"rendered":"<p>Artigo publicado no domingo, 22\/02\/09, no Jornal O Estado do Maranh\u00e3o L\u00e1 pelos idos de 1985 eu estive nesta nossa [&hellip;]<\/p>\n","protected":false},"author":7,"featured_media":0,"comment_status":"open","ping_status":"open","sticky":false,"template":"","format":"standard","meta":{"site-sidebar-layout":"default","site-content-layout":"","ast-site-content-layout":"default","site-content-style":"default","site-sidebar-style":"default","ast-global-header-display":"","ast-banner-title-visibility":"","ast-main-header-display":"","ast-hfb-above-header-display":"","ast-hfb-below-header-display":"","ast-hfb-mobile-header-display":"","site-post-title":"","ast-breadcrumbs-content":"","ast-featured-img":"","footer-sml-layout":"","ast-disable-related-posts":"","theme-transparent-header-meta":"","adv-header-id-meta":"","stick-header-meta":"","header-above-stick-meta":"","header-main-stick-meta":"","header-below-stick-meta":"","astra-migrate-meta-layouts":"default","ast-page-background-enabled":"default","ast-page-background-meta":{"desktop":{"background-color":"var(--ast-global-color-5)","background-image":"","background-repeat":"repeat","background-position":"center center","background-size":"auto","background-attachment":"scroll","background-type":"","background-media":"","overlay-type":"","overlay-color":"","overlay-opacity":"","overlay-gradient":""},"tablet":{"background-color":"","background-image":"","background-repeat":"repeat","background-position":"center center","background-size":"auto","background-attachment":"scroll","background-type":"","background-media":"","overlay-type":"","overlay-color":"","overlay-opacity":"","overlay-gradient":""},"mobile":{"background-color":"","background-image":"","background-repeat":"repeat","background-position":"center center","background-size":"auto","background-attachment":"scroll","background-type":"","background-media":"","overlay-type":"","overlay-color":"","overlay-opacity":"","overlay-gradient":""}},"ast-content-background-meta":{"desktop":{"background-color":"var(--ast-global-color-4)","background-image":"","background-repeat":"repeat","background-position":"center center","background-size":"auto","background-attachment":"scroll","background-type":"","background-media":"","overlay-type":"","overlay-color":"","overlay-opacity":"","overlay-gradient":""},"tablet":{"background-color":"var(--ast-global-color-4)","background-image":"","background-repeat":"repeat","background-position":"center center","background-size":"auto","background-attachment":"scroll","background-type":"","background-media":"","overlay-type":"","overlay-color":"","overlay-opacity":"","overlay-gradient":""},"mobile":{"background-color":"var(--ast-global-color-4)","background-image":"","background-repeat":"repeat","background-position":"center center","background-size":"auto","background-attachment":"scroll","background-type":"","background-media":"","overlay-type":"","overlay-color":"","overlay-opacity":"","overlay-gradient":""}},"footnotes":""},"categories":[3],"tags":[],"class_list":["post-381","post","type-post","status-publish","format-standard","hentry","category-geral"],"yoast_head":"<!-- This site is optimized with the Yoast SEO plugin v26.6 - https:\/\/yoast.com\/wordpress\/plugins\/seo\/ -->\n<title>Hist\u00f3ria de um sonho - Joaquim Haickel<\/title>\n<meta name=\"robots\" content=\"index, follow, max-snippet:-1, max-image-preview:large, max-video-preview:-1\" \/>\n<link rel=\"canonical\" href=\"https:\/\/www.blogsoestado.com\/joaquimhaickel\/2009\/02\/28\/historia-de-um-sonho\/\" \/>\n<meta property=\"og:locale\" content=\"pt_BR\" \/>\n<meta property=\"og:type\" content=\"article\" \/>\n<meta property=\"og:title\" content=\"Hist\u00f3ria de um sonho - Joaquim Haickel\" \/>\n<meta property=\"og:description\" content=\"Artigo publicado no domingo, 22\/02\/09, no Jornal O Estado do Maranh\u00e3o L\u00e1 pelos idos de 1985 eu estive nesta nossa [&hellip;]\" \/>\n<meta property=\"og:url\" content=\"https:\/\/www.blogsoestado.com\/joaquimhaickel\/2009\/02\/28\/historia-de-um-sonho\/\" \/>\n<meta property=\"og:site_name\" content=\"Joaquim Haickel\" \/>\n<meta property=\"article:published_time\" content=\"2009-02-28T23:10:20+00:00\" \/>\n<meta name=\"author\" content=\"Joaquim Haickel\" \/>\n<meta name=\"twitter:card\" content=\"summary_large_image\" \/>\n<meta name=\"twitter:label1\" content=\"Escrito por\" \/>\n\t<meta name=\"twitter:data1\" content=\"Joaquim Haickel\" \/>\n\t<meta name=\"twitter:label2\" content=\"Est. tempo de leitura\" \/>\n\t<meta name=\"twitter:data2\" content=\"3 minutos\" \/>\n<script type=\"application\/ld+json\" class=\"yoast-schema-graph\">{\"@context\":\"https:\/\/schema.org\",\"@graph\":[{\"@type\":\"WebPage\",\"@id\":\"https:\/\/www.blogsoestado.com\/joaquimhaickel\/2009\/02\/28\/historia-de-um-sonho\/\",\"url\":\"https:\/\/www.blogsoestado.com\/joaquimhaickel\/2009\/02\/28\/historia-de-um-sonho\/\",\"name\":\"Hist\u00f3ria de um sonho - Joaquim Haickel\",\"isPartOf\":{\"@id\":\"https:\/\/www.blogsoestado.com\/joaquimhaickel\/#website\"},\"datePublished\":\"2009-02-28T23:10:20+00:00\",\"author\":{\"@id\":\"https:\/\/www.blogsoestado.com\/joaquimhaickel\/#\/schema\/person\/4a711644aff28245c6c2c3452d66d325\"},\"breadcrumb\":{\"@id\":\"https:\/\/www.blogsoestado.com\/joaquimhaickel\/2009\/02\/28\/historia-de-um-sonho\/#breadcrumb\"},\"inLanguage\":\"pt-BR\",\"potentialAction\":[{\"@type\":\"ReadAction\",\"target\":[\"https:\/\/www.blogsoestado.com\/joaquimhaickel\/2009\/02\/28\/historia-de-um-sonho\/\"]}]},{\"@type\":\"BreadcrumbList\",\"@id\":\"https:\/\/www.blogsoestado.com\/joaquimhaickel\/2009\/02\/28\/historia-de-um-sonho\/#breadcrumb\",\"itemListElement\":[{\"@type\":\"ListItem\",\"position\":1,\"name\":\"In\u00edcio\",\"item\":\"https:\/\/www.blogsoestado.com\/joaquimhaickel\/\"},{\"@type\":\"ListItem\",\"position\":2,\"name\":\"Hist\u00f3ria de um sonho\"}]},{\"@type\":\"WebSite\",\"@id\":\"https:\/\/www.blogsoestado.com\/joaquimhaickel\/#website\",\"url\":\"https:\/\/www.blogsoestado.com\/joaquimhaickel\/\",\"name\":\"Joaquim Haickel\",\"description\":\"\",\"potentialAction\":[{\"@type\":\"SearchAction\",\"target\":{\"@type\":\"EntryPoint\",\"urlTemplate\":\"https:\/\/www.blogsoestado.com\/joaquimhaickel\/?s={search_term_string}\"},\"query-input\":{\"@type\":\"PropertyValueSpecification\",\"valueRequired\":true,\"valueName\":\"search_term_string\"}}],\"inLanguage\":\"pt-BR\"},{\"@type\":\"Person\",\"@id\":\"https:\/\/www.blogsoestado.com\/joaquimhaickel\/#\/schema\/person\/4a711644aff28245c6c2c3452d66d325\",\"name\":\"Joaquim Haickel\",\"image\":{\"@type\":\"ImageObject\",\"inLanguage\":\"pt-BR\",\"@id\":\"https:\/\/www.blogsoestado.com\/joaquimhaickel\/#\/schema\/person\/image\/\",\"url\":\"https:\/\/secure.gravatar.com\/avatar\/473d89339b9f8ec089adb8d5778363eb5a2ba2319956bcf0298bfd8cca04684a?s=96&d=mm&r=g\",\"contentUrl\":\"https:\/\/secure.gravatar.com\/avatar\/473d89339b9f8ec089adb8d5778363eb5a2ba2319956bcf0298bfd8cca04684a?s=96&d=mm&r=g\",\"caption\":\"Joaquim Haickel\"},\"url\":\"https:\/\/www.blogsoestado.com\/joaquimhaickel\/author\/joaquimhaickel\/\"}]}<\/script>\n<!-- \/ Yoast SEO plugin. -->","yoast_head_json":{"title":"Hist\u00f3ria de um sonho - Joaquim Haickel","robots":{"index":"index","follow":"follow","max-snippet":"max-snippet:-1","max-image-preview":"max-image-preview:large","max-video-preview":"max-video-preview:-1"},"canonical":"https:\/\/www.blogsoestado.com\/joaquimhaickel\/2009\/02\/28\/historia-de-um-sonho\/","og_locale":"pt_BR","og_type":"article","og_title":"Hist\u00f3ria de um sonho - Joaquim Haickel","og_description":"Artigo publicado no domingo, 22\/02\/09, no Jornal O Estado do Maranh\u00e3o L\u00e1 pelos idos de 1985 eu estive nesta nossa [&hellip;]","og_url":"https:\/\/www.blogsoestado.com\/joaquimhaickel\/2009\/02\/28\/historia-de-um-sonho\/","og_site_name":"Joaquim Haickel","article_published_time":"2009-02-28T23:10:20+00:00","author":"Joaquim Haickel","twitter_card":"summary_large_image","twitter_misc":{"Escrito por":"Joaquim Haickel","Est. tempo de leitura":"3 minutos"},"schema":{"@context":"https:\/\/schema.org","@graph":[{"@type":"WebPage","@id":"https:\/\/www.blogsoestado.com\/joaquimhaickel\/2009\/02\/28\/historia-de-um-sonho\/","url":"https:\/\/www.blogsoestado.com\/joaquimhaickel\/2009\/02\/28\/historia-de-um-sonho\/","name":"Hist\u00f3ria de um sonho - Joaquim Haickel","isPartOf":{"@id":"https:\/\/www.blogsoestado.com\/joaquimhaickel\/#website"},"datePublished":"2009-02-28T23:10:20+00:00","author":{"@id":"https:\/\/www.blogsoestado.com\/joaquimhaickel\/#\/schema\/person\/4a711644aff28245c6c2c3452d66d325"},"breadcrumb":{"@id":"https:\/\/www.blogsoestado.com\/joaquimhaickel\/2009\/02\/28\/historia-de-um-sonho\/#breadcrumb"},"inLanguage":"pt-BR","potentialAction":[{"@type":"ReadAction","target":["https:\/\/www.blogsoestado.com\/joaquimhaickel\/2009\/02\/28\/historia-de-um-sonho\/"]}]},{"@type":"BreadcrumbList","@id":"https:\/\/www.blogsoestado.com\/joaquimhaickel\/2009\/02\/28\/historia-de-um-sonho\/#breadcrumb","itemListElement":[{"@type":"ListItem","position":1,"name":"In\u00edcio","item":"https:\/\/www.blogsoestado.com\/joaquimhaickel\/"},{"@type":"ListItem","position":2,"name":"Hist\u00f3ria de um sonho"}]},{"@type":"WebSite","@id":"https:\/\/www.blogsoestado.com\/joaquimhaickel\/#website","url":"https:\/\/www.blogsoestado.com\/joaquimhaickel\/","name":"Joaquim Haickel","description":"","potentialAction":[{"@type":"SearchAction","target":{"@type":"EntryPoint","urlTemplate":"https:\/\/www.blogsoestado.com\/joaquimhaickel\/?s={search_term_string}"},"query-input":{"@type":"PropertyValueSpecification","valueRequired":true,"valueName":"search_term_string"}}],"inLanguage":"pt-BR"},{"@type":"Person","@id":"https:\/\/www.blogsoestado.com\/joaquimhaickel\/#\/schema\/person\/4a711644aff28245c6c2c3452d66d325","name":"Joaquim Haickel","image":{"@type":"ImageObject","inLanguage":"pt-BR","@id":"https:\/\/www.blogsoestado.com\/joaquimhaickel\/#\/schema\/person\/image\/","url":"https:\/\/secure.gravatar.com\/avatar\/473d89339b9f8ec089adb8d5778363eb5a2ba2319956bcf0298bfd8cca04684a?s=96&d=mm&r=g","contentUrl":"https:\/\/secure.gravatar.com\/avatar\/473d89339b9f8ec089adb8d5778363eb5a2ba2319956bcf0298bfd8cca04684a?s=96&d=mm&r=g","caption":"Joaquim Haickel"},"url":"https:\/\/www.blogsoestado.com\/joaquimhaickel\/author\/joaquimhaickel\/"}]}},"jetpack_featured_media_url":"","_links":{"self":[{"href":"https:\/\/www.blogsoestado.com\/joaquimhaickel\/wp-json\/wp\/v2\/posts\/381","targetHints":{"allow":["GET"]}}],"collection":[{"href":"https:\/\/www.blogsoestado.com\/joaquimhaickel\/wp-json\/wp\/v2\/posts"}],"about":[{"href":"https:\/\/www.blogsoestado.com\/joaquimhaickel\/wp-json\/wp\/v2\/types\/post"}],"author":[{"embeddable":true,"href":"https:\/\/www.blogsoestado.com\/joaquimhaickel\/wp-json\/wp\/v2\/users\/7"}],"replies":[{"embeddable":true,"href":"https:\/\/www.blogsoestado.com\/joaquimhaickel\/wp-json\/wp\/v2\/comments?post=381"}],"version-history":[{"count":0,"href":"https:\/\/www.blogsoestado.com\/joaquimhaickel\/wp-json\/wp\/v2\/posts\/381\/revisions"}],"wp:attachment":[{"href":"https:\/\/www.blogsoestado.com\/joaquimhaickel\/wp-json\/wp\/v2\/media?parent=381"}],"wp:term":[{"taxonomy":"category","embeddable":true,"href":"https:\/\/www.blogsoestado.com\/joaquimhaickel\/wp-json\/wp\/v2\/categories?post=381"},{"taxonomy":"post_tag","embeddable":true,"href":"https:\/\/www.blogsoestado.com\/joaquimhaickel\/wp-json\/wp\/v2\/tags?post=381"}],"curies":[{"name":"wp","href":"https:\/\/api.w.org\/{rel}","templated":true}]}}