{"id":3824,"date":"2025-04-22T17:19:19","date_gmt":"2025-04-22T20:19:19","guid":{"rendered":"https:\/\/www.blogsoestado.com\/joaquimhaickel\/?p=3824"},"modified":"2025-04-22T17:34:03","modified_gmt":"2025-04-22T20:34:03","slug":"papa-mortuus-est","status":"publish","type":"post","link":"https:\/\/www.blogsoestado.com\/joaquimhaickel\/2025\/04\/22\/papa-mortuus-est\/","title":{"rendered":"\u201cPapa mortuus est.\u201d"},"content":{"rendered":"\n<figure class=\"wp-block-image size-large\"><img fetchpriority=\"high\" decoding=\"async\" width=\"384\" height=\"1024\" src=\"https:\/\/www.blogsoestado.com\/joaquimhaickel\/wp-content\/uploads\/sites\/6\/2025\/04\/card_cardeais_ordenado-384x1024.jpg\" alt=\"\" class=\"wp-image-3825\" srcset=\"https:\/\/www.blogsoestado.com\/joaquimhaickel\/wp-content\/uploads\/sites\/6\/2025\/04\/card_cardeais_ordenado-384x1024.jpg 384w, https:\/\/www.blogsoestado.com\/joaquimhaickel\/wp-content\/uploads\/sites\/6\/2025\/04\/card_cardeais_ordenado-113x300.jpg 113w, https:\/\/www.blogsoestado.com\/joaquimhaickel\/wp-content\/uploads\/sites\/6\/2025\/04\/card_cardeais_ordenado-576x1536.jpg 576w, https:\/\/www.blogsoestado.com\/joaquimhaickel\/wp-content\/uploads\/sites\/6\/2025\/04\/card_cardeais_ordenado.jpg 600w\" sizes=\"(max-width: 384px) 100vw, 384px\" \/><\/figure>\n\n\n\n<p>Com o falecimento de Jorge M\u00e1rio Bergoglio, o Papa Francisco, ocorrido hoje, dia 21 de abril de 2025, aumenta a intensa especula\u00e7\u00e3o sobre quem ser\u00e1 o pr\u00f3ximo pont\u00edfice da Igreja Cat\u00f3lica. Diversos cardeais s\u00e3o considerados &#8220;pap\u00e1veis&#8221;, cada um com suas caracter\u00edsticas pr\u00f3prias e distintas, o que pode influenciar de forma favor\u00e1vel ou desfavor\u00e1vel a decis\u00e3o do conclave.\u200b<\/p>\n\n\n\n<p>Para quem n\u00e3o sabe, conclave \u00e9 como se chama o evento que marca a elei\u00e7\u00e3o de um Papa, como se viu recentemente em um filme que serve bem para esclarecer muito do que ocorre nos bastidores da elei\u00e7\u00e3o do mandat\u00e1rio dessa que \u00e9 uma das mais antigas institui\u00e7\u00f5es do mundo.<\/p>\n\n\n\n<p>Os principais candidatos \u00e0 sucess\u00e3o de Francisco, em ordem alfab\u00e9tica, sem nenhuma conota\u00e7\u00e3o de primazia pol\u00edtica ou eleitoral, s\u00e3o:<\/p>\n\n\n\n<p><strong>Jean-Claude Hollerich (Luxemburgo, 66 anos)<\/strong><br>Arcebispo de Luxemburgo e presidente da Comiss\u00e3o das Confer\u00eancias Episcopais da Uni\u00e3o Europeia, Hollerich \u00e9 visto como um moderado com forte presen\u00e7a pol\u00edtica europeia. \u200b<\/p>\n\n\n\n<p><strong>Luis Antonio Tagle (Filipinas, 67 anos)<\/strong><br>Ex-arcebispo de Manila e atual prefeito do Dicast\u00e9rio para a Evangeliza\u00e7\u00e3o, Tagle \u00e9 carism\u00e1tico e representa a crescente influ\u00eancia da \u00c1sia na Igreja. Sua elei\u00e7\u00e3o marcaria a escolha do primeiro papa asi\u00e1tico.<\/p>\n\n\n\n<p><strong>Matteo Zuppi (It\u00e1lia, 69 anos)<\/strong><br>Arcebispo de Bolonha e presidente da Confer\u00eancia Episcopal Italiana, Zuppi \u00e9 reconhecido por seu trabalho em quest\u00f5es sociais e media\u00e7\u00e3o de conflitos, como a guerra na Ucr\u00e2nia. Sua abordagem pastoral e progressista o torna um forte candidato. \u200b<\/p>\n\n\n\n<p><strong>Peter Turkson (Gana, 76 anos)<\/strong><br>Conhecido por seu trabalho em justi\u00e7a social e desenvolvimento humano, Turkson seria o primeiro papa africano em mais de mil anos. No entanto, sua idade pode ser um fator limitante. \u200b<\/p>\n\n\n\n<p><strong>Pierbattista Pizzaballa (It\u00e1lia, 59 anos)<\/strong><br>Patriarca Latino de Jerusal\u00e9m, Pizzaballa possui experi\u00eancia significativa em di\u00e1logo inter-religioso, especialmente no Oriente M\u00e9dio. Sua elei\u00e7\u00e3o poderia refor\u00e7ar a presen\u00e7a da Igreja em regi\u00f5es de conflito. \u200b<\/p>\n\n\n\n<p><strong>Pietro Parolin (It\u00e1lia, 70 anos)<\/strong><br>Atual Secret\u00e1rio de Estado do Vaticano, Parolin \u00e9 conhecido por sua vasta experi\u00eancia diplom\u00e1tica e proximidade com Francisco. \u00c9 visto como um moderado capaz de manter a continuidade das reformas iniciadas pelo papa anterior.&nbsp;<\/p>\n\n\n\n<p><strong>Robert Sarah (Guin\u00e9, 79 anos)<\/strong><br>Ex-prefeito da Congrega\u00e7\u00e3o para o Culto Divino, Sarah \u00e9 uma figura conservadora respeitada. Sua elei\u00e7\u00e3o agradaria setores tradicionais da Igreja, embora sua idade tamb\u00e9m seja um obst\u00e1culo.<\/p>\n\n\n\n<p>A escolha do pr\u00f3ximo papa depender\u00e1 de diversos fatores, incluindo a dire\u00e7\u00e3o que os cardeais desejam para a Igreja: continuidade das reformas de Francisco, retorno a uma abordagem mais conservadora ou uma nova perspectiva vinda de regi\u00f5es em crescimento no catolicismo, como \u00c1frica e \u00c1sia. A diversidade de candidatos reflete a universalidade da Igreja e os desafios contempor\u00e2neos que ela enfrenta.<\/p>\n\n\n\n<p>O fato de n\u00e3o haver nesta disputa representantes da regi\u00e3o onde mais se concentra a popula\u00e7\u00e3o adepta da religi\u00e3o cat\u00f3lica, a Am\u00e9rica Latina, \u00e9 um sintoma curioso nesta elei\u00e7\u00e3o.<\/p>\n\n\n\n<p><\/p>\n","protected":false},"excerpt":{"rendered":"<p>Com o falecimento de Jorge M\u00e1rio Bergoglio, o Papa Francisco, ocorrido hoje, dia 21 de abril de 2025, aumenta a [&hellip;]<\/p>\n","protected":false},"author":7,"featured_media":0,"comment_status":"open","ping_status":"open","sticky":false,"template":"","format":"standard","meta":{"site-sidebar-layout":"default","site-content-layout":"","ast-site-content-layout":"default","site-content-style":"default","site-sidebar-style":"default","ast-global-header-display":"","ast-banner-title-visibility":"","ast-main-header-display":"","ast-hfb-above-header-display":"","ast-hfb-below-header-display":"","ast-hfb-mobile-header-display":"","site-post-title":"","ast-breadcrumbs-content":"","ast-featured-img":"","footer-sml-layout":"","ast-disable-related-posts":"","theme-transparent-header-meta":"","adv-header-id-meta":"","stick-header-meta":"","header-above-stick-meta":"","header-main-stick-meta":"","header-below-stick-meta":"","astra-migrate-meta-layouts":"default","ast-page-background-enabled":"default","ast-page-background-meta":{"desktop":{"background-color":"var(--ast-global-color-5)","background-image":"","background-repeat":"repeat","background-position":"center center","background-size":"auto","background-attachment":"scroll","background-type":"","background-media":"","overlay-type":"","overlay-color":"","overlay-opacity":"","overlay-gradient":""},"tablet":{"background-color":"","background-image":"","background-repeat":"repeat","background-position":"center center","background-size":"auto","background-attachment":"scroll","background-type":"","background-media":"","overlay-type":"","overlay-color":"","overlay-opacity":"","overlay-gradient":""},"mobile":{"background-color":"","background-image":"","background-repeat":"repeat","background-position":"center center","background-size":"auto","background-attachment":"scroll","background-type":"","background-media":"","overlay-type":"","overlay-color":"","overlay-opacity":"","overlay-gradient":""}},"ast-content-background-meta":{"desktop":{"background-color":"var(--ast-global-color-4)","background-image":"","background-repeat":"repeat","background-position":"center center","background-size":"auto","background-attachment":"scroll","background-type":"","background-media":"","overlay-type":"","overlay-color":"","overlay-opacity":"","overlay-gradient":""},"tablet":{"background-color":"var(--ast-global-color-4)","background-image":"","background-repeat":"repeat","background-position":"center center","background-size":"auto","background-attachment":"scroll","background-type":"","background-media":"","overlay-type":"","overlay-color":"","overlay-opacity":"","overlay-gradient":""},"mobile":{"background-color":"var(--ast-global-color-4)","background-image":"","background-repeat":"repeat","background-position":"center center","background-size":"auto","background-attachment":"scroll","background-type":"","background-media":"","overlay-type":"","overlay-color":"","overlay-opacity":"","overlay-gradient":""}},"footnotes":""},"categories":[1],"tags":[],"class_list":["post-3824","post","type-post","status-publish","format-standard","hentry","category-sem-categoria"],"yoast_head":"<!-- This site is optimized with the Yoast SEO plugin v26.6 - https:\/\/yoast.com\/wordpress\/plugins\/seo\/ -->\n<title>\u201cPapa mortuus est.\u201d - Joaquim Haickel<\/title>\n<meta name=\"robots\" content=\"index, follow, max-snippet:-1, max-image-preview:large, max-video-preview:-1\" \/>\n<link rel=\"canonical\" href=\"https:\/\/www.blogsoestado.com\/joaquimhaickel\/2025\/04\/22\/papa-mortuus-est\/\" \/>\n<meta property=\"og:locale\" content=\"pt_BR\" \/>\n<meta property=\"og:type\" content=\"article\" \/>\n<meta property=\"og:title\" content=\"\u201cPapa mortuus est.\u201d - Joaquim Haickel\" \/>\n<meta property=\"og:description\" content=\"Com o falecimento de Jorge M\u00e1rio Bergoglio, o Papa Francisco, ocorrido hoje, dia 21 de abril de 2025, aumenta a [&hellip;]\" \/>\n<meta property=\"og:url\" content=\"https:\/\/www.blogsoestado.com\/joaquimhaickel\/2025\/04\/22\/papa-mortuus-est\/\" \/>\n<meta property=\"og:site_name\" content=\"Joaquim Haickel\" \/>\n<meta property=\"article:published_time\" content=\"2025-04-22T20:19:19+00:00\" \/>\n<meta property=\"article:modified_time\" content=\"2025-04-22T20:34:03+00:00\" \/>\n<meta property=\"og:image\" content=\"https:\/\/www.blogsoestado.com\/joaquimhaickel\/wp-content\/uploads\/sites\/6\/2025\/04\/card_cardeais_ordenado.jpg\" \/>\n\t<meta property=\"og:image:width\" content=\"600\" \/>\n\t<meta property=\"og:image:height\" content=\"1600\" \/>\n\t<meta property=\"og:image:type\" content=\"image\/jpeg\" \/>\n<meta name=\"author\" content=\"Joaquim Haickel\" \/>\n<meta name=\"twitter:card\" content=\"summary_large_image\" \/>\n<meta name=\"twitter:label1\" content=\"Escrito por\" \/>\n\t<meta name=\"twitter:data1\" content=\"Joaquim Haickel\" \/>\n\t<meta name=\"twitter:label2\" content=\"Est. tempo de leitura\" \/>\n\t<meta name=\"twitter:data2\" content=\"3 minutos\" \/>\n<script type=\"application\/ld+json\" class=\"yoast-schema-graph\">{\"@context\":\"https:\/\/schema.org\",\"@graph\":[{\"@type\":\"WebPage\",\"@id\":\"https:\/\/www.blogsoestado.com\/joaquimhaickel\/2025\/04\/22\/papa-mortuus-est\/\",\"url\":\"https:\/\/www.blogsoestado.com\/joaquimhaickel\/2025\/04\/22\/papa-mortuus-est\/\",\"name\":\"\u201cPapa mortuus est.\u201d - Joaquim Haickel\",\"isPartOf\":{\"@id\":\"https:\/\/www.blogsoestado.com\/joaquimhaickel\/#website\"},\"primaryImageOfPage\":{\"@id\":\"https:\/\/www.blogsoestado.com\/joaquimhaickel\/2025\/04\/22\/papa-mortuus-est\/#primaryimage\"},\"image\":{\"@id\":\"https:\/\/www.blogsoestado.com\/joaquimhaickel\/2025\/04\/22\/papa-mortuus-est\/#primaryimage\"},\"thumbnailUrl\":\"https:\/\/www.blogsoestado.com\/joaquimhaickel\/wp-content\/uploads\/sites\/6\/2025\/04\/card_cardeais_ordenado-384x1024.jpg\",\"datePublished\":\"2025-04-22T20:19:19+00:00\",\"dateModified\":\"2025-04-22T20:34:03+00:00\",\"author\":{\"@id\":\"https:\/\/www.blogsoestado.com\/joaquimhaickel\/#\/schema\/person\/4a711644aff28245c6c2c3452d66d325\"},\"breadcrumb\":{\"@id\":\"https:\/\/www.blogsoestado.com\/joaquimhaickel\/2025\/04\/22\/papa-mortuus-est\/#breadcrumb\"},\"inLanguage\":\"pt-BR\",\"potentialAction\":[{\"@type\":\"ReadAction\",\"target\":[\"https:\/\/www.blogsoestado.com\/joaquimhaickel\/2025\/04\/22\/papa-mortuus-est\/\"]}]},{\"@type\":\"ImageObject\",\"inLanguage\":\"pt-BR\",\"@id\":\"https:\/\/www.blogsoestado.com\/joaquimhaickel\/2025\/04\/22\/papa-mortuus-est\/#primaryimage\",\"url\":\"https:\/\/www.blogsoestado.com\/joaquimhaickel\/wp-content\/uploads\/sites\/6\/2025\/04\/card_cardeais_ordenado.jpg\",\"contentUrl\":\"https:\/\/www.blogsoestado.com\/joaquimhaickel\/wp-content\/uploads\/sites\/6\/2025\/04\/card_cardeais_ordenado.jpg\",\"width\":600,\"height\":1600},{\"@type\":\"BreadcrumbList\",\"@id\":\"https:\/\/www.blogsoestado.com\/joaquimhaickel\/2025\/04\/22\/papa-mortuus-est\/#breadcrumb\",\"itemListElement\":[{\"@type\":\"ListItem\",\"position\":1,\"name\":\"In\u00edcio\",\"item\":\"https:\/\/www.blogsoestado.com\/joaquimhaickel\/\"},{\"@type\":\"ListItem\",\"position\":2,\"name\":\"\u201cPapa mortuus est.\u201d\"}]},{\"@type\":\"WebSite\",\"@id\":\"https:\/\/www.blogsoestado.com\/joaquimhaickel\/#website\",\"url\":\"https:\/\/www.blogsoestado.com\/joaquimhaickel\/\",\"name\":\"Joaquim Haickel\",\"description\":\"\",\"potentialAction\":[{\"@type\":\"SearchAction\",\"target\":{\"@type\":\"EntryPoint\",\"urlTemplate\":\"https:\/\/www.blogsoestado.com\/joaquimhaickel\/?s={search_term_string}\"},\"query-input\":{\"@type\":\"PropertyValueSpecification\",\"valueRequired\":true,\"valueName\":\"search_term_string\"}}],\"inLanguage\":\"pt-BR\"},{\"@type\":\"Person\",\"@id\":\"https:\/\/www.blogsoestado.com\/joaquimhaickel\/#\/schema\/person\/4a711644aff28245c6c2c3452d66d325\",\"name\":\"Joaquim Haickel\",\"image\":{\"@type\":\"ImageObject\",\"inLanguage\":\"pt-BR\",\"@id\":\"https:\/\/www.blogsoestado.com\/joaquimhaickel\/#\/schema\/person\/image\/\",\"url\":\"https:\/\/secure.gravatar.com\/avatar\/473d89339b9f8ec089adb8d5778363eb5a2ba2319956bcf0298bfd8cca04684a?s=96&d=mm&r=g\",\"contentUrl\":\"https:\/\/secure.gravatar.com\/avatar\/473d89339b9f8ec089adb8d5778363eb5a2ba2319956bcf0298bfd8cca04684a?s=96&d=mm&r=g\",\"caption\":\"Joaquim Haickel\"},\"url\":\"https:\/\/www.blogsoestado.com\/joaquimhaickel\/author\/joaquimhaickel\/\"}]}<\/script>\n<!-- \/ Yoast SEO plugin. -->","yoast_head_json":{"title":"\u201cPapa mortuus est.\u201d - Joaquim Haickel","robots":{"index":"index","follow":"follow","max-snippet":"max-snippet:-1","max-image-preview":"max-image-preview:large","max-video-preview":"max-video-preview:-1"},"canonical":"https:\/\/www.blogsoestado.com\/joaquimhaickel\/2025\/04\/22\/papa-mortuus-est\/","og_locale":"pt_BR","og_type":"article","og_title":"\u201cPapa mortuus est.\u201d - Joaquim Haickel","og_description":"Com o falecimento de Jorge M\u00e1rio Bergoglio, o Papa Francisco, ocorrido hoje, dia 21 de abril de 2025, aumenta a [&hellip;]","og_url":"https:\/\/www.blogsoestado.com\/joaquimhaickel\/2025\/04\/22\/papa-mortuus-est\/","og_site_name":"Joaquim Haickel","article_published_time":"2025-04-22T20:19:19+00:00","article_modified_time":"2025-04-22T20:34:03+00:00","og_image":[{"width":600,"height":1600,"url":"https:\/\/www.blogsoestado.com\/joaquimhaickel\/wp-content\/uploads\/sites\/6\/2025\/04\/card_cardeais_ordenado.jpg","type":"image\/jpeg"}],"author":"Joaquim Haickel","twitter_card":"summary_large_image","twitter_misc":{"Escrito por":"Joaquim Haickel","Est. tempo de leitura":"3 minutos"},"schema":{"@context":"https:\/\/schema.org","@graph":[{"@type":"WebPage","@id":"https:\/\/www.blogsoestado.com\/joaquimhaickel\/2025\/04\/22\/papa-mortuus-est\/","url":"https:\/\/www.blogsoestado.com\/joaquimhaickel\/2025\/04\/22\/papa-mortuus-est\/","name":"\u201cPapa mortuus est.\u201d - Joaquim Haickel","isPartOf":{"@id":"https:\/\/www.blogsoestado.com\/joaquimhaickel\/#website"},"primaryImageOfPage":{"@id":"https:\/\/www.blogsoestado.com\/joaquimhaickel\/2025\/04\/22\/papa-mortuus-est\/#primaryimage"},"image":{"@id":"https:\/\/www.blogsoestado.com\/joaquimhaickel\/2025\/04\/22\/papa-mortuus-est\/#primaryimage"},"thumbnailUrl":"https:\/\/www.blogsoestado.com\/joaquimhaickel\/wp-content\/uploads\/sites\/6\/2025\/04\/card_cardeais_ordenado-384x1024.jpg","datePublished":"2025-04-22T20:19:19+00:00","dateModified":"2025-04-22T20:34:03+00:00","author":{"@id":"https:\/\/www.blogsoestado.com\/joaquimhaickel\/#\/schema\/person\/4a711644aff28245c6c2c3452d66d325"},"breadcrumb":{"@id":"https:\/\/www.blogsoestado.com\/joaquimhaickel\/2025\/04\/22\/papa-mortuus-est\/#breadcrumb"},"inLanguage":"pt-BR","potentialAction":[{"@type":"ReadAction","target":["https:\/\/www.blogsoestado.com\/joaquimhaickel\/2025\/04\/22\/papa-mortuus-est\/"]}]},{"@type":"ImageObject","inLanguage":"pt-BR","@id":"https:\/\/www.blogsoestado.com\/joaquimhaickel\/2025\/04\/22\/papa-mortuus-est\/#primaryimage","url":"https:\/\/www.blogsoestado.com\/joaquimhaickel\/wp-content\/uploads\/sites\/6\/2025\/04\/card_cardeais_ordenado.jpg","contentUrl":"https:\/\/www.blogsoestado.com\/joaquimhaickel\/wp-content\/uploads\/sites\/6\/2025\/04\/card_cardeais_ordenado.jpg","width":600,"height":1600},{"@type":"BreadcrumbList","@id":"https:\/\/www.blogsoestado.com\/joaquimhaickel\/2025\/04\/22\/papa-mortuus-est\/#breadcrumb","itemListElement":[{"@type":"ListItem","position":1,"name":"In\u00edcio","item":"https:\/\/www.blogsoestado.com\/joaquimhaickel\/"},{"@type":"ListItem","position":2,"name":"\u201cPapa mortuus est.\u201d"}]},{"@type":"WebSite","@id":"https:\/\/www.blogsoestado.com\/joaquimhaickel\/#website","url":"https:\/\/www.blogsoestado.com\/joaquimhaickel\/","name":"Joaquim Haickel","description":"","potentialAction":[{"@type":"SearchAction","target":{"@type":"EntryPoint","urlTemplate":"https:\/\/www.blogsoestado.com\/joaquimhaickel\/?s={search_term_string}"},"query-input":{"@type":"PropertyValueSpecification","valueRequired":true,"valueName":"search_term_string"}}],"inLanguage":"pt-BR"},{"@type":"Person","@id":"https:\/\/www.blogsoestado.com\/joaquimhaickel\/#\/schema\/person\/4a711644aff28245c6c2c3452d66d325","name":"Joaquim Haickel","image":{"@type":"ImageObject","inLanguage":"pt-BR","@id":"https:\/\/www.blogsoestado.com\/joaquimhaickel\/#\/schema\/person\/image\/","url":"https:\/\/secure.gravatar.com\/avatar\/473d89339b9f8ec089adb8d5778363eb5a2ba2319956bcf0298bfd8cca04684a?s=96&d=mm&r=g","contentUrl":"https:\/\/secure.gravatar.com\/avatar\/473d89339b9f8ec089adb8d5778363eb5a2ba2319956bcf0298bfd8cca04684a?s=96&d=mm&r=g","caption":"Joaquim Haickel"},"url":"https:\/\/www.blogsoestado.com\/joaquimhaickel\/author\/joaquimhaickel\/"}]}},"jetpack_featured_media_url":"","_links":{"self":[{"href":"https:\/\/www.blogsoestado.com\/joaquimhaickel\/wp-json\/wp\/v2\/posts\/3824","targetHints":{"allow":["GET"]}}],"collection":[{"href":"https:\/\/www.blogsoestado.com\/joaquimhaickel\/wp-json\/wp\/v2\/posts"}],"about":[{"href":"https:\/\/www.blogsoestado.com\/joaquimhaickel\/wp-json\/wp\/v2\/types\/post"}],"author":[{"embeddable":true,"href":"https:\/\/www.blogsoestado.com\/joaquimhaickel\/wp-json\/wp\/v2\/users\/7"}],"replies":[{"embeddable":true,"href":"https:\/\/www.blogsoestado.com\/joaquimhaickel\/wp-json\/wp\/v2\/comments?post=3824"}],"version-history":[{"count":1,"href":"https:\/\/www.blogsoestado.com\/joaquimhaickel\/wp-json\/wp\/v2\/posts\/3824\/revisions"}],"predecessor-version":[{"id":3826,"href":"https:\/\/www.blogsoestado.com\/joaquimhaickel\/wp-json\/wp\/v2\/posts\/3824\/revisions\/3826"}],"wp:attachment":[{"href":"https:\/\/www.blogsoestado.com\/joaquimhaickel\/wp-json\/wp\/v2\/media?parent=3824"}],"wp:term":[{"taxonomy":"category","embeddable":true,"href":"https:\/\/www.blogsoestado.com\/joaquimhaickel\/wp-json\/wp\/v2\/categories?post=3824"},{"taxonomy":"post_tag","embeddable":true,"href":"https:\/\/www.blogsoestado.com\/joaquimhaickel\/wp-json\/wp\/v2\/tags?post=3824"}],"curies":[{"name":"wp","href":"https:\/\/api.w.org\/{rel}","templated":true}]}}