{"id":3861,"date":"2025-05-10T08:14:00","date_gmt":"2025-05-10T11:14:00","guid":{"rendered":"https:\/\/www.blogsoestado.com\/joaquimhaickel\/?p=3861"},"modified":"2025-05-10T08:14:01","modified_gmt":"2025-05-10T11:14:01","slug":"a-minha-coerencia-me-e-muito-cara","status":"publish","type":"post","link":"https:\/\/www.blogsoestado.com\/joaquimhaickel\/2025\/05\/10\/a-minha-coerencia-me-e-muito-cara\/","title":{"rendered":"A minha coer\u00eancia me \u00e9 muito cara"},"content":{"rendered":"\n<figure class=\"wp-block-image size-large\"><img fetchpriority=\"high\" decoding=\"async\" width=\"683\" height=\"1024\" src=\"https:\/\/www.blogsoestado.com\/joaquimhaickel\/wp-content\/uploads\/sites\/6\/2025\/05\/0-683x1024.png\" alt=\"\" class=\"wp-image-3862\" srcset=\"https:\/\/www.blogsoestado.com\/joaquimhaickel\/wp-content\/uploads\/sites\/6\/2025\/05\/0-683x1024.png 683w, https:\/\/www.blogsoestado.com\/joaquimhaickel\/wp-content\/uploads\/sites\/6\/2025\/05\/0-200x300.png 200w, https:\/\/www.blogsoestado.com\/joaquimhaickel\/wp-content\/uploads\/sites\/6\/2025\/05\/0-768x1152.png 768w, https:\/\/www.blogsoestado.com\/joaquimhaickel\/wp-content\/uploads\/sites\/6\/2025\/05\/0.png 1024w\" sizes=\"(max-width: 683px) 100vw, 683px\" \/><\/figure>\n\n\n\n<p>Eu j\u00e1 havia comentado anteriormente sobre minha inten\u00e7\u00e3o de passar algum tempo sem me manifestar nas redes sociais sobre assuntos pol\u00eamicos, principalmente assuntos que envolvessem pol\u00edtica, mas isso parece ser imposs\u00edvel, n\u00e3o s\u00f3 por causa de meu temperamento bastante peculiar, mas tamb\u00e9m pelo fato de os pol\u00edticos de nosso pa\u00eds n\u00e3o pararem de fazer coisas que me obrigue a comentar.<\/p>\n\n\n\n<p>Aprendi a me posicionar na vida guiado pelos ensinamento de tr\u00eas dos maiores mestres da filosofia, S\u00f3crates com sua \u00e9tica interrogativa, Plat\u00e3o que valoriza o \u00e2mbito das ideias usando para isso a intera\u00e7\u00e3o atrav\u00e9s do di\u00e1logo e Arist\u00f3teles, com seu rigor l\u00f3gico e sua busca incessante pela coer\u00eancia. Na soma do que preconizam os tr\u00eas e com associa\u00e7\u00e3o de alguns outros ensinamentos, constru\u00ed meu edif\u00edcio.<\/p>\n\n\n\n<p>Mas hoje quero deixar de lado um pouco S\u00f3crates e Plat\u00e3o e me fixar mais em Arist\u00f3teles, de quem herdei uma \u00e2nsia incontrol\u00e1vel pela racionalidade e pela coer\u00eancia, fato que muitas vezes se choca frontalmente com o exerc\u00edcio pratico da pol\u00edtica e causa, pelo menos em pessoas como eu, dilemas recalcitrantes.<\/p>\n\n\n\n<p>Se h\u00e1 uma coisa que me \u00e9 muito cara \u00e9 a minha coer\u00eancia, a qual busco de forma constante e incessante, o que como j\u00e1 disse, causa algumas vezes,&nbsp; no pol\u00edtico que sou, um enorme incomodo.<\/p>\n\n\n\n<p>\u00c9 imposs\u00edvel n\u00e3o ser coerente e reconhecer que o Supremo Tribunal Federal, que em meu entendimento tem sido respons\u00e1vel pelos maiores e piores atentados contra a nossa democracia, ao desrespeitar de formas torpes e abjetas o devido processo legal, est\u00e1 correto ao se manifestar contr\u00e1rio a decis\u00e3o da C\u00e2mara dos Deputados que resolveu que aquela Corte n\u00e3o pode processar o deputado Alexandre Ramagem por poss\u00edveis crimes que ele tenha cometido antes de ser empossado no cargo de deputado federal.<\/p>\n\n\n\n<p>Acredito que neste caso o STF tenha toda raz\u00e3o, uma vez que entendo que a lei \u00e9 clara e n\u00e3o carece de interpreta\u00e7\u00e3o, quando estabelece que a imunidade parlamentar \u00e9 uma prerrogativa de quem foi eleito para essa fun\u00e7\u00e3o, apenas depois de sua posse. Subverter isso como a C\u00e2mara fez \u00e9 errado e n\u00e3o est\u00e1 em conformidade com nossa Constitui\u00e7\u00e3o.<\/p>\n\n\n\n<p>Da mesma maneira como tenho apontado os graves e imperdo\u00e1veis erros que veem sistematicamente sendo cometidos pelo STF, aponto os acertos que aquela Corte possam vir a cometer, e n\u00e3o fa\u00e7o isso como um favor a ela, mas como obriga\u00e7\u00e3o que tenho por ser um defensor implac\u00e1vel desta aristot\u00e9lica a\u00e7\u00e3o que \u00e9 a coer\u00eancia.<\/p>\n\n\n\n<p>Retirar do STF a prerrogativa de processar Ramagem por poss\u00edveis crimes que ele tenha cometido antes de tomar posse do mandato de deputado \u00e9 t\u00e3o errado quanto aceitar e permitir que o mesmo STF julgue pessoas sem a individualiza\u00e7\u00e3o de suas condutas, que processe pessoas que deveriam ser processadas em outro foro, que desrespeite a Constitui\u00e7\u00e3o Federal, quebrando a independ\u00eancia e a harmonia entre os poderes, extrapolando os limites de sua compet\u00eancia.<\/p>\n\n\n\n<p>Todas as mazelas que vemos acontecer em nosso pa\u00eds tem como causa fundamental a falta de coer\u00eancia, seja ela no \u00e2mbito pessoal, legal e pol\u00edtico.<\/p>\n\n\n\n<p>Minha esposa, que l\u00ea meus textos antes que os publique, recorrentemente me pergunta como \u00e9 que eu posso querer ser t\u00e3o coerente, se fa\u00e7o tantas cr\u00edticas aos posicionamentos pol\u00edticos de Fl\u00e1vio Dino, ao mesmo tempo em que digo que ele \u00e9 o mais competente e mais bem preparado ministro do Supremo Tribunal Federal, e eu respondo a ela que o fato dele simplesmente ser o mais competente e bem preparado ministro de STF, n\u00e3o faz com que ele tome sempre decis\u00f5es corretas, como deveria, (como no caso das emendas parlamentares irrastre\u00e1veis), uma vez que falta a ele, e n\u00e3o a mim, a devida coer\u00eancia, de sendo realmente o mais competente e bem preparado dos ministros daquela corte, n\u00e3o agir de forma pol\u00edtica, coisa que n\u00e3o condiz com a condi\u00e7\u00e3o de magistrado, coisa que acontece na maioria das vezes em quase todos os casos e com quase todos os ministro do STF.<\/p>\n\n\n\n<p>A coer\u00eancia em alguns casos, em algumas pessoas, funciona como uma esp\u00e9cie de compuls\u00e3o ou v\u00edcio. Parece ser esse o meu caso.<\/p>\n\n\n\n<p><\/p>\n","protected":false},"excerpt":{"rendered":"<p>Eu j\u00e1 havia comentado anteriormente sobre minha inten\u00e7\u00e3o de passar algum tempo sem me manifestar nas redes sociais sobre assuntos [&hellip;]<\/p>\n","protected":false},"author":7,"featured_media":0,"comment_status":"open","ping_status":"open","sticky":false,"template":"","format":"standard","meta":{"site-sidebar-layout":"default","site-content-layout":"","ast-site-content-layout":"default","site-content-style":"default","site-sidebar-style":"default","ast-global-header-display":"","ast-banner-title-visibility":"","ast-main-header-display":"","ast-hfb-above-header-display":"","ast-hfb-below-header-display":"","ast-hfb-mobile-header-display":"","site-post-title":"","ast-breadcrumbs-content":"","ast-featured-img":"","footer-sml-layout":"","ast-disable-related-posts":"","theme-transparent-header-meta":"","adv-header-id-meta":"","stick-header-meta":"","header-above-stick-meta":"","header-main-stick-meta":"","header-below-stick-meta":"","astra-migrate-meta-layouts":"default","ast-page-background-enabled":"default","ast-page-background-meta":{"desktop":{"background-color":"var(--ast-global-color-5)","background-image":"","background-repeat":"repeat","background-position":"center center","background-size":"auto","background-attachment":"scroll","background-type":"","background-media":"","overlay-type":"","overlay-color":"","overlay-opacity":"","overlay-gradient":""},"tablet":{"background-color":"","background-image":"","background-repeat":"repeat","background-position":"center center","background-size":"auto","background-attachment":"scroll","background-type":"","background-media":"","overlay-type":"","overlay-color":"","overlay-opacity":"","overlay-gradient":""},"mobile":{"background-color":"","background-image":"","background-repeat":"repeat","background-position":"center center","background-size":"auto","background-attachment":"scroll","background-type":"","background-media":"","overlay-type":"","overlay-color":"","overlay-opacity":"","overlay-gradient":""}},"ast-content-background-meta":{"desktop":{"background-color":"var(--ast-global-color-4)","background-image":"","background-repeat":"repeat","background-position":"center center","background-size":"auto","background-attachment":"scroll","background-type":"","background-media":"","overlay-type":"","overlay-color":"","overlay-opacity":"","overlay-gradient":""},"tablet":{"background-color":"var(--ast-global-color-4)","background-image":"","background-repeat":"repeat","background-position":"center center","background-size":"auto","background-attachment":"scroll","background-type":"","background-media":"","overlay-type":"","overlay-color":"","overlay-opacity":"","overlay-gradient":""},"mobile":{"background-color":"var(--ast-global-color-4)","background-image":"","background-repeat":"repeat","background-position":"center center","background-size":"auto","background-attachment":"scroll","background-type":"","background-media":"","overlay-type":"","overlay-color":"","overlay-opacity":"","overlay-gradient":""}},"footnotes":""},"categories":[1],"tags":[],"class_list":["post-3861","post","type-post","status-publish","format-standard","hentry","category-sem-categoria"],"yoast_head":"<!-- This site is optimized with the Yoast SEO plugin v26.6 - https:\/\/yoast.com\/wordpress\/plugins\/seo\/ -->\n<title>A minha coer\u00eancia me \u00e9 muito cara - Joaquim Haickel<\/title>\n<meta name=\"robots\" content=\"index, follow, max-snippet:-1, max-image-preview:large, max-video-preview:-1\" \/>\n<link rel=\"canonical\" href=\"https:\/\/www.blogsoestado.com\/joaquimhaickel\/2025\/05\/10\/a-minha-coerencia-me-e-muito-cara\/\" \/>\n<meta property=\"og:locale\" content=\"pt_BR\" \/>\n<meta property=\"og:type\" content=\"article\" \/>\n<meta property=\"og:title\" content=\"A minha coer\u00eancia me \u00e9 muito cara - Joaquim Haickel\" \/>\n<meta property=\"og:description\" content=\"Eu j\u00e1 havia comentado anteriormente sobre minha inten\u00e7\u00e3o de passar algum tempo sem me manifestar nas redes sociais sobre assuntos [&hellip;]\" \/>\n<meta property=\"og:url\" content=\"https:\/\/www.blogsoestado.com\/joaquimhaickel\/2025\/05\/10\/a-minha-coerencia-me-e-muito-cara\/\" \/>\n<meta property=\"og:site_name\" content=\"Joaquim Haickel\" \/>\n<meta property=\"article:published_time\" content=\"2025-05-10T11:14:00+00:00\" \/>\n<meta property=\"article:modified_time\" content=\"2025-05-10T11:14:01+00:00\" \/>\n<meta property=\"og:image\" content=\"https:\/\/www.blogsoestado.com\/joaquimhaickel\/wp-content\/uploads\/sites\/6\/2025\/05\/0-683x1024.png\" \/>\n\t<meta property=\"og:image:width\" content=\"683\" \/>\n\t<meta property=\"og:image:height\" content=\"1024\" \/>\n\t<meta property=\"og:image:type\" content=\"image\/png\" \/>\n<meta name=\"author\" content=\"Joaquim Haickel\" \/>\n<meta name=\"twitter:card\" content=\"summary_large_image\" \/>\n<meta name=\"twitter:label1\" content=\"Escrito por\" \/>\n\t<meta name=\"twitter:data1\" content=\"Joaquim Haickel\" \/>\n\t<meta name=\"twitter:label2\" content=\"Est. tempo de leitura\" \/>\n\t<meta name=\"twitter:data2\" content=\"4 minutos\" \/>\n<script type=\"application\/ld+json\" class=\"yoast-schema-graph\">{\"@context\":\"https:\/\/schema.org\",\"@graph\":[{\"@type\":\"WebPage\",\"@id\":\"https:\/\/www.blogsoestado.com\/joaquimhaickel\/2025\/05\/10\/a-minha-coerencia-me-e-muito-cara\/\",\"url\":\"https:\/\/www.blogsoestado.com\/joaquimhaickel\/2025\/05\/10\/a-minha-coerencia-me-e-muito-cara\/\",\"name\":\"A minha coer\u00eancia me \u00e9 muito cara - Joaquim Haickel\",\"isPartOf\":{\"@id\":\"https:\/\/www.blogsoestado.com\/joaquimhaickel\/#website\"},\"primaryImageOfPage\":{\"@id\":\"https:\/\/www.blogsoestado.com\/joaquimhaickel\/2025\/05\/10\/a-minha-coerencia-me-e-muito-cara\/#primaryimage\"},\"image\":{\"@id\":\"https:\/\/www.blogsoestado.com\/joaquimhaickel\/2025\/05\/10\/a-minha-coerencia-me-e-muito-cara\/#primaryimage\"},\"thumbnailUrl\":\"https:\/\/www.blogsoestado.com\/joaquimhaickel\/wp-content\/uploads\/sites\/6\/2025\/05\/0-683x1024.png\",\"datePublished\":\"2025-05-10T11:14:00+00:00\",\"dateModified\":\"2025-05-10T11:14:01+00:00\",\"author\":{\"@id\":\"https:\/\/www.blogsoestado.com\/joaquimhaickel\/#\/schema\/person\/4a711644aff28245c6c2c3452d66d325\"},\"breadcrumb\":{\"@id\":\"https:\/\/www.blogsoestado.com\/joaquimhaickel\/2025\/05\/10\/a-minha-coerencia-me-e-muito-cara\/#breadcrumb\"},\"inLanguage\":\"pt-BR\",\"potentialAction\":[{\"@type\":\"ReadAction\",\"target\":[\"https:\/\/www.blogsoestado.com\/joaquimhaickel\/2025\/05\/10\/a-minha-coerencia-me-e-muito-cara\/\"]}]},{\"@type\":\"ImageObject\",\"inLanguage\":\"pt-BR\",\"@id\":\"https:\/\/www.blogsoestado.com\/joaquimhaickel\/2025\/05\/10\/a-minha-coerencia-me-e-muito-cara\/#primaryimage\",\"url\":\"https:\/\/www.blogsoestado.com\/joaquimhaickel\/wp-content\/uploads\/sites\/6\/2025\/05\/0.png\",\"contentUrl\":\"https:\/\/www.blogsoestado.com\/joaquimhaickel\/wp-content\/uploads\/sites\/6\/2025\/05\/0.png\",\"width\":1024,\"height\":1536},{\"@type\":\"BreadcrumbList\",\"@id\":\"https:\/\/www.blogsoestado.com\/joaquimhaickel\/2025\/05\/10\/a-minha-coerencia-me-e-muito-cara\/#breadcrumb\",\"itemListElement\":[{\"@type\":\"ListItem\",\"position\":1,\"name\":\"In\u00edcio\",\"item\":\"https:\/\/www.blogsoestado.com\/joaquimhaickel\/\"},{\"@type\":\"ListItem\",\"position\":2,\"name\":\"A minha coer\u00eancia me \u00e9 muito cara\"}]},{\"@type\":\"WebSite\",\"@id\":\"https:\/\/www.blogsoestado.com\/joaquimhaickel\/#website\",\"url\":\"https:\/\/www.blogsoestado.com\/joaquimhaickel\/\",\"name\":\"Joaquim Haickel\",\"description\":\"\",\"potentialAction\":[{\"@type\":\"SearchAction\",\"target\":{\"@type\":\"EntryPoint\",\"urlTemplate\":\"https:\/\/www.blogsoestado.com\/joaquimhaickel\/?s={search_term_string}\"},\"query-input\":{\"@type\":\"PropertyValueSpecification\",\"valueRequired\":true,\"valueName\":\"search_term_string\"}}],\"inLanguage\":\"pt-BR\"},{\"@type\":\"Person\",\"@id\":\"https:\/\/www.blogsoestado.com\/joaquimhaickel\/#\/schema\/person\/4a711644aff28245c6c2c3452d66d325\",\"name\":\"Joaquim Haickel\",\"image\":{\"@type\":\"ImageObject\",\"inLanguage\":\"pt-BR\",\"@id\":\"https:\/\/www.blogsoestado.com\/joaquimhaickel\/#\/schema\/person\/image\/\",\"url\":\"https:\/\/secure.gravatar.com\/avatar\/473d89339b9f8ec089adb8d5778363eb5a2ba2319956bcf0298bfd8cca04684a?s=96&d=mm&r=g\",\"contentUrl\":\"https:\/\/secure.gravatar.com\/avatar\/473d89339b9f8ec089adb8d5778363eb5a2ba2319956bcf0298bfd8cca04684a?s=96&d=mm&r=g\",\"caption\":\"Joaquim Haickel\"},\"url\":\"https:\/\/www.blogsoestado.com\/joaquimhaickel\/author\/joaquimhaickel\/\"}]}<\/script>\n<!-- \/ Yoast SEO plugin. -->","yoast_head_json":{"title":"A minha coer\u00eancia me \u00e9 muito cara - Joaquim Haickel","robots":{"index":"index","follow":"follow","max-snippet":"max-snippet:-1","max-image-preview":"max-image-preview:large","max-video-preview":"max-video-preview:-1"},"canonical":"https:\/\/www.blogsoestado.com\/joaquimhaickel\/2025\/05\/10\/a-minha-coerencia-me-e-muito-cara\/","og_locale":"pt_BR","og_type":"article","og_title":"A minha coer\u00eancia me \u00e9 muito cara - Joaquim Haickel","og_description":"Eu j\u00e1 havia comentado anteriormente sobre minha inten\u00e7\u00e3o de passar algum tempo sem me manifestar nas redes sociais sobre assuntos [&hellip;]","og_url":"https:\/\/www.blogsoestado.com\/joaquimhaickel\/2025\/05\/10\/a-minha-coerencia-me-e-muito-cara\/","og_site_name":"Joaquim Haickel","article_published_time":"2025-05-10T11:14:00+00:00","article_modified_time":"2025-05-10T11:14:01+00:00","og_image":[{"width":683,"height":1024,"url":"https:\/\/www.blogsoestado.com\/joaquimhaickel\/wp-content\/uploads\/sites\/6\/2025\/05\/0-683x1024.png","type":"image\/png"}],"author":"Joaquim Haickel","twitter_card":"summary_large_image","twitter_misc":{"Escrito por":"Joaquim Haickel","Est. tempo de leitura":"4 minutos"},"schema":{"@context":"https:\/\/schema.org","@graph":[{"@type":"WebPage","@id":"https:\/\/www.blogsoestado.com\/joaquimhaickel\/2025\/05\/10\/a-minha-coerencia-me-e-muito-cara\/","url":"https:\/\/www.blogsoestado.com\/joaquimhaickel\/2025\/05\/10\/a-minha-coerencia-me-e-muito-cara\/","name":"A minha coer\u00eancia me \u00e9 muito cara - Joaquim Haickel","isPartOf":{"@id":"https:\/\/www.blogsoestado.com\/joaquimhaickel\/#website"},"primaryImageOfPage":{"@id":"https:\/\/www.blogsoestado.com\/joaquimhaickel\/2025\/05\/10\/a-minha-coerencia-me-e-muito-cara\/#primaryimage"},"image":{"@id":"https:\/\/www.blogsoestado.com\/joaquimhaickel\/2025\/05\/10\/a-minha-coerencia-me-e-muito-cara\/#primaryimage"},"thumbnailUrl":"https:\/\/www.blogsoestado.com\/joaquimhaickel\/wp-content\/uploads\/sites\/6\/2025\/05\/0-683x1024.png","datePublished":"2025-05-10T11:14:00+00:00","dateModified":"2025-05-10T11:14:01+00:00","author":{"@id":"https:\/\/www.blogsoestado.com\/joaquimhaickel\/#\/schema\/person\/4a711644aff28245c6c2c3452d66d325"},"breadcrumb":{"@id":"https:\/\/www.blogsoestado.com\/joaquimhaickel\/2025\/05\/10\/a-minha-coerencia-me-e-muito-cara\/#breadcrumb"},"inLanguage":"pt-BR","potentialAction":[{"@type":"ReadAction","target":["https:\/\/www.blogsoestado.com\/joaquimhaickel\/2025\/05\/10\/a-minha-coerencia-me-e-muito-cara\/"]}]},{"@type":"ImageObject","inLanguage":"pt-BR","@id":"https:\/\/www.blogsoestado.com\/joaquimhaickel\/2025\/05\/10\/a-minha-coerencia-me-e-muito-cara\/#primaryimage","url":"https:\/\/www.blogsoestado.com\/joaquimhaickel\/wp-content\/uploads\/sites\/6\/2025\/05\/0.png","contentUrl":"https:\/\/www.blogsoestado.com\/joaquimhaickel\/wp-content\/uploads\/sites\/6\/2025\/05\/0.png","width":1024,"height":1536},{"@type":"BreadcrumbList","@id":"https:\/\/www.blogsoestado.com\/joaquimhaickel\/2025\/05\/10\/a-minha-coerencia-me-e-muito-cara\/#breadcrumb","itemListElement":[{"@type":"ListItem","position":1,"name":"In\u00edcio","item":"https:\/\/www.blogsoestado.com\/joaquimhaickel\/"},{"@type":"ListItem","position":2,"name":"A minha coer\u00eancia me \u00e9 muito cara"}]},{"@type":"WebSite","@id":"https:\/\/www.blogsoestado.com\/joaquimhaickel\/#website","url":"https:\/\/www.blogsoestado.com\/joaquimhaickel\/","name":"Joaquim Haickel","description":"","potentialAction":[{"@type":"SearchAction","target":{"@type":"EntryPoint","urlTemplate":"https:\/\/www.blogsoestado.com\/joaquimhaickel\/?s={search_term_string}"},"query-input":{"@type":"PropertyValueSpecification","valueRequired":true,"valueName":"search_term_string"}}],"inLanguage":"pt-BR"},{"@type":"Person","@id":"https:\/\/www.blogsoestado.com\/joaquimhaickel\/#\/schema\/person\/4a711644aff28245c6c2c3452d66d325","name":"Joaquim Haickel","image":{"@type":"ImageObject","inLanguage":"pt-BR","@id":"https:\/\/www.blogsoestado.com\/joaquimhaickel\/#\/schema\/person\/image\/","url":"https:\/\/secure.gravatar.com\/avatar\/473d89339b9f8ec089adb8d5778363eb5a2ba2319956bcf0298bfd8cca04684a?s=96&d=mm&r=g","contentUrl":"https:\/\/secure.gravatar.com\/avatar\/473d89339b9f8ec089adb8d5778363eb5a2ba2319956bcf0298bfd8cca04684a?s=96&d=mm&r=g","caption":"Joaquim Haickel"},"url":"https:\/\/www.blogsoestado.com\/joaquimhaickel\/author\/joaquimhaickel\/"}]}},"jetpack_featured_media_url":"","_links":{"self":[{"href":"https:\/\/www.blogsoestado.com\/joaquimhaickel\/wp-json\/wp\/v2\/posts\/3861","targetHints":{"allow":["GET"]}}],"collection":[{"href":"https:\/\/www.blogsoestado.com\/joaquimhaickel\/wp-json\/wp\/v2\/posts"}],"about":[{"href":"https:\/\/www.blogsoestado.com\/joaquimhaickel\/wp-json\/wp\/v2\/types\/post"}],"author":[{"embeddable":true,"href":"https:\/\/www.blogsoestado.com\/joaquimhaickel\/wp-json\/wp\/v2\/users\/7"}],"replies":[{"embeddable":true,"href":"https:\/\/www.blogsoestado.com\/joaquimhaickel\/wp-json\/wp\/v2\/comments?post=3861"}],"version-history":[{"count":1,"href":"https:\/\/www.blogsoestado.com\/joaquimhaickel\/wp-json\/wp\/v2\/posts\/3861\/revisions"}],"predecessor-version":[{"id":3863,"href":"https:\/\/www.blogsoestado.com\/joaquimhaickel\/wp-json\/wp\/v2\/posts\/3861\/revisions\/3863"}],"wp:attachment":[{"href":"https:\/\/www.blogsoestado.com\/joaquimhaickel\/wp-json\/wp\/v2\/media?parent=3861"}],"wp:term":[{"taxonomy":"category","embeddable":true,"href":"https:\/\/www.blogsoestado.com\/joaquimhaickel\/wp-json\/wp\/v2\/categories?post=3861"},{"taxonomy":"post_tag","embeddable":true,"href":"https:\/\/www.blogsoestado.com\/joaquimhaickel\/wp-json\/wp\/v2\/tags?post=3861"}],"curies":[{"name":"wp","href":"https:\/\/api.w.org\/{rel}","templated":true}]}}