{"id":3867,"date":"2025-05-14T08:35:47","date_gmt":"2025-05-14T11:35:47","guid":{"rendered":"https:\/\/www.blogsoestado.com\/joaquimhaickel\/?p=3867"},"modified":"2025-05-14T08:35:48","modified_gmt":"2025-05-14T11:35:48","slug":"maternidade-de-celso-antonio","status":"publish","type":"post","link":"https:\/\/www.blogsoestado.com\/joaquimhaickel\/2025\/05\/14\/maternidade-de-celso-antonio\/","title":{"rendered":"Maternidade, de Celso Antonio"},"content":{"rendered":"\n<figure class=\"wp-block-image size-full\"><img fetchpriority=\"high\" decoding=\"async\" width=\"236\" height=\"315\" src=\"https:\/\/www.blogsoestado.com\/joaquimhaickel\/wp-content\/uploads\/sites\/6\/2025\/05\/09230dc80e0141ce8f71c4347b55bf8c.jpg\" alt=\"\" class=\"wp-image-3868\" srcset=\"https:\/\/www.blogsoestado.com\/joaquimhaickel\/wp-content\/uploads\/sites\/6\/2025\/05\/09230dc80e0141ce8f71c4347b55bf8c.jpg 236w, https:\/\/www.blogsoestado.com\/joaquimhaickel\/wp-content\/uploads\/sites\/6\/2025\/05\/09230dc80e0141ce8f71c4347b55bf8c-225x300.jpg 225w\" sizes=\"(max-width: 236px) 100vw, 236px\" \/><\/figure>\n\n\n\n<p>Faz algum tempo realizamos um document\u00e1rio sobre um dos mais importantes escultores brasileiros, o maranhense Celso Antonio&nbsp; e&nbsp; \u00e9 sobre ele que desejo falar hoje.<\/p>\n\n\n\n<p>O fato \u00e9 que h\u00e1 uma est\u00e1tua de Celso Antonio, que leva o nome de \u201cMaternidade\u201d, que pertencia ao acervo do Pal\u00e1cio Capanema, antiga sede do Minist\u00e9rio da Educa\u00e7\u00e3o, no Rio de Janeiro, que foi colocada sobre um canteiro no bairro de Botafogo e essa obra est\u00e1 ali abandonada, e \u00e9 constantemente depredada por v\u00e2ndalos e n\u00f3s que amamos a arte desse importante escultor, desejamos que as autoridades a levem de volta ao sua antiga casa.<\/p>\n\n\n\n<p>Tamb\u00e9m idealizei um projeto alavancado pela lei de incentivo a cultura, no \u00e2mbito federal, que possibilitasse que fosse feita duas c\u00f3pias desta obra, para que fossem colocadas, uma em Caxias, no Maranh\u00e3o, cidade natal do artista e uma em S\u00e3o Lu\u00eds.<\/p>\n\n\n\n<p>Abaixo reproduzo mat\u00e9ria postada nas redes sociais sobre a campanha de devolu\u00e7\u00e3o da est\u00e1tua para seu lugar de origem.<\/p>\n\n\n\n<p>\u201cTem uma m\u00e3e abandonada na Praia de Botafogo, em frente ao Edif\u00edcio Argentina. Ela est\u00e1 deitada, amamenta seu filho no colo e, depois de tantos anos ao relento, perdeu os dedos dos p\u00e9s e est\u00e1 com o rosto seriamente desfigurado. Ainda assim, conserva o sorriso um dia admirado por Drummond, a espera de voltar para a sua casa original.<br><br>Obra de Celso Antonio, um dos maiores artistas de esculturas monumentais do Brasil em todos os tempos,&nbsp;<em>A maternidade<\/em>&nbsp;ficava no sal\u00e3o de exposi\u00e7\u00f5es do Pal\u00e1cio Capanema, onde tamb\u00e9m est\u00e1&nbsp;<em>A mo\u00e7a inclinada<\/em>, outra cria\u00e7\u00e3o de tra\u00e7o ind\u00edgena do escultor.<br><br>&#8220;Celso Ant\u00f4nio esculpiu em pedra duas mulheres espl\u00eandidas, que considero irm\u00e3s pelo sopro vital que as anima, se n\u00e3o forem uma s\u00f3 mulher: a mo\u00e7a antes e depois da maternidade. Viviam juntas no edif\u00edcio do Minist\u00e9rio da Educa\u00e7\u00e3o. Separaram-se depois&#8221;, escreveu Carlos Drummond de Andrade, em cr\u00f4nica do Caderno B, do Jornal do Brasil, em 1974.<br><br>Na verdade, foram separadas. A escultura n\u00e3o teria agradado \u00e0 Lucio Costa que a considerava &#8220;amaneirada, meio contrafeita&#8221;, como contou Leneide Duarte-Plon, na biografia de Celso Ant\u00f4nio. Na primeira oportunidade, numa manuten\u00e7\u00e3o da sede do Minist\u00e9rio, em 1968, o urbanista a cedeu \u00e0 Prefeitura do Rio.<br><br>J\u00e1 passou da hora da m\u00e3e ind\u00edgena voltar para a sua casa, o Pal\u00e1cio Capanema. Ainda \u00e9 poss\u00edvel salvar o fr\u00e1gil m\u00e1rmore, material sens\u00edvel \u00e0s intemp\u00e9ries. Se voc\u00ea concorda com o retorno d&#8217;<em>A maternidade<\/em>&nbsp;para o seu local original, assine a nossa peti\u00e7\u00e3o e ajude a resgatar esse patrim\u00f4nio inestim\u00e1vel.<br><br>Sandra Branco, arquiteta, servidora aposentada do Iphan e autora de Capanema-Maru<br>S\u00e9rgio Belleza, do Instituto Celso Ant\u00f4nio.\u201d<\/p>\n","protected":false},"excerpt":{"rendered":"<p>Faz algum tempo realizamos um document\u00e1rio sobre um dos mais importantes escultores brasileiros, o maranhense Celso Antonio&nbsp; e&nbsp; \u00e9 sobre [&hellip;]<\/p>\n","protected":false},"author":7,"featured_media":0,"comment_status":"open","ping_status":"open","sticky":false,"template":"","format":"standard","meta":{"site-sidebar-layout":"default","site-content-layout":"","ast-site-content-layout":"default","site-content-style":"default","site-sidebar-style":"default","ast-global-header-display":"","ast-banner-title-visibility":"","ast-main-header-display":"","ast-hfb-above-header-display":"","ast-hfb-below-header-display":"","ast-hfb-mobile-header-display":"","site-post-title":"","ast-breadcrumbs-content":"","ast-featured-img":"","footer-sml-layout":"","ast-disable-related-posts":"","theme-transparent-header-meta":"","adv-header-id-meta":"","stick-header-meta":"","header-above-stick-meta":"","header-main-stick-meta":"","header-below-stick-meta":"","astra-migrate-meta-layouts":"default","ast-page-background-enabled":"default","ast-page-background-meta":{"desktop":{"background-color":"var(--ast-global-color-5)","background-image":"","background-repeat":"repeat","background-position":"center center","background-size":"auto","background-attachment":"scroll","background-type":"","background-media":"","overlay-type":"","overlay-color":"","overlay-opacity":"","overlay-gradient":""},"tablet":{"background-color":"","background-image":"","background-repeat":"repeat","background-position":"center center","background-size":"auto","background-attachment":"scroll","background-type":"","background-media":"","overlay-type":"","overlay-color":"","overlay-opacity":"","overlay-gradient":""},"mobile":{"background-color":"","background-image":"","background-repeat":"repeat","background-position":"center center","background-size":"auto","background-attachment":"scroll","background-type":"","background-media":"","overlay-type":"","overlay-color":"","overlay-opacity":"","overlay-gradient":""}},"ast-content-background-meta":{"desktop":{"background-color":"var(--ast-global-color-4)","background-image":"","background-repeat":"repeat","background-position":"center center","background-size":"auto","background-attachment":"scroll","background-type":"","background-media":"","overlay-type":"","overlay-color":"","overlay-opacity":"","overlay-gradient":""},"tablet":{"background-color":"var(--ast-global-color-4)","background-image":"","background-repeat":"repeat","background-position":"center center","background-size":"auto","background-attachment":"scroll","background-type":"","background-media":"","overlay-type":"","overlay-color":"","overlay-opacity":"","overlay-gradient":""},"mobile":{"background-color":"var(--ast-global-color-4)","background-image":"","background-repeat":"repeat","background-position":"center center","background-size":"auto","background-attachment":"scroll","background-type":"","background-media":"","overlay-type":"","overlay-color":"","overlay-opacity":"","overlay-gradient":""}},"footnotes":""},"categories":[1],"tags":[],"class_list":["post-3867","post","type-post","status-publish","format-standard","hentry","category-sem-categoria"],"yoast_head":"<!-- This site is optimized with the Yoast SEO plugin v26.6 - https:\/\/yoast.com\/wordpress\/plugins\/seo\/ -->\n<title>Maternidade, de Celso Antonio - Joaquim Haickel<\/title>\n<meta name=\"robots\" content=\"index, follow, max-snippet:-1, max-image-preview:large, max-video-preview:-1\" \/>\n<link rel=\"canonical\" href=\"https:\/\/www.blogsoestado.com\/joaquimhaickel\/2025\/05\/14\/maternidade-de-celso-antonio\/\" \/>\n<meta property=\"og:locale\" content=\"pt_BR\" \/>\n<meta property=\"og:type\" content=\"article\" \/>\n<meta property=\"og:title\" content=\"Maternidade, de Celso Antonio - Joaquim Haickel\" \/>\n<meta property=\"og:description\" content=\"Faz algum tempo realizamos um document\u00e1rio sobre um dos mais importantes escultores brasileiros, o maranhense Celso Antonio&nbsp; e&nbsp; \u00e9 sobre [&hellip;]\" \/>\n<meta property=\"og:url\" content=\"https:\/\/www.blogsoestado.com\/joaquimhaickel\/2025\/05\/14\/maternidade-de-celso-antonio\/\" \/>\n<meta property=\"og:site_name\" content=\"Joaquim Haickel\" \/>\n<meta property=\"article:published_time\" content=\"2025-05-14T11:35:47+00:00\" \/>\n<meta property=\"article:modified_time\" content=\"2025-05-14T11:35:48+00:00\" \/>\n<meta property=\"og:image\" content=\"https:\/\/www.blogsoestado.com\/joaquimhaickel\/wp-content\/uploads\/sites\/6\/2025\/05\/09230dc80e0141ce8f71c4347b55bf8c.jpg\" \/>\n\t<meta property=\"og:image:width\" content=\"236\" \/>\n\t<meta property=\"og:image:height\" content=\"315\" \/>\n\t<meta property=\"og:image:type\" content=\"image\/jpeg\" \/>\n<meta name=\"author\" content=\"Joaquim Haickel\" \/>\n<meta name=\"twitter:card\" content=\"summary_large_image\" \/>\n<meta name=\"twitter:label1\" content=\"Escrito por\" \/>\n\t<meta name=\"twitter:data1\" content=\"Joaquim Haickel\" \/>\n\t<meta name=\"twitter:label2\" content=\"Est. tempo de leitura\" \/>\n\t<meta name=\"twitter:data2\" content=\"3 minutos\" \/>\n<script type=\"application\/ld+json\" class=\"yoast-schema-graph\">{\"@context\":\"https:\/\/schema.org\",\"@graph\":[{\"@type\":\"WebPage\",\"@id\":\"https:\/\/www.blogsoestado.com\/joaquimhaickel\/2025\/05\/14\/maternidade-de-celso-antonio\/\",\"url\":\"https:\/\/www.blogsoestado.com\/joaquimhaickel\/2025\/05\/14\/maternidade-de-celso-antonio\/\",\"name\":\"Maternidade, de Celso Antonio - Joaquim Haickel\",\"isPartOf\":{\"@id\":\"https:\/\/www.blogsoestado.com\/joaquimhaickel\/#website\"},\"primaryImageOfPage\":{\"@id\":\"https:\/\/www.blogsoestado.com\/joaquimhaickel\/2025\/05\/14\/maternidade-de-celso-antonio\/#primaryimage\"},\"image\":{\"@id\":\"https:\/\/www.blogsoestado.com\/joaquimhaickel\/2025\/05\/14\/maternidade-de-celso-antonio\/#primaryimage\"},\"thumbnailUrl\":\"https:\/\/www.blogsoestado.com\/joaquimhaickel\/wp-content\/uploads\/sites\/6\/2025\/05\/09230dc80e0141ce8f71c4347b55bf8c.jpg\",\"datePublished\":\"2025-05-14T11:35:47+00:00\",\"dateModified\":\"2025-05-14T11:35:48+00:00\",\"author\":{\"@id\":\"https:\/\/www.blogsoestado.com\/joaquimhaickel\/#\/schema\/person\/4a711644aff28245c6c2c3452d66d325\"},\"breadcrumb\":{\"@id\":\"https:\/\/www.blogsoestado.com\/joaquimhaickel\/2025\/05\/14\/maternidade-de-celso-antonio\/#breadcrumb\"},\"inLanguage\":\"pt-BR\",\"potentialAction\":[{\"@type\":\"ReadAction\",\"target\":[\"https:\/\/www.blogsoestado.com\/joaquimhaickel\/2025\/05\/14\/maternidade-de-celso-antonio\/\"]}]},{\"@type\":\"ImageObject\",\"inLanguage\":\"pt-BR\",\"@id\":\"https:\/\/www.blogsoestado.com\/joaquimhaickel\/2025\/05\/14\/maternidade-de-celso-antonio\/#primaryimage\",\"url\":\"https:\/\/www.blogsoestado.com\/joaquimhaickel\/wp-content\/uploads\/sites\/6\/2025\/05\/09230dc80e0141ce8f71c4347b55bf8c.jpg\",\"contentUrl\":\"https:\/\/www.blogsoestado.com\/joaquimhaickel\/wp-content\/uploads\/sites\/6\/2025\/05\/09230dc80e0141ce8f71c4347b55bf8c.jpg\",\"width\":236,\"height\":315},{\"@type\":\"BreadcrumbList\",\"@id\":\"https:\/\/www.blogsoestado.com\/joaquimhaickel\/2025\/05\/14\/maternidade-de-celso-antonio\/#breadcrumb\",\"itemListElement\":[{\"@type\":\"ListItem\",\"position\":1,\"name\":\"In\u00edcio\",\"item\":\"https:\/\/www.blogsoestado.com\/joaquimhaickel\/\"},{\"@type\":\"ListItem\",\"position\":2,\"name\":\"Maternidade, de Celso Antonio\"}]},{\"@type\":\"WebSite\",\"@id\":\"https:\/\/www.blogsoestado.com\/joaquimhaickel\/#website\",\"url\":\"https:\/\/www.blogsoestado.com\/joaquimhaickel\/\",\"name\":\"Joaquim Haickel\",\"description\":\"\",\"potentialAction\":[{\"@type\":\"SearchAction\",\"target\":{\"@type\":\"EntryPoint\",\"urlTemplate\":\"https:\/\/www.blogsoestado.com\/joaquimhaickel\/?s={search_term_string}\"},\"query-input\":{\"@type\":\"PropertyValueSpecification\",\"valueRequired\":true,\"valueName\":\"search_term_string\"}}],\"inLanguage\":\"pt-BR\"},{\"@type\":\"Person\",\"@id\":\"https:\/\/www.blogsoestado.com\/joaquimhaickel\/#\/schema\/person\/4a711644aff28245c6c2c3452d66d325\",\"name\":\"Joaquim Haickel\",\"image\":{\"@type\":\"ImageObject\",\"inLanguage\":\"pt-BR\",\"@id\":\"https:\/\/www.blogsoestado.com\/joaquimhaickel\/#\/schema\/person\/image\/\",\"url\":\"https:\/\/secure.gravatar.com\/avatar\/473d89339b9f8ec089adb8d5778363eb5a2ba2319956bcf0298bfd8cca04684a?s=96&d=mm&r=g\",\"contentUrl\":\"https:\/\/secure.gravatar.com\/avatar\/473d89339b9f8ec089adb8d5778363eb5a2ba2319956bcf0298bfd8cca04684a?s=96&d=mm&r=g\",\"caption\":\"Joaquim Haickel\"},\"url\":\"https:\/\/www.blogsoestado.com\/joaquimhaickel\/author\/joaquimhaickel\/\"}]}<\/script>\n<!-- \/ Yoast SEO plugin. -->","yoast_head_json":{"title":"Maternidade, de Celso Antonio - Joaquim Haickel","robots":{"index":"index","follow":"follow","max-snippet":"max-snippet:-1","max-image-preview":"max-image-preview:large","max-video-preview":"max-video-preview:-1"},"canonical":"https:\/\/www.blogsoestado.com\/joaquimhaickel\/2025\/05\/14\/maternidade-de-celso-antonio\/","og_locale":"pt_BR","og_type":"article","og_title":"Maternidade, de Celso Antonio - Joaquim Haickel","og_description":"Faz algum tempo realizamos um document\u00e1rio sobre um dos mais importantes escultores brasileiros, o maranhense Celso Antonio&nbsp; e&nbsp; \u00e9 sobre [&hellip;]","og_url":"https:\/\/www.blogsoestado.com\/joaquimhaickel\/2025\/05\/14\/maternidade-de-celso-antonio\/","og_site_name":"Joaquim Haickel","article_published_time":"2025-05-14T11:35:47+00:00","article_modified_time":"2025-05-14T11:35:48+00:00","og_image":[{"width":236,"height":315,"url":"https:\/\/www.blogsoestado.com\/joaquimhaickel\/wp-content\/uploads\/sites\/6\/2025\/05\/09230dc80e0141ce8f71c4347b55bf8c.jpg","type":"image\/jpeg"}],"author":"Joaquim Haickel","twitter_card":"summary_large_image","twitter_misc":{"Escrito por":"Joaquim Haickel","Est. tempo de leitura":"3 minutos"},"schema":{"@context":"https:\/\/schema.org","@graph":[{"@type":"WebPage","@id":"https:\/\/www.blogsoestado.com\/joaquimhaickel\/2025\/05\/14\/maternidade-de-celso-antonio\/","url":"https:\/\/www.blogsoestado.com\/joaquimhaickel\/2025\/05\/14\/maternidade-de-celso-antonio\/","name":"Maternidade, de Celso Antonio - Joaquim Haickel","isPartOf":{"@id":"https:\/\/www.blogsoestado.com\/joaquimhaickel\/#website"},"primaryImageOfPage":{"@id":"https:\/\/www.blogsoestado.com\/joaquimhaickel\/2025\/05\/14\/maternidade-de-celso-antonio\/#primaryimage"},"image":{"@id":"https:\/\/www.blogsoestado.com\/joaquimhaickel\/2025\/05\/14\/maternidade-de-celso-antonio\/#primaryimage"},"thumbnailUrl":"https:\/\/www.blogsoestado.com\/joaquimhaickel\/wp-content\/uploads\/sites\/6\/2025\/05\/09230dc80e0141ce8f71c4347b55bf8c.jpg","datePublished":"2025-05-14T11:35:47+00:00","dateModified":"2025-05-14T11:35:48+00:00","author":{"@id":"https:\/\/www.blogsoestado.com\/joaquimhaickel\/#\/schema\/person\/4a711644aff28245c6c2c3452d66d325"},"breadcrumb":{"@id":"https:\/\/www.blogsoestado.com\/joaquimhaickel\/2025\/05\/14\/maternidade-de-celso-antonio\/#breadcrumb"},"inLanguage":"pt-BR","potentialAction":[{"@type":"ReadAction","target":["https:\/\/www.blogsoestado.com\/joaquimhaickel\/2025\/05\/14\/maternidade-de-celso-antonio\/"]}]},{"@type":"ImageObject","inLanguage":"pt-BR","@id":"https:\/\/www.blogsoestado.com\/joaquimhaickel\/2025\/05\/14\/maternidade-de-celso-antonio\/#primaryimage","url":"https:\/\/www.blogsoestado.com\/joaquimhaickel\/wp-content\/uploads\/sites\/6\/2025\/05\/09230dc80e0141ce8f71c4347b55bf8c.jpg","contentUrl":"https:\/\/www.blogsoestado.com\/joaquimhaickel\/wp-content\/uploads\/sites\/6\/2025\/05\/09230dc80e0141ce8f71c4347b55bf8c.jpg","width":236,"height":315},{"@type":"BreadcrumbList","@id":"https:\/\/www.blogsoestado.com\/joaquimhaickel\/2025\/05\/14\/maternidade-de-celso-antonio\/#breadcrumb","itemListElement":[{"@type":"ListItem","position":1,"name":"In\u00edcio","item":"https:\/\/www.blogsoestado.com\/joaquimhaickel\/"},{"@type":"ListItem","position":2,"name":"Maternidade, de Celso Antonio"}]},{"@type":"WebSite","@id":"https:\/\/www.blogsoestado.com\/joaquimhaickel\/#website","url":"https:\/\/www.blogsoestado.com\/joaquimhaickel\/","name":"Joaquim Haickel","description":"","potentialAction":[{"@type":"SearchAction","target":{"@type":"EntryPoint","urlTemplate":"https:\/\/www.blogsoestado.com\/joaquimhaickel\/?s={search_term_string}"},"query-input":{"@type":"PropertyValueSpecification","valueRequired":true,"valueName":"search_term_string"}}],"inLanguage":"pt-BR"},{"@type":"Person","@id":"https:\/\/www.blogsoestado.com\/joaquimhaickel\/#\/schema\/person\/4a711644aff28245c6c2c3452d66d325","name":"Joaquim Haickel","image":{"@type":"ImageObject","inLanguage":"pt-BR","@id":"https:\/\/www.blogsoestado.com\/joaquimhaickel\/#\/schema\/person\/image\/","url":"https:\/\/secure.gravatar.com\/avatar\/473d89339b9f8ec089adb8d5778363eb5a2ba2319956bcf0298bfd8cca04684a?s=96&d=mm&r=g","contentUrl":"https:\/\/secure.gravatar.com\/avatar\/473d89339b9f8ec089adb8d5778363eb5a2ba2319956bcf0298bfd8cca04684a?s=96&d=mm&r=g","caption":"Joaquim Haickel"},"url":"https:\/\/www.blogsoestado.com\/joaquimhaickel\/author\/joaquimhaickel\/"}]}},"jetpack_featured_media_url":"","_links":{"self":[{"href":"https:\/\/www.blogsoestado.com\/joaquimhaickel\/wp-json\/wp\/v2\/posts\/3867","targetHints":{"allow":["GET"]}}],"collection":[{"href":"https:\/\/www.blogsoestado.com\/joaquimhaickel\/wp-json\/wp\/v2\/posts"}],"about":[{"href":"https:\/\/www.blogsoestado.com\/joaquimhaickel\/wp-json\/wp\/v2\/types\/post"}],"author":[{"embeddable":true,"href":"https:\/\/www.blogsoestado.com\/joaquimhaickel\/wp-json\/wp\/v2\/users\/7"}],"replies":[{"embeddable":true,"href":"https:\/\/www.blogsoestado.com\/joaquimhaickel\/wp-json\/wp\/v2\/comments?post=3867"}],"version-history":[{"count":1,"href":"https:\/\/www.blogsoestado.com\/joaquimhaickel\/wp-json\/wp\/v2\/posts\/3867\/revisions"}],"predecessor-version":[{"id":3869,"href":"https:\/\/www.blogsoestado.com\/joaquimhaickel\/wp-json\/wp\/v2\/posts\/3867\/revisions\/3869"}],"wp:attachment":[{"href":"https:\/\/www.blogsoestado.com\/joaquimhaickel\/wp-json\/wp\/v2\/media?parent=3867"}],"wp:term":[{"taxonomy":"category","embeddable":true,"href":"https:\/\/www.blogsoestado.com\/joaquimhaickel\/wp-json\/wp\/v2\/categories?post=3867"},{"taxonomy":"post_tag","embeddable":true,"href":"https:\/\/www.blogsoestado.com\/joaquimhaickel\/wp-json\/wp\/v2\/tags?post=3867"}],"curies":[{"name":"wp","href":"https:\/\/api.w.org\/{rel}","templated":true}]}}