{"id":3870,"date":"2025-05-17T08:38:06","date_gmt":"2025-05-17T11:38:06","guid":{"rendered":"https:\/\/www.blogsoestado.com\/joaquimhaickel\/?p=3870"},"modified":"2025-05-17T08:38:07","modified_gmt":"2025-05-17T11:38:07","slug":"para-que-se-pense-um-pouco-em-quem-podera-ser-o-futuro-governador-do-maranhao","status":"publish","type":"post","link":"https:\/\/www.blogsoestado.com\/joaquimhaickel\/2025\/05\/17\/para-que-se-pense-um-pouco-em-quem-podera-ser-o-futuro-governador-do-maranhao\/","title":{"rendered":"Para que se pense um pouco em quem poder\u00e1 ser o futuro governador do Maranh\u00e3o"},"content":{"rendered":"\n<figure class=\"wp-block-image size-full\"><img fetchpriority=\"high\" decoding=\"async\" width=\"766\" height=\"373\" src=\"https:\/\/www.blogsoestado.com\/joaquimhaickel\/wp-content\/uploads\/sites\/6\/2025\/05\/CANDIDATOS-.jpg\" alt=\"\" class=\"wp-image-3871\" srcset=\"https:\/\/www.blogsoestado.com\/joaquimhaickel\/wp-content\/uploads\/sites\/6\/2025\/05\/CANDIDATOS-.jpg 766w, https:\/\/www.blogsoestado.com\/joaquimhaickel\/wp-content\/uploads\/sites\/6\/2025\/05\/CANDIDATOS--300x146.jpg 300w\" sizes=\"(max-width: 766px) 100vw, 766px\" \/><\/figure>\n\n\n\n<p>At\u00e9 agora, pelo menos que eu saiba, s\u00e3o sete os poss\u00edveis candidatos ao governo do Maranh\u00e3o: Orleans Brand\u00e3o, Felipe Camar\u00e3o, Eduardo Braide, Iracema Vale, Lahesio Bonfim, Roberto Rocha e Hilton Gon\u00e7alo.<\/p>\n\n\n\n<p>Tenho feito um esfor\u00e7o incr\u00edvel tentando escrever algo sobre essa disputa, mas confesso que tenho sentido muita dificuldade. Assim sendo desenvolvi um modelo de an\u00e1lise, uma coisa simples, onde qualquer um com um m\u00ednimo de racioc\u00ednio l\u00f3gico, um pouco de conhecimento pol\u00edtico, e uma certa quantidade de sensibilidade quanto a esse assunto, poder\u00e1 analisar alguns dos poss\u00edveis cen\u00e1rios.<\/p>\n\n\n\n<p>Portanto, baseado nos dados e nas observa\u00e7\u00f5es abaixo, diga quem \u00e9 a pessoa que&nbsp; lhe parece ser mais talhada para ser o nosso pr\u00f3ximo governante.<\/p>\n\n\n\n<p>1 &#8211; Coisas que n\u00e3o devem ser levadas em considera\u00e7\u00e3o na escolha de um governador:<\/p>\n\n\n\n<p>Ser parente do atual governador; Ser candidato escolhido por um ex-governador; Ser o prefeito da capital; Ser chefe de um dos poderes do Estado; Ser algu\u00e9m&nbsp; que teve uma boa performance eleitoral na \u00faltima elei\u00e7\u00e3o para governador; Ser um pol\u00edtico com diversos mandatos; Ser de uma fam\u00edlia que detenha o comando de diversas prefeituras e cargos importantes no Estado.<\/p>\n\n\n\n<p>2 &#8211; Coisas que devem ser levadas em considera\u00e7\u00e3o na escolha de um governador:<\/p>\n\n\n\n<p>Ser algu\u00e9m que tenha apoio pol\u00edtico; Ser uma pessoa preparada para exercer o cargo; Ser algu\u00e9m que tenha experiencia de sucesso em gest\u00e3o p\u00fablica; Ser algu\u00e9m assertivo e tenaz; Ser algu\u00e9m conhecido pela popula\u00e7\u00e3o; Ser algu\u00e9m respeit\u00e1vel, confi\u00e1vel&nbsp; e cumpridor de compromissos; Ser algu\u00e9m com bons antecedentes.<\/p>\n\n\n\n<p>\u00c9 muito prov\u00e1vel que depois de ler isso e analisar as op\u00e7\u00f5es com base no que aqui est\u00e1 disposto, voc\u00ea tenha chegado ao fim dessa leitura e da consequente an\u00e1lise que ela suscita, t\u00e3o indeciso como eu sa\u00ed dela e como ainda estou at\u00e9 agora.<\/p>\n\n\n\n<p>A minha d\u00favida n\u00e3o \u00e9 quanto a quem escolher para votar, mas em quem poder\u00e1 ser realmente nosso pr\u00f3ximo governador.<\/p>\n\n\n\n<p>Por enquanto minha \u00fanica certeza \u00e9 que a pr\u00f3xima elei\u00e7\u00e3o para o governo do Maranh\u00e3o ser\u00e1 uma das mais inusitadas de todos os tempos e poder\u00e1 marcar definitivamente a quebra de um ciclo pol\u00edtico em nosso estado, coisa que pens\u00e1vamos que aconteceria com a elei\u00e7\u00e3o de Fl\u00e1vio Dino, mas n\u00e3o ocorreu. Aquilo foi apenas e t\u00e3o somente mais do mesmo, com outros personagens.<\/p>\n\n\n\n<p>Ser\u00e1 que em 2026 esse cen\u00e1rio muda e teremos realmente uma renova\u00e7\u00e3o verdadeira na pol\u00edtica do Maranh\u00e3o?<\/p>\n","protected":false},"excerpt":{"rendered":"<p>At\u00e9 agora, pelo menos que eu saiba, s\u00e3o sete os poss\u00edveis candidatos ao governo do Maranh\u00e3o: Orleans Brand\u00e3o, Felipe Camar\u00e3o, [&hellip;]<\/p>\n","protected":false},"author":7,"featured_media":0,"comment_status":"open","ping_status":"open","sticky":false,"template":"","format":"standard","meta":{"site-sidebar-layout":"default","site-content-layout":"","ast-site-content-layout":"default","site-content-style":"default","site-sidebar-style":"default","ast-global-header-display":"","ast-banner-title-visibility":"","ast-main-header-display":"","ast-hfb-above-header-display":"","ast-hfb-below-header-display":"","ast-hfb-mobile-header-display":"","site-post-title":"","ast-breadcrumbs-content":"","ast-featured-img":"","footer-sml-layout":"","ast-disable-related-posts":"","theme-transparent-header-meta":"","adv-header-id-meta":"","stick-header-meta":"","header-above-stick-meta":"","header-main-stick-meta":"","header-below-stick-meta":"","astra-migrate-meta-layouts":"default","ast-page-background-enabled":"default","ast-page-background-meta":{"desktop":{"background-color":"var(--ast-global-color-5)","background-image":"","background-repeat":"repeat","background-position":"center center","background-size":"auto","background-attachment":"scroll","background-type":"","background-media":"","overlay-type":"","overlay-color":"","overlay-opacity":"","overlay-gradient":""},"tablet":{"background-color":"","background-image":"","background-repeat":"repeat","background-position":"center center","background-size":"auto","background-attachment":"scroll","background-type":"","background-media":"","overlay-type":"","overlay-color":"","overlay-opacity":"","overlay-gradient":""},"mobile":{"background-color":"","background-image":"","background-repeat":"repeat","background-position":"center center","background-size":"auto","background-attachment":"scroll","background-type":"","background-media":"","overlay-type":"","overlay-color":"","overlay-opacity":"","overlay-gradient":""}},"ast-content-background-meta":{"desktop":{"background-color":"var(--ast-global-color-4)","background-image":"","background-repeat":"repeat","background-position":"center center","background-size":"auto","background-attachment":"scroll","background-type":"","background-media":"","overlay-type":"","overlay-color":"","overlay-opacity":"","overlay-gradient":""},"tablet":{"background-color":"var(--ast-global-color-4)","background-image":"","background-repeat":"repeat","background-position":"center center","background-size":"auto","background-attachment":"scroll","background-type":"","background-media":"","overlay-type":"","overlay-color":"","overlay-opacity":"","overlay-gradient":""},"mobile":{"background-color":"var(--ast-global-color-4)","background-image":"","background-repeat":"repeat","background-position":"center center","background-size":"auto","background-attachment":"scroll","background-type":"","background-media":"","overlay-type":"","overlay-color":"","overlay-opacity":"","overlay-gradient":""}},"footnotes":""},"categories":[1],"tags":[],"class_list":["post-3870","post","type-post","status-publish","format-standard","hentry","category-sem-categoria"],"yoast_head":"<!-- This site is optimized with the Yoast SEO plugin v26.6 - https:\/\/yoast.com\/wordpress\/plugins\/seo\/ -->\n<title>Para que se pense um pouco em quem poder\u00e1 ser o futuro governador do Maranh\u00e3o - Joaquim Haickel<\/title>\n<meta name=\"robots\" content=\"index, follow, max-snippet:-1, max-image-preview:large, max-video-preview:-1\" \/>\n<link rel=\"canonical\" href=\"https:\/\/www.blogsoestado.com\/joaquimhaickel\/2025\/05\/17\/para-que-se-pense-um-pouco-em-quem-podera-ser-o-futuro-governador-do-maranhao\/\" \/>\n<meta property=\"og:locale\" content=\"pt_BR\" \/>\n<meta property=\"og:type\" content=\"article\" \/>\n<meta property=\"og:title\" content=\"Para que se pense um pouco em quem poder\u00e1 ser o futuro governador do Maranh\u00e3o - Joaquim Haickel\" \/>\n<meta property=\"og:description\" content=\"At\u00e9 agora, pelo menos que eu saiba, s\u00e3o sete os poss\u00edveis candidatos ao governo do Maranh\u00e3o: Orleans Brand\u00e3o, Felipe Camar\u00e3o, [&hellip;]\" \/>\n<meta property=\"og:url\" content=\"https:\/\/www.blogsoestado.com\/joaquimhaickel\/2025\/05\/17\/para-que-se-pense-um-pouco-em-quem-podera-ser-o-futuro-governador-do-maranhao\/\" \/>\n<meta property=\"og:site_name\" content=\"Joaquim Haickel\" \/>\n<meta property=\"article:published_time\" content=\"2025-05-17T11:38:06+00:00\" \/>\n<meta property=\"article:modified_time\" content=\"2025-05-17T11:38:07+00:00\" \/>\n<meta property=\"og:image\" content=\"https:\/\/www.blogsoestado.com\/joaquimhaickel\/wp-content\/uploads\/sites\/6\/2025\/05\/CANDIDATOS-.jpg\" \/>\n\t<meta property=\"og:image:width\" content=\"766\" \/>\n\t<meta property=\"og:image:height\" content=\"373\" \/>\n\t<meta property=\"og:image:type\" content=\"image\/jpeg\" \/>\n<meta name=\"author\" content=\"Joaquim Haickel\" \/>\n<meta name=\"twitter:card\" content=\"summary_large_image\" \/>\n<meta name=\"twitter:label1\" content=\"Escrito por\" \/>\n\t<meta name=\"twitter:data1\" content=\"Joaquim Haickel\" \/>\n\t<meta name=\"twitter:label2\" content=\"Est. tempo de leitura\" \/>\n\t<meta name=\"twitter:data2\" content=\"3 minutos\" \/>\n<script type=\"application\/ld+json\" class=\"yoast-schema-graph\">{\"@context\":\"https:\/\/schema.org\",\"@graph\":[{\"@type\":\"WebPage\",\"@id\":\"https:\/\/www.blogsoestado.com\/joaquimhaickel\/2025\/05\/17\/para-que-se-pense-um-pouco-em-quem-podera-ser-o-futuro-governador-do-maranhao\/\",\"url\":\"https:\/\/www.blogsoestado.com\/joaquimhaickel\/2025\/05\/17\/para-que-se-pense-um-pouco-em-quem-podera-ser-o-futuro-governador-do-maranhao\/\",\"name\":\"Para que se pense um pouco em quem poder\u00e1 ser o futuro governador do Maranh\u00e3o - Joaquim Haickel\",\"isPartOf\":{\"@id\":\"https:\/\/www.blogsoestado.com\/joaquimhaickel\/#website\"},\"primaryImageOfPage\":{\"@id\":\"https:\/\/www.blogsoestado.com\/joaquimhaickel\/2025\/05\/17\/para-que-se-pense-um-pouco-em-quem-podera-ser-o-futuro-governador-do-maranhao\/#primaryimage\"},\"image\":{\"@id\":\"https:\/\/www.blogsoestado.com\/joaquimhaickel\/2025\/05\/17\/para-que-se-pense-um-pouco-em-quem-podera-ser-o-futuro-governador-do-maranhao\/#primaryimage\"},\"thumbnailUrl\":\"https:\/\/www.blogsoestado.com\/joaquimhaickel\/wp-content\/uploads\/sites\/6\/2025\/05\/CANDIDATOS-.jpg\",\"datePublished\":\"2025-05-17T11:38:06+00:00\",\"dateModified\":\"2025-05-17T11:38:07+00:00\",\"author\":{\"@id\":\"https:\/\/www.blogsoestado.com\/joaquimhaickel\/#\/schema\/person\/4a711644aff28245c6c2c3452d66d325\"},\"breadcrumb\":{\"@id\":\"https:\/\/www.blogsoestado.com\/joaquimhaickel\/2025\/05\/17\/para-que-se-pense-um-pouco-em-quem-podera-ser-o-futuro-governador-do-maranhao\/#breadcrumb\"},\"inLanguage\":\"pt-BR\",\"potentialAction\":[{\"@type\":\"ReadAction\",\"target\":[\"https:\/\/www.blogsoestado.com\/joaquimhaickel\/2025\/05\/17\/para-que-se-pense-um-pouco-em-quem-podera-ser-o-futuro-governador-do-maranhao\/\"]}]},{\"@type\":\"ImageObject\",\"inLanguage\":\"pt-BR\",\"@id\":\"https:\/\/www.blogsoestado.com\/joaquimhaickel\/2025\/05\/17\/para-que-se-pense-um-pouco-em-quem-podera-ser-o-futuro-governador-do-maranhao\/#primaryimage\",\"url\":\"https:\/\/www.blogsoestado.com\/joaquimhaickel\/wp-content\/uploads\/sites\/6\/2025\/05\/CANDIDATOS-.jpg\",\"contentUrl\":\"https:\/\/www.blogsoestado.com\/joaquimhaickel\/wp-content\/uploads\/sites\/6\/2025\/05\/CANDIDATOS-.jpg\",\"width\":766,\"height\":373},{\"@type\":\"BreadcrumbList\",\"@id\":\"https:\/\/www.blogsoestado.com\/joaquimhaickel\/2025\/05\/17\/para-que-se-pense-um-pouco-em-quem-podera-ser-o-futuro-governador-do-maranhao\/#breadcrumb\",\"itemListElement\":[{\"@type\":\"ListItem\",\"position\":1,\"name\":\"In\u00edcio\",\"item\":\"https:\/\/www.blogsoestado.com\/joaquimhaickel\/\"},{\"@type\":\"ListItem\",\"position\":2,\"name\":\"Para que se pense um pouco em quem poder\u00e1 ser o futuro governador do Maranh\u00e3o\"}]},{\"@type\":\"WebSite\",\"@id\":\"https:\/\/www.blogsoestado.com\/joaquimhaickel\/#website\",\"url\":\"https:\/\/www.blogsoestado.com\/joaquimhaickel\/\",\"name\":\"Joaquim Haickel\",\"description\":\"\",\"potentialAction\":[{\"@type\":\"SearchAction\",\"target\":{\"@type\":\"EntryPoint\",\"urlTemplate\":\"https:\/\/www.blogsoestado.com\/joaquimhaickel\/?s={search_term_string}\"},\"query-input\":{\"@type\":\"PropertyValueSpecification\",\"valueRequired\":true,\"valueName\":\"search_term_string\"}}],\"inLanguage\":\"pt-BR\"},{\"@type\":\"Person\",\"@id\":\"https:\/\/www.blogsoestado.com\/joaquimhaickel\/#\/schema\/person\/4a711644aff28245c6c2c3452d66d325\",\"name\":\"Joaquim Haickel\",\"image\":{\"@type\":\"ImageObject\",\"inLanguage\":\"pt-BR\",\"@id\":\"https:\/\/www.blogsoestado.com\/joaquimhaickel\/#\/schema\/person\/image\/\",\"url\":\"https:\/\/secure.gravatar.com\/avatar\/473d89339b9f8ec089adb8d5778363eb5a2ba2319956bcf0298bfd8cca04684a?s=96&d=mm&r=g\",\"contentUrl\":\"https:\/\/secure.gravatar.com\/avatar\/473d89339b9f8ec089adb8d5778363eb5a2ba2319956bcf0298bfd8cca04684a?s=96&d=mm&r=g\",\"caption\":\"Joaquim Haickel\"},\"url\":\"https:\/\/www.blogsoestado.com\/joaquimhaickel\/author\/joaquimhaickel\/\"}]}<\/script>\n<!-- \/ Yoast SEO plugin. -->","yoast_head_json":{"title":"Para que se pense um pouco em quem poder\u00e1 ser o futuro governador do Maranh\u00e3o - Joaquim Haickel","robots":{"index":"index","follow":"follow","max-snippet":"max-snippet:-1","max-image-preview":"max-image-preview:large","max-video-preview":"max-video-preview:-1"},"canonical":"https:\/\/www.blogsoestado.com\/joaquimhaickel\/2025\/05\/17\/para-que-se-pense-um-pouco-em-quem-podera-ser-o-futuro-governador-do-maranhao\/","og_locale":"pt_BR","og_type":"article","og_title":"Para que se pense um pouco em quem poder\u00e1 ser o futuro governador do Maranh\u00e3o - Joaquim Haickel","og_description":"At\u00e9 agora, pelo menos que eu saiba, s\u00e3o sete os poss\u00edveis candidatos ao governo do Maranh\u00e3o: Orleans Brand\u00e3o, Felipe Camar\u00e3o, [&hellip;]","og_url":"https:\/\/www.blogsoestado.com\/joaquimhaickel\/2025\/05\/17\/para-que-se-pense-um-pouco-em-quem-podera-ser-o-futuro-governador-do-maranhao\/","og_site_name":"Joaquim Haickel","article_published_time":"2025-05-17T11:38:06+00:00","article_modified_time":"2025-05-17T11:38:07+00:00","og_image":[{"width":766,"height":373,"url":"https:\/\/www.blogsoestado.com\/joaquimhaickel\/wp-content\/uploads\/sites\/6\/2025\/05\/CANDIDATOS-.jpg","type":"image\/jpeg"}],"author":"Joaquim Haickel","twitter_card":"summary_large_image","twitter_misc":{"Escrito por":"Joaquim Haickel","Est. tempo de leitura":"3 minutos"},"schema":{"@context":"https:\/\/schema.org","@graph":[{"@type":"WebPage","@id":"https:\/\/www.blogsoestado.com\/joaquimhaickel\/2025\/05\/17\/para-que-se-pense-um-pouco-em-quem-podera-ser-o-futuro-governador-do-maranhao\/","url":"https:\/\/www.blogsoestado.com\/joaquimhaickel\/2025\/05\/17\/para-que-se-pense-um-pouco-em-quem-podera-ser-o-futuro-governador-do-maranhao\/","name":"Para que se pense um pouco em quem poder\u00e1 ser o futuro governador do Maranh\u00e3o - Joaquim Haickel","isPartOf":{"@id":"https:\/\/www.blogsoestado.com\/joaquimhaickel\/#website"},"primaryImageOfPage":{"@id":"https:\/\/www.blogsoestado.com\/joaquimhaickel\/2025\/05\/17\/para-que-se-pense-um-pouco-em-quem-podera-ser-o-futuro-governador-do-maranhao\/#primaryimage"},"image":{"@id":"https:\/\/www.blogsoestado.com\/joaquimhaickel\/2025\/05\/17\/para-que-se-pense-um-pouco-em-quem-podera-ser-o-futuro-governador-do-maranhao\/#primaryimage"},"thumbnailUrl":"https:\/\/www.blogsoestado.com\/joaquimhaickel\/wp-content\/uploads\/sites\/6\/2025\/05\/CANDIDATOS-.jpg","datePublished":"2025-05-17T11:38:06+00:00","dateModified":"2025-05-17T11:38:07+00:00","author":{"@id":"https:\/\/www.blogsoestado.com\/joaquimhaickel\/#\/schema\/person\/4a711644aff28245c6c2c3452d66d325"},"breadcrumb":{"@id":"https:\/\/www.blogsoestado.com\/joaquimhaickel\/2025\/05\/17\/para-que-se-pense-um-pouco-em-quem-podera-ser-o-futuro-governador-do-maranhao\/#breadcrumb"},"inLanguage":"pt-BR","potentialAction":[{"@type":"ReadAction","target":["https:\/\/www.blogsoestado.com\/joaquimhaickel\/2025\/05\/17\/para-que-se-pense-um-pouco-em-quem-podera-ser-o-futuro-governador-do-maranhao\/"]}]},{"@type":"ImageObject","inLanguage":"pt-BR","@id":"https:\/\/www.blogsoestado.com\/joaquimhaickel\/2025\/05\/17\/para-que-se-pense-um-pouco-em-quem-podera-ser-o-futuro-governador-do-maranhao\/#primaryimage","url":"https:\/\/www.blogsoestado.com\/joaquimhaickel\/wp-content\/uploads\/sites\/6\/2025\/05\/CANDIDATOS-.jpg","contentUrl":"https:\/\/www.blogsoestado.com\/joaquimhaickel\/wp-content\/uploads\/sites\/6\/2025\/05\/CANDIDATOS-.jpg","width":766,"height":373},{"@type":"BreadcrumbList","@id":"https:\/\/www.blogsoestado.com\/joaquimhaickel\/2025\/05\/17\/para-que-se-pense-um-pouco-em-quem-podera-ser-o-futuro-governador-do-maranhao\/#breadcrumb","itemListElement":[{"@type":"ListItem","position":1,"name":"In\u00edcio","item":"https:\/\/www.blogsoestado.com\/joaquimhaickel\/"},{"@type":"ListItem","position":2,"name":"Para que se pense um pouco em quem poder\u00e1 ser o futuro governador do Maranh\u00e3o"}]},{"@type":"WebSite","@id":"https:\/\/www.blogsoestado.com\/joaquimhaickel\/#website","url":"https:\/\/www.blogsoestado.com\/joaquimhaickel\/","name":"Joaquim Haickel","description":"","potentialAction":[{"@type":"SearchAction","target":{"@type":"EntryPoint","urlTemplate":"https:\/\/www.blogsoestado.com\/joaquimhaickel\/?s={search_term_string}"},"query-input":{"@type":"PropertyValueSpecification","valueRequired":true,"valueName":"search_term_string"}}],"inLanguage":"pt-BR"},{"@type":"Person","@id":"https:\/\/www.blogsoestado.com\/joaquimhaickel\/#\/schema\/person\/4a711644aff28245c6c2c3452d66d325","name":"Joaquim Haickel","image":{"@type":"ImageObject","inLanguage":"pt-BR","@id":"https:\/\/www.blogsoestado.com\/joaquimhaickel\/#\/schema\/person\/image\/","url":"https:\/\/secure.gravatar.com\/avatar\/473d89339b9f8ec089adb8d5778363eb5a2ba2319956bcf0298bfd8cca04684a?s=96&d=mm&r=g","contentUrl":"https:\/\/secure.gravatar.com\/avatar\/473d89339b9f8ec089adb8d5778363eb5a2ba2319956bcf0298bfd8cca04684a?s=96&d=mm&r=g","caption":"Joaquim Haickel"},"url":"https:\/\/www.blogsoestado.com\/joaquimhaickel\/author\/joaquimhaickel\/"}]}},"jetpack_featured_media_url":"","_links":{"self":[{"href":"https:\/\/www.blogsoestado.com\/joaquimhaickel\/wp-json\/wp\/v2\/posts\/3870","targetHints":{"allow":["GET"]}}],"collection":[{"href":"https:\/\/www.blogsoestado.com\/joaquimhaickel\/wp-json\/wp\/v2\/posts"}],"about":[{"href":"https:\/\/www.blogsoestado.com\/joaquimhaickel\/wp-json\/wp\/v2\/types\/post"}],"author":[{"embeddable":true,"href":"https:\/\/www.blogsoestado.com\/joaquimhaickel\/wp-json\/wp\/v2\/users\/7"}],"replies":[{"embeddable":true,"href":"https:\/\/www.blogsoestado.com\/joaquimhaickel\/wp-json\/wp\/v2\/comments?post=3870"}],"version-history":[{"count":1,"href":"https:\/\/www.blogsoestado.com\/joaquimhaickel\/wp-json\/wp\/v2\/posts\/3870\/revisions"}],"predecessor-version":[{"id":3872,"href":"https:\/\/www.blogsoestado.com\/joaquimhaickel\/wp-json\/wp\/v2\/posts\/3870\/revisions\/3872"}],"wp:attachment":[{"href":"https:\/\/www.blogsoestado.com\/joaquimhaickel\/wp-json\/wp\/v2\/media?parent=3870"}],"wp:term":[{"taxonomy":"category","embeddable":true,"href":"https:\/\/www.blogsoestado.com\/joaquimhaickel\/wp-json\/wp\/v2\/categories?post=3870"},{"taxonomy":"post_tag","embeddable":true,"href":"https:\/\/www.blogsoestado.com\/joaquimhaickel\/wp-json\/wp\/v2\/tags?post=3870"}],"curies":[{"name":"wp","href":"https:\/\/api.w.org\/{rel}","templated":true}]}}