{"id":390,"date":"2009-04-01T08:59:39","date_gmt":"2009-04-01T11:59:39","guid":{"rendered":"https:\/\/www.blogsoestado.com\/joaquimhaickel\/2009\/04\/01\/por-onde-andara-%e2%80%9cpelo-ouvido%e2%80%9d\/"},"modified":"2009-04-01T08:59:39","modified_gmt":"2009-04-01T11:59:39","slug":"por-onde-andara-pelo-ouvido","status":"publish","type":"post","link":"https:\/\/www.blogsoestado.com\/joaquimhaickel\/2009\/04\/01\/por-onde-andara-pelo-ouvido\/","title":{"rendered":"Por onde andar\u00e1 \u201cPelo Ouvido\u201d?"},"content":{"rendered":"<h1><strong>1- Rio de Janeiro(Brasil)<\/strong><\/h1>\n<p><strong><strong><span style=\"font-size: 16pt;font-family: Georgia\">Cineclube Curta o Curta<\/span><\/strong><\/strong><\/p>\n<p><strong><strong><span style=\"font-size: 16pt;font-family: Georgia\"><\/span><\/strong><strong><span style=\"font-size: 16pt;font-family: Georgia\"><\/span><\/strong><\/strong><strong>27 de mar\u00e7o de 2009 no Cinematheque<br \/>\nR<\/strong><strong>ua Volunt\u00e1rios da P\u00e1tria, 53, ao lado do metr\u00f4 Botafogo<br \/>\n<\/strong>Em sua nova casa em Botafogo, o Cinematheque, o Cineclube Curta o Curta tem nova sess\u00e3o em mar\u00e7o com 3 filmes do Cat\u00e1logo Curta o Curta para o p\u00fablico. A sess\u00e3o, com entrada franca, come\u00e7a \u00e0s 20h e \u00e9 seguida de bate-papo.<strong>Os curtas de mar\u00e7o s\u00e3o:<\/strong><br \/>\nEngano, de Cavi Borges , 11 min, 2008, RJ<br \/>\nFic\u00e7\u00e3o. Um homem. Uma mulher. Uma cidade. Dois planos seq\u00fc\u00eancias.<a target=\"_blank\" href=\"http:\/\/www.curtaocurta.com.br\/curta\/297\/\">O paradoxo da espera do \u00f4nibus<\/a>, de Christian Caselli, 4 min, 2007, RJ<br \/>\nAnima\u00e7\u00e3o. Um cara espera pelo \u00f4nibus. Ele vir\u00e1? Quando? O que fazer?<br \/>\nPelo Ouvido, de Joaquim Haickel, 18min, 2008, MA<br \/>\nFic\u00e7\u00e3o. Keyt tenta preservar, em meio a perdas irrepar\u00e1veis, o lado apaixonado de sua rela\u00e7\u00e3o com o marido.<strong><a target=\"_blank\" href=\"http:\/\/www.overmundo.com.br\/agenda\/cineclube-curta-o-curta-dia-27-de-marco-no-cinematheque\">http:\/\/www.overmundo.com.br\/agenda\/cineclube-curta-o-curta-dia-27-de-marco-no-cinematheque<\/a><\/strong><\/p>\n<h1><strong>2 &#8211; Atlanta<\/strong><strong>(USA)<\/strong><\/h1>\n<p><strong><a target=\"_blank\" href=\"https:\/\/www.withoutabox.com\/03film\/03t_fin\/03t_fin_fest_01over.php?festival_id=1074\">Atlanta Film Festival<\/a><\/strong><br \/>\n33 Annual from April 16, 2009 to April 25, 2009<\/p>\n<p><a target=\"_blank\" href=\"http:\/\/www.atlantafilmfestival.com\/\">www.atlantafilmfestival.com<\/a><\/p>\n<p><strong>Tracking ID:<\/strong> 2854-NS<br \/>\n<strong>Categories:<\/strong> \u00a0 Narrative Short<br \/>\n<strong>Entry date:<\/strong> November 04, 2008<br \/>\n<strong>Notified on:<\/strong> 13-Mar-2009<br \/>\n<strong>Decision:<\/strong> <strong>ACCEPTED <\/strong><br \/>\n<strong>Submission Protection:<\/strong> Yes<br \/>\n<strong>Entry Fee<\/strong>: 45.00 U.S. Dollar<br \/>\n45.00 U.S. Dollar Rec&#8217;d via online 04-nov-2008<\/p>\n<p><strong>Press Kit<\/strong><br \/>\nNot required-do not send<\/p>\n<p><strong>Submission Copy<\/strong><br \/>\nRec&#8217;d via Mail 13-nov-2008<\/p>\n<h1><strong>3 &#8211; Valencia (Espanha)<\/strong><\/h1>\n<p><strong>IBERO BRASIL CINE FESTIVAL<\/strong><\/p>\n<p>El audiovisual valenciano es Tirant<br \/>\nCentenares de proyecciones llenar\u00e1n de cine el territorio valenciano dentro del XI Festival Internacional Premis Tirant a partir del martes 24<\/p>\n<p>El certamen tambi\u00e9n<br \/>\nacercar\u00e1 hasta Valencia<br \/>\nalgunos de los mejores<br \/>\ncortometrajes brasile\u00f1os del<br \/>\nmomento. Entre los t\u00edtulos de los<br \/>\nque se podr\u00e1 disfrutar se<br \/>\nencuentran las siguientes<br \/>\nproducciones: Rua das Tuplias, de<br \/>\nAl\u00ea Camargo; O Pescador<br \/>\nde Sonhos, de Igor Pitta Sim\u00f5es;<br \/>\nCalango lengo &#8211; Morte e vida sem<br \/>\nver \u00e1gua, de Fernando Miller; <strong>Pelo<br \/>\nOuvido, de Joaquim Haickel<\/strong> y<br \/>\nEntre cores e navalhas, de Catarina<br \/>\nAccioly e Iber\u00ea Carvalho.<\/p>\n<h1><strong>4 &#8211; Rio de Janeiro (Brasil)<\/strong><\/h1>\n<p><strong>IBERO BRASIL CINE FESTIVAL<\/strong><\/p>\n<h1><strong>5 &#8211; Lisboa (Portugal)<\/strong><\/h1>\n<p><strong>IBERO BRASIL CINE FESTIVAL<\/strong><\/p>\n<h1><strong>6 &#8211; Marselha (Fran\u00e7a)<\/strong><\/h1>\n<p><strong>Encuentros de Cine Sudamericano de Marsella.<\/strong><\/p>\n<p><strong>FILMS EN COMPETITION<\/strong><\/p>\n<p><span><strong>Longs m\u00e9trages<\/strong><\/span><span style=\"font-family: Georgia\">\u00a0<\/span><span style=\"font-family: Georgia\"><\/span><span style=\"font-family: Georgia\"><\/span><span style=\"font-family: Georgia\"><br \/><a target=\"_blank\" href=\"http:\/\/aspas-marseille.org\/2008\/FichiersJoints\/122\/FichiersJoints\/Chega_de_saudade.htm\">Chega de saudade<\/a>\u00a0 (Tourbillons) de La\u00eds Bodanzky\u00a0\u00a0\u00a0 Br\u00e9sil<br \/>\n<\/span><span style=\"font-family: Georgia\"><a target=\"_blank\" href=\"http:\/\/aspas-marseille.org\/2008\/FichiersJoints\/122\/FichiersJoints\/La_Morenita.htm\">La Morenita <\/a>( La Mor\u00e9nita) de Alan Jonsson Gavica\u00a0\u00a0\u00a0\u00a0\u00a0 Mexique<br \/>\n<\/span><span style=\"font-family: Georgia\"><a target=\"_blank\" href=\"http:\/\/aspas-marseille.org\/2008\/FichiersJoints\/122\/FichiersJoints\/Cafe.htm\">Caf\u00e9 Paraiso <\/a>(Caf\u00e9 Paradis) de Alfonso Ruizpalacios\u00a0\u00a0 Mexique<br \/>\n<\/span><span style=\"font-family: Georgia\"><a target=\"_blank\" href=\"http:\/\/aspas-marseille.org\/2008\/FichiersJoints\/122\/FichiersJoints\/Americano.htm\">Americano <\/a>(Am\u00e9ricano) -documentaire- de Carlos Ferrand\u00a0 P\u00e9rou\/Canada<br \/>\n<\/span><span style=\"font-family: Georgia\"><a target=\"_blank\" href=\"http:\/\/aspas-marseille.org\/2008\/FichiersJoints\/122\/FichiersJoints\/El_Clown.htm\">El Clown <\/a>(Le Clown) d&#8217;Emilio Rodriguez et Pedro Adorno\u00a0 Porto Rico<br \/>\n<\/span><span style=\"font-family: Georgia\"><a target=\"_blank\" href=\"http:\/\/aspas-marseille.org\/2008\/FichiersJoints\/122\/FichiersJoints\/El_tinte.htm\">El tinte de la fama <\/a>( La couleur de la renomm\u00e9e) de Alejandro Bellame\u00a0 Venezuela<br \/>\n<\/span><span style=\"font-family: Georgia\"><a target=\"_blank\" href=\"http:\/\/aspas-marseille.org\/2008\/FichiersJoints\/122\/FichiersJoints\/El_Olvido.htm\">El Olvido <\/a>( L&#8217;oubli)de Heddy Honigmann\u00a0\u00a0\u00a0P\u00e9rou\/Hollande<br \/>\n<\/span><span style=\"font-family: Georgia\"><a target=\"_blank\" href=\"http:\/\/aspas-marseille.org\/2008\/FichiersJoints\/122\/FichiersJoints\/Amorosa_Soledad.htm\">Amorosa Soledad<\/a> de P.Cohn\u00a0\u00a0\u00a0\u00a0\u00a0 Argentine<br \/>\n<\/span><span style=\"font-family: Georgia\"><strong>\u00a0<\/strong><\/span><span style=\"font-family: Georgia\"><strong>\u00a0<\/strong><\/span><span style=\"font-family: Georgia\"><strong><br \/>\nLes Courts m\u00e9trages\u00a0<br \/>\n<\/strong><\/span><span style=\"font-family: Georgia\">\u00a0<\/span><span style=\"font-family: Georgia\"><a target=\"_blank\" href=\"http:\/\/aspas-marseille.org\/2008\/FichiersJoints\/122\/FichiersJoints\/Feliz_Navidad.htm\">Feliz Navidad <\/a>(Joyeux No\u00ebl) de Ezequiel Yanco\/Marcelo Pitrola\u00a0 Argentine<br \/>\n<\/span><span><a target=\"_blank\" href=\"http:\/\/aspas-marseille.org\/2008\/FichiersJoints\/122\/FichiersJoints\/Pelo_Ouvido.htm\"><strong>Pelo Ouvido <\/strong><\/a><strong>( Par l&#8217;oreille) de Joaquim Haickel\u00a0 Br\u00e9sil<br \/>\n<\/strong><\/span><span style=\"font-family: Georgia\"><a target=\"_blank\" href=\"http:\/\/aspas-marseille.org\/2008\/FichiersJoints\/122\/FichiersJoints\/Dolores.htm\">Dolores <\/a>de Tatiana Villacob\u00a0 Colombie<br \/>\n<\/span><span style=\"font-family: Georgia\"><a target=\"_blank\" href=\"http:\/\/aspas-marseille.org\/2008\/FichiersJoints\/122\/FichiersJoints\/RojoRed.htm\">RojoRed <\/a>(Rouge Red) de Juan Manuel Betancourt Colombie<br \/>\n<\/span><span style=\"font-family: Georgia\"><a target=\"_blank\" href=\"http:\/\/aspas-marseille.org\/2008\/FichiersJoints\/122\/FichiersJoints\/El_agno.htm\">El a\u00f1o del cerdo<\/a> (l&#8217;ann\u00e9e du cochon) de Claudia Calder\u00f3n\u00a0 Cuba<br \/>\n<\/span><span style=\"font-family: Georgia\"><a target=\"_blank\" href=\"http:\/\/aspas-marseille.org\/2008\/FichiersJoints\/122\/FichiersJoints\/Carretera.htm\">Carretera del Norte <\/a>(Route du Nord) de Rub\u00e9n Rojo\u00a0\u00a0 Mexique<br \/>\n<\/span><span style=\"font-family: Georgia\"><a target=\"_blank\" href=\"http:\/\/aspas-marseille.org\/2008\/FichiersJoints\/122\/FichiersJoints\/Interior.htm\">Interior bajo izquierdo <\/a>(Rez de chauss\u00e9e c\u00f4t\u00e9 gauche) de Diego Vega\u00a0 P\u00e9rou<br \/>\n<\/span><span style=\"font-family: Georgia\"><a target=\"_blank\" href=\"http:\/\/aspas-marseille.org\/2008\/FichiersJoints\/122\/FichiersJoints\/Cunaro.htm\">Cunaro <\/a>de Alexandra Hanao\u00a0Venezuela<\/span><\/p>\n<h1><strong>7- Roterdam(Holanda)<\/strong><\/h1>\n<p><strong>Camera Mundo &#8211; Festival de Filmes Independentes\u00a0<\/strong><\/p>\n<p>Ol\u00e1, Joaquim! Parab\u00e9ns! Seu filme &#8220;Pelo Ouvido&#8221; foi selecionado e far\u00e1 parte da programa\u00e7\u00e3o do Camera Mundo &#8211; 2\u00ba Festival de Filmes Independentes!<br \/>\nPor\u00e9m, o CD com arquivos de informa\u00e7\u00f5es do filme, diretor e fotos n\u00e3o abriu. Ser\u00e1 poss\u00edvel mandar por e-mail essas informa\u00e7\u00f5es?<br \/>\nAs fotos s\u00e3o o mais urgente, pois temos que fechar o design do flyer ainda hoje. Por favor, mande com c\u00f3pia para mim e para a Hedwig Maria.<br \/>\n<strong>Muito obrigada e at\u00e9 breve!<\/strong><br \/>\n<strong>Um abra\u00e7o,<br \/>\nAna L\u00facia Nishio<br \/>\n<\/strong>+31 6 3064 2403<br \/>\nSkype: ananishio<br \/>\nStichting Caramundo<br \/>\nDELFTSEPLEIN 36K<br \/>\n3013AA \u00a0ROTTERDAM<strong><a target=\"_blank\" href=\"http:\/\/www.caramundo.org\/\"><br \/>\nwww.caramundo.org<\/a><br \/>\n<a target=\"_blank\" href=\"http:\/\/www.cameramundo.nl\/\">www.cameramundo.nl<\/a><\/strong><\/p>\n<h1><strong>8- Syracuse (USA)<\/strong><\/h1>\n<p><strong>SYRFILM Syracuse International Film Festival<\/strong><strong><em> <\/em><\/strong><strong>\u00a0<\/strong><\/p>\n<p>Dear Filmmaker, Congratulations! Your film has been selected to be screened during the 2009 Syracuse International Film Festival. This year we received over 350 films from 35 countries. Your film stood out among the entries as one of the best. The 6th annual SYRFILMFEST, which runs from April 24th-May 3rd, promises to be not just an event, but an experience. As a filmmaker, you will have the opportunity to attend seminars, screenings and parties, meet industry professionals, and interact with the international film community. Attached is important information about your film and attendance to the festival. Please read all material carefully and do not hesitate to contact us with any questions. Congratulations again! We look forward to seeing you in Syracuse! Sincerely, Owen Shapiro Artistic Director Please read the following attachment carefully. They are regarding your film&#8217;s acceptance.<\/p>\n<h1><strong>9- Recife (Brasil)<\/strong><\/h1>\n<p><strong>CINE PE &#8211; FESTIVAL DO AUDIOVISUAL 2009<\/strong><\/p>\n<p>Recife, 12 de Mar\u00e7o de 2009.<\/p>\n<p>V\u00eddeo: <strong>&#8220;Pelo ouvido&#8221;<br \/>\n<\/strong>Diretores: <strong>Joaquim Haickel<\/strong><\/p>\n<p>Informamos que a comiss\u00e3o de avalia\u00e7\u00e3o de v\u00eddeos do &#8220;CINE PE &#8211; FESTIVAL DO AUDIOVISUAL 2009&#8221; selecionou seu filme para exibi\u00e7\u00e3o na programa\u00e7\u00e3o oficial do evento. Portanto, transmitimos as seguintes informa\u00e7\u00f5es:<\/p>\n<ul>\n<li>Data de chegada do representante ao Recife: <strong>01\/05\/09<\/strong><\/li>\n<li>Data de exibi\u00e7\u00e3o do v\u00eddeo no Festival: <strong>02\/05\/09<\/strong><\/li>\n<li>Tipo de m\u00eddia: <strong>DVD com grava\u00e7\u00e3o inferior a velocidade de 2x a 4x<\/strong><\/li>\n<li>O v\u00eddeo dever\u00e1 ser enviado para Produtora BPE (respons\u00e1vel pelo Festival) com data m\u00e1xima de chegada <strong>at\u00e9 25\/03\/09<\/strong><\/li>\n<\/ul>\n<p>\u00c9 necess\u00e1rio que o prazo de entrega do DVD seja cumprido, pois necessitamos converter esta m\u00eddia para o formato que ser\u00e1 exibido no festival. Quando falamos na grava\u00e7\u00e3o com velocidade entre 2x (2 vezes) a 4x (quatro vezes) \u00e9 para n\u00e3o corrermos o risco de o material travar no momento da exibi\u00e7\u00e3o. <strong>O ideal seria que o v\u00eddeo fosse gravado na velocidade 2x, pois a leitura \u00e9 bem completa.<br \/>\n<\/strong><\/p>\n<p>Solicitamos que nos seja enviado um AVI do filme com, no m\u00e1ximo, 30&#8243; at\u00e9 o dia 20\/03 para que possamos agilizar a divulga\u00e7\u00e3o do filme.<\/p>\n<p>O material dever\u00e1 ser enviado para a BPE &#8211; Bertini Produ\u00e7\u00f5es &#8211; situada \u00e0 Rua Jo\u00e3o Cardoso Ayres, 1042 &#8211; Boa Viagem &#8211; Recife &#8211; PE &#8211; CEP: 51.130-300.<\/p>\n<p>Esclarecemos que a coordena\u00e7\u00e3o do evento disponibilizar\u00e1 passagem a\u00e9rea, hospedagem (quarto duplo ou triplo) e alimenta\u00e7\u00e3o para um representante do v\u00eddeo no per\u00edodo de <strong>01 a<\/strong><strong> 03\/05\/09<\/strong>, para isso precisamos das seguintes informa\u00e7\u00f5es:<\/p>\n<ul class=\"unIndentedList\">\n<li>Nome da pessoa que representar\u00e1 o v\u00eddeo (sem pseud\u00f4nimos)<\/li>\n<li>Local de origem (a passagem emitida ser\u00e1: local de origem \/ Recife \/ local de origem).<\/li>\n<li>Data de anivers\u00e1rio, CPF e RG (exig\u00eancia das companhias a\u00e9reas)<\/li>\n<\/ul>\n<p>Lembramos, ainda, que qualquer altera\u00e7\u00e3o no bilhete a\u00e9reo que resulte em \u00f4nus financeiro ser\u00e1 de total responsabilidade do representante do v\u00eddeo. Em caso de altera\u00e7\u00e3o, nossa equipe de transporte receptivo dever\u00e1 ser informada.<\/p>\n<p>Os dados solicitados dever\u00e3o ser encaminhados impreterivelmente para a BPE Produ\u00e7\u00f5es, atrav\u00e9s dos e-mails <a target=\"_blank\" href=\"mailto:barbara@bpe.com.br\">barbara@bpe.com.br<\/a> e\/ou <u><a target=\"_blank\" href=\"mailto:flaviamelo@bpe.com.br\">flaviamelo@bpe.com.br<\/a><\/u> pelo Fax (81) 3343-5066, at\u00e9 25\/03\/2009.<\/p>\n<p>Atenciosamente,<\/p>\n<p align=\"left\"><strong><em>B\u00e1rbara Vilella e Fl\u00e1via de Melo Autran<\/em><\/strong><br \/>\nProdu\u00e7\u00e3o do CINE PE<\/p>\n<h1><strong>10- <\/strong><strong>Paris(Fran\u00e7a)<\/strong><\/h1>\n<p><strong>European Independent Film Festival 2009<\/strong><\/p>\n<p>16:27 Pelo Ouvido 0:17:18 Non-European Dramatic Short Brazil VO English Subtitles<\/p>\n<h1><strong>11- <\/strong><strong>Newport Beach<\/strong><strong> <\/strong><strong>(USA)<\/strong><\/h1>\n<p><strong>Newport Beach<\/strong><strong> Film Festival<\/strong><br \/>\nApril 23 -April 30, 2009<\/p>\n<p>Some information for you:<\/p>\n<p>My cell phone number: 949.274.2332<br \/>\nYou should have received an email with the schedule for the showing of you movie.<br \/>\nAny other questions, please don&#8217;t hesitate to contact me.<\/p>\n<p>Dennis Baker<br \/>\nDirector of Shorts Programing<br \/>\n4540 Campus Drive<br \/>\nNewport Beach, CA 92660<br \/>\n949.253.2880 \/ 949.253.2881 (Fax)<a target=\"_blank\" href=\"http:\/\/newportbeachfilmfest.com\/\"><br \/>\nNewportBeachFilmFest.com<\/a><\/p>\n<p><strong>From:<\/strong> Guarnic\u00ea Produ\u00e7\u00f5es [mailto:<a target=\"_blank\" href=\"mailto:guarniceproducoes@hotmail.com\">guarniceproducoes@hotmail.com<\/a>]<br \/>\n<strong>Sent:<\/strong> Thursday, March 12, 2009 3:53 AM<br \/>\n<strong>To:<\/strong> <a target=\"_blank\" href=\"mailto:dennis.baker@newportbeachfilmfest.com\">dennis.baker@newportbeachfilmfest.com<\/a><br \/>\n<strong>Subject:<\/strong> Pelo Ouvido<\/p>\n<p>Dear Dennis,<\/p>\n<p>I was very happy with his phone call to inform me that my film &#8220;Pelo Ouvido&#8221;\u00a0 was selected<\/p>\n<p>for the important festival in Newport Beach.<br \/>\nI would like to confirm our participation and this will send a copy of the movie to appear this week.<br \/>\nGrateful for the privilege to show our work,<br \/>\nJoaquim Haickel.<br \/>\nGuarnic\u00ea Produ\u00e7\u00f5es <a target=\"_blank\" href=\"http:\/\/www.peloouvido.com\/\">www.peloouvido.com<\/a><\/p>\n<h1><strong>12- <\/strong><strong>Lleida<\/strong><strong> <\/strong><strong>(Espanha)<\/strong><\/h1>\n<p><strong>Mostra de Cinema Llatinoameric\u00e0 de\u00a0 Catalunya <em>Cortometrajes de la Secci\u00f3n Oficial<\/em><\/strong><\/p>\n<p><a target=\"_blank\" href=\"http:\/\/www.mostradelleida.com\/esp\/curts\/on-the-line.html\">Rojo red\u00a0 (2008)<br \/>\nPorqu\u00e9 hay cosas que nunca se olvidan (2008)<br \/>\nBuen viaje (2008)<br \/>\nOn the line (2008)<\/a><strong><a target=\"_blank\" href=\"http:\/\/www.mostradelleida.com\/esp\/curts\/pelo-ouvido.html\"><br \/>\nPelo ouvido (2008)<\/a><\/strong><a target=\"_blank\" href=\"http:\/\/www.mostradelleida.com\/esp\/curts\/el-empleo.html\"><br \/>\nCotton Candy (2008)<br \/>\nC\u00f3mo conoc\u00ed a tu padre (2008)<br \/>\nOlimpiadas (2008)<br \/>\nDesde el fondo (2008)<br \/>\nTurismo (2008)<br \/>\nUna vida mejor (2008)<br \/>\nEl empleo (2008)<\/a><\/p>\n<h1><strong>13- <\/strong><strong>Beijing<\/strong><strong> <\/strong><strong>(China)<\/strong><\/h1>\n<p><strong>Artistic selections for screening in Song Zhuang (Crying Monkey Award\u00a0Nominees) <\/strong><\/p>\n<p><strong>\u827a\u672f\u7247<\/strong><\/p>\n<p><strong><a target=\"_blank\" href=\"http:\/\/www.alivenotdead.com\/richardtrombly\">\u7b49\u5f85 (The Waiting)<\/a><\/strong><\/p>\n<p>-A\u00a0vivid depiction of modern Shanghai seen through the eyes of 9-year-old Peipei Wang. Following her mother&#8217;s death, she and her brother are forced to rely on each other. In traditional China, family is central but modern life is changing the culture. Emotions intensify when father is late from work one day and can&#8217;t be reached by phone. Peipei grasps the reality of their situation &#8211; without their father, they are entirely alone in the world. The children&#8217;s emotions involve us and draw us in throughout this short film. \u7535\u5f71\u901a\u8fc7\u79fb\u6c11\u5c0f\u5973\u5b69\uff0c\u4e5d\u5c81\u738b\u4f69\u4f69\u7684\u89c6\u89d2\uff0c\u8bb2\u8ff0\u4e00\u4e2a\u53d1\u751f\u5728\u4e0a\u6d77\u7684\u52a8\u4eba\u6545\u4e8b\u3002\u968f\u7740\u6bcd\u4eb2\u7684\u7a81\u7136\u53bb\u4e16\uff0c\u4f69\u4f69\u548c\u5979\u7684\u5f1f\u5f1f\uff0c\u88ab\u8feb\u5730\u8fc7\u8d77\u4e86\u5355\u4eb2\u7684\u751f\u6d3b\u3002\u5728\u4f20\u7edf\u7684\u4e2d\u56fd\u6587\u5316\u4e2d\uff0c\u5bf9\u8bb8\u591a\u4eba\u800c\u8a00\uff0c\u5bb6\u5ead\u662f\u81f3\u5173\u91cd\u8981\u7684\uff1b\u7136\u800c\uff0c\u73b0\u4ee3\u79fb\u6c11\u5f0f\u7684\u751f\u6d3b\uff0c\u5374\u6f5c\u79fb\u9ed8\u5316\u5730\u5f71\u54cd\u4f20\u7edf\u7684\u5bb6\u5ead\u89c2\u3002\u81ea\u4ece\u5931\u53bb\u4e86\u6bcd\u7231\u7684\u6e29\u6696\uff0c\u5e74\u5c0f\u7684\u59d0\u5f1f\u4fe9\u4eba\u4e0d\u5f97\u4e0d\u76f8\u4e92\u4f9d\u8d56\u3001\u5f7c\u6b64\u7167\u6599\u3002\u3002\u3002\u968f\u7740\u6545\u4e8b\u7684\u8fdb\u5c55\uff0c\u7535\u5f71\u6e10\u6e10\u5730\u63a2\u7a76\u51fa\u5bb6\u5ead\u5bf9\u4e8e\u5b69\u5b50\u7684\u610f\u4e49\u3002\u4e00\u5929\uff0c\u7236\u4eb2\u56e0\u4e3a\u5de5\u4f5c\u5fd9\u788c\uff0c\u6ca1\u80fd\u51c6\u65f6\u56de\u5bb6\uff0c\u59d0\u5f1f\u7126\u6025\u4e0d\u5b89\u3002\u4f69\u4f69\u5bb3\u6015\u4e00\u65e6\u5931\u53bb\u7238\u7238\uff0c\u4ed6\u4eec\u5c31\u5b64\u4f36\u4f36\u5730\u7559\u5728\u8fd9\u4e16\u4e0a\u4e86\uff0c\u8fd9\u4e2a\u5ff5\u5934\u4f7f\u5979\u5bf9\u73b0\u5b9e\u60f6\u60f6\u4e0d\u5b89\u3002\u59d0\u5f1f\u4fe9\u4e4b\u95f4\u5f3a\u70c8\u7684\u60c5\u611f\u4f34\u968f\u6574\u4e2a\u77ed\u7247\u7684\u8fc7\u7a0b\uff0c\u5f71\u7247\u7ed3\u5c3e\u51fa\u4eba\u610f\u6599\u3002\u3002\u3002<\/p>\n<p><strong><a target=\"_blank\" href=\"http:\/\/www.cubanow.net\/pages\/loader.php?sec=19&amp;t=2&amp;item=6059\">Pelo Ouvido (Through the Ear)<\/a><\/strong><\/p>\n<p>Dealing\u00a0with irreparable losses, Keyt tries to preserve the passionate side of\u00a0her relationship.<\/p>\n<p>\u672c\u7247\u8bb2\u8ff0\u7684\u662f\u4e3b\u4eba\u516cKeyt\u8bd5\u56fe\u901a\u8fc7\u7ef4\u6301\u5df2\u7ecf\u5931\u5374\u7684\u6fc0\u60c5\u6765\u62ef\u6551\u90a3\u6bb5\u4e0d\u53ef\u4fee\u590d\u7684\u604b\u7231\u3002<\/p>\n<h1><strong>14- S\u00e3o Paulo (Brasil)<\/strong><\/h1>\n<p><strong>I Festival Cinema do Cora\u00e7\u00e3o\u200f<br \/>\n<\/strong><\/p>\n<p>Caro Joaquim,<\/p>\n<p>Temos o prazer de comunicar que seu filme &#8220;Pelo Ouvido&#8221; foi selecionado para o I Festival Cinema do Cora\u00e7\u00e3o, organizado pela Socesp e pelo Planeta Tela. Parab\u00e9ns!<br \/>\nPara confec\u00e7\u00e3o do cat\u00e1logo do evento, por favor nos envie por e-mail, com a m\u00e1xima urg\u00eancia, pelo menos 1 (uma) foto em alta defini\u00e7\u00e3o (300 dpi) de seu filme.<\/p>\n<p>Obrigada,<\/p>\n<p>Carolina Bressane<br \/>\nPlaneta Tela<br \/>\n11 3384 6743<\/p>\n","protected":false},"excerpt":{"rendered":"<p>1- Rio de Janeiro(Brasil) Cineclube Curta o Curta 27 de mar\u00e7o de 2009 no Cinematheque Rua Volunt\u00e1rios da P\u00e1tria, 53, [&hellip;]<\/p>\n","protected":false},"author":7,"featured_media":0,"comment_status":"open","ping_status":"open","sticky":false,"template":"","format":"standard","meta":{"site-sidebar-layout":"default","site-content-layout":"","ast-site-content-layout":"default","site-content-style":"default","site-sidebar-style":"default","ast-global-header-display":"","ast-banner-title-visibility":"","ast-main-header-display":"","ast-hfb-above-header-display":"","ast-hfb-below-header-display":"","ast-hfb-mobile-header-display":"","site-post-title":"","ast-breadcrumbs-content":"","ast-featured-img":"","footer-sml-layout":"","ast-disable-related-posts":"","theme-transparent-header-meta":"","adv-header-id-meta":"","stick-header-meta":"","header-above-stick-meta":"","header-main-stick-meta":"","header-below-stick-meta":"","astra-migrate-meta-layouts":"default","ast-page-background-enabled":"default","ast-page-background-meta":{"desktop":{"background-color":"var(--ast-global-color-5)","background-image":"","background-repeat":"repeat","background-position":"center center","background-size":"auto","background-attachment":"scroll","background-type":"","background-media":"","overlay-type":"","overlay-color":"","overlay-opacity":"","overlay-gradient":""},"tablet":{"background-color":"","background-image":"","background-repeat":"repeat","background-position":"center center","background-size":"auto","background-attachment":"scroll","background-type":"","background-media":"","overlay-type":"","overlay-color":"","overlay-opacity":"","overlay-gradient":""},"mobile":{"background-color":"","background-image":"","background-repeat":"repeat","background-position":"center center","background-size":"auto","background-attachment":"scroll","background-type":"","background-media":"","overlay-type":"","overlay-color":"","overlay-opacity":"","overlay-gradient":""}},"ast-content-background-meta":{"desktop":{"background-color":"var(--ast-global-color-4)","background-image":"","background-repeat":"repeat","background-position":"center center","background-size":"auto","background-attachment":"scroll","background-type":"","background-media":"","overlay-type":"","overlay-color":"","overlay-opacity":"","overlay-gradient":""},"tablet":{"background-color":"var(--ast-global-color-4)","background-image":"","background-repeat":"repeat","background-position":"center center","background-size":"auto","background-attachment":"scroll","background-type":"","background-media":"","overlay-type":"","overlay-color":"","overlay-opacity":"","overlay-gradient":""},"mobile":{"background-color":"var(--ast-global-color-4)","background-image":"","background-repeat":"repeat","background-position":"center center","background-size":"auto","background-attachment":"scroll","background-type":"","background-media":"","overlay-type":"","overlay-color":"","overlay-opacity":"","overlay-gradient":""}},"footnotes":""},"categories":[3],"tags":[],"class_list":["post-390","post","type-post","status-publish","format-standard","hentry","category-geral"],"yoast_head":"<!-- This site is optimized with the Yoast SEO plugin v26.6 - https:\/\/yoast.com\/wordpress\/plugins\/seo\/ -->\n<title>Por onde andar\u00e1 \u201cPelo Ouvido\u201d? - Joaquim Haickel<\/title>\n<meta name=\"robots\" content=\"index, follow, max-snippet:-1, max-image-preview:large, max-video-preview:-1\" \/>\n<link rel=\"canonical\" href=\"https:\/\/www.blogsoestado.com\/joaquimhaickel\/2009\/04\/01\/por-onde-andara-pelo-ouvido\/\" \/>\n<meta property=\"og:locale\" content=\"pt_BR\" \/>\n<meta property=\"og:type\" content=\"article\" \/>\n<meta property=\"og:title\" content=\"Por onde andar\u00e1 \u201cPelo Ouvido\u201d? - Joaquim Haickel\" \/>\n<meta property=\"og:description\" content=\"1- Rio de Janeiro(Brasil) Cineclube Curta o Curta 27 de mar\u00e7o de 2009 no Cinematheque Rua Volunt\u00e1rios da P\u00e1tria, 53, [&hellip;]\" \/>\n<meta property=\"og:url\" content=\"https:\/\/www.blogsoestado.com\/joaquimhaickel\/2009\/04\/01\/por-onde-andara-pelo-ouvido\/\" \/>\n<meta property=\"og:site_name\" content=\"Joaquim Haickel\" \/>\n<meta property=\"article:published_time\" content=\"2009-04-01T11:59:39+00:00\" \/>\n<meta name=\"author\" content=\"Joaquim Haickel\" \/>\n<meta name=\"twitter:card\" content=\"summary_large_image\" \/>\n<meta name=\"twitter:label1\" content=\"Escrito por\" \/>\n\t<meta name=\"twitter:data1\" content=\"Joaquim Haickel\" \/>\n\t<meta name=\"twitter:label2\" content=\"Est. tempo de leitura\" \/>\n\t<meta name=\"twitter:data2\" content=\"8 minutos\" \/>\n<script type=\"application\/ld+json\" class=\"yoast-schema-graph\">{\"@context\":\"https:\/\/schema.org\",\"@graph\":[{\"@type\":\"WebPage\",\"@id\":\"https:\/\/www.blogsoestado.com\/joaquimhaickel\/2009\/04\/01\/por-onde-andara-pelo-ouvido\/\",\"url\":\"https:\/\/www.blogsoestado.com\/joaquimhaickel\/2009\/04\/01\/por-onde-andara-pelo-ouvido\/\",\"name\":\"Por onde andar\u00e1 \u201cPelo Ouvido\u201d? - Joaquim Haickel\",\"isPartOf\":{\"@id\":\"https:\/\/www.blogsoestado.com\/joaquimhaickel\/#website\"},\"datePublished\":\"2009-04-01T11:59:39+00:00\",\"author\":{\"@id\":\"https:\/\/www.blogsoestado.com\/joaquimhaickel\/#\/schema\/person\/4a711644aff28245c6c2c3452d66d325\"},\"breadcrumb\":{\"@id\":\"https:\/\/www.blogsoestado.com\/joaquimhaickel\/2009\/04\/01\/por-onde-andara-pelo-ouvido\/#breadcrumb\"},\"inLanguage\":\"pt-BR\",\"potentialAction\":[{\"@type\":\"ReadAction\",\"target\":[\"https:\/\/www.blogsoestado.com\/joaquimhaickel\/2009\/04\/01\/por-onde-andara-pelo-ouvido\/\"]}]},{\"@type\":\"BreadcrumbList\",\"@id\":\"https:\/\/www.blogsoestado.com\/joaquimhaickel\/2009\/04\/01\/por-onde-andara-pelo-ouvido\/#breadcrumb\",\"itemListElement\":[{\"@type\":\"ListItem\",\"position\":1,\"name\":\"In\u00edcio\",\"item\":\"https:\/\/www.blogsoestado.com\/joaquimhaickel\/\"},{\"@type\":\"ListItem\",\"position\":2,\"name\":\"Por onde andar\u00e1 \u201cPelo Ouvido\u201d?\"}]},{\"@type\":\"WebSite\",\"@id\":\"https:\/\/www.blogsoestado.com\/joaquimhaickel\/#website\",\"url\":\"https:\/\/www.blogsoestado.com\/joaquimhaickel\/\",\"name\":\"Joaquim Haickel\",\"description\":\"\",\"potentialAction\":[{\"@type\":\"SearchAction\",\"target\":{\"@type\":\"EntryPoint\",\"urlTemplate\":\"https:\/\/www.blogsoestado.com\/joaquimhaickel\/?s={search_term_string}\"},\"query-input\":{\"@type\":\"PropertyValueSpecification\",\"valueRequired\":true,\"valueName\":\"search_term_string\"}}],\"inLanguage\":\"pt-BR\"},{\"@type\":\"Person\",\"@id\":\"https:\/\/www.blogsoestado.com\/joaquimhaickel\/#\/schema\/person\/4a711644aff28245c6c2c3452d66d325\",\"name\":\"Joaquim Haickel\",\"image\":{\"@type\":\"ImageObject\",\"inLanguage\":\"pt-BR\",\"@id\":\"https:\/\/www.blogsoestado.com\/joaquimhaickel\/#\/schema\/person\/image\/\",\"url\":\"https:\/\/secure.gravatar.com\/avatar\/473d89339b9f8ec089adb8d5778363eb5a2ba2319956bcf0298bfd8cca04684a?s=96&d=mm&r=g\",\"contentUrl\":\"https:\/\/secure.gravatar.com\/avatar\/473d89339b9f8ec089adb8d5778363eb5a2ba2319956bcf0298bfd8cca04684a?s=96&d=mm&r=g\",\"caption\":\"Joaquim Haickel\"},\"url\":\"https:\/\/www.blogsoestado.com\/joaquimhaickel\/author\/joaquimhaickel\/\"}]}<\/script>\n<!-- \/ Yoast SEO plugin. -->","yoast_head_json":{"title":"Por onde andar\u00e1 \u201cPelo Ouvido\u201d? - Joaquim Haickel","robots":{"index":"index","follow":"follow","max-snippet":"max-snippet:-1","max-image-preview":"max-image-preview:large","max-video-preview":"max-video-preview:-1"},"canonical":"https:\/\/www.blogsoestado.com\/joaquimhaickel\/2009\/04\/01\/por-onde-andara-pelo-ouvido\/","og_locale":"pt_BR","og_type":"article","og_title":"Por onde andar\u00e1 \u201cPelo Ouvido\u201d? - Joaquim Haickel","og_description":"1- Rio de Janeiro(Brasil) Cineclube Curta o Curta 27 de mar\u00e7o de 2009 no Cinematheque Rua Volunt\u00e1rios da P\u00e1tria, 53, [&hellip;]","og_url":"https:\/\/www.blogsoestado.com\/joaquimhaickel\/2009\/04\/01\/por-onde-andara-pelo-ouvido\/","og_site_name":"Joaquim Haickel","article_published_time":"2009-04-01T11:59:39+00:00","author":"Joaquim Haickel","twitter_card":"summary_large_image","twitter_misc":{"Escrito por":"Joaquim Haickel","Est. tempo de leitura":"8 minutos"},"schema":{"@context":"https:\/\/schema.org","@graph":[{"@type":"WebPage","@id":"https:\/\/www.blogsoestado.com\/joaquimhaickel\/2009\/04\/01\/por-onde-andara-pelo-ouvido\/","url":"https:\/\/www.blogsoestado.com\/joaquimhaickel\/2009\/04\/01\/por-onde-andara-pelo-ouvido\/","name":"Por onde andar\u00e1 \u201cPelo Ouvido\u201d? - Joaquim Haickel","isPartOf":{"@id":"https:\/\/www.blogsoestado.com\/joaquimhaickel\/#website"},"datePublished":"2009-04-01T11:59:39+00:00","author":{"@id":"https:\/\/www.blogsoestado.com\/joaquimhaickel\/#\/schema\/person\/4a711644aff28245c6c2c3452d66d325"},"breadcrumb":{"@id":"https:\/\/www.blogsoestado.com\/joaquimhaickel\/2009\/04\/01\/por-onde-andara-pelo-ouvido\/#breadcrumb"},"inLanguage":"pt-BR","potentialAction":[{"@type":"ReadAction","target":["https:\/\/www.blogsoestado.com\/joaquimhaickel\/2009\/04\/01\/por-onde-andara-pelo-ouvido\/"]}]},{"@type":"BreadcrumbList","@id":"https:\/\/www.blogsoestado.com\/joaquimhaickel\/2009\/04\/01\/por-onde-andara-pelo-ouvido\/#breadcrumb","itemListElement":[{"@type":"ListItem","position":1,"name":"In\u00edcio","item":"https:\/\/www.blogsoestado.com\/joaquimhaickel\/"},{"@type":"ListItem","position":2,"name":"Por onde andar\u00e1 \u201cPelo Ouvido\u201d?"}]},{"@type":"WebSite","@id":"https:\/\/www.blogsoestado.com\/joaquimhaickel\/#website","url":"https:\/\/www.blogsoestado.com\/joaquimhaickel\/","name":"Joaquim Haickel","description":"","potentialAction":[{"@type":"SearchAction","target":{"@type":"EntryPoint","urlTemplate":"https:\/\/www.blogsoestado.com\/joaquimhaickel\/?s={search_term_string}"},"query-input":{"@type":"PropertyValueSpecification","valueRequired":true,"valueName":"search_term_string"}}],"inLanguage":"pt-BR"},{"@type":"Person","@id":"https:\/\/www.blogsoestado.com\/joaquimhaickel\/#\/schema\/person\/4a711644aff28245c6c2c3452d66d325","name":"Joaquim Haickel","image":{"@type":"ImageObject","inLanguage":"pt-BR","@id":"https:\/\/www.blogsoestado.com\/joaquimhaickel\/#\/schema\/person\/image\/","url":"https:\/\/secure.gravatar.com\/avatar\/473d89339b9f8ec089adb8d5778363eb5a2ba2319956bcf0298bfd8cca04684a?s=96&d=mm&r=g","contentUrl":"https:\/\/secure.gravatar.com\/avatar\/473d89339b9f8ec089adb8d5778363eb5a2ba2319956bcf0298bfd8cca04684a?s=96&d=mm&r=g","caption":"Joaquim Haickel"},"url":"https:\/\/www.blogsoestado.com\/joaquimhaickel\/author\/joaquimhaickel\/"}]}},"jetpack_featured_media_url":"","_links":{"self":[{"href":"https:\/\/www.blogsoestado.com\/joaquimhaickel\/wp-json\/wp\/v2\/posts\/390","targetHints":{"allow":["GET"]}}],"collection":[{"href":"https:\/\/www.blogsoestado.com\/joaquimhaickel\/wp-json\/wp\/v2\/posts"}],"about":[{"href":"https:\/\/www.blogsoestado.com\/joaquimhaickel\/wp-json\/wp\/v2\/types\/post"}],"author":[{"embeddable":true,"href":"https:\/\/www.blogsoestado.com\/joaquimhaickel\/wp-json\/wp\/v2\/users\/7"}],"replies":[{"embeddable":true,"href":"https:\/\/www.blogsoestado.com\/joaquimhaickel\/wp-json\/wp\/v2\/comments?post=390"}],"version-history":[{"count":0,"href":"https:\/\/www.blogsoestado.com\/joaquimhaickel\/wp-json\/wp\/v2\/posts\/390\/revisions"}],"wp:attachment":[{"href":"https:\/\/www.blogsoestado.com\/joaquimhaickel\/wp-json\/wp\/v2\/media?parent=390"}],"wp:term":[{"taxonomy":"category","embeddable":true,"href":"https:\/\/www.blogsoestado.com\/joaquimhaickel\/wp-json\/wp\/v2\/categories?post=390"},{"taxonomy":"post_tag","embeddable":true,"href":"https:\/\/www.blogsoestado.com\/joaquimhaickel\/wp-json\/wp\/v2\/tags?post=390"}],"curies":[{"name":"wp","href":"https:\/\/api.w.org\/{rel}","templated":true}]}}