{"id":391,"date":"2009-04-05T09:06:54","date_gmt":"2009-04-05T12:06:54","guid":{"rendered":"https:\/\/www.blogsoestado.com\/joaquimhaickel\/2009\/04\/05\/com-ferro-e-fogo\/"},"modified":"2009-04-05T09:06:54","modified_gmt":"2009-04-05T12:06:54","slug":"com-ferro-e-fogo","status":"publish","type":"post","link":"https:\/\/www.blogsoestado.com\/joaquimhaickel\/2009\/04\/05\/com-ferro-e-fogo\/","title":{"rendered":"Com ferro e fogo"},"content":{"rendered":"<p>Na \u00faltima quinta-feira, 2 de abril, depois de comunicar ao plen\u00e1rio da Assembl\u00e9ia Legislativa que fui indicado pelo meu bloco parlamentar para presidir a \u201cpoderosa\u201d Comiss\u00e3o de Economia, Ind\u00fastria e Com\u00e9rcio daquela casa, convidei as senhoras e os senhores deputados presentes \u00e0quela sess\u00e3o para conversarmos sobre um assunto que no meu entendimento diz respeito a todos n\u00f3s, n\u00e3o apenas como parlamentares, mas principalmente como cidad\u00e3os.<\/p>\n<p>Falei sobre a crise financeira que acomete o mercado mundial, abalando a economia de todas as na\u00e7\u00f5es e de poderos\u00edssimos grupos empresariais, de forma t\u00e3o contundente que acaba atingindo inclusive o nosso pequenino Estado no que se refere ao modesto conjunto de ind\u00fastrias que est\u00e3o aqui implantadas.<\/p>\n<p>Falei especificamente em rela\u00e7\u00e3o \u00e0s ind\u00fastrias do setor sider\u00fargico e de gera\u00e7\u00e3o de energia instaladas nas cidades de Bacabeira, Pindar\u00e9-Mirim, A\u00e7ail\u00e2ndia e S\u00e3o Luis.<\/p>\n<p>Poderia ter falado tamb\u00e9m sobre os problemas de nossa agroind\u00fastria, mas n\u00e3o o fiz, pois esse setor n\u00e3o est\u00e1 sofrendo apenas os reflexos dessa crise em particular. Seus problemas s\u00e3o estruturais e em breve deveremos enfrent\u00e1-lo de forma corajosa e direta, sob pena de termos em nossas m\u00e3os grav\u00edssimos e insol\u00faveis problemas no futuro.<\/p>\n<p>As cidades de Bacabeira, Pindar\u00e9-Mirim e A\u00e7ail\u00e2ndia sofrem diretamente os efeitos dessa crise que afetou gravemente o p\u00f3lo sider\u00fargico de ferro-gusa maranhense, que exportava 99% de sua produ\u00e7\u00e3o para o mercado internacional.<\/p>\n<p>Principal ind\u00fastria em atividade no Estado do Maranh\u00e3o, a siderurgia de ferro-gusa produzia, nas sete empresas instaladas aqui, uma m\u00e9dia de 2 milh\u00f5es de toneladas por ano, empregando mais de 20 mil trabalhadores em atividades diretas e indiretas.<\/p>\n<p>Essas empresas n\u00e3o fecham novos contratos de vendas desde setembro do ano passado, e os contratos que j\u00e1 haviam sido fechados n\u00e3o foram honrados pelas tradings sob a alega\u00e7\u00e3o da crise mundial.<\/p>\n<p>Hoje apenas tr\u00eas das sete ind\u00fastrias ainda est\u00e3o em funcionamento, e mesmo assim com apenas 20% de sua capacidade instalada, e o que \u00e9 pior cerca de 9.000 pessoas foram demitidas at\u00e9 o momento.<\/p>\n<p>As conseq\u00fc\u00eancias sociais t\u00eam sido t\u00e3o graves quanto as econ\u00f4micas, e \u00e9 preciso tomar provid\u00eancias e sairmos em socorro \u00e0 atividade que gera n\u00e3o apenas impostos e divisas para nosso estado, mas tamb\u00e9m emprego e renda para milhares de fam\u00edlias maranhenses que viam na atividade sider\u00fargica sua \u00fanica fonte de renda.<\/p>\n<p>Uma das a\u00e7\u00f5es imediatas para garantir a sustentabilidade das empresas nesse per\u00edodo de crise \u00e9 sensibilizar, atrav\u00e9s de a\u00e7\u00f5es de governo, nas tr\u00eas esferas, municipal, estadual e federal, a Companhia Vale do Rio Doce, para que opere uma redu\u00e7\u00e3o no pre\u00e7o de seu min\u00e9rio de ferro, transporte e custo portu\u00e1rio, cobrado das ind\u00fastrias maranhenses.<\/p>\n<p>Para que se tenha uma id\u00e9ia, as sider\u00fargicas maranhenses pagam hoje mais caro pelo min\u00e9rio de ferro produzido pela Vale do que as sider\u00fargicas chinesas, do outro lado do planeta. E veja que as sider\u00fargicas maranhenses utilizam apenas 4% de todo o min\u00e9rio exportado pela Vale (4 milh\u00f5es de toneladas), e com esses 4% do min\u00e9rio geram mais de 20.000 empregos no Estado.<\/p>\n<p>Precisamos fazer com que a Vale veja que ela deve contribuir com algum custo social pela utiliza\u00e7\u00e3o do Porto do Itaqui, bem como a utiliza\u00e7\u00e3o da estrada de ferro que corta in\u00fameros munic\u00edpios, onde a pobreza se sobressai aos olhos.<\/p>\n<p>Preocupado com o desemprego que essa crise gera, gostaria de chamar a aten\u00e7\u00e3o de todos para a necessidade de apoio aos empreendimentos industriais como a termoel\u00e9trica e a refinaria de petr\u00f3leo que est\u00e3o em fase de implanta\u00e7\u00e3o em nosso estado. Empreendimentos que logo ir\u00e3o gerar milhares de empregos diretos e indiretos, transformando o cen\u00e1rio econ\u00f4mico de nossa terra, que com isso deixar\u00e1 de ser apenas um estado agr\u00edcola e entrar\u00e1 definitivamente para o time dos estados industrializados.<\/p>\n<p>Ouvi com muita preocupa\u00e7\u00e3o as restri\u00e7\u00f5es de alguns deputados a respeito da implanta\u00e7\u00e3o da Usina Termel\u00e9trica Porto do Itaqui, pertencente \u00e0 empresa MPX. Essa empresa tem sempre dito que um de seus compromissos mais importantes \u00e9 com a responsabilidade s\u00f3cio-ambiental e a n\u00f3s compete cobrar-lhes firmemente o cumprimento desses compromissos.<\/p>\n<p>No \u00faltimo fim de semana, a MPX lan\u00e7ou a pedra fundamental da termel\u00e9trica, que trar\u00e1 para o nosso estado um investimento de mais de 1 bilh\u00e3o de reais, gerando mais de 4.000 empregos na fase de implanta\u00e7\u00e3o da usina e mais de 100 empregos diretos quando em funcionamento.<\/p>\n<p>O empreendimento possui o licenciamento ambiental concedido pelo Ibama, cumprindo todas as exig\u00eancias previstas na legisla\u00e7\u00e3o ambiental brasileira, n\u00e3o vejo ent\u00e3o o porqu\u00ea de tamanha oposi\u00e7\u00e3o.<\/p>\n<p>Essa mesma empresa, a MPX, est\u00e1 construindo duas termel\u00e9tricas a carv\u00e3o mineral no Porto do Pec\u00e9m, no Estado do Cear\u00e1, respeitando todas as exig\u00eancias ambientais necess\u00e1rias para empreendimentos desse porte. Como \u00e9 isso!? L\u00e1 pode, aqui n\u00e3o!?<\/p>\n<p>\u00c9 preciso apoiar iniciativas que como essa venham garantir o lugar do Maranh\u00e3o em um cen\u00e1rio econ\u00f4mico pr\u00f3spero, mas \u00e9 claro que essa atitude exige de n\u00f3s um comportamento sempre vigilante, para que n\u00e3o apenas a MPX, como outros empreendimentos que tamb\u00e9m possam trazer desenvolvimento a nossa terra e nossa gente, atuem sempre em concord\u00e2ncia n\u00e3o apenas com a legisla\u00e7\u00e3o ambiental, multiplicando benef\u00edcios e garantindo a preserva\u00e7\u00e3o dos nossos ecossistemas para as futuras gera\u00e7\u00f5es, mas tamb\u00e9m em concord\u00e2ncia com toda a nossa legisla\u00e7\u00e3o.<\/p>\n<p>Todo empreendimento industrial causa impacto ambiental. Temos apenas que fazer a devida compensa\u00e7\u00e3o desse impacto e prevenir para que ele n\u00e3o seja maior do que o permitido.<\/p>\n<p>Enquanto deputado eu for n\u00e3o admitirei jamais que se descumpram as nossas leis, mas tamb\u00e9m n\u00e3o deixarei de defender a vinda para o nosso estado de projetos que tragam para c\u00e1 desenvolvimento e progresso.<\/p>\n","protected":false},"excerpt":{"rendered":"<p>Na \u00faltima quinta-feira, 2 de abril, depois de comunicar ao plen\u00e1rio da Assembl\u00e9ia Legislativa que fui indicado pelo meu bloco [&hellip;]<\/p>\n","protected":false},"author":7,"featured_media":0,"comment_status":"open","ping_status":"open","sticky":false,"template":"","format":"standard","meta":{"site-sidebar-layout":"default","site-content-layout":"","ast-site-content-layout":"default","site-content-style":"default","site-sidebar-style":"default","ast-global-header-display":"","ast-banner-title-visibility":"","ast-main-header-display":"","ast-hfb-above-header-display":"","ast-hfb-below-header-display":"","ast-hfb-mobile-header-display":"","site-post-title":"","ast-breadcrumbs-content":"","ast-featured-img":"","footer-sml-layout":"","ast-disable-related-posts":"","theme-transparent-header-meta":"","adv-header-id-meta":"","stick-header-meta":"","header-above-stick-meta":"","header-main-stick-meta":"","header-below-stick-meta":"","astra-migrate-meta-layouts":"default","ast-page-background-enabled":"default","ast-page-background-meta":{"desktop":{"background-color":"var(--ast-global-color-5)","background-image":"","background-repeat":"repeat","background-position":"center center","background-size":"auto","background-attachment":"scroll","background-type":"","background-media":"","overlay-type":"","overlay-color":"","overlay-opacity":"","overlay-gradient":""},"tablet":{"background-color":"","background-image":"","background-repeat":"repeat","background-position":"center center","background-size":"auto","background-attachment":"scroll","background-type":"","background-media":"","overlay-type":"","overlay-color":"","overlay-opacity":"","overlay-gradient":""},"mobile":{"background-color":"","background-image":"","background-repeat":"repeat","background-position":"center center","background-size":"auto","background-attachment":"scroll","background-type":"","background-media":"","overlay-type":"","overlay-color":"","overlay-opacity":"","overlay-gradient":""}},"ast-content-background-meta":{"desktop":{"background-color":"var(--ast-global-color-4)","background-image":"","background-repeat":"repeat","background-position":"center center","background-size":"auto","background-attachment":"scroll","background-type":"","background-media":"","overlay-type":"","overlay-color":"","overlay-opacity":"","overlay-gradient":""},"tablet":{"background-color":"var(--ast-global-color-4)","background-image":"","background-repeat":"repeat","background-position":"center center","background-size":"auto","background-attachment":"scroll","background-type":"","background-media":"","overlay-type":"","overlay-color":"","overlay-opacity":"","overlay-gradient":""},"mobile":{"background-color":"var(--ast-global-color-4)","background-image":"","background-repeat":"repeat","background-position":"center center","background-size":"auto","background-attachment":"scroll","background-type":"","background-media":"","overlay-type":"","overlay-color":"","overlay-opacity":"","overlay-gradient":""}},"footnotes":""},"categories":[3],"tags":[],"class_list":["post-391","post","type-post","status-publish","format-standard","hentry","category-geral"],"yoast_head":"<!-- This site is optimized with the Yoast SEO plugin v26.6 - https:\/\/yoast.com\/wordpress\/plugins\/seo\/ -->\n<title>Com ferro e fogo - Joaquim Haickel<\/title>\n<meta name=\"robots\" content=\"index, follow, max-snippet:-1, max-image-preview:large, max-video-preview:-1\" \/>\n<link rel=\"canonical\" href=\"https:\/\/www.blogsoestado.com\/joaquimhaickel\/2009\/04\/05\/com-ferro-e-fogo\/\" \/>\n<meta property=\"og:locale\" content=\"pt_BR\" \/>\n<meta property=\"og:type\" content=\"article\" \/>\n<meta property=\"og:title\" content=\"Com ferro e fogo - Joaquim Haickel\" \/>\n<meta property=\"og:description\" content=\"Na \u00faltima quinta-feira, 2 de abril, depois de comunicar ao plen\u00e1rio da Assembl\u00e9ia Legislativa que fui indicado pelo meu bloco [&hellip;]\" \/>\n<meta property=\"og:url\" content=\"https:\/\/www.blogsoestado.com\/joaquimhaickel\/2009\/04\/05\/com-ferro-e-fogo\/\" \/>\n<meta property=\"og:site_name\" content=\"Joaquim Haickel\" \/>\n<meta property=\"article:published_time\" content=\"2009-04-05T12:06:54+00:00\" \/>\n<meta name=\"author\" content=\"Joaquim Haickel\" \/>\n<meta name=\"twitter:card\" content=\"summary_large_image\" \/>\n<meta name=\"twitter:label1\" content=\"Escrito por\" \/>\n\t<meta name=\"twitter:data1\" content=\"Joaquim Haickel\" \/>\n\t<meta name=\"twitter:label2\" content=\"Est. tempo de leitura\" \/>\n\t<meta name=\"twitter:data2\" content=\"5 minutos\" \/>\n<script type=\"application\/ld+json\" class=\"yoast-schema-graph\">{\"@context\":\"https:\/\/schema.org\",\"@graph\":[{\"@type\":\"WebPage\",\"@id\":\"https:\/\/www.blogsoestado.com\/joaquimhaickel\/2009\/04\/05\/com-ferro-e-fogo\/\",\"url\":\"https:\/\/www.blogsoestado.com\/joaquimhaickel\/2009\/04\/05\/com-ferro-e-fogo\/\",\"name\":\"Com ferro e fogo - Joaquim Haickel\",\"isPartOf\":{\"@id\":\"https:\/\/www.blogsoestado.com\/joaquimhaickel\/#website\"},\"datePublished\":\"2009-04-05T12:06:54+00:00\",\"author\":{\"@id\":\"https:\/\/www.blogsoestado.com\/joaquimhaickel\/#\/schema\/person\/4a711644aff28245c6c2c3452d66d325\"},\"breadcrumb\":{\"@id\":\"https:\/\/www.blogsoestado.com\/joaquimhaickel\/2009\/04\/05\/com-ferro-e-fogo\/#breadcrumb\"},\"inLanguage\":\"pt-BR\",\"potentialAction\":[{\"@type\":\"ReadAction\",\"target\":[\"https:\/\/www.blogsoestado.com\/joaquimhaickel\/2009\/04\/05\/com-ferro-e-fogo\/\"]}]},{\"@type\":\"BreadcrumbList\",\"@id\":\"https:\/\/www.blogsoestado.com\/joaquimhaickel\/2009\/04\/05\/com-ferro-e-fogo\/#breadcrumb\",\"itemListElement\":[{\"@type\":\"ListItem\",\"position\":1,\"name\":\"In\u00edcio\",\"item\":\"https:\/\/www.blogsoestado.com\/joaquimhaickel\/\"},{\"@type\":\"ListItem\",\"position\":2,\"name\":\"Com ferro e fogo\"}]},{\"@type\":\"WebSite\",\"@id\":\"https:\/\/www.blogsoestado.com\/joaquimhaickel\/#website\",\"url\":\"https:\/\/www.blogsoestado.com\/joaquimhaickel\/\",\"name\":\"Joaquim Haickel\",\"description\":\"\",\"potentialAction\":[{\"@type\":\"SearchAction\",\"target\":{\"@type\":\"EntryPoint\",\"urlTemplate\":\"https:\/\/www.blogsoestado.com\/joaquimhaickel\/?s={search_term_string}\"},\"query-input\":{\"@type\":\"PropertyValueSpecification\",\"valueRequired\":true,\"valueName\":\"search_term_string\"}}],\"inLanguage\":\"pt-BR\"},{\"@type\":\"Person\",\"@id\":\"https:\/\/www.blogsoestado.com\/joaquimhaickel\/#\/schema\/person\/4a711644aff28245c6c2c3452d66d325\",\"name\":\"Joaquim Haickel\",\"image\":{\"@type\":\"ImageObject\",\"inLanguage\":\"pt-BR\",\"@id\":\"https:\/\/www.blogsoestado.com\/joaquimhaickel\/#\/schema\/person\/image\/\",\"url\":\"https:\/\/secure.gravatar.com\/avatar\/473d89339b9f8ec089adb8d5778363eb5a2ba2319956bcf0298bfd8cca04684a?s=96&d=mm&r=g\",\"contentUrl\":\"https:\/\/secure.gravatar.com\/avatar\/473d89339b9f8ec089adb8d5778363eb5a2ba2319956bcf0298bfd8cca04684a?s=96&d=mm&r=g\",\"caption\":\"Joaquim Haickel\"},\"url\":\"https:\/\/www.blogsoestado.com\/joaquimhaickel\/author\/joaquimhaickel\/\"}]}<\/script>\n<!-- \/ Yoast SEO plugin. -->","yoast_head_json":{"title":"Com ferro e fogo - Joaquim Haickel","robots":{"index":"index","follow":"follow","max-snippet":"max-snippet:-1","max-image-preview":"max-image-preview:large","max-video-preview":"max-video-preview:-1"},"canonical":"https:\/\/www.blogsoestado.com\/joaquimhaickel\/2009\/04\/05\/com-ferro-e-fogo\/","og_locale":"pt_BR","og_type":"article","og_title":"Com ferro e fogo - Joaquim Haickel","og_description":"Na \u00faltima quinta-feira, 2 de abril, depois de comunicar ao plen\u00e1rio da Assembl\u00e9ia Legislativa que fui indicado pelo meu bloco [&hellip;]","og_url":"https:\/\/www.blogsoestado.com\/joaquimhaickel\/2009\/04\/05\/com-ferro-e-fogo\/","og_site_name":"Joaquim Haickel","article_published_time":"2009-04-05T12:06:54+00:00","author":"Joaquim Haickel","twitter_card":"summary_large_image","twitter_misc":{"Escrito por":"Joaquim Haickel","Est. tempo de leitura":"5 minutos"},"schema":{"@context":"https:\/\/schema.org","@graph":[{"@type":"WebPage","@id":"https:\/\/www.blogsoestado.com\/joaquimhaickel\/2009\/04\/05\/com-ferro-e-fogo\/","url":"https:\/\/www.blogsoestado.com\/joaquimhaickel\/2009\/04\/05\/com-ferro-e-fogo\/","name":"Com ferro e fogo - Joaquim Haickel","isPartOf":{"@id":"https:\/\/www.blogsoestado.com\/joaquimhaickel\/#website"},"datePublished":"2009-04-05T12:06:54+00:00","author":{"@id":"https:\/\/www.blogsoestado.com\/joaquimhaickel\/#\/schema\/person\/4a711644aff28245c6c2c3452d66d325"},"breadcrumb":{"@id":"https:\/\/www.blogsoestado.com\/joaquimhaickel\/2009\/04\/05\/com-ferro-e-fogo\/#breadcrumb"},"inLanguage":"pt-BR","potentialAction":[{"@type":"ReadAction","target":["https:\/\/www.blogsoestado.com\/joaquimhaickel\/2009\/04\/05\/com-ferro-e-fogo\/"]}]},{"@type":"BreadcrumbList","@id":"https:\/\/www.blogsoestado.com\/joaquimhaickel\/2009\/04\/05\/com-ferro-e-fogo\/#breadcrumb","itemListElement":[{"@type":"ListItem","position":1,"name":"In\u00edcio","item":"https:\/\/www.blogsoestado.com\/joaquimhaickel\/"},{"@type":"ListItem","position":2,"name":"Com ferro e fogo"}]},{"@type":"WebSite","@id":"https:\/\/www.blogsoestado.com\/joaquimhaickel\/#website","url":"https:\/\/www.blogsoestado.com\/joaquimhaickel\/","name":"Joaquim Haickel","description":"","potentialAction":[{"@type":"SearchAction","target":{"@type":"EntryPoint","urlTemplate":"https:\/\/www.blogsoestado.com\/joaquimhaickel\/?s={search_term_string}"},"query-input":{"@type":"PropertyValueSpecification","valueRequired":true,"valueName":"search_term_string"}}],"inLanguage":"pt-BR"},{"@type":"Person","@id":"https:\/\/www.blogsoestado.com\/joaquimhaickel\/#\/schema\/person\/4a711644aff28245c6c2c3452d66d325","name":"Joaquim Haickel","image":{"@type":"ImageObject","inLanguage":"pt-BR","@id":"https:\/\/www.blogsoestado.com\/joaquimhaickel\/#\/schema\/person\/image\/","url":"https:\/\/secure.gravatar.com\/avatar\/473d89339b9f8ec089adb8d5778363eb5a2ba2319956bcf0298bfd8cca04684a?s=96&d=mm&r=g","contentUrl":"https:\/\/secure.gravatar.com\/avatar\/473d89339b9f8ec089adb8d5778363eb5a2ba2319956bcf0298bfd8cca04684a?s=96&d=mm&r=g","caption":"Joaquim Haickel"},"url":"https:\/\/www.blogsoestado.com\/joaquimhaickel\/author\/joaquimhaickel\/"}]}},"jetpack_featured_media_url":"","_links":{"self":[{"href":"https:\/\/www.blogsoestado.com\/joaquimhaickel\/wp-json\/wp\/v2\/posts\/391","targetHints":{"allow":["GET"]}}],"collection":[{"href":"https:\/\/www.blogsoestado.com\/joaquimhaickel\/wp-json\/wp\/v2\/posts"}],"about":[{"href":"https:\/\/www.blogsoestado.com\/joaquimhaickel\/wp-json\/wp\/v2\/types\/post"}],"author":[{"embeddable":true,"href":"https:\/\/www.blogsoestado.com\/joaquimhaickel\/wp-json\/wp\/v2\/users\/7"}],"replies":[{"embeddable":true,"href":"https:\/\/www.blogsoestado.com\/joaquimhaickel\/wp-json\/wp\/v2\/comments?post=391"}],"version-history":[{"count":0,"href":"https:\/\/www.blogsoestado.com\/joaquimhaickel\/wp-json\/wp\/v2\/posts\/391\/revisions"}],"wp:attachment":[{"href":"https:\/\/www.blogsoestado.com\/joaquimhaickel\/wp-json\/wp\/v2\/media?parent=391"}],"wp:term":[{"taxonomy":"category","embeddable":true,"href":"https:\/\/www.blogsoestado.com\/joaquimhaickel\/wp-json\/wp\/v2\/categories?post=391"},{"taxonomy":"post_tag","embeddable":true,"href":"https:\/\/www.blogsoestado.com\/joaquimhaickel\/wp-json\/wp\/v2\/tags?post=391"}],"curies":[{"name":"wp","href":"https:\/\/api.w.org\/{rel}","templated":true}]}}