{"id":392,"date":"2009-04-08T09:33:20","date_gmt":"2009-04-08T12:33:20","guid":{"rendered":"https:\/\/www.blogsoestado.com\/joaquimhaickel\/2009\/04\/08\/%e2%80%9cpelo-ouvido%e2%80%9d-recebe-premio-especial-do-juri-na-mostra-de-cinema-llatinoamerica-de-catalunya\/"},"modified":"2009-04-08T09:33:20","modified_gmt":"2009-04-08T12:33:20","slug":"pelo-ouvido-recebe-premio-especial-do-juri-na-mostra-de-cinema-llatinoamerica-de-catalunya","status":"publish","type":"post","link":"https:\/\/www.blogsoestado.com\/joaquimhaickel\/2009\/04\/08\/pelo-ouvido-recebe-premio-especial-do-juri-na-mostra-de-cinema-llatinoamerica-de-catalunya\/","title":{"rendered":"\u201cPelo Ouvido\u201d recebe pr\u00eamio especial do j\u00fari na Mostra de Cinema Llatinoameric\u00e0 de Catalunya."},"content":{"rendered":"<p>\u00danico filme brasileiro selecionado para a Mostra de Cinema Llatinoameric\u00e0 de Catalunya, \u201cPelo Ouvido\u201d de Joaquim Haickel, recebeu a \u00fanico pr\u00eamio especial do j\u00fari de todo o festival.<\/p>\n<p>O filme estar\u00e1 na sess\u00e3o oficial do Nashville Film Festival, que esse ano conta com a participa\u00e7\u00e3o de atores e atrizes famosas estreando tamb\u00e9m como diretores, como \u00e9 o caso de\u00a0 \u201cStreak\u201d de Demi Moore , \u201cMonday Before Thanksgiving\u201d de Courteney Cox e de \u201cSebastian&#8217;s Voodoo\u201d\u00a0 de\u00a0 Joaquin Baldwin.<\/p>\n<p>\u201cPelo Ouvido\u201d tamb\u00e9m foi selecionado para o Camera Mundo &#8211; Festival de Filmes Independentes na Holanda, para o Atlanta Film Festival, o Syracuse International Film Festival e o Newport Beach Film Festival nos Estados Unidos, para o CINE PE \u2013 Festival do Audiovisual 2009 e para o Festival do Cora\u00e7\u00e3o, no Brasil.<br \/>\nVeja os ganhadores da Mostra de Cinema Llatinoameric\u00e0 de Catalunya:<\/p>\n<p><strong>Palmar\u00e9s Largometrajes<\/strong><\/p>\n<p>* Mejor pel\u00edcula (premio \u201cCooperaci\u00f3n y Desarrollo de la AECID)<br \/>\nDESIERTO ADENTRO (M\u00e9xico. Dirigida por Rodrigo Pla)<br \/>\n* Mejor director<br \/>\nANDRES WOOD (\u201cLa buena vida\u201d)<br \/>\n* Mejor gui\u00f3n (Premio Casa Am\u00e9rica)<br \/>\nPABLO SOLARZ por \u201cEl Frasco\u201d<br \/>\n* Mejor actor<br \/>\nANTONIO \u201cTACO\u201d LARRETA por \u201cLa Ventana\u201d)<br \/>\n* Mejor actriz<br \/>\nLETICIA BREDICE por \u201cEl Frasco\u201d<br \/>\n* Mejor \u00d3pera Prima<br \/>\n\u201cEL ARTISTA\u201d (Argentina-Italia-Uruguay) de Mariano Cohn y Gast\u00f3n Duprat.<br \/>\n* Premio del P\u00fablico<br \/>\nEL FRASCO (Argentina-Espa\u00f1a) de Alberto Lecchi.<\/p>\n<p><strong>Palmar\u00e9s Documentales<\/strong><\/p>\n<p>* Mejor Documental (Premio Groupama)<br \/>\n\u201cINTIMIDADES ENTRE SHAKESPEARE Y V\u00cdCTOR HUGO\u201d (M\u00e9xico) de Yulene Ola\u00edzaola.<br \/>\n* Premio Radio Exterior de Espa\u00f1a<br \/>\n\u201cEL OLVIDO\u201d (Alemania-Holanda) de Heddy Honigmann.<br \/>\n* Menci\u00f3n del Jurado<br \/>\n\u201cCORAZ\u00d3N DE F\u00c1BRICA\u201d (Argentina) de Virna Molina y Ernesto Ardito.<\/p>\n<p><strong>Palmar\u00e9s Cortometrajes<\/strong><\/p>\n<p>* Mejor cortometraje (Premio Groupama)<br \/>\n\u201cEL EMPLEO\u201d (Argentina) de Santiago \u201cBou\u201d Grasso.<\/p>\n<p>* <font color=\"#000080\"><strong>Menci\u00f3n Especial del Jurado<br \/>\n\u201cPELO OUVIDO\u201d (Brasil) de Joaquim Haickel.<\/strong><\/font><\/p>\n<p>Avisado por telefone que seu filme havia sido premiado na Espanha, que deveria indicar algu\u00e9m para receber o pr\u00eamio em seu nome e que seria interessante que mandasse tamb\u00e9m um texto para ser lido quando da premia\u00e7\u00e3o, o diretor Joaquim Haickel enviou o texto abaixo, em tr\u00eas idiomas:<br \/>\n<strong>Portugu\u00eas<\/strong><\/p>\n<p>Caros amigos Jorge e\/ou Hono,<\/p>\n<p>Segue abaixo um pequeno texto de agradecimento para ser lido quando da entrega do diploma de men\u00e7\u00e3o honrosa para \u201cPelo Ouvido\u201d. Recebam em meu nome.<br \/>\nEstou mandando em tr\u00eas l\u00ednguas, usem a que desejar. Espero que n\u00e3o haja muitos erros nem no espanhol nem no catal\u00e3o.<\/p>\n<p>Mais uma vez, muito obrigado!<\/p>\n<p>Joaquim Haickel.<\/p>\n<p><strong>Espanhol <\/strong><\/p>\n<p>Mis amigos Jorge y\/o\u00a0 Hono,<\/p>\n<p>A continuaci\u00f3n se muestra un peque\u00f1o texto de agradecimiento al ser le\u00eddo cuando la entrega del diploma de menci\u00f3n honor\u00edfica por \u201cPelo Ouvido\u201d. Recibir en mi nombre.<br \/>\nEstoy enviando en tres idiomas, que desea utilizar. Espero que no hay muchos errores en espa\u00f1ol o en catal\u00e1n.<br \/>\nUna vez m\u00e1s, gracias!<br \/>\nJoaquim Haickel.<\/p>\n<p><strong>Catal\u00e3o <\/strong><\/p>\n<p>Els meus amics Jordi i \/ o Hono,<\/p>\n<p>A continuaci\u00f3 es mostra un petit text d&#8217;agra\u00efment al ser llegit quan el lliurament del diploma de menci\u00f3 honor\u00edfica per \u201cPelo Ouvido\u201d. Rebre en el meu nom.<br \/>\nEstic enviant en tres idiomes, que voleu utilitzar. Espero que no hi ha molts errors en castell\u00e0 o en catal\u00e0.<br \/>\nUna vegada m\u00e9s, gr\u00e0cies!<br \/>\nJoaquim Haickel.<\/p>\n<p><strong>Portugu\u00eas <\/strong><\/p>\n<p>Primeiramente quero que todos saibam que j\u00e1 foi uma esp\u00e9cie de premia\u00e7\u00e3o ter sido selecionado para a 15 Mostra de Cinema Llatinoameric\u00e0 de\u00a0 Catalunya em Lleida. Imaginem s\u00f3!!! O \u00fanico filme em portugu\u00eas!!! Apenas isso j\u00e1 me fazia sentir um vencedor!!!<\/p>\n<p>Quando soube que meu filme, \u201cPelo Ouvido\u201d, havia sido agraciado com uma men\u00e7\u00e3o honrosa neste importante festival, senti uma grande alegria por saber que havia conseguido transmitir para pessoas do outro lado do oceano atl\u00e2ntico o pequeno poema que fiz em homenagem \u00e0s mulheres e ao amor.<\/p>\n<p>Nessa hora n\u00e3o h\u00e1 outra coisa que eu possa escrever ou dizer a n\u00e3o ser muito obrigado, n\u00e3o apenas pelo pr\u00eamio, mas por voc\u00eas terem me dado a oportunidade de mostrar o meu trabalho.<\/p>\n<p><strong>Espanhol <\/strong><\/p>\n<p>En primer lugar quiero que todos sepan que ahora es una especie de premios han sido seleccionados para los 15 Mostra de Cinema Llatinoameric\u00e0 de Catalunya en Lleida. Imag\u00ednense! La \u00fanica pel\u00edcula en portugu\u00e9s! S\u00f3lo que me he sentido un ganador!<br \/>\nCuando me enter\u00e9 de que mi pel\u00edcula, \u201cPelo Ouvido\u201d, han sido agraciados con una menci\u00f3n honor\u00edfica en este importante festival, me sent\u00ed una gran alegr\u00eda saber que las personas fueron capaces de transmitir a trav\u00e9s del Oc\u00e9ano Atl\u00e1ntico el peque\u00f1o poema que hice en homenaje a las mujeres y los al amor.<br \/>\nEn este momento hay algo m\u00e1s que yo pueda escribir o decir que gracias, no s\u00f3lo el premio, sino porque me ha dado la oportunidad de mostrar mi trabajo.<\/p>\n<p><strong>Catal\u00e3o <\/strong><\/p>\n<p>En primer lloc vull que tots s\u00e0piguen que ara \u00e9s una mena de premis han estat seleccionats per als 15 Mostra de Cinema Llatinoameric\u00e0 de Catalunya a Lleida. Imagineu! L&#8217;\u00fanica pel l\u00edcula en portugu\u00e8s! Nom\u00e9s que m&#8217;he sentit un guanyador!<br \/>\nQuan vaig saber que la meva pel l\u00edcula, \u201cPelo Ouvido\u201d , han estat agraciats amb una menci\u00f3 honor\u00edfica en aquest important festival, em vaig sentir una gran alegria de saber que les persones van ser capa\u00e7os de transmetre a trav\u00e9s de l&#8217;Oce\u00e0 Atl\u00e0ntic el petit poema que vaig fer en homenatge a les dones i els l&#8217;amor.<br \/>\nEn aquest moment hi ha alguna cosa m\u00e9s que jo pugui escriure o dir que gr\u00e0cies, no nom\u00e9s el premi, sin\u00f3 perqu\u00e8 m&#8217;ha donat l&#8217;oportunitat de mostrar el meu treball.<\/p>\n","protected":false},"excerpt":{"rendered":"<p>\u00danico filme brasileiro selecionado para a Mostra de Cinema Llatinoameric\u00e0 de Catalunya, \u201cPelo Ouvido\u201d de Joaquim Haickel, recebeu a \u00fanico [&hellip;]<\/p>\n","protected":false},"author":7,"featured_media":0,"comment_status":"open","ping_status":"open","sticky":false,"template":"","format":"standard","meta":{"site-sidebar-layout":"default","site-content-layout":"","ast-site-content-layout":"default","site-content-style":"default","site-sidebar-style":"default","ast-global-header-display":"","ast-banner-title-visibility":"","ast-main-header-display":"","ast-hfb-above-header-display":"","ast-hfb-below-header-display":"","ast-hfb-mobile-header-display":"","site-post-title":"","ast-breadcrumbs-content":"","ast-featured-img":"","footer-sml-layout":"","ast-disable-related-posts":"","theme-transparent-header-meta":"","adv-header-id-meta":"","stick-header-meta":"","header-above-stick-meta":"","header-main-stick-meta":"","header-below-stick-meta":"","astra-migrate-meta-layouts":"default","ast-page-background-enabled":"default","ast-page-background-meta":{"desktop":{"background-color":"var(--ast-global-color-5)","background-image":"","background-repeat":"repeat","background-position":"center center","background-size":"auto","background-attachment":"scroll","background-type":"","background-media":"","overlay-type":"","overlay-color":"","overlay-opacity":"","overlay-gradient":""},"tablet":{"background-color":"","background-image":"","background-repeat":"repeat","background-position":"center center","background-size":"auto","background-attachment":"scroll","background-type":"","background-media":"","overlay-type":"","overlay-color":"","overlay-opacity":"","overlay-gradient":""},"mobile":{"background-color":"","background-image":"","background-repeat":"repeat","background-position":"center center","background-size":"auto","background-attachment":"scroll","background-type":"","background-media":"","overlay-type":"","overlay-color":"","overlay-opacity":"","overlay-gradient":""}},"ast-content-background-meta":{"desktop":{"background-color":"var(--ast-global-color-4)","background-image":"","background-repeat":"repeat","background-position":"center center","background-size":"auto","background-attachment":"scroll","background-type":"","background-media":"","overlay-type":"","overlay-color":"","overlay-opacity":"","overlay-gradient":""},"tablet":{"background-color":"var(--ast-global-color-4)","background-image":"","background-repeat":"repeat","background-position":"center center","background-size":"auto","background-attachment":"scroll","background-type":"","background-media":"","overlay-type":"","overlay-color":"","overlay-opacity":"","overlay-gradient":""},"mobile":{"background-color":"var(--ast-global-color-4)","background-image":"","background-repeat":"repeat","background-position":"center center","background-size":"auto","background-attachment":"scroll","background-type":"","background-media":"","overlay-type":"","overlay-color":"","overlay-opacity":"","overlay-gradient":""}},"footnotes":""},"categories":[3],"tags":[],"class_list":["post-392","post","type-post","status-publish","format-standard","hentry","category-geral"],"yoast_head":"<!-- This site is optimized with the Yoast SEO plugin v26.6 - https:\/\/yoast.com\/wordpress\/plugins\/seo\/ -->\n<title>\u201cPelo Ouvido\u201d recebe pr\u00eamio especial do j\u00fari na Mostra de Cinema Llatinoameric\u00e0 de Catalunya. - Joaquim Haickel<\/title>\n<meta name=\"robots\" content=\"index, follow, max-snippet:-1, max-image-preview:large, max-video-preview:-1\" \/>\n<link rel=\"canonical\" href=\"https:\/\/www.blogsoestado.com\/joaquimhaickel\/2009\/04\/08\/pelo-ouvido-recebe-premio-especial-do-juri-na-mostra-de-cinema-llatinoamerica-de-catalunya\/\" \/>\n<meta property=\"og:locale\" content=\"pt_BR\" \/>\n<meta property=\"og:type\" content=\"article\" \/>\n<meta property=\"og:title\" content=\"\u201cPelo Ouvido\u201d recebe pr\u00eamio especial do j\u00fari na Mostra de Cinema Llatinoameric\u00e0 de Catalunya. - Joaquim Haickel\" \/>\n<meta property=\"og:description\" content=\"\u00danico filme brasileiro selecionado para a Mostra de Cinema Llatinoameric\u00e0 de Catalunya, \u201cPelo Ouvido\u201d de Joaquim Haickel, recebeu a \u00fanico [&hellip;]\" \/>\n<meta property=\"og:url\" content=\"https:\/\/www.blogsoestado.com\/joaquimhaickel\/2009\/04\/08\/pelo-ouvido-recebe-premio-especial-do-juri-na-mostra-de-cinema-llatinoamerica-de-catalunya\/\" \/>\n<meta property=\"og:site_name\" content=\"Joaquim Haickel\" \/>\n<meta property=\"article:published_time\" content=\"2009-04-08T12:33:20+00:00\" \/>\n<meta name=\"author\" content=\"Joaquim Haickel\" \/>\n<meta name=\"twitter:card\" content=\"summary_large_image\" \/>\n<meta name=\"twitter:label1\" content=\"Escrito por\" \/>\n\t<meta name=\"twitter:data1\" content=\"Joaquim Haickel\" \/>\n\t<meta name=\"twitter:label2\" content=\"Est. tempo de leitura\" \/>\n\t<meta name=\"twitter:data2\" content=\"5 minutos\" \/>\n<script type=\"application\/ld+json\" class=\"yoast-schema-graph\">{\"@context\":\"https:\/\/schema.org\",\"@graph\":[{\"@type\":\"WebPage\",\"@id\":\"https:\/\/www.blogsoestado.com\/joaquimhaickel\/2009\/04\/08\/pelo-ouvido-recebe-premio-especial-do-juri-na-mostra-de-cinema-llatinoamerica-de-catalunya\/\",\"url\":\"https:\/\/www.blogsoestado.com\/joaquimhaickel\/2009\/04\/08\/pelo-ouvido-recebe-premio-especial-do-juri-na-mostra-de-cinema-llatinoamerica-de-catalunya\/\",\"name\":\"\u201cPelo Ouvido\u201d recebe pr\u00eamio especial do j\u00fari na Mostra de Cinema Llatinoameric\u00e0 de Catalunya. - Joaquim Haickel\",\"isPartOf\":{\"@id\":\"https:\/\/www.blogsoestado.com\/joaquimhaickel\/#website\"},\"datePublished\":\"2009-04-08T12:33:20+00:00\",\"author\":{\"@id\":\"https:\/\/www.blogsoestado.com\/joaquimhaickel\/#\/schema\/person\/4a711644aff28245c6c2c3452d66d325\"},\"breadcrumb\":{\"@id\":\"https:\/\/www.blogsoestado.com\/joaquimhaickel\/2009\/04\/08\/pelo-ouvido-recebe-premio-especial-do-juri-na-mostra-de-cinema-llatinoamerica-de-catalunya\/#breadcrumb\"},\"inLanguage\":\"pt-BR\",\"potentialAction\":[{\"@type\":\"ReadAction\",\"target\":[\"https:\/\/www.blogsoestado.com\/joaquimhaickel\/2009\/04\/08\/pelo-ouvido-recebe-premio-especial-do-juri-na-mostra-de-cinema-llatinoamerica-de-catalunya\/\"]}]},{\"@type\":\"BreadcrumbList\",\"@id\":\"https:\/\/www.blogsoestado.com\/joaquimhaickel\/2009\/04\/08\/pelo-ouvido-recebe-premio-especial-do-juri-na-mostra-de-cinema-llatinoamerica-de-catalunya\/#breadcrumb\",\"itemListElement\":[{\"@type\":\"ListItem\",\"position\":1,\"name\":\"In\u00edcio\",\"item\":\"https:\/\/www.blogsoestado.com\/joaquimhaickel\/\"},{\"@type\":\"ListItem\",\"position\":2,\"name\":\"\u201cPelo Ouvido\u201d recebe pr\u00eamio especial do j\u00fari na Mostra de Cinema Llatinoameric\u00e0 de Catalunya.\"}]},{\"@type\":\"WebSite\",\"@id\":\"https:\/\/www.blogsoestado.com\/joaquimhaickel\/#website\",\"url\":\"https:\/\/www.blogsoestado.com\/joaquimhaickel\/\",\"name\":\"Joaquim Haickel\",\"description\":\"\",\"potentialAction\":[{\"@type\":\"SearchAction\",\"target\":{\"@type\":\"EntryPoint\",\"urlTemplate\":\"https:\/\/www.blogsoestado.com\/joaquimhaickel\/?s={search_term_string}\"},\"query-input\":{\"@type\":\"PropertyValueSpecification\",\"valueRequired\":true,\"valueName\":\"search_term_string\"}}],\"inLanguage\":\"pt-BR\"},{\"@type\":\"Person\",\"@id\":\"https:\/\/www.blogsoestado.com\/joaquimhaickel\/#\/schema\/person\/4a711644aff28245c6c2c3452d66d325\",\"name\":\"Joaquim Haickel\",\"image\":{\"@type\":\"ImageObject\",\"inLanguage\":\"pt-BR\",\"@id\":\"https:\/\/www.blogsoestado.com\/joaquimhaickel\/#\/schema\/person\/image\/\",\"url\":\"https:\/\/secure.gravatar.com\/avatar\/473d89339b9f8ec089adb8d5778363eb5a2ba2319956bcf0298bfd8cca04684a?s=96&d=mm&r=g\",\"contentUrl\":\"https:\/\/secure.gravatar.com\/avatar\/473d89339b9f8ec089adb8d5778363eb5a2ba2319956bcf0298bfd8cca04684a?s=96&d=mm&r=g\",\"caption\":\"Joaquim Haickel\"},\"url\":\"https:\/\/www.blogsoestado.com\/joaquimhaickel\/author\/joaquimhaickel\/\"}]}<\/script>\n<!-- \/ Yoast SEO plugin. -->","yoast_head_json":{"title":"\u201cPelo Ouvido\u201d recebe pr\u00eamio especial do j\u00fari na Mostra de Cinema Llatinoameric\u00e0 de Catalunya. - Joaquim Haickel","robots":{"index":"index","follow":"follow","max-snippet":"max-snippet:-1","max-image-preview":"max-image-preview:large","max-video-preview":"max-video-preview:-1"},"canonical":"https:\/\/www.blogsoestado.com\/joaquimhaickel\/2009\/04\/08\/pelo-ouvido-recebe-premio-especial-do-juri-na-mostra-de-cinema-llatinoamerica-de-catalunya\/","og_locale":"pt_BR","og_type":"article","og_title":"\u201cPelo Ouvido\u201d recebe pr\u00eamio especial do j\u00fari na Mostra de Cinema Llatinoameric\u00e0 de Catalunya. - Joaquim Haickel","og_description":"\u00danico filme brasileiro selecionado para a Mostra de Cinema Llatinoameric\u00e0 de Catalunya, \u201cPelo Ouvido\u201d de Joaquim Haickel, recebeu a \u00fanico [&hellip;]","og_url":"https:\/\/www.blogsoestado.com\/joaquimhaickel\/2009\/04\/08\/pelo-ouvido-recebe-premio-especial-do-juri-na-mostra-de-cinema-llatinoamerica-de-catalunya\/","og_site_name":"Joaquim Haickel","article_published_time":"2009-04-08T12:33:20+00:00","author":"Joaquim Haickel","twitter_card":"summary_large_image","twitter_misc":{"Escrito por":"Joaquim Haickel","Est. tempo de leitura":"5 minutos"},"schema":{"@context":"https:\/\/schema.org","@graph":[{"@type":"WebPage","@id":"https:\/\/www.blogsoestado.com\/joaquimhaickel\/2009\/04\/08\/pelo-ouvido-recebe-premio-especial-do-juri-na-mostra-de-cinema-llatinoamerica-de-catalunya\/","url":"https:\/\/www.blogsoestado.com\/joaquimhaickel\/2009\/04\/08\/pelo-ouvido-recebe-premio-especial-do-juri-na-mostra-de-cinema-llatinoamerica-de-catalunya\/","name":"\u201cPelo Ouvido\u201d recebe pr\u00eamio especial do j\u00fari na Mostra de Cinema Llatinoameric\u00e0 de Catalunya. - Joaquim Haickel","isPartOf":{"@id":"https:\/\/www.blogsoestado.com\/joaquimhaickel\/#website"},"datePublished":"2009-04-08T12:33:20+00:00","author":{"@id":"https:\/\/www.blogsoestado.com\/joaquimhaickel\/#\/schema\/person\/4a711644aff28245c6c2c3452d66d325"},"breadcrumb":{"@id":"https:\/\/www.blogsoestado.com\/joaquimhaickel\/2009\/04\/08\/pelo-ouvido-recebe-premio-especial-do-juri-na-mostra-de-cinema-llatinoamerica-de-catalunya\/#breadcrumb"},"inLanguage":"pt-BR","potentialAction":[{"@type":"ReadAction","target":["https:\/\/www.blogsoestado.com\/joaquimhaickel\/2009\/04\/08\/pelo-ouvido-recebe-premio-especial-do-juri-na-mostra-de-cinema-llatinoamerica-de-catalunya\/"]}]},{"@type":"BreadcrumbList","@id":"https:\/\/www.blogsoestado.com\/joaquimhaickel\/2009\/04\/08\/pelo-ouvido-recebe-premio-especial-do-juri-na-mostra-de-cinema-llatinoamerica-de-catalunya\/#breadcrumb","itemListElement":[{"@type":"ListItem","position":1,"name":"In\u00edcio","item":"https:\/\/www.blogsoestado.com\/joaquimhaickel\/"},{"@type":"ListItem","position":2,"name":"\u201cPelo Ouvido\u201d recebe pr\u00eamio especial do j\u00fari na Mostra de Cinema Llatinoameric\u00e0 de Catalunya."}]},{"@type":"WebSite","@id":"https:\/\/www.blogsoestado.com\/joaquimhaickel\/#website","url":"https:\/\/www.blogsoestado.com\/joaquimhaickel\/","name":"Joaquim Haickel","description":"","potentialAction":[{"@type":"SearchAction","target":{"@type":"EntryPoint","urlTemplate":"https:\/\/www.blogsoestado.com\/joaquimhaickel\/?s={search_term_string}"},"query-input":{"@type":"PropertyValueSpecification","valueRequired":true,"valueName":"search_term_string"}}],"inLanguage":"pt-BR"},{"@type":"Person","@id":"https:\/\/www.blogsoestado.com\/joaquimhaickel\/#\/schema\/person\/4a711644aff28245c6c2c3452d66d325","name":"Joaquim Haickel","image":{"@type":"ImageObject","inLanguage":"pt-BR","@id":"https:\/\/www.blogsoestado.com\/joaquimhaickel\/#\/schema\/person\/image\/","url":"https:\/\/secure.gravatar.com\/avatar\/473d89339b9f8ec089adb8d5778363eb5a2ba2319956bcf0298bfd8cca04684a?s=96&d=mm&r=g","contentUrl":"https:\/\/secure.gravatar.com\/avatar\/473d89339b9f8ec089adb8d5778363eb5a2ba2319956bcf0298bfd8cca04684a?s=96&d=mm&r=g","caption":"Joaquim Haickel"},"url":"https:\/\/www.blogsoestado.com\/joaquimhaickel\/author\/joaquimhaickel\/"}]}},"jetpack_featured_media_url":"","_links":{"self":[{"href":"https:\/\/www.blogsoestado.com\/joaquimhaickel\/wp-json\/wp\/v2\/posts\/392","targetHints":{"allow":["GET"]}}],"collection":[{"href":"https:\/\/www.blogsoestado.com\/joaquimhaickel\/wp-json\/wp\/v2\/posts"}],"about":[{"href":"https:\/\/www.blogsoestado.com\/joaquimhaickel\/wp-json\/wp\/v2\/types\/post"}],"author":[{"embeddable":true,"href":"https:\/\/www.blogsoestado.com\/joaquimhaickel\/wp-json\/wp\/v2\/users\/7"}],"replies":[{"embeddable":true,"href":"https:\/\/www.blogsoestado.com\/joaquimhaickel\/wp-json\/wp\/v2\/comments?post=392"}],"version-history":[{"count":0,"href":"https:\/\/www.blogsoestado.com\/joaquimhaickel\/wp-json\/wp\/v2\/posts\/392\/revisions"}],"wp:attachment":[{"href":"https:\/\/www.blogsoestado.com\/joaquimhaickel\/wp-json\/wp\/v2\/media?parent=392"}],"wp:term":[{"taxonomy":"category","embeddable":true,"href":"https:\/\/www.blogsoestado.com\/joaquimhaickel\/wp-json\/wp\/v2\/categories?post=392"},{"taxonomy":"post_tag","embeddable":true,"href":"https:\/\/www.blogsoestado.com\/joaquimhaickel\/wp-json\/wp\/v2\/tags?post=392"}],"curies":[{"name":"wp","href":"https:\/\/api.w.org\/{rel}","templated":true}]}}