{"id":395,"date":"2009-04-19T09:15:08","date_gmt":"2009-04-19T12:15:08","guid":{"rendered":"https:\/\/www.blogsoestado.com\/joaquimhaickel\/2009\/04\/19\/verdade-nao-caduca\/"},"modified":"2009-04-19T09:15:08","modified_gmt":"2009-04-19T12:15:08","slug":"verdade-nao-caduca","status":"publish","type":"post","link":"https:\/\/www.blogsoestado.com\/joaquimhaickel\/2009\/04\/19\/verdade-nao-caduca\/","title":{"rendered":"Verdade n\u00e3o caduca."},"content":{"rendered":"<p>Semanas atr\u00e1s escrevi num texto que foi muito comentado em todas as esferas pol\u00edticas de nosso estado. Disse que at\u00e9 porque acreditava que ningu\u00e9m fosse me perguntar alguma coisa, iria logo dizendo o que pensava, pois n\u00e3o queria perder a oportunidade de diz\u00ea-lo antes de qualquer pessoa que talvez n\u00e3o tivesse nem moral nem legitimidade para tanto, o fizesse, pois pelo menos isso, moral e legitimidade, eu tinha e tenho.<\/p>\n<p>Entre todas as coisas que comentei naquela ocasi\u00e3o, as que me parecem as mais importantes s\u00e3o justamente aquelas que dizem respeito \u00e0 forma de como dever\u00edamos e deveremos encarar os imensos desafios que neste momento temos pela frente.<\/p>\n<p>Melhor seria que pud\u00e9ssemos ao mesmo tempo reparar alguns erros cometidos anteriormente, erros esses muito mais pol\u00edticos que administrativos, e que demonstr\u00e1ssemos que com o tempo, o aprendizado e o amadurecimento hav\u00edamos nos tornado mais s\u00e1bios e mais tolerantes.<\/p>\n<p>Comentei que era necess\u00e1rio que se dissesse que ningu\u00e9m deveria pensar que esses poucos meses de governo seriam f\u00e1ceis. Ningu\u00e9m tem o direito de se enganar ou de tentar enganar outras pessoas, fazendo com que acreditem que em um passe de m\u00e1gica iremos consertar o desmantelo de um governo que desde o primeiro dia, muito mais que administrar o estado, procurava simplesmente sobreviver ao fato de ter nascido de um pecado ao mesmo tempo original e capital.<\/p>\n<p>Foi nessa incerteza que o ex-governador Jackson Lago montou uma administra\u00e7\u00e3o an\u00eamica e fr\u00e1gil. Muitas vezes teve que ceder a press\u00f5es que nenhum governante deveria nem poderia ser exposto. Foi chantageado, extorquido, enganado. Entre seus assessores, poucos escapam da acusa\u00e7\u00e3o de trai\u00e7\u00e3o, pois mais que assessorar ao governo e ao governador, assessoravam a si mesmos e aos seus interesses mais imediatos.<\/p>\n<p>O atual governo de Roseana Sarney ter\u00e1 que ser um governo de reconstru\u00e7\u00e3o, de estabiliza\u00e7\u00e3o, de restabelecimento da ordem na administra\u00e7\u00e3o dos neg\u00f3cios de estado e do estado.<\/p>\n<p>Dizia, que por saber como \u00e9 dif\u00edcil essa situa\u00e7\u00e3o, aconselharia que os puxa-sacos de plant\u00e3o e que os oportunistas fossem mantidos distantes. N\u00e3o \u00e9 hora para se aceitar esse tipo de coisa. Existem coisas importantes a serem feitas e se elas forem feitas, por si s\u00f3, isso colocar\u00e1 uma p\u00e1 de cal sobre o recente desastroso passado administrativo e pol\u00edtico de nosso estado.<\/p>\n<p>Nosso grupo pol\u00edtico tem que dar o exemplo e n\u00e3o se deixar levar pela vaidade nem pelo orgulho, muito menos pelo rancor ou pelo sentimento de revanche. O Maranh\u00e3o n\u00e3o vai ag\u00fcentar isso e nosso povo n\u00e3o merece. Devemos assumir o governo de forma protocolar e administr\u00e1-lo de forma efetiva, eficiente e eficaz. Que fique claro que n\u00e3o h\u00e1 nem nunca houve, nem nunca haver\u00e1 em nosso grupo um correspondente aos repugnantes \u201cNovos Balaios\u201d.<\/p>\n<p>N\u00f3s pol\u00edticos, principalmente os com mandato eletivo, temos que participar efetivamente da constru\u00e7\u00e3o desse novo cen\u00e1rio, mas devemos ter consci\u00eancia do que deve ser feito e de como deve s\u00ea-lo.\u00a0<\/p>\n<p>Alertei para que ningu\u00e9m se jogasse numa busca fren\u00e9tica pela indica\u00e7\u00e3o de cargos no governo, pois para cada cargo h\u00e1 um perfil correspondente e ele deveria ser minimamente respeitado, pois n\u00e3o vivemos mais o tempo do jabuti trepado. N\u00e3o h\u00e1 mais espa\u00e7o para desculpa de enchente ou m\u00e3o de gente.<\/p>\n<p>Devemos ter consci\u00eancia de que uma coisa \u00e9 fazer a pol\u00edtica e coisa bem distinta \u00e9 fazer a administra\u00e7\u00e3o p\u00fablica. Quem por acaso for fazer parte da administra\u00e7\u00e3o direta e executiva do estado tem que ter consci\u00eancia de que s\u00f3 lhe \u00e9 poss\u00edvel estar ali e faz\u00ea-lo porque h\u00e1 uma estrutura pol\u00edtica que o sustentou, que o sustenta e o mant\u00e9m. Por sua vez, os pol\u00edticos, de todos os tamanhos e em todos os n\u00edveis, t\u00eam que ter consci\u00eancia de seu valor dentro dessa estrutura, mas tem que saber que esse valor n\u00e3o pode colocar em jogo a governabilidade e a estabilidade administrativa do governo.<\/p>\n<p>Disse que gostaria de ver v\u00e1rios de meus colegas pol\u00edticos, com ou sem mandato, participando da nova administra\u00e7\u00e3o, mas que queria que partisse deles mesmos e que eles recebam recomenda\u00e7\u00e3o expressa da Governadora Roseana Sarney, de que o cargo que por ventura venham ocupar, n\u00e3o lhes pertence, mas sim ao povo do Maranh\u00e3o, do qual n\u00f3s seremos temporariamente os procuradores. Que tenham consci\u00eancia de que devem tratar os assuntos administrativos de maneira clara e reta e que os assuntos pol\u00edticos sejam prioridade, que tenham prefer\u00eancia desde que n\u00e3o conflitem com os administrativos, que estejam de acordo com a legalidade, com a justi\u00e7a, com a coer\u00eancia, com o bom senso e principalmente com o interesse p\u00fablico.<\/p>\n<p>Finalizei dizendo que a montagem da base de apoio do governo ser\u00e1 uma obra delicada, que demandar\u00e1 muita aten\u00e7\u00e3o, dedica\u00e7\u00e3o e cuidado, pois existem \u00e1reas de conflitos tanto dentro de nosso pr\u00f3prio grupo, quanto em rela\u00e7\u00e3o aos apoios que com toda certeza vir\u00e3o atrav\u00e9s de ades\u00f5es. Aqueles que sempre foram conosco tem que ser tratados com toda defer\u00eancia e considera\u00e7\u00e3o. Quem quiser vir apoiar que venha, mas que fique claro que a contrapartida desse apoio jamais acontecer\u00e1 \u00e0 custa do sacrif\u00edcio de quem sempre foi leal e companheiro.<\/p>\n<p>A pol\u00edtica \u00e9 uma arte, e como tal carece de estudo, t\u00e9cnica, experi\u00eancia, cuidados como os de um pintor ou de um poeta. O exerc\u00edcio da arte da pol\u00edtica aprimora seus artes\u00e3os e \u00e9 nessa condi\u00e7\u00e3o que devemos encarar nosso oficio.<\/p>\n<p>Tudo isso foi dito mais de um m\u00eas atr\u00e1s, prevendo o cen\u00e1rio de hoje. Acredito que o que disse naquela ocasi\u00e3o continua sendo verdade e verdades como essas s\u00e3o eternas, jamais ficam caducas.<\/p>\n","protected":false},"excerpt":{"rendered":"<p>Semanas atr\u00e1s escrevi num texto que foi muito comentado em todas as esferas pol\u00edticas de nosso estado. Disse que at\u00e9 [&hellip;]<\/p>\n","protected":false},"author":7,"featured_media":0,"comment_status":"open","ping_status":"open","sticky":false,"template":"","format":"standard","meta":{"site-sidebar-layout":"default","site-content-layout":"","ast-site-content-layout":"default","site-content-style":"default","site-sidebar-style":"default","ast-global-header-display":"","ast-banner-title-visibility":"","ast-main-header-display":"","ast-hfb-above-header-display":"","ast-hfb-below-header-display":"","ast-hfb-mobile-header-display":"","site-post-title":"","ast-breadcrumbs-content":"","ast-featured-img":"","footer-sml-layout":"","ast-disable-related-posts":"","theme-transparent-header-meta":"","adv-header-id-meta":"","stick-header-meta":"","header-above-stick-meta":"","header-main-stick-meta":"","header-below-stick-meta":"","astra-migrate-meta-layouts":"default","ast-page-background-enabled":"default","ast-page-background-meta":{"desktop":{"background-color":"var(--ast-global-color-5)","background-image":"","background-repeat":"repeat","background-position":"center center","background-size":"auto","background-attachment":"scroll","background-type":"","background-media":"","overlay-type":"","overlay-color":"","overlay-opacity":"","overlay-gradient":""},"tablet":{"background-color":"","background-image":"","background-repeat":"repeat","background-position":"center center","background-size":"auto","background-attachment":"scroll","background-type":"","background-media":"","overlay-type":"","overlay-color":"","overlay-opacity":"","overlay-gradient":""},"mobile":{"background-color":"","background-image":"","background-repeat":"repeat","background-position":"center center","background-size":"auto","background-attachment":"scroll","background-type":"","background-media":"","overlay-type":"","overlay-color":"","overlay-opacity":"","overlay-gradient":""}},"ast-content-background-meta":{"desktop":{"background-color":"var(--ast-global-color-4)","background-image":"","background-repeat":"repeat","background-position":"center center","background-size":"auto","background-attachment":"scroll","background-type":"","background-media":"","overlay-type":"","overlay-color":"","overlay-opacity":"","overlay-gradient":""},"tablet":{"background-color":"var(--ast-global-color-4)","background-image":"","background-repeat":"repeat","background-position":"center center","background-size":"auto","background-attachment":"scroll","background-type":"","background-media":"","overlay-type":"","overlay-color":"","overlay-opacity":"","overlay-gradient":""},"mobile":{"background-color":"var(--ast-global-color-4)","background-image":"","background-repeat":"repeat","background-position":"center center","background-size":"auto","background-attachment":"scroll","background-type":"","background-media":"","overlay-type":"","overlay-color":"","overlay-opacity":"","overlay-gradient":""}},"footnotes":""},"categories":[3],"tags":[],"class_list":["post-395","post","type-post","status-publish","format-standard","hentry","category-geral"],"yoast_head":"<!-- This site is optimized with the Yoast SEO plugin v26.6 - https:\/\/yoast.com\/wordpress\/plugins\/seo\/ -->\n<title>Verdade n\u00e3o caduca. - Joaquim Haickel<\/title>\n<meta name=\"robots\" content=\"index, follow, max-snippet:-1, max-image-preview:large, max-video-preview:-1\" \/>\n<link rel=\"canonical\" href=\"https:\/\/www.blogsoestado.com\/joaquimhaickel\/2009\/04\/19\/verdade-nao-caduca\/\" \/>\n<meta property=\"og:locale\" content=\"pt_BR\" \/>\n<meta property=\"og:type\" content=\"article\" \/>\n<meta property=\"og:title\" content=\"Verdade n\u00e3o caduca. - Joaquim Haickel\" \/>\n<meta property=\"og:description\" content=\"Semanas atr\u00e1s escrevi num texto que foi muito comentado em todas as esferas pol\u00edticas de nosso estado. Disse que at\u00e9 [&hellip;]\" \/>\n<meta property=\"og:url\" content=\"https:\/\/www.blogsoestado.com\/joaquimhaickel\/2009\/04\/19\/verdade-nao-caduca\/\" \/>\n<meta property=\"og:site_name\" content=\"Joaquim Haickel\" \/>\n<meta property=\"article:published_time\" content=\"2009-04-19T12:15:08+00:00\" \/>\n<meta name=\"author\" content=\"Joaquim Haickel\" \/>\n<meta name=\"twitter:card\" content=\"summary_large_image\" \/>\n<meta name=\"twitter:label1\" content=\"Escrito por\" \/>\n\t<meta name=\"twitter:data1\" content=\"Joaquim Haickel\" \/>\n\t<meta name=\"twitter:label2\" content=\"Est. tempo de leitura\" \/>\n\t<meta name=\"twitter:data2\" content=\"5 minutos\" \/>\n<script type=\"application\/ld+json\" class=\"yoast-schema-graph\">{\"@context\":\"https:\/\/schema.org\",\"@graph\":[{\"@type\":\"WebPage\",\"@id\":\"https:\/\/www.blogsoestado.com\/joaquimhaickel\/2009\/04\/19\/verdade-nao-caduca\/\",\"url\":\"https:\/\/www.blogsoestado.com\/joaquimhaickel\/2009\/04\/19\/verdade-nao-caduca\/\",\"name\":\"Verdade n\u00e3o caduca. - Joaquim Haickel\",\"isPartOf\":{\"@id\":\"https:\/\/www.blogsoestado.com\/joaquimhaickel\/#website\"},\"datePublished\":\"2009-04-19T12:15:08+00:00\",\"author\":{\"@id\":\"https:\/\/www.blogsoestado.com\/joaquimhaickel\/#\/schema\/person\/4a711644aff28245c6c2c3452d66d325\"},\"breadcrumb\":{\"@id\":\"https:\/\/www.blogsoestado.com\/joaquimhaickel\/2009\/04\/19\/verdade-nao-caduca\/#breadcrumb\"},\"inLanguage\":\"pt-BR\",\"potentialAction\":[{\"@type\":\"ReadAction\",\"target\":[\"https:\/\/www.blogsoestado.com\/joaquimhaickel\/2009\/04\/19\/verdade-nao-caduca\/\"]}]},{\"@type\":\"BreadcrumbList\",\"@id\":\"https:\/\/www.blogsoestado.com\/joaquimhaickel\/2009\/04\/19\/verdade-nao-caduca\/#breadcrumb\",\"itemListElement\":[{\"@type\":\"ListItem\",\"position\":1,\"name\":\"In\u00edcio\",\"item\":\"https:\/\/www.blogsoestado.com\/joaquimhaickel\/\"},{\"@type\":\"ListItem\",\"position\":2,\"name\":\"Verdade n\u00e3o caduca.\"}]},{\"@type\":\"WebSite\",\"@id\":\"https:\/\/www.blogsoestado.com\/joaquimhaickel\/#website\",\"url\":\"https:\/\/www.blogsoestado.com\/joaquimhaickel\/\",\"name\":\"Joaquim Haickel\",\"description\":\"\",\"potentialAction\":[{\"@type\":\"SearchAction\",\"target\":{\"@type\":\"EntryPoint\",\"urlTemplate\":\"https:\/\/www.blogsoestado.com\/joaquimhaickel\/?s={search_term_string}\"},\"query-input\":{\"@type\":\"PropertyValueSpecification\",\"valueRequired\":true,\"valueName\":\"search_term_string\"}}],\"inLanguage\":\"pt-BR\"},{\"@type\":\"Person\",\"@id\":\"https:\/\/www.blogsoestado.com\/joaquimhaickel\/#\/schema\/person\/4a711644aff28245c6c2c3452d66d325\",\"name\":\"Joaquim Haickel\",\"image\":{\"@type\":\"ImageObject\",\"inLanguage\":\"pt-BR\",\"@id\":\"https:\/\/www.blogsoestado.com\/joaquimhaickel\/#\/schema\/person\/image\/\",\"url\":\"https:\/\/secure.gravatar.com\/avatar\/473d89339b9f8ec089adb8d5778363eb5a2ba2319956bcf0298bfd8cca04684a?s=96&d=mm&r=g\",\"contentUrl\":\"https:\/\/secure.gravatar.com\/avatar\/473d89339b9f8ec089adb8d5778363eb5a2ba2319956bcf0298bfd8cca04684a?s=96&d=mm&r=g\",\"caption\":\"Joaquim Haickel\"},\"url\":\"https:\/\/www.blogsoestado.com\/joaquimhaickel\/author\/joaquimhaickel\/\"}]}<\/script>\n<!-- \/ Yoast SEO plugin. -->","yoast_head_json":{"title":"Verdade n\u00e3o caduca. - Joaquim Haickel","robots":{"index":"index","follow":"follow","max-snippet":"max-snippet:-1","max-image-preview":"max-image-preview:large","max-video-preview":"max-video-preview:-1"},"canonical":"https:\/\/www.blogsoestado.com\/joaquimhaickel\/2009\/04\/19\/verdade-nao-caduca\/","og_locale":"pt_BR","og_type":"article","og_title":"Verdade n\u00e3o caduca. - Joaquim Haickel","og_description":"Semanas atr\u00e1s escrevi num texto que foi muito comentado em todas as esferas pol\u00edticas de nosso estado. Disse que at\u00e9 [&hellip;]","og_url":"https:\/\/www.blogsoestado.com\/joaquimhaickel\/2009\/04\/19\/verdade-nao-caduca\/","og_site_name":"Joaquim Haickel","article_published_time":"2009-04-19T12:15:08+00:00","author":"Joaquim Haickel","twitter_card":"summary_large_image","twitter_misc":{"Escrito por":"Joaquim Haickel","Est. tempo de leitura":"5 minutos"},"schema":{"@context":"https:\/\/schema.org","@graph":[{"@type":"WebPage","@id":"https:\/\/www.blogsoestado.com\/joaquimhaickel\/2009\/04\/19\/verdade-nao-caduca\/","url":"https:\/\/www.blogsoestado.com\/joaquimhaickel\/2009\/04\/19\/verdade-nao-caduca\/","name":"Verdade n\u00e3o caduca. - Joaquim Haickel","isPartOf":{"@id":"https:\/\/www.blogsoestado.com\/joaquimhaickel\/#website"},"datePublished":"2009-04-19T12:15:08+00:00","author":{"@id":"https:\/\/www.blogsoestado.com\/joaquimhaickel\/#\/schema\/person\/4a711644aff28245c6c2c3452d66d325"},"breadcrumb":{"@id":"https:\/\/www.blogsoestado.com\/joaquimhaickel\/2009\/04\/19\/verdade-nao-caduca\/#breadcrumb"},"inLanguage":"pt-BR","potentialAction":[{"@type":"ReadAction","target":["https:\/\/www.blogsoestado.com\/joaquimhaickel\/2009\/04\/19\/verdade-nao-caduca\/"]}]},{"@type":"BreadcrumbList","@id":"https:\/\/www.blogsoestado.com\/joaquimhaickel\/2009\/04\/19\/verdade-nao-caduca\/#breadcrumb","itemListElement":[{"@type":"ListItem","position":1,"name":"In\u00edcio","item":"https:\/\/www.blogsoestado.com\/joaquimhaickel\/"},{"@type":"ListItem","position":2,"name":"Verdade n\u00e3o caduca."}]},{"@type":"WebSite","@id":"https:\/\/www.blogsoestado.com\/joaquimhaickel\/#website","url":"https:\/\/www.blogsoestado.com\/joaquimhaickel\/","name":"Joaquim Haickel","description":"","potentialAction":[{"@type":"SearchAction","target":{"@type":"EntryPoint","urlTemplate":"https:\/\/www.blogsoestado.com\/joaquimhaickel\/?s={search_term_string}"},"query-input":{"@type":"PropertyValueSpecification","valueRequired":true,"valueName":"search_term_string"}}],"inLanguage":"pt-BR"},{"@type":"Person","@id":"https:\/\/www.blogsoestado.com\/joaquimhaickel\/#\/schema\/person\/4a711644aff28245c6c2c3452d66d325","name":"Joaquim Haickel","image":{"@type":"ImageObject","inLanguage":"pt-BR","@id":"https:\/\/www.blogsoestado.com\/joaquimhaickel\/#\/schema\/person\/image\/","url":"https:\/\/secure.gravatar.com\/avatar\/473d89339b9f8ec089adb8d5778363eb5a2ba2319956bcf0298bfd8cca04684a?s=96&d=mm&r=g","contentUrl":"https:\/\/secure.gravatar.com\/avatar\/473d89339b9f8ec089adb8d5778363eb5a2ba2319956bcf0298bfd8cca04684a?s=96&d=mm&r=g","caption":"Joaquim Haickel"},"url":"https:\/\/www.blogsoestado.com\/joaquimhaickel\/author\/joaquimhaickel\/"}]}},"jetpack_featured_media_url":"","_links":{"self":[{"href":"https:\/\/www.blogsoestado.com\/joaquimhaickel\/wp-json\/wp\/v2\/posts\/395","targetHints":{"allow":["GET"]}}],"collection":[{"href":"https:\/\/www.blogsoestado.com\/joaquimhaickel\/wp-json\/wp\/v2\/posts"}],"about":[{"href":"https:\/\/www.blogsoestado.com\/joaquimhaickel\/wp-json\/wp\/v2\/types\/post"}],"author":[{"embeddable":true,"href":"https:\/\/www.blogsoestado.com\/joaquimhaickel\/wp-json\/wp\/v2\/users\/7"}],"replies":[{"embeddable":true,"href":"https:\/\/www.blogsoestado.com\/joaquimhaickel\/wp-json\/wp\/v2\/comments?post=395"}],"version-history":[{"count":0,"href":"https:\/\/www.blogsoestado.com\/joaquimhaickel\/wp-json\/wp\/v2\/posts\/395\/revisions"}],"wp:attachment":[{"href":"https:\/\/www.blogsoestado.com\/joaquimhaickel\/wp-json\/wp\/v2\/media?parent=395"}],"wp:term":[{"taxonomy":"category","embeddable":true,"href":"https:\/\/www.blogsoestado.com\/joaquimhaickel\/wp-json\/wp\/v2\/categories?post=395"},{"taxonomy":"post_tag","embeddable":true,"href":"https:\/\/www.blogsoestado.com\/joaquimhaickel\/wp-json\/wp\/v2\/tags?post=395"}],"curies":[{"name":"wp","href":"https:\/\/api.w.org\/{rel}","templated":true}]}}