{"id":3966,"date":"2025-07-20T09:41:35","date_gmt":"2025-07-20T12:41:35","guid":{"rendered":"https:\/\/www.blogsoestado.com\/joaquimhaickel\/?p=3966"},"modified":"2025-07-20T09:41:37","modified_gmt":"2025-07-20T12:41:37","slug":"am-contra-ma-ou-alexandre-de-moraes-e-um-analfabeto-funcional-ou-um-crapula-enganador","status":"publish","type":"post","link":"https:\/\/www.blogsoestado.com\/joaquimhaickel\/2025\/07\/20\/am-contra-ma-ou-alexandre-de-moraes-e-um-analfabeto-funcional-ou-um-crapula-enganador\/","title":{"rendered":"AM contra MA, ou Alexandre de Moraes \u00e9 um analfabeto funcional ou um cr\u00e1pula enganador"},"content":{"rendered":"\n<figure class=\"wp-block-image size-large\"><img fetchpriority=\"high\" decoding=\"async\" width=\"683\" height=\"1024\" src=\"https:\/\/www.blogsoestado.com\/joaquimhaickel\/wp-content\/uploads\/sites\/6\/2025\/07\/AM-X-MA--683x1024.png\" alt=\"\" class=\"wp-image-3967\" srcset=\"https:\/\/www.blogsoestado.com\/joaquimhaickel\/wp-content\/uploads\/sites\/6\/2025\/07\/AM-X-MA--683x1024.png 683w, https:\/\/www.blogsoestado.com\/joaquimhaickel\/wp-content\/uploads\/sites\/6\/2025\/07\/AM-X-MA--200x300.png 200w, https:\/\/www.blogsoestado.com\/joaquimhaickel\/wp-content\/uploads\/sites\/6\/2025\/07\/AM-X-MA--768x1152.png 768w, https:\/\/www.blogsoestado.com\/joaquimhaickel\/wp-content\/uploads\/sites\/6\/2025\/07\/AM-X-MA-.png 1024w\" sizes=\"(max-width: 683px) 100vw, 683px\" \/><\/figure>\n\n\n\n<p>A utiliza\u00e7\u00e3o da frase, escrita por Machado de Assis em 15 de setembro de 1876, na cr\u00f4nica intitulada \u201cHist\u00f3ria de Quinze Dias\u201d, \u201cA soberania nacional \u00e9 a coisa mais bela do mundo, com a condi\u00e7\u00e3o de ser soberania e ser nacional\u201d, usada pelo ministro ALEMOR, primo &#8211; irm\u00e3o de Valdemort, aquele outro vil\u00e3o, o da saga de Herry Potter, na a\u00e7\u00e3o cautelar contra Bolsonaro, \u00e9 uma demonstra\u00e7\u00e3o de ignor\u00e2ncia liter\u00e1ria cognitiva ou de esperteza canalha.<\/p>\n\n\n\n<p>Em sua cr\u00f4nica, Machado utiliza essa frase de forma ir\u00f4nica e cr\u00edtica. Ele denuncia a fraude eleitoral durante o Segundo Reinado, afirmando que a soberania proclamada oficialmente era, na pr\u00e1tica seletiva, pois est\u00e1 restrita a uma minoria letrada, e manipulada, pois o restante da popula\u00e7\u00e3o \u201cvotava como vai \u00e0 festa\u201d, sem nenhuma consci\u00eancia pol\u00edtica. Igualzinho acontece hoje em dia.<\/p>\n\n\n\n<p>Em certa altura Machado diz: \u201cAgora, o que \u00e9 ainda mais grave que tudo, \u00e9 a elei\u00e7\u00e3o, que a esta hora se come\u00e7a a manipular em todo este vasto imp\u00e9rio.<\/p>\n\n\n\n<p>Ao afirmar que a soberania s\u00f3 \u00e9 v\u00e1lida se for realmente soberania e nacional, Machado satiriza o uso vazio do termo \u2014 uma soberania que n\u00e3o inclui o povo cheio de direitos e n\u00e3o \u00e9 sequer exercida de fato pelo pa\u00eds.<\/p>\n\n\n\n<p>Machado n\u00e3o elogia a soberania nacional \u2014 ele ironiza a ret\u00f3rica oficial, pois naquele momento hist\u00f3rico, a soberania era simbolicamente exaltada, mas n\u00e3o praticada de fato. O autor exp\u00f5e a contradi\u00e7\u00e3o entre um ideal nacional e uma realidade manipulada.<\/p>\n\n\n\n<p>No tempo de Machado a frase subvertia o discurso oficial de soberania, mostrando sua face ilus\u00f3ria quando a maioria da popula\u00e7\u00e3o era impedida de participar com autonomia. \u00c9 o que chamamos de Cr\u00edtica ao discurso vazio.<\/p>\n\n\n\n<p>Machado de Assis estava atento \u00e0s mazelas pol\u00edticas do Imp\u00e9rio, evidenciando a dist\u00e2ncia entre teoria e pr\u00e1tica pol\u00edtica, o que falta hoje em dia para aqueles que acreditam que Alexandre de Moraes e seus iguais estejam defendendo a constitui\u00e7\u00e3o e a democracia, quando na realidade as atacam de forma absurda.<\/p>\n\n\n\n<p>No contexto atual, o ministro Alexandre de Moraes citou essa frase para argumentar em defesa da soberania do pa\u00eds, em contraponto a atos que, em sua vis\u00e3o, amea\u00e7avam a integridade e autonomia nacionais. No entanto, o uso original de Machado visava justamente demonstrar a hipocrisia do uso dessa soberania vazia e manipulada, que defende Moraes.<\/p>\n\n\n\n<p>A frase escrita em 1876, com tom sat\u00edrico sobre elei\u00e7\u00f5es fraudulentas, e colocada hoje em situa\u00e7\u00e3o oposta, em defesa dos fraudadores de nossa lei maior. Machado alertava para o fato de que a soberania s\u00f3 \u00e9 &#8220;a mais bela&#8221; se for genu\u00edna e n\u00e3o uma soberania falsa que com assertividade se arvora contra agressores externos enquanto internamente ela \u00e9 completamente vilipendiada da forma mais descarada e da maneira mais abjeta, exatamente por aqueles que deveriam preserv\u00e1-la.<\/p>\n","protected":false},"excerpt":{"rendered":"<p>A utiliza\u00e7\u00e3o da frase, escrita por Machado de Assis em 15 de setembro de 1876, na cr\u00f4nica intitulada \u201cHist\u00f3ria de [&hellip;]<\/p>\n","protected":false},"author":7,"featured_media":0,"comment_status":"open","ping_status":"open","sticky":false,"template":"","format":"standard","meta":{"site-sidebar-layout":"default","site-content-layout":"","ast-site-content-layout":"default","site-content-style":"default","site-sidebar-style":"default","ast-global-header-display":"","ast-banner-title-visibility":"","ast-main-header-display":"","ast-hfb-above-header-display":"","ast-hfb-below-header-display":"","ast-hfb-mobile-header-display":"","site-post-title":"","ast-breadcrumbs-content":"","ast-featured-img":"","footer-sml-layout":"","ast-disable-related-posts":"","theme-transparent-header-meta":"","adv-header-id-meta":"","stick-header-meta":"","header-above-stick-meta":"","header-main-stick-meta":"","header-below-stick-meta":"","astra-migrate-meta-layouts":"default","ast-page-background-enabled":"default","ast-page-background-meta":{"desktop":{"background-color":"var(--ast-global-color-5)","background-image":"","background-repeat":"repeat","background-position":"center center","background-size":"auto","background-attachment":"scroll","background-type":"","background-media":"","overlay-type":"","overlay-color":"","overlay-opacity":"","overlay-gradient":""},"tablet":{"background-color":"","background-image":"","background-repeat":"repeat","background-position":"center center","background-size":"auto","background-attachment":"scroll","background-type":"","background-media":"","overlay-type":"","overlay-color":"","overlay-opacity":"","overlay-gradient":""},"mobile":{"background-color":"","background-image":"","background-repeat":"repeat","background-position":"center center","background-size":"auto","background-attachment":"scroll","background-type":"","background-media":"","overlay-type":"","overlay-color":"","overlay-opacity":"","overlay-gradient":""}},"ast-content-background-meta":{"desktop":{"background-color":"var(--ast-global-color-4)","background-image":"","background-repeat":"repeat","background-position":"center center","background-size":"auto","background-attachment":"scroll","background-type":"","background-media":"","overlay-type":"","overlay-color":"","overlay-opacity":"","overlay-gradient":""},"tablet":{"background-color":"var(--ast-global-color-4)","background-image":"","background-repeat":"repeat","background-position":"center center","background-size":"auto","background-attachment":"scroll","background-type":"","background-media":"","overlay-type":"","overlay-color":"","overlay-opacity":"","overlay-gradient":""},"mobile":{"background-color":"var(--ast-global-color-4)","background-image":"","background-repeat":"repeat","background-position":"center center","background-size":"auto","background-attachment":"scroll","background-type":"","background-media":"","overlay-type":"","overlay-color":"","overlay-opacity":"","overlay-gradient":""}},"footnotes":""},"categories":[1],"tags":[],"class_list":["post-3966","post","type-post","status-publish","format-standard","hentry","category-sem-categoria"],"yoast_head":"<!-- This site is optimized with the Yoast SEO plugin v26.6 - https:\/\/yoast.com\/wordpress\/plugins\/seo\/ -->\n<title>AM contra MA, ou Alexandre de Moraes \u00e9 um analfabeto funcional ou um cr\u00e1pula enganador - Joaquim Haickel<\/title>\n<meta name=\"robots\" content=\"index, follow, max-snippet:-1, max-image-preview:large, max-video-preview:-1\" \/>\n<link rel=\"canonical\" href=\"https:\/\/www.blogsoestado.com\/joaquimhaickel\/2025\/07\/20\/am-contra-ma-ou-alexandre-de-moraes-e-um-analfabeto-funcional-ou-um-crapula-enganador\/\" \/>\n<meta property=\"og:locale\" content=\"pt_BR\" \/>\n<meta property=\"og:type\" content=\"article\" \/>\n<meta property=\"og:title\" content=\"AM contra MA, ou Alexandre de Moraes \u00e9 um analfabeto funcional ou um cr\u00e1pula enganador - Joaquim Haickel\" \/>\n<meta property=\"og:description\" content=\"A utiliza\u00e7\u00e3o da frase, escrita por Machado de Assis em 15 de setembro de 1876, na cr\u00f4nica intitulada \u201cHist\u00f3ria de [&hellip;]\" \/>\n<meta property=\"og:url\" content=\"https:\/\/www.blogsoestado.com\/joaquimhaickel\/2025\/07\/20\/am-contra-ma-ou-alexandre-de-moraes-e-um-analfabeto-funcional-ou-um-crapula-enganador\/\" \/>\n<meta property=\"og:site_name\" content=\"Joaquim Haickel\" \/>\n<meta property=\"article:published_time\" content=\"2025-07-20T12:41:35+00:00\" \/>\n<meta property=\"article:modified_time\" content=\"2025-07-20T12:41:37+00:00\" \/>\n<meta property=\"og:image\" content=\"https:\/\/www.blogsoestado.com\/joaquimhaickel\/wp-content\/uploads\/sites\/6\/2025\/07\/AM-X-MA--683x1024.png\" \/>\n\t<meta property=\"og:image:width\" content=\"683\" \/>\n\t<meta property=\"og:image:height\" content=\"1024\" \/>\n\t<meta property=\"og:image:type\" content=\"image\/png\" \/>\n<meta name=\"author\" content=\"Joaquim Haickel\" \/>\n<meta name=\"twitter:card\" content=\"summary_large_image\" \/>\n<meta name=\"twitter:label1\" content=\"Escrito por\" \/>\n\t<meta name=\"twitter:data1\" content=\"Joaquim Haickel\" \/>\n\t<meta name=\"twitter:label2\" content=\"Est. tempo de leitura\" \/>\n\t<meta name=\"twitter:data2\" content=\"3 minutos\" \/>\n<script type=\"application\/ld+json\" class=\"yoast-schema-graph\">{\"@context\":\"https:\/\/schema.org\",\"@graph\":[{\"@type\":\"WebPage\",\"@id\":\"https:\/\/www.blogsoestado.com\/joaquimhaickel\/2025\/07\/20\/am-contra-ma-ou-alexandre-de-moraes-e-um-analfabeto-funcional-ou-um-crapula-enganador\/\",\"url\":\"https:\/\/www.blogsoestado.com\/joaquimhaickel\/2025\/07\/20\/am-contra-ma-ou-alexandre-de-moraes-e-um-analfabeto-funcional-ou-um-crapula-enganador\/\",\"name\":\"AM contra MA, ou Alexandre de Moraes \u00e9 um analfabeto funcional ou um cr\u00e1pula enganador - Joaquim Haickel\",\"isPartOf\":{\"@id\":\"https:\/\/www.blogsoestado.com\/joaquimhaickel\/#website\"},\"primaryImageOfPage\":{\"@id\":\"https:\/\/www.blogsoestado.com\/joaquimhaickel\/2025\/07\/20\/am-contra-ma-ou-alexandre-de-moraes-e-um-analfabeto-funcional-ou-um-crapula-enganador\/#primaryimage\"},\"image\":{\"@id\":\"https:\/\/www.blogsoestado.com\/joaquimhaickel\/2025\/07\/20\/am-contra-ma-ou-alexandre-de-moraes-e-um-analfabeto-funcional-ou-um-crapula-enganador\/#primaryimage\"},\"thumbnailUrl\":\"https:\/\/www.blogsoestado.com\/joaquimhaickel\/wp-content\/uploads\/sites\/6\/2025\/07\/AM-X-MA--683x1024.png\",\"datePublished\":\"2025-07-20T12:41:35+00:00\",\"dateModified\":\"2025-07-20T12:41:37+00:00\",\"author\":{\"@id\":\"https:\/\/www.blogsoestado.com\/joaquimhaickel\/#\/schema\/person\/4a711644aff28245c6c2c3452d66d325\"},\"breadcrumb\":{\"@id\":\"https:\/\/www.blogsoestado.com\/joaquimhaickel\/2025\/07\/20\/am-contra-ma-ou-alexandre-de-moraes-e-um-analfabeto-funcional-ou-um-crapula-enganador\/#breadcrumb\"},\"inLanguage\":\"pt-BR\",\"potentialAction\":[{\"@type\":\"ReadAction\",\"target\":[\"https:\/\/www.blogsoestado.com\/joaquimhaickel\/2025\/07\/20\/am-contra-ma-ou-alexandre-de-moraes-e-um-analfabeto-funcional-ou-um-crapula-enganador\/\"]}]},{\"@type\":\"ImageObject\",\"inLanguage\":\"pt-BR\",\"@id\":\"https:\/\/www.blogsoestado.com\/joaquimhaickel\/2025\/07\/20\/am-contra-ma-ou-alexandre-de-moraes-e-um-analfabeto-funcional-ou-um-crapula-enganador\/#primaryimage\",\"url\":\"https:\/\/www.blogsoestado.com\/joaquimhaickel\/wp-content\/uploads\/sites\/6\/2025\/07\/AM-X-MA-.png\",\"contentUrl\":\"https:\/\/www.blogsoestado.com\/joaquimhaickel\/wp-content\/uploads\/sites\/6\/2025\/07\/AM-X-MA-.png\",\"width\":1024,\"height\":1536},{\"@type\":\"BreadcrumbList\",\"@id\":\"https:\/\/www.blogsoestado.com\/joaquimhaickel\/2025\/07\/20\/am-contra-ma-ou-alexandre-de-moraes-e-um-analfabeto-funcional-ou-um-crapula-enganador\/#breadcrumb\",\"itemListElement\":[{\"@type\":\"ListItem\",\"position\":1,\"name\":\"In\u00edcio\",\"item\":\"https:\/\/www.blogsoestado.com\/joaquimhaickel\/\"},{\"@type\":\"ListItem\",\"position\":2,\"name\":\"AM contra MA, ou Alexandre de Moraes \u00e9 um analfabeto funcional ou um cr\u00e1pula enganador\"}]},{\"@type\":\"WebSite\",\"@id\":\"https:\/\/www.blogsoestado.com\/joaquimhaickel\/#website\",\"url\":\"https:\/\/www.blogsoestado.com\/joaquimhaickel\/\",\"name\":\"Joaquim Haickel\",\"description\":\"\",\"potentialAction\":[{\"@type\":\"SearchAction\",\"target\":{\"@type\":\"EntryPoint\",\"urlTemplate\":\"https:\/\/www.blogsoestado.com\/joaquimhaickel\/?s={search_term_string}\"},\"query-input\":{\"@type\":\"PropertyValueSpecification\",\"valueRequired\":true,\"valueName\":\"search_term_string\"}}],\"inLanguage\":\"pt-BR\"},{\"@type\":\"Person\",\"@id\":\"https:\/\/www.blogsoestado.com\/joaquimhaickel\/#\/schema\/person\/4a711644aff28245c6c2c3452d66d325\",\"name\":\"Joaquim Haickel\",\"image\":{\"@type\":\"ImageObject\",\"inLanguage\":\"pt-BR\",\"@id\":\"https:\/\/www.blogsoestado.com\/joaquimhaickel\/#\/schema\/person\/image\/\",\"url\":\"https:\/\/secure.gravatar.com\/avatar\/473d89339b9f8ec089adb8d5778363eb5a2ba2319956bcf0298bfd8cca04684a?s=96&d=mm&r=g\",\"contentUrl\":\"https:\/\/secure.gravatar.com\/avatar\/473d89339b9f8ec089adb8d5778363eb5a2ba2319956bcf0298bfd8cca04684a?s=96&d=mm&r=g\",\"caption\":\"Joaquim Haickel\"},\"url\":\"https:\/\/www.blogsoestado.com\/joaquimhaickel\/author\/joaquimhaickel\/\"}]}<\/script>\n<!-- \/ Yoast SEO plugin. -->","yoast_head_json":{"title":"AM contra MA, ou Alexandre de Moraes \u00e9 um analfabeto funcional ou um cr\u00e1pula enganador - Joaquim Haickel","robots":{"index":"index","follow":"follow","max-snippet":"max-snippet:-1","max-image-preview":"max-image-preview:large","max-video-preview":"max-video-preview:-1"},"canonical":"https:\/\/www.blogsoestado.com\/joaquimhaickel\/2025\/07\/20\/am-contra-ma-ou-alexandre-de-moraes-e-um-analfabeto-funcional-ou-um-crapula-enganador\/","og_locale":"pt_BR","og_type":"article","og_title":"AM contra MA, ou Alexandre de Moraes \u00e9 um analfabeto funcional ou um cr\u00e1pula enganador - Joaquim Haickel","og_description":"A utiliza\u00e7\u00e3o da frase, escrita por Machado de Assis em 15 de setembro de 1876, na cr\u00f4nica intitulada \u201cHist\u00f3ria de [&hellip;]","og_url":"https:\/\/www.blogsoestado.com\/joaquimhaickel\/2025\/07\/20\/am-contra-ma-ou-alexandre-de-moraes-e-um-analfabeto-funcional-ou-um-crapula-enganador\/","og_site_name":"Joaquim Haickel","article_published_time":"2025-07-20T12:41:35+00:00","article_modified_time":"2025-07-20T12:41:37+00:00","og_image":[{"width":683,"height":1024,"url":"https:\/\/www.blogsoestado.com\/joaquimhaickel\/wp-content\/uploads\/sites\/6\/2025\/07\/AM-X-MA--683x1024.png","type":"image\/png"}],"author":"Joaquim Haickel","twitter_card":"summary_large_image","twitter_misc":{"Escrito por":"Joaquim Haickel","Est. tempo de leitura":"3 minutos"},"schema":{"@context":"https:\/\/schema.org","@graph":[{"@type":"WebPage","@id":"https:\/\/www.blogsoestado.com\/joaquimhaickel\/2025\/07\/20\/am-contra-ma-ou-alexandre-de-moraes-e-um-analfabeto-funcional-ou-um-crapula-enganador\/","url":"https:\/\/www.blogsoestado.com\/joaquimhaickel\/2025\/07\/20\/am-contra-ma-ou-alexandre-de-moraes-e-um-analfabeto-funcional-ou-um-crapula-enganador\/","name":"AM contra MA, ou Alexandre de Moraes \u00e9 um analfabeto funcional ou um cr\u00e1pula enganador - Joaquim Haickel","isPartOf":{"@id":"https:\/\/www.blogsoestado.com\/joaquimhaickel\/#website"},"primaryImageOfPage":{"@id":"https:\/\/www.blogsoestado.com\/joaquimhaickel\/2025\/07\/20\/am-contra-ma-ou-alexandre-de-moraes-e-um-analfabeto-funcional-ou-um-crapula-enganador\/#primaryimage"},"image":{"@id":"https:\/\/www.blogsoestado.com\/joaquimhaickel\/2025\/07\/20\/am-contra-ma-ou-alexandre-de-moraes-e-um-analfabeto-funcional-ou-um-crapula-enganador\/#primaryimage"},"thumbnailUrl":"https:\/\/www.blogsoestado.com\/joaquimhaickel\/wp-content\/uploads\/sites\/6\/2025\/07\/AM-X-MA--683x1024.png","datePublished":"2025-07-20T12:41:35+00:00","dateModified":"2025-07-20T12:41:37+00:00","author":{"@id":"https:\/\/www.blogsoestado.com\/joaquimhaickel\/#\/schema\/person\/4a711644aff28245c6c2c3452d66d325"},"breadcrumb":{"@id":"https:\/\/www.blogsoestado.com\/joaquimhaickel\/2025\/07\/20\/am-contra-ma-ou-alexandre-de-moraes-e-um-analfabeto-funcional-ou-um-crapula-enganador\/#breadcrumb"},"inLanguage":"pt-BR","potentialAction":[{"@type":"ReadAction","target":["https:\/\/www.blogsoestado.com\/joaquimhaickel\/2025\/07\/20\/am-contra-ma-ou-alexandre-de-moraes-e-um-analfabeto-funcional-ou-um-crapula-enganador\/"]}]},{"@type":"ImageObject","inLanguage":"pt-BR","@id":"https:\/\/www.blogsoestado.com\/joaquimhaickel\/2025\/07\/20\/am-contra-ma-ou-alexandre-de-moraes-e-um-analfabeto-funcional-ou-um-crapula-enganador\/#primaryimage","url":"https:\/\/www.blogsoestado.com\/joaquimhaickel\/wp-content\/uploads\/sites\/6\/2025\/07\/AM-X-MA-.png","contentUrl":"https:\/\/www.blogsoestado.com\/joaquimhaickel\/wp-content\/uploads\/sites\/6\/2025\/07\/AM-X-MA-.png","width":1024,"height":1536},{"@type":"BreadcrumbList","@id":"https:\/\/www.blogsoestado.com\/joaquimhaickel\/2025\/07\/20\/am-contra-ma-ou-alexandre-de-moraes-e-um-analfabeto-funcional-ou-um-crapula-enganador\/#breadcrumb","itemListElement":[{"@type":"ListItem","position":1,"name":"In\u00edcio","item":"https:\/\/www.blogsoestado.com\/joaquimhaickel\/"},{"@type":"ListItem","position":2,"name":"AM contra MA, ou Alexandre de Moraes \u00e9 um analfabeto funcional ou um cr\u00e1pula enganador"}]},{"@type":"WebSite","@id":"https:\/\/www.blogsoestado.com\/joaquimhaickel\/#website","url":"https:\/\/www.blogsoestado.com\/joaquimhaickel\/","name":"Joaquim Haickel","description":"","potentialAction":[{"@type":"SearchAction","target":{"@type":"EntryPoint","urlTemplate":"https:\/\/www.blogsoestado.com\/joaquimhaickel\/?s={search_term_string}"},"query-input":{"@type":"PropertyValueSpecification","valueRequired":true,"valueName":"search_term_string"}}],"inLanguage":"pt-BR"},{"@type":"Person","@id":"https:\/\/www.blogsoestado.com\/joaquimhaickel\/#\/schema\/person\/4a711644aff28245c6c2c3452d66d325","name":"Joaquim Haickel","image":{"@type":"ImageObject","inLanguage":"pt-BR","@id":"https:\/\/www.blogsoestado.com\/joaquimhaickel\/#\/schema\/person\/image\/","url":"https:\/\/secure.gravatar.com\/avatar\/473d89339b9f8ec089adb8d5778363eb5a2ba2319956bcf0298bfd8cca04684a?s=96&d=mm&r=g","contentUrl":"https:\/\/secure.gravatar.com\/avatar\/473d89339b9f8ec089adb8d5778363eb5a2ba2319956bcf0298bfd8cca04684a?s=96&d=mm&r=g","caption":"Joaquim Haickel"},"url":"https:\/\/www.blogsoestado.com\/joaquimhaickel\/author\/joaquimhaickel\/"}]}},"jetpack_featured_media_url":"","_links":{"self":[{"href":"https:\/\/www.blogsoestado.com\/joaquimhaickel\/wp-json\/wp\/v2\/posts\/3966","targetHints":{"allow":["GET"]}}],"collection":[{"href":"https:\/\/www.blogsoestado.com\/joaquimhaickel\/wp-json\/wp\/v2\/posts"}],"about":[{"href":"https:\/\/www.blogsoestado.com\/joaquimhaickel\/wp-json\/wp\/v2\/types\/post"}],"author":[{"embeddable":true,"href":"https:\/\/www.blogsoestado.com\/joaquimhaickel\/wp-json\/wp\/v2\/users\/7"}],"replies":[{"embeddable":true,"href":"https:\/\/www.blogsoestado.com\/joaquimhaickel\/wp-json\/wp\/v2\/comments?post=3966"}],"version-history":[{"count":1,"href":"https:\/\/www.blogsoestado.com\/joaquimhaickel\/wp-json\/wp\/v2\/posts\/3966\/revisions"}],"predecessor-version":[{"id":3968,"href":"https:\/\/www.blogsoestado.com\/joaquimhaickel\/wp-json\/wp\/v2\/posts\/3966\/revisions\/3968"}],"wp:attachment":[{"href":"https:\/\/www.blogsoestado.com\/joaquimhaickel\/wp-json\/wp\/v2\/media?parent=3966"}],"wp:term":[{"taxonomy":"category","embeddable":true,"href":"https:\/\/www.blogsoestado.com\/joaquimhaickel\/wp-json\/wp\/v2\/categories?post=3966"},{"taxonomy":"post_tag","embeddable":true,"href":"https:\/\/www.blogsoestado.com\/joaquimhaickel\/wp-json\/wp\/v2\/tags?post=3966"}],"curies":[{"name":"wp","href":"https:\/\/api.w.org\/{rel}","templated":true}]}}