{"id":3969,"date":"2025-07-22T07:42:19","date_gmt":"2025-07-22T10:42:19","guid":{"rendered":"https:\/\/www.blogsoestado.com\/joaquimhaickel\/?p=3969"},"modified":"2025-07-22T07:42:19","modified_gmt":"2025-07-22T10:42:19","slug":"requiem-a-patria-amada-idolatrada","status":"publish","type":"post","link":"https:\/\/www.blogsoestado.com\/joaquimhaickel\/2025\/07\/22\/requiem-a-patria-amada-idolatrada\/","title":{"rendered":"Requiem a p\u00e1tria amada, idolatrada"},"content":{"rendered":"\n<figure class=\"wp-block-image size-large is-resized\"><img fetchpriority=\"high\" decoding=\"async\" width=\"683\" height=\"1024\" src=\"https:\/\/www.blogsoestado.com\/joaquimhaickel\/wp-content\/uploads\/sites\/6\/2025\/07\/b5b2759a-e192-4dc8-94ad-11c29dbb084b-683x1024.png\" alt=\"\" class=\"wp-image-3970\" style=\"width:690px;height:auto\" srcset=\"https:\/\/www.blogsoestado.com\/joaquimhaickel\/wp-content\/uploads\/sites\/6\/2025\/07\/b5b2759a-e192-4dc8-94ad-11c29dbb084b-683x1024.png 683w, https:\/\/www.blogsoestado.com\/joaquimhaickel\/wp-content\/uploads\/sites\/6\/2025\/07\/b5b2759a-e192-4dc8-94ad-11c29dbb084b-200x300.png 200w, https:\/\/www.blogsoestado.com\/joaquimhaickel\/wp-content\/uploads\/sites\/6\/2025\/07\/b5b2759a-e192-4dc8-94ad-11c29dbb084b-768x1152.png 768w, https:\/\/www.blogsoestado.com\/joaquimhaickel\/wp-content\/uploads\/sites\/6\/2025\/07\/b5b2759a-e192-4dc8-94ad-11c29dbb084b.png 1024w\" sizes=\"(max-width: 683px) 100vw, 683px\" \/><\/figure>\n\n\n\n<p>Sou compelido a parodiar o maior poeta que conheci: Somos loucos, cada vez menos. Somos poucos, mas cada vez somos mais. Somos mais que essa mat\u00e9ria nojenta que faz com que muitos covardes aceitem ser usurpados e fiquem calados&#8230;<\/p>\n\n\n\n<p>Algo precisa ser feito, com urg\u00eancia, para que a normalidade jur\u00eddica seja restaurada no Brasil. Os absurdos que t\u00eam sido perpetrados pelo ministro Alexandre de Moraes, e por alguns outros ministros do STF, contra os dispositivos legais vigentes, especialmente contra as leis processuais e a Constitui\u00e7\u00e3o Federal, mais especificamente contra os direitos e garantias individuais dos cidad\u00e3os brasileiros, n\u00e3o t\u00eam precedentes em nenhuma democracia do mundo nos \u00faltimos 80 anos, desde o fim da Segunda Guerra Mundial.<\/p>\n\n\n\n<p>Se, de um lado e de outro, temos pol\u00edticos abjetos no Legislativo e no Executivo, ao centro temos um Judici\u00e1rio abusivo, que corr\u00f3i e destr\u00f3i, desde a base at\u00e9 o topo, a democracia que foi tecida com o esfor\u00e7o e o sacrif\u00edcio de gera\u00e7\u00f5es de brasileiros. Brasileiros que, por algum tempo, viveram o belo sonho da liberdade, mas que, numa certa manh\u00e3, descobriram que as For\u00e7as Armadas \u2014 as quais respeitavam e nas quais confiavam \u2014 foram desmoralizadas por a\u00e7\u00f5es de canalhas e por acusa\u00e7\u00f5es lan\u00e7adas por vermes. Descobriram que os pol\u00edticos \u2014 de quem j\u00e1 desconfiavam \u2014 mergulharam em extrema venalidade, incentivados, primeiro, pelo famigerado mensal\u00e3o, e depois pelas indecorosas emendas com as quais compram seus mandatos.<\/p>\n\n\n\n<p>Descobriram que a milit\u00e2ncia esquerdista trabalhou, durante os \u00faltimos 50 anos, para destruir os valores que fundamentam uma na\u00e7\u00e3o. Destru\u00edram a fam\u00edlia, a escola, a religi\u00e3o. Desagregaram a sociedade ao incentivarem uma fratricida luta de classes \u2014 o tal \u201cn\u00f3s contra eles\u201d. Descobriram, por fim, que direitistas e esquerdistas n\u00e3o s\u00e3o t\u00e3o diferentes entre si, j\u00e1 que s\u00f3 pensam em seus projetos de poder, e n\u00e3o em um projeto de pa\u00eds.<\/p>\n\n\n\n<p>O povo brasileiro est\u00e1 exposto ao pior tipo de autoritarismo: aquele arrogante, prepotente, hip\u00f3crita \u2014 que se cobre com a toga da justi\u00e7a para subverter o direito, a ordem e a democracia \u2014 e que n\u00e3o oferece nenhuma possibilidade de defesa a quem ousa se opor aos abusos que cometem.<\/p>\n\n\n\n<p>Meu consolo \u00e9 saber que a verdadeira hist\u00f3ria ser\u00e1 escrita, mesmo que seja com um simples batom. E que essa hist\u00f3ria, quando escrita, n\u00e3o poupar\u00e1 os que est\u00e3o destruindo o Brasil. Ela os colocar\u00e1 sob a luz que merecem: em frangalhos, no lixo da hist\u00f3ria.<\/p>\n","protected":false},"excerpt":{"rendered":"<p>Sou compelido a parodiar o maior poeta que conheci: Somos loucos, cada vez menos. Somos poucos, mas cada vez somos [&hellip;]<\/p>\n","protected":false},"author":7,"featured_media":0,"comment_status":"open","ping_status":"open","sticky":false,"template":"","format":"standard","meta":{"site-sidebar-layout":"default","site-content-layout":"","ast-site-content-layout":"default","site-content-style":"default","site-sidebar-style":"default","ast-global-header-display":"","ast-banner-title-visibility":"","ast-main-header-display":"","ast-hfb-above-header-display":"","ast-hfb-below-header-display":"","ast-hfb-mobile-header-display":"","site-post-title":"","ast-breadcrumbs-content":"","ast-featured-img":"","footer-sml-layout":"","ast-disable-related-posts":"","theme-transparent-header-meta":"","adv-header-id-meta":"","stick-header-meta":"","header-above-stick-meta":"","header-main-stick-meta":"","header-below-stick-meta":"","astra-migrate-meta-layouts":"default","ast-page-background-enabled":"default","ast-page-background-meta":{"desktop":{"background-color":"var(--ast-global-color-5)","background-image":"","background-repeat":"repeat","background-position":"center center","background-size":"auto","background-attachment":"scroll","background-type":"","background-media":"","overlay-type":"","overlay-color":"","overlay-opacity":"","overlay-gradient":""},"tablet":{"background-color":"","background-image":"","background-repeat":"repeat","background-position":"center center","background-size":"auto","background-attachment":"scroll","background-type":"","background-media":"","overlay-type":"","overlay-color":"","overlay-opacity":"","overlay-gradient":""},"mobile":{"background-color":"","background-image":"","background-repeat":"repeat","background-position":"center center","background-size":"auto","background-attachment":"scroll","background-type":"","background-media":"","overlay-type":"","overlay-color":"","overlay-opacity":"","overlay-gradient":""}},"ast-content-background-meta":{"desktop":{"background-color":"var(--ast-global-color-4)","background-image":"","background-repeat":"repeat","background-position":"center center","background-size":"auto","background-attachment":"scroll","background-type":"","background-media":"","overlay-type":"","overlay-color":"","overlay-opacity":"","overlay-gradient":""},"tablet":{"background-color":"var(--ast-global-color-4)","background-image":"","background-repeat":"repeat","background-position":"center center","background-size":"auto","background-attachment":"scroll","background-type":"","background-media":"","overlay-type":"","overlay-color":"","overlay-opacity":"","overlay-gradient":""},"mobile":{"background-color":"var(--ast-global-color-4)","background-image":"","background-repeat":"repeat","background-position":"center center","background-size":"auto","background-attachment":"scroll","background-type":"","background-media":"","overlay-type":"","overlay-color":"","overlay-opacity":"","overlay-gradient":""}},"footnotes":""},"categories":[1],"tags":[],"class_list":["post-3969","post","type-post","status-publish","format-standard","hentry","category-sem-categoria"],"yoast_head":"<!-- This site is optimized with the Yoast SEO plugin v26.6 - https:\/\/yoast.com\/wordpress\/plugins\/seo\/ -->\n<title>Requiem a p\u00e1tria amada, idolatrada - Joaquim Haickel<\/title>\n<meta name=\"robots\" content=\"index, follow, max-snippet:-1, max-image-preview:large, max-video-preview:-1\" \/>\n<link rel=\"canonical\" href=\"https:\/\/www.blogsoestado.com\/joaquimhaickel\/2025\/07\/22\/requiem-a-patria-amada-idolatrada\/\" \/>\n<meta property=\"og:locale\" content=\"pt_BR\" \/>\n<meta property=\"og:type\" content=\"article\" \/>\n<meta property=\"og:title\" content=\"Requiem a p\u00e1tria amada, idolatrada - Joaquim Haickel\" \/>\n<meta property=\"og:description\" content=\"Sou compelido a parodiar o maior poeta que conheci: Somos loucos, cada vez menos. Somos poucos, mas cada vez somos [&hellip;]\" \/>\n<meta property=\"og:url\" content=\"https:\/\/www.blogsoestado.com\/joaquimhaickel\/2025\/07\/22\/requiem-a-patria-amada-idolatrada\/\" \/>\n<meta property=\"og:site_name\" content=\"Joaquim Haickel\" \/>\n<meta property=\"article:published_time\" content=\"2025-07-22T10:42:19+00:00\" \/>\n<meta property=\"og:image\" content=\"https:\/\/www.blogsoestado.com\/joaquimhaickel\/wp-content\/uploads\/sites\/6\/2025\/07\/b5b2759a-e192-4dc8-94ad-11c29dbb084b-683x1024.png\" \/>\n\t<meta property=\"og:image:width\" content=\"683\" \/>\n\t<meta property=\"og:image:height\" content=\"1024\" \/>\n\t<meta property=\"og:image:type\" content=\"image\/png\" \/>\n<meta name=\"author\" content=\"Joaquim Haickel\" \/>\n<meta name=\"twitter:card\" content=\"summary_large_image\" \/>\n<meta name=\"twitter:label1\" content=\"Escrito por\" \/>\n\t<meta name=\"twitter:data1\" content=\"Joaquim Haickel\" \/>\n\t<meta name=\"twitter:label2\" content=\"Est. tempo de leitura\" \/>\n\t<meta name=\"twitter:data2\" content=\"2 minutos\" \/>\n<script type=\"application\/ld+json\" class=\"yoast-schema-graph\">{\"@context\":\"https:\/\/schema.org\",\"@graph\":[{\"@type\":\"WebPage\",\"@id\":\"https:\/\/www.blogsoestado.com\/joaquimhaickel\/2025\/07\/22\/requiem-a-patria-amada-idolatrada\/\",\"url\":\"https:\/\/www.blogsoestado.com\/joaquimhaickel\/2025\/07\/22\/requiem-a-patria-amada-idolatrada\/\",\"name\":\"Requiem a p\u00e1tria amada, idolatrada - Joaquim Haickel\",\"isPartOf\":{\"@id\":\"https:\/\/www.blogsoestado.com\/joaquimhaickel\/#website\"},\"primaryImageOfPage\":{\"@id\":\"https:\/\/www.blogsoestado.com\/joaquimhaickel\/2025\/07\/22\/requiem-a-patria-amada-idolatrada\/#primaryimage\"},\"image\":{\"@id\":\"https:\/\/www.blogsoestado.com\/joaquimhaickel\/2025\/07\/22\/requiem-a-patria-amada-idolatrada\/#primaryimage\"},\"thumbnailUrl\":\"https:\/\/www.blogsoestado.com\/joaquimhaickel\/wp-content\/uploads\/sites\/6\/2025\/07\/b5b2759a-e192-4dc8-94ad-11c29dbb084b-683x1024.png\",\"datePublished\":\"2025-07-22T10:42:19+00:00\",\"author\":{\"@id\":\"https:\/\/www.blogsoestado.com\/joaquimhaickel\/#\/schema\/person\/4a711644aff28245c6c2c3452d66d325\"},\"breadcrumb\":{\"@id\":\"https:\/\/www.blogsoestado.com\/joaquimhaickel\/2025\/07\/22\/requiem-a-patria-amada-idolatrada\/#breadcrumb\"},\"inLanguage\":\"pt-BR\",\"potentialAction\":[{\"@type\":\"ReadAction\",\"target\":[\"https:\/\/www.blogsoestado.com\/joaquimhaickel\/2025\/07\/22\/requiem-a-patria-amada-idolatrada\/\"]}]},{\"@type\":\"ImageObject\",\"inLanguage\":\"pt-BR\",\"@id\":\"https:\/\/www.blogsoestado.com\/joaquimhaickel\/2025\/07\/22\/requiem-a-patria-amada-idolatrada\/#primaryimage\",\"url\":\"https:\/\/www.blogsoestado.com\/joaquimhaickel\/wp-content\/uploads\/sites\/6\/2025\/07\/b5b2759a-e192-4dc8-94ad-11c29dbb084b.png\",\"contentUrl\":\"https:\/\/www.blogsoestado.com\/joaquimhaickel\/wp-content\/uploads\/sites\/6\/2025\/07\/b5b2759a-e192-4dc8-94ad-11c29dbb084b.png\",\"width\":1024,\"height\":1536},{\"@type\":\"BreadcrumbList\",\"@id\":\"https:\/\/www.blogsoestado.com\/joaquimhaickel\/2025\/07\/22\/requiem-a-patria-amada-idolatrada\/#breadcrumb\",\"itemListElement\":[{\"@type\":\"ListItem\",\"position\":1,\"name\":\"In\u00edcio\",\"item\":\"https:\/\/www.blogsoestado.com\/joaquimhaickel\/\"},{\"@type\":\"ListItem\",\"position\":2,\"name\":\"Requiem a p\u00e1tria amada, idolatrada\"}]},{\"@type\":\"WebSite\",\"@id\":\"https:\/\/www.blogsoestado.com\/joaquimhaickel\/#website\",\"url\":\"https:\/\/www.blogsoestado.com\/joaquimhaickel\/\",\"name\":\"Joaquim Haickel\",\"description\":\"\",\"potentialAction\":[{\"@type\":\"SearchAction\",\"target\":{\"@type\":\"EntryPoint\",\"urlTemplate\":\"https:\/\/www.blogsoestado.com\/joaquimhaickel\/?s={search_term_string}\"},\"query-input\":{\"@type\":\"PropertyValueSpecification\",\"valueRequired\":true,\"valueName\":\"search_term_string\"}}],\"inLanguage\":\"pt-BR\"},{\"@type\":\"Person\",\"@id\":\"https:\/\/www.blogsoestado.com\/joaquimhaickel\/#\/schema\/person\/4a711644aff28245c6c2c3452d66d325\",\"name\":\"Joaquim Haickel\",\"image\":{\"@type\":\"ImageObject\",\"inLanguage\":\"pt-BR\",\"@id\":\"https:\/\/www.blogsoestado.com\/joaquimhaickel\/#\/schema\/person\/image\/\",\"url\":\"https:\/\/secure.gravatar.com\/avatar\/473d89339b9f8ec089adb8d5778363eb5a2ba2319956bcf0298bfd8cca04684a?s=96&d=mm&r=g\",\"contentUrl\":\"https:\/\/secure.gravatar.com\/avatar\/473d89339b9f8ec089adb8d5778363eb5a2ba2319956bcf0298bfd8cca04684a?s=96&d=mm&r=g\",\"caption\":\"Joaquim Haickel\"},\"url\":\"https:\/\/www.blogsoestado.com\/joaquimhaickel\/author\/joaquimhaickel\/\"}]}<\/script>\n<!-- \/ Yoast SEO plugin. -->","yoast_head_json":{"title":"Requiem a p\u00e1tria amada, idolatrada - Joaquim Haickel","robots":{"index":"index","follow":"follow","max-snippet":"max-snippet:-1","max-image-preview":"max-image-preview:large","max-video-preview":"max-video-preview:-1"},"canonical":"https:\/\/www.blogsoestado.com\/joaquimhaickel\/2025\/07\/22\/requiem-a-patria-amada-idolatrada\/","og_locale":"pt_BR","og_type":"article","og_title":"Requiem a p\u00e1tria amada, idolatrada - Joaquim Haickel","og_description":"Sou compelido a parodiar o maior poeta que conheci: Somos loucos, cada vez menos. Somos poucos, mas cada vez somos [&hellip;]","og_url":"https:\/\/www.blogsoestado.com\/joaquimhaickel\/2025\/07\/22\/requiem-a-patria-amada-idolatrada\/","og_site_name":"Joaquim Haickel","article_published_time":"2025-07-22T10:42:19+00:00","og_image":[{"width":683,"height":1024,"url":"https:\/\/www.blogsoestado.com\/joaquimhaickel\/wp-content\/uploads\/sites\/6\/2025\/07\/b5b2759a-e192-4dc8-94ad-11c29dbb084b-683x1024.png","type":"image\/png"}],"author":"Joaquim Haickel","twitter_card":"summary_large_image","twitter_misc":{"Escrito por":"Joaquim Haickel","Est. tempo de leitura":"2 minutos"},"schema":{"@context":"https:\/\/schema.org","@graph":[{"@type":"WebPage","@id":"https:\/\/www.blogsoestado.com\/joaquimhaickel\/2025\/07\/22\/requiem-a-patria-amada-idolatrada\/","url":"https:\/\/www.blogsoestado.com\/joaquimhaickel\/2025\/07\/22\/requiem-a-patria-amada-idolatrada\/","name":"Requiem a p\u00e1tria amada, idolatrada - Joaquim Haickel","isPartOf":{"@id":"https:\/\/www.blogsoestado.com\/joaquimhaickel\/#website"},"primaryImageOfPage":{"@id":"https:\/\/www.blogsoestado.com\/joaquimhaickel\/2025\/07\/22\/requiem-a-patria-amada-idolatrada\/#primaryimage"},"image":{"@id":"https:\/\/www.blogsoestado.com\/joaquimhaickel\/2025\/07\/22\/requiem-a-patria-amada-idolatrada\/#primaryimage"},"thumbnailUrl":"https:\/\/www.blogsoestado.com\/joaquimhaickel\/wp-content\/uploads\/sites\/6\/2025\/07\/b5b2759a-e192-4dc8-94ad-11c29dbb084b-683x1024.png","datePublished":"2025-07-22T10:42:19+00:00","author":{"@id":"https:\/\/www.blogsoestado.com\/joaquimhaickel\/#\/schema\/person\/4a711644aff28245c6c2c3452d66d325"},"breadcrumb":{"@id":"https:\/\/www.blogsoestado.com\/joaquimhaickel\/2025\/07\/22\/requiem-a-patria-amada-idolatrada\/#breadcrumb"},"inLanguage":"pt-BR","potentialAction":[{"@type":"ReadAction","target":["https:\/\/www.blogsoestado.com\/joaquimhaickel\/2025\/07\/22\/requiem-a-patria-amada-idolatrada\/"]}]},{"@type":"ImageObject","inLanguage":"pt-BR","@id":"https:\/\/www.blogsoestado.com\/joaquimhaickel\/2025\/07\/22\/requiem-a-patria-amada-idolatrada\/#primaryimage","url":"https:\/\/www.blogsoestado.com\/joaquimhaickel\/wp-content\/uploads\/sites\/6\/2025\/07\/b5b2759a-e192-4dc8-94ad-11c29dbb084b.png","contentUrl":"https:\/\/www.blogsoestado.com\/joaquimhaickel\/wp-content\/uploads\/sites\/6\/2025\/07\/b5b2759a-e192-4dc8-94ad-11c29dbb084b.png","width":1024,"height":1536},{"@type":"BreadcrumbList","@id":"https:\/\/www.blogsoestado.com\/joaquimhaickel\/2025\/07\/22\/requiem-a-patria-amada-idolatrada\/#breadcrumb","itemListElement":[{"@type":"ListItem","position":1,"name":"In\u00edcio","item":"https:\/\/www.blogsoestado.com\/joaquimhaickel\/"},{"@type":"ListItem","position":2,"name":"Requiem a p\u00e1tria amada, idolatrada"}]},{"@type":"WebSite","@id":"https:\/\/www.blogsoestado.com\/joaquimhaickel\/#website","url":"https:\/\/www.blogsoestado.com\/joaquimhaickel\/","name":"Joaquim Haickel","description":"","potentialAction":[{"@type":"SearchAction","target":{"@type":"EntryPoint","urlTemplate":"https:\/\/www.blogsoestado.com\/joaquimhaickel\/?s={search_term_string}"},"query-input":{"@type":"PropertyValueSpecification","valueRequired":true,"valueName":"search_term_string"}}],"inLanguage":"pt-BR"},{"@type":"Person","@id":"https:\/\/www.blogsoestado.com\/joaquimhaickel\/#\/schema\/person\/4a711644aff28245c6c2c3452d66d325","name":"Joaquim Haickel","image":{"@type":"ImageObject","inLanguage":"pt-BR","@id":"https:\/\/www.blogsoestado.com\/joaquimhaickel\/#\/schema\/person\/image\/","url":"https:\/\/secure.gravatar.com\/avatar\/473d89339b9f8ec089adb8d5778363eb5a2ba2319956bcf0298bfd8cca04684a?s=96&d=mm&r=g","contentUrl":"https:\/\/secure.gravatar.com\/avatar\/473d89339b9f8ec089adb8d5778363eb5a2ba2319956bcf0298bfd8cca04684a?s=96&d=mm&r=g","caption":"Joaquim Haickel"},"url":"https:\/\/www.blogsoestado.com\/joaquimhaickel\/author\/joaquimhaickel\/"}]}},"jetpack_featured_media_url":"","_links":{"self":[{"href":"https:\/\/www.blogsoestado.com\/joaquimhaickel\/wp-json\/wp\/v2\/posts\/3969","targetHints":{"allow":["GET"]}}],"collection":[{"href":"https:\/\/www.blogsoestado.com\/joaquimhaickel\/wp-json\/wp\/v2\/posts"}],"about":[{"href":"https:\/\/www.blogsoestado.com\/joaquimhaickel\/wp-json\/wp\/v2\/types\/post"}],"author":[{"embeddable":true,"href":"https:\/\/www.blogsoestado.com\/joaquimhaickel\/wp-json\/wp\/v2\/users\/7"}],"replies":[{"embeddable":true,"href":"https:\/\/www.blogsoestado.com\/joaquimhaickel\/wp-json\/wp\/v2\/comments?post=3969"}],"version-history":[{"count":1,"href":"https:\/\/www.blogsoestado.com\/joaquimhaickel\/wp-json\/wp\/v2\/posts\/3969\/revisions"}],"predecessor-version":[{"id":3971,"href":"https:\/\/www.blogsoestado.com\/joaquimhaickel\/wp-json\/wp\/v2\/posts\/3969\/revisions\/3971"}],"wp:attachment":[{"href":"https:\/\/www.blogsoestado.com\/joaquimhaickel\/wp-json\/wp\/v2\/media?parent=3969"}],"wp:term":[{"taxonomy":"category","embeddable":true,"href":"https:\/\/www.blogsoestado.com\/joaquimhaickel\/wp-json\/wp\/v2\/categories?post=3969"},{"taxonomy":"post_tag","embeddable":true,"href":"https:\/\/www.blogsoestado.com\/joaquimhaickel\/wp-json\/wp\/v2\/tags?post=3969"}],"curies":[{"name":"wp","href":"https:\/\/api.w.org\/{rel}","templated":true}]}}