{"id":399,"date":"2009-05-02T22:36:58","date_gmt":"2009-05-03T01:36:58","guid":{"rendered":"https:\/\/www.blogsoestado.com\/joaquimhaickel\/2009\/05\/02\/de-recife\/"},"modified":"2009-05-02T22:36:58","modified_gmt":"2009-05-03T01:36:58","slug":"de-recife","status":"publish","type":"post","link":"https:\/\/www.blogsoestado.com\/joaquimhaickel\/2009\/05\/02\/de-recife\/","title":{"rendered":"De Recife"},"content":{"rendered":"<p>Confesso que estou sentindo um certo remorso por n\u00e3o estar a\u00ed no Maranh\u00e3o numa hora dessas, de tanta calamidade provocada pelas cheias de nossos rios devido \u00e0 grande quantidade de chuvas que est\u00e3o desabando sobre nossas cabe\u00e7as, mas de certa forma me conformo pelo fato de saber que tudo que \u00e9 poss\u00edvel fazer est\u00e1 sendo feito, tanto no \u00e2mbito da Assembl\u00e9ia Legislativa, quanto dos governos municipal, estadual e federal, para que toda essa dificuldade seja pelo menos em parte remediada e que possamos imediatamente solucionar os problemas dos atingidos para posteriormente, num m\u00e9dio prazo, tentarmos solucionar os problemas estruturais que recorrentemente causam tamanho transtorno.\u00a0<\/p>\n<p>Tamb\u00e9m gostaria de ter estado a\u00ed nas festas de comemora\u00e7\u00e3o do cinq\u00fcenten\u00e1rio do Jornal O Estado do Maranh\u00e3o, esse que \u00e9 o mais importante jornal de nossa terra. Gostaria de ter estado a\u00ed para o anivers\u00e1rio de Maria Adriana, para passar o feriado com minha namorada e com meus amigos, para ir hoje jogar basquete na Praia do Meio. Gostaria de estar ai para ir almo\u00e7ar com minha m\u00e3e, com minhas m\u00e3es, pois como sou um sujeito afortunado, tenho v\u00e1rias. Gostaria de estar a\u00ed para, mais tarde, ir ao cinema com Jacira&#8230;<\/p>\n<p>Mas o fato \u00e9 que estou em Recife, participando do Cine &#8211; PE, um dos mais importantes e prestigiados festivais de cinema de nosso pa\u00eds. Por aqui se encontram os mais importantes produtores, diretores, roteiristas, fot\u00f3grafos, atores e t\u00e9cnicos de todas as \u00e1reas ligadas ao cinema. Por aqui dei de cara com bons amigos que fiz nesses dez meses que participo desse mundo de gente fascinante e louca.<\/p>\n<p>Uma das primeiras pessoas que encontrei por aqui foi ningu\u00e9m menos que a pessoa que simboliza o cinema maranhense, Euclides Moreira. Ele hoje dirige a Funda\u00e7\u00e3o Municipal de Cultura de S\u00e3o Luis, a capital brasileira da cultura nesse ano de 2009, que \u00e9 bom que se lembre, completar\u00e1 400 anos em 2012, data que deveremos comemorar com pompa, circunst\u00e2ncia e conte\u00fado.<\/p>\n<p>Estar aqui entre tanta gente que vive cinema 24 horas por dia faz com que eu tome consci\u00eancia definitiva de que realmente n\u00e3o sou um cineasta, que sou apenas um escritor que ama cinema e que teve a sorte de ter feito um filme considerado por muitos um trabalho bem elaborado, bem estruturado, bem produzido, bem consolidado e bem finalizado. Isso n\u00e3o faz de mim um cineasta. Estou longe disso. Essas pessoas que est\u00e3o aqui, que estar\u00e3o em junho em S\u00e3o Lu\u00eds, estas sim, s\u00e3o cineastas, vivem o cinema. Eu apenas o amo, sou um viciado nele.<\/p>\n<p>Por falar em v\u00edcio, encontrei por aqui tamb\u00e9m o Celso Sabadin, importante critico de cinema e curador de diversos festivais por esse mundo afora, inclusive foi ele o respons\u00e1vel pela sele\u00e7\u00e3o de \u201cPelo Ouvido\u201d para alguns deles, e perguntei-lhe se ele acreditava realmente que cinema causa depend\u00eancia. Se seria poss\u00edvel classificar-se o excessivo interesse por cinema como dist\u00farbio, se isso era uma doen\u00e7a grave, ao que ele respondeu sorrindo que sim, disse que \u00e9 um grave dist\u00farbio para o qual n\u00e3o h\u00e1 medicamentos recomend\u00e1veis, terapia ou substitutivo. Que pipoca engorda e que a prolifera\u00e7\u00e3o de emissoras de TV a cabo e de v\u00eddeos clubes t\u00eam feito esse mal se proliferar, gra\u00e7as a Deus, e deu uma frondosa e simp\u00e1tica gargalhada.<\/p>\n<p>Conheci tamb\u00e9m um homem que ajudou a construir muito da minha consci\u00eancia pol\u00edtica, assim como de meus contempor\u00e2neos. Trata-se de Costantin Costa Gravas que foi homenageado pelo festival nesse ano. Costa Gravas \u00e9 o diretor de importantes filmes de cunho pol\u00edtico e ideol\u00f3gico realizados nos anos 70 e 80 como \u201cZ\u201d, \u201cEstado de Sitio\u201d, \u201cO Corte\u201d, \u201cAm\u00e9m\u201d, \u201cO Quarto Poder\u201d, \u201cDesaparecidos, o Grande Mist\u00e9rio\u201d entre outros.<\/p>\n<p align=\"center\">\u00a0<img decoding=\"async\" src=\"https:\/\/www.blogsoestado.com\/joaquimhaickel\/files\/2009\/05\/costa_gravas.JPG\" alt=\"costa_gravas.JPG\" \/><br \/>\n<em>Costantin Costa Gravas<\/em><\/p>\n<p>Passaram por aqui alguns monstros sagrados do cinema nacional como Lucy e Luis Carlos Barreto, Zelito Viana (filho do coronel Oliveira Paula e irm\u00e3o de meus amigos An\u00edsio, Roberto, Batatinha, Cacha\u00e7a&#8230;), An\u00edbal Massaini Neto, Paulo Mendon\u00e7a, Luis Carlos Lacerda, Assun\u00e7\u00e3o Hernandes, Hermes Leal e tamb\u00e9m o dinossaurico Jos\u00e9 Mojica Marins, o Z\u00e9 do Caix\u00e3o. Pude reencontrar velhos amigos como Jaciara Guerreiro, Chico Dias, Abdalla, Fabio Barreto, Lirio Ferreira e Denise Dumont, al\u00e9m de ter conhecido Silvio Back, C\u00e1ssio Gabus Mendes, Silvia Buarque de Holanda, Paula Barreto e Maria Padilha, Silvia Levy e Darcy Cunha Santos.<\/p>\n<p align=\"center\"><img decoding=\"async\" src=\"https:\/\/www.blogsoestado.com\/joaquimhaickel\/files\/2009\/05\/ze-do-caixao.JPG\" alt=\"ze-do-caixao.JPG\" \/><br \/>\n<em>Z\u00e9 do Caix\u00e3o<\/em><\/p>\n<p>Al\u00e9m de Costa Gravas tamb\u00e9m foram homenageados o diretor Roberto Farias, a atriz Dira Paes e o Canal Brasil, principal vitrine do cinema nacional na televis\u00e3o, que nesse festival premiar\u00e1 um curta metragem que passar\u00e1 a ser exibido por eles nacionalmente, inclusive \u201cPelo Ouvido\u201d est\u00e1 participando tamb\u00e9m dessa competi\u00e7\u00e3o.<\/p>\n<p>Para encerrar gostaria de conclamar a todos, principalmente as empresas de minha terra e a Secretaria de Cultura do Estado para que ap\u00f3iem o cinema local, come\u00e7ando pelo Festival Guarnic\u00ea, promovido h\u00e1 32 anos pela Universidade Federal do Maranh\u00e3o e de Euclides Moreira, pois s\u00e3o iniciativas como essa que consolidam a nossa cultura.<\/p>\n","protected":false},"excerpt":{"rendered":"<p>Confesso que estou sentindo um certo remorso por n\u00e3o estar a\u00ed no Maranh\u00e3o numa hora dessas, de tanta calamidade provocada [&hellip;]<\/p>\n","protected":false},"author":7,"featured_media":0,"comment_status":"open","ping_status":"open","sticky":false,"template":"","format":"standard","meta":{"site-sidebar-layout":"default","site-content-layout":"","ast-site-content-layout":"default","site-content-style":"default","site-sidebar-style":"default","ast-global-header-display":"","ast-banner-title-visibility":"","ast-main-header-display":"","ast-hfb-above-header-display":"","ast-hfb-below-header-display":"","ast-hfb-mobile-header-display":"","site-post-title":"","ast-breadcrumbs-content":"","ast-featured-img":"","footer-sml-layout":"","ast-disable-related-posts":"","theme-transparent-header-meta":"","adv-header-id-meta":"","stick-header-meta":"","header-above-stick-meta":"","header-main-stick-meta":"","header-below-stick-meta":"","astra-migrate-meta-layouts":"default","ast-page-background-enabled":"default","ast-page-background-meta":{"desktop":{"background-color":"var(--ast-global-color-5)","background-image":"","background-repeat":"repeat","background-position":"center center","background-size":"auto","background-attachment":"scroll","background-type":"","background-media":"","overlay-type":"","overlay-color":"","overlay-opacity":"","overlay-gradient":""},"tablet":{"background-color":"","background-image":"","background-repeat":"repeat","background-position":"center center","background-size":"auto","background-attachment":"scroll","background-type":"","background-media":"","overlay-type":"","overlay-color":"","overlay-opacity":"","overlay-gradient":""},"mobile":{"background-color":"","background-image":"","background-repeat":"repeat","background-position":"center center","background-size":"auto","background-attachment":"scroll","background-type":"","background-media":"","overlay-type":"","overlay-color":"","overlay-opacity":"","overlay-gradient":""}},"ast-content-background-meta":{"desktop":{"background-color":"var(--ast-global-color-4)","background-image":"","background-repeat":"repeat","background-position":"center center","background-size":"auto","background-attachment":"scroll","background-type":"","background-media":"","overlay-type":"","overlay-color":"","overlay-opacity":"","overlay-gradient":""},"tablet":{"background-color":"var(--ast-global-color-4)","background-image":"","background-repeat":"repeat","background-position":"center center","background-size":"auto","background-attachment":"scroll","background-type":"","background-media":"","overlay-type":"","overlay-color":"","overlay-opacity":"","overlay-gradient":""},"mobile":{"background-color":"var(--ast-global-color-4)","background-image":"","background-repeat":"repeat","background-position":"center center","background-size":"auto","background-attachment":"scroll","background-type":"","background-media":"","overlay-type":"","overlay-color":"","overlay-opacity":"","overlay-gradient":""}},"footnotes":""},"categories":[3],"tags":[],"class_list":["post-399","post","type-post","status-publish","format-standard","hentry","category-geral"],"yoast_head":"<!-- This site is optimized with the Yoast SEO plugin v26.6 - https:\/\/yoast.com\/wordpress\/plugins\/seo\/ -->\n<title>De Recife - Joaquim Haickel<\/title>\n<meta name=\"robots\" content=\"index, follow, max-snippet:-1, max-image-preview:large, max-video-preview:-1\" \/>\n<link rel=\"canonical\" href=\"https:\/\/www.blogsoestado.com\/joaquimhaickel\/2009\/05\/02\/de-recife\/\" \/>\n<meta property=\"og:locale\" content=\"pt_BR\" \/>\n<meta property=\"og:type\" content=\"article\" \/>\n<meta property=\"og:title\" content=\"De Recife - Joaquim Haickel\" \/>\n<meta property=\"og:description\" content=\"Confesso que estou sentindo um certo remorso por n\u00e3o estar a\u00ed no Maranh\u00e3o numa hora dessas, de tanta calamidade provocada [&hellip;]\" \/>\n<meta property=\"og:url\" content=\"https:\/\/www.blogsoestado.com\/joaquimhaickel\/2009\/05\/02\/de-recife\/\" \/>\n<meta property=\"og:site_name\" content=\"Joaquim Haickel\" \/>\n<meta property=\"article:published_time\" content=\"2009-05-03T01:36:58+00:00\" \/>\n<meta property=\"og:image\" content=\"https:\/\/www.blogsoestado.com\/joaquimhaickel\/files\/2009\/05\/costa_gravas.JPG\" \/>\n<meta name=\"author\" content=\"Joaquim Haickel\" \/>\n<meta name=\"twitter:card\" content=\"summary_large_image\" \/>\n<meta name=\"twitter:label1\" content=\"Escrito por\" \/>\n\t<meta name=\"twitter:data1\" content=\"Joaquim Haickel\" \/>\n\t<meta name=\"twitter:label2\" content=\"Est. tempo de leitura\" \/>\n\t<meta name=\"twitter:data2\" content=\"4 minutos\" \/>\n<script type=\"application\/ld+json\" class=\"yoast-schema-graph\">{\"@context\":\"https:\/\/schema.org\",\"@graph\":[{\"@type\":\"WebPage\",\"@id\":\"https:\/\/www.blogsoestado.com\/joaquimhaickel\/2009\/05\/02\/de-recife\/\",\"url\":\"https:\/\/www.blogsoestado.com\/joaquimhaickel\/2009\/05\/02\/de-recife\/\",\"name\":\"De Recife - Joaquim Haickel\",\"isPartOf\":{\"@id\":\"https:\/\/www.blogsoestado.com\/joaquimhaickel\/#website\"},\"primaryImageOfPage\":{\"@id\":\"https:\/\/www.blogsoestado.com\/joaquimhaickel\/2009\/05\/02\/de-recife\/#primaryimage\"},\"image\":{\"@id\":\"https:\/\/www.blogsoestado.com\/joaquimhaickel\/2009\/05\/02\/de-recife\/#primaryimage\"},\"thumbnailUrl\":\"https:\/\/www.blogsoestado.com\/joaquimhaickel\/files\/2009\/05\/costa_gravas.JPG\",\"datePublished\":\"2009-05-03T01:36:58+00:00\",\"author\":{\"@id\":\"https:\/\/www.blogsoestado.com\/joaquimhaickel\/#\/schema\/person\/4a711644aff28245c6c2c3452d66d325\"},\"breadcrumb\":{\"@id\":\"https:\/\/www.blogsoestado.com\/joaquimhaickel\/2009\/05\/02\/de-recife\/#breadcrumb\"},\"inLanguage\":\"pt-BR\",\"potentialAction\":[{\"@type\":\"ReadAction\",\"target\":[\"https:\/\/www.blogsoestado.com\/joaquimhaickel\/2009\/05\/02\/de-recife\/\"]}]},{\"@type\":\"ImageObject\",\"inLanguage\":\"pt-BR\",\"@id\":\"https:\/\/www.blogsoestado.com\/joaquimhaickel\/2009\/05\/02\/de-recife\/#primaryimage\",\"url\":\"https:\/\/www.blogsoestado.com\/joaquimhaickel\/files\/2009\/05\/costa_gravas.JPG\",\"contentUrl\":\"https:\/\/www.blogsoestado.com\/joaquimhaickel\/files\/2009\/05\/costa_gravas.JPG\"},{\"@type\":\"BreadcrumbList\",\"@id\":\"https:\/\/www.blogsoestado.com\/joaquimhaickel\/2009\/05\/02\/de-recife\/#breadcrumb\",\"itemListElement\":[{\"@type\":\"ListItem\",\"position\":1,\"name\":\"In\u00edcio\",\"item\":\"https:\/\/www.blogsoestado.com\/joaquimhaickel\/\"},{\"@type\":\"ListItem\",\"position\":2,\"name\":\"De Recife\"}]},{\"@type\":\"WebSite\",\"@id\":\"https:\/\/www.blogsoestado.com\/joaquimhaickel\/#website\",\"url\":\"https:\/\/www.blogsoestado.com\/joaquimhaickel\/\",\"name\":\"Joaquim Haickel\",\"description\":\"\",\"potentialAction\":[{\"@type\":\"SearchAction\",\"target\":{\"@type\":\"EntryPoint\",\"urlTemplate\":\"https:\/\/www.blogsoestado.com\/joaquimhaickel\/?s={search_term_string}\"},\"query-input\":{\"@type\":\"PropertyValueSpecification\",\"valueRequired\":true,\"valueName\":\"search_term_string\"}}],\"inLanguage\":\"pt-BR\"},{\"@type\":\"Person\",\"@id\":\"https:\/\/www.blogsoestado.com\/joaquimhaickel\/#\/schema\/person\/4a711644aff28245c6c2c3452d66d325\",\"name\":\"Joaquim Haickel\",\"image\":{\"@type\":\"ImageObject\",\"inLanguage\":\"pt-BR\",\"@id\":\"https:\/\/www.blogsoestado.com\/joaquimhaickel\/#\/schema\/person\/image\/\",\"url\":\"https:\/\/secure.gravatar.com\/avatar\/473d89339b9f8ec089adb8d5778363eb5a2ba2319956bcf0298bfd8cca04684a?s=96&d=mm&r=g\",\"contentUrl\":\"https:\/\/secure.gravatar.com\/avatar\/473d89339b9f8ec089adb8d5778363eb5a2ba2319956bcf0298bfd8cca04684a?s=96&d=mm&r=g\",\"caption\":\"Joaquim Haickel\"},\"url\":\"https:\/\/www.blogsoestado.com\/joaquimhaickel\/author\/joaquimhaickel\/\"}]}<\/script>\n<!-- \/ Yoast SEO plugin. -->","yoast_head_json":{"title":"De Recife - Joaquim Haickel","robots":{"index":"index","follow":"follow","max-snippet":"max-snippet:-1","max-image-preview":"max-image-preview:large","max-video-preview":"max-video-preview:-1"},"canonical":"https:\/\/www.blogsoestado.com\/joaquimhaickel\/2009\/05\/02\/de-recife\/","og_locale":"pt_BR","og_type":"article","og_title":"De Recife - Joaquim Haickel","og_description":"Confesso que estou sentindo um certo remorso por n\u00e3o estar a\u00ed no Maranh\u00e3o numa hora dessas, de tanta calamidade provocada [&hellip;]","og_url":"https:\/\/www.blogsoestado.com\/joaquimhaickel\/2009\/05\/02\/de-recife\/","og_site_name":"Joaquim Haickel","article_published_time":"2009-05-03T01:36:58+00:00","og_image":[{"url":"https:\/\/www.blogsoestado.com\/joaquimhaickel\/files\/2009\/05\/costa_gravas.JPG","type":"","width":"","height":""}],"author":"Joaquim Haickel","twitter_card":"summary_large_image","twitter_misc":{"Escrito por":"Joaquim Haickel","Est. tempo de leitura":"4 minutos"},"schema":{"@context":"https:\/\/schema.org","@graph":[{"@type":"WebPage","@id":"https:\/\/www.blogsoestado.com\/joaquimhaickel\/2009\/05\/02\/de-recife\/","url":"https:\/\/www.blogsoestado.com\/joaquimhaickel\/2009\/05\/02\/de-recife\/","name":"De Recife - Joaquim Haickel","isPartOf":{"@id":"https:\/\/www.blogsoestado.com\/joaquimhaickel\/#website"},"primaryImageOfPage":{"@id":"https:\/\/www.blogsoestado.com\/joaquimhaickel\/2009\/05\/02\/de-recife\/#primaryimage"},"image":{"@id":"https:\/\/www.blogsoestado.com\/joaquimhaickel\/2009\/05\/02\/de-recife\/#primaryimage"},"thumbnailUrl":"https:\/\/www.blogsoestado.com\/joaquimhaickel\/files\/2009\/05\/costa_gravas.JPG","datePublished":"2009-05-03T01:36:58+00:00","author":{"@id":"https:\/\/www.blogsoestado.com\/joaquimhaickel\/#\/schema\/person\/4a711644aff28245c6c2c3452d66d325"},"breadcrumb":{"@id":"https:\/\/www.blogsoestado.com\/joaquimhaickel\/2009\/05\/02\/de-recife\/#breadcrumb"},"inLanguage":"pt-BR","potentialAction":[{"@type":"ReadAction","target":["https:\/\/www.blogsoestado.com\/joaquimhaickel\/2009\/05\/02\/de-recife\/"]}]},{"@type":"ImageObject","inLanguage":"pt-BR","@id":"https:\/\/www.blogsoestado.com\/joaquimhaickel\/2009\/05\/02\/de-recife\/#primaryimage","url":"https:\/\/www.blogsoestado.com\/joaquimhaickel\/files\/2009\/05\/costa_gravas.JPG","contentUrl":"https:\/\/www.blogsoestado.com\/joaquimhaickel\/files\/2009\/05\/costa_gravas.JPG"},{"@type":"BreadcrumbList","@id":"https:\/\/www.blogsoestado.com\/joaquimhaickel\/2009\/05\/02\/de-recife\/#breadcrumb","itemListElement":[{"@type":"ListItem","position":1,"name":"In\u00edcio","item":"https:\/\/www.blogsoestado.com\/joaquimhaickel\/"},{"@type":"ListItem","position":2,"name":"De Recife"}]},{"@type":"WebSite","@id":"https:\/\/www.blogsoestado.com\/joaquimhaickel\/#website","url":"https:\/\/www.blogsoestado.com\/joaquimhaickel\/","name":"Joaquim Haickel","description":"","potentialAction":[{"@type":"SearchAction","target":{"@type":"EntryPoint","urlTemplate":"https:\/\/www.blogsoestado.com\/joaquimhaickel\/?s={search_term_string}"},"query-input":{"@type":"PropertyValueSpecification","valueRequired":true,"valueName":"search_term_string"}}],"inLanguage":"pt-BR"},{"@type":"Person","@id":"https:\/\/www.blogsoestado.com\/joaquimhaickel\/#\/schema\/person\/4a711644aff28245c6c2c3452d66d325","name":"Joaquim Haickel","image":{"@type":"ImageObject","inLanguage":"pt-BR","@id":"https:\/\/www.blogsoestado.com\/joaquimhaickel\/#\/schema\/person\/image\/","url":"https:\/\/secure.gravatar.com\/avatar\/473d89339b9f8ec089adb8d5778363eb5a2ba2319956bcf0298bfd8cca04684a?s=96&d=mm&r=g","contentUrl":"https:\/\/secure.gravatar.com\/avatar\/473d89339b9f8ec089adb8d5778363eb5a2ba2319956bcf0298bfd8cca04684a?s=96&d=mm&r=g","caption":"Joaquim Haickel"},"url":"https:\/\/www.blogsoestado.com\/joaquimhaickel\/author\/joaquimhaickel\/"}]}},"jetpack_featured_media_url":"","_links":{"self":[{"href":"https:\/\/www.blogsoestado.com\/joaquimhaickel\/wp-json\/wp\/v2\/posts\/399","targetHints":{"allow":["GET"]}}],"collection":[{"href":"https:\/\/www.blogsoestado.com\/joaquimhaickel\/wp-json\/wp\/v2\/posts"}],"about":[{"href":"https:\/\/www.blogsoestado.com\/joaquimhaickel\/wp-json\/wp\/v2\/types\/post"}],"author":[{"embeddable":true,"href":"https:\/\/www.blogsoestado.com\/joaquimhaickel\/wp-json\/wp\/v2\/users\/7"}],"replies":[{"embeddable":true,"href":"https:\/\/www.blogsoestado.com\/joaquimhaickel\/wp-json\/wp\/v2\/comments?post=399"}],"version-history":[{"count":0,"href":"https:\/\/www.blogsoestado.com\/joaquimhaickel\/wp-json\/wp\/v2\/posts\/399\/revisions"}],"wp:attachment":[{"href":"https:\/\/www.blogsoestado.com\/joaquimhaickel\/wp-json\/wp\/v2\/media?parent=399"}],"wp:term":[{"taxonomy":"category","embeddable":true,"href":"https:\/\/www.blogsoestado.com\/joaquimhaickel\/wp-json\/wp\/v2\/categories?post=399"},{"taxonomy":"post_tag","embeddable":true,"href":"https:\/\/www.blogsoestado.com\/joaquimhaickel\/wp-json\/wp\/v2\/tags?post=399"}],"curies":[{"name":"wp","href":"https:\/\/api.w.org\/{rel}","templated":true}]}}