{"id":405,"date":"2009-05-17T11:20:54","date_gmt":"2009-05-17T14:20:54","guid":{"rendered":"https:\/\/www.blogsoestado.com\/joaquimhaickel\/2009\/05\/17\/berro\/"},"modified":"2009-05-17T11:20:54","modified_gmt":"2009-05-17T14:20:54","slug":"berro","status":"publish","type":"post","link":"https:\/\/www.blogsoestado.com\/joaquimhaickel\/2009\/05\/17\/berro\/","title":{"rendered":"Berro!?"},"content":{"rendered":"<p>Ningu\u00e9m gosta muito de ser criticado. Criticado no sentido negativo da palavra. Isso \u00e9 conseq\u00fc\u00eancia da condi\u00e7\u00e3o humana e eu sem nenhum constrangimento assumo que sou um dos que n\u00e3o gosta de ser criticado, at\u00e9 porque os cr\u00edticos, sejam eles profissionais gabaritados ou meros borra-botas incompetentes, raramente levam em considera\u00e7\u00e3o crit\u00e9rios relevantes que devem ser realmente analisados. E o que \u00e9 mais incr\u00edvel, os incompetentes ainda s\u00e3o menos piores que os que os tais gabaritados, pois estes, estudiosos e aplicados no que fazem, conseguem realmente enfiar o dedo na ferida do criticado.<\/p>\n<p>Brincadeiras \u00e0 parte, digo isso para louvar primeiramente a iniciativa de certa critica que me fizeram. Vamos chamar de critica, pois, mesmo infundada, ou melhor, fundamentada em uma s\u00e9rie de inverdades, ela consubstancia-se numa deliciosa e agrad\u00e1vel leitura, pois usa como base, a melhor, em minha modesta opini\u00e3o, das obras de Jorge Amado.<\/p>\n<p>Trata-se de \u201cA Morte e a Morte de Quincas Berro D\u2019\u00c1gua\u201d. Historia urbana ambientada na Salvador dos anos 50. Uma novela repleta demais de nuances e detalhes, que poderia fazer algum desavisado cham\u00e1-la de pequeno romance, mas o fato dela ser lida de um f\u00f4lego s\u00f3, ser popular e acess\u00edvel a qualquer um, a torna simplesmente uma novela, quem sabe a mais primorosa de nossa literatura. Como diz o meu algoz, \u201cMistura sonho e realidade; loucura e racionalidade; amor e desamor; ternura e rancor, de forma envolvente e instigante\u201d. Bravo!!!<\/p>\n<p>Em seguida o dubl\u00ea de analista pol\u00edtico e cr\u00edtico liter\u00e1rio, mostrando muito mais seus dotes para a segunda fun\u00e7\u00e3o, descreve o tal Quincas: &#8220;Joaquim Soares da Cunha foi funcion\u00e1rio p\u00fablico, pai e marido exemplar at\u00e9 o dia em que se aposentou do servi\u00e7o p\u00fablico. A partir da\u00ed&#8230;\u201d e continua falando sobre o personagem e a obra de Jorge, com quem tive o prazer de conviver um pouco quando este passou uma temporada em S\u00e3o Luis, em meados dos anos 80, tempo em que conclu\u00eda seu livro \u201cTocaia Grande\u201d.<\/p>\n<p>At\u00e9 esse momento achava que o tal cr\u00edtico, era \u201co cara\u201d. Foi quando notei que o texto era bom demais para o autor. Fui ent\u00e3o procurar o meu exemplar do livro. N\u00e3o o encontrei. Estou de mudan\u00e7a e ele esta numa das caixas amontoadas na casa de minha m\u00e3e. Recorri sem cerim\u00f4nia, ao Google e qual n\u00e3o foi a minha surpresa ao ver que desavergonhado copiou Ipsis litteris, tudo, igualzinho at\u00e9 mesmo o erro contido na simplifica\u00e7\u00e3o do titulo da obra, pois h\u00e1 quem pense que o livro se chama \u201cA Morte de Quincas Berro D\u2019\u00c1gua\u201d, quando se chama na verdade \u201cA Morte e a Morte de Quincas Berro D\u2019\u00c1gua\u201d. Veja no endere\u00e7o pt.shvoong.com\/books\/novel\/1686764-morte-quincas-berro-agua\/ .<\/p>\n<p>Bem, j\u00e1 chega de falar do falso erudito, vamos falar agora do falso jornalista. Um cabra safado que vive agredindo, vilipendiando, falseando, denegrindo, ofendendo quem bem entende, com o \u00fanico intuito de agu\u00e7ar a parte mais obscura do car\u00e1ter das pessoas, aquela respons\u00e1vel pela m\u00f3rbida satisfa\u00e7\u00e3o que tem o ser humano em apreciar a dor dos outros, o grotesco, o chulo, o m\u00f3rbido, o tr\u00e1gico, o cruel.<\/p>\n<p>Esse jornalista, se \u00e9 que se pode chamar isso de jornalista, na semana passada deve ter lido o pedido p\u00fablico de desculpa que fiz, daqui deste espa\u00e7o e ele mais que ningu\u00e9m sabe a quem foi direcionado aquele pedido.<\/p>\n<p>Naquele mesmo dia ele destilaria seu veneno contra uma jovem que ele nem conhece e com a qual jamais ter\u00e1 a honra de trocar uma \u00fanica palavra, pois ela vive em um mundo que n\u00e3o \u00e9 o dele, muito diferente do esgoto onde ele habita.<\/p>\n<p>Para finalizar, nem vou tecer coment\u00e1rios sobre a alus\u00e3o que o tal \u201ccr\u00edtico\u201d fez desse Quincas aqui com o Quincas de Jorge Amado. \u00c9 que aquilo n\u00e3o pode ser levado em conta, pois para que se consiga material suficiente para preencher as mal escritas e mal impressas p\u00e1ginas de alguns jornais, s\u00f3 recorrendo-se ao que h\u00e1 de mais f\u00e1cil e abundante em nosso jornalismo, a vers\u00e3o, na melhor das hip\u00f3teses, ou na pior delas, a mentira deslavada.<br \/>\n\u00a0<br \/>\n\u00a0<br \/>\n<strong>Veja abaixo as referidas mat\u00e9rias e as devidas explica\u00e7\u00f5es<br \/>\n<\/strong>\u00a0<\/p>\n<h3>\u201cA Morte de Quincas Berro d\u2019\u00c1gua\u201d<\/h3>\n<p>A Morte de Quincas Berro d\u2019\u00c1gua \u00e9 uma das melhores narrativas publicadas por Jorge Amado. Sa\u00edda do prelo em l958, conquistou logo a admira\u00e7\u00e3o de quantos dela se aproximaram. Mistura sonho e realidade; loucura e racionalidade; amor e desamor; ternura e rancor, de forma envolvente e instigante.<\/p>\n<p>Joaquim Soares da Cunha foi funcion\u00e1rio p\u00fablico, pai e marido exemplar at\u00e9 o dia em que se aposentou do servi\u00e7o p\u00fablico. A partir da\u00ed, jogou tudo para o alto: fam\u00edlia, respeitabilidade, conhecidos, amigos, tradi\u00e7\u00e3o. Caiu na malandragem, no alcoolismo, na jogatina. Trocou a vida familiar pela conviv\u00eancia com as prostitutas, os b\u00eabados, os marinheiros, os jogadores e pequenos meliantes e contraventores da ral\u00e9 de Salvador. Sua sede era saciada com cacha\u00e7a e seu descanso era no ombro acolhedor da prostituta.<\/p>\n<p>Fez-se respeitado e admirado entre seus novos companheiros de infort\u00fanio: era o paizinho, s\u00e1bio e conselheiro, sempre disposto a mais uma farra ou bebedeira. Sua op\u00e7\u00e3o pela bandalha representa o grito terr\u00edvel do homem dominado e cerceado por preconceitos de toda sorte e que um dia rompe as amarras e grita por liberdade.Morreu solitariamente sobre uma enxerga imunda e sua morte detonou todo o processo de reconhecimento\/desconhecimento por parte da fam\u00edlia real e da fam\u00edlia adotada.<\/p>\n<p>Os amigos durante o vel\u00f3rio se embriagam e resolvem, b\u00eabados, levar o defunto para um \u00faltimo \u2018giro\u2019 pelo baixo-mundo que habitavam. O passeio passa pelos bord\u00e9is e botecos, terminando em um saveiro, onde h\u00e1 comida e mulheres. Vem uma tempestade e o corpo de Quincas cai ao mar.<\/p>\n<p>Ontem, um jornalista que cobre as atividades da Assembl\u00e9ia Legislativa, t\u00e3o logo foi encerrada a elei\u00e7\u00e3o que escolheu o novo segundo vice-presidente e quarto secret\u00e1rio da Mesa diretora, H\u00e9lio Soares e Marcos Caldas, exclamou: \u201cMorreu Quincas Berro D\u00e1gua\u201d. Fazia alus\u00e3o ao deputado governista Joaquim Haickel, que em v\u00e3o tentou &#8211; e n\u00e3o admitia ficar de fora &#8211; ocupar uma das duas vagas abertas com o licenciamento de Max Barros e Raimundo Cutrim.<\/p>\n<p>Um outro jornalista quis saber o motivo do \u2018apelido\u2019 e descobriu-se que a alus\u00e3o tinha nada a ver com o personagem de Jorge Amado. Ele explicou: \u201cO Quincas berrou, berrou, e acabou na \u00e1gua, sem nada&#8230;\u201d. Algo do tipo: nadou, nadou e morreu na praia&#8230;.<br \/>\n\u00a0<\/p>\n<h3>Como Helena<\/h3>\n<p>O deputado Joaquim Haickel (DEM) terminou imitando, ontem, o gesto de sua colega Helena Helluy (PT), a \u00fanica a n\u00e3o votar, em fevereiro, mesmo estando em plen\u00e1rio, no deputado Marcelo Tavares para a presid\u00eancia da Assembl\u00e9ia Legislativa.<br \/>\nHaickel, apesar de dizer que reconhecia o acordo de lideran\u00e7as que dividiu os dois cargos da mesa para as bancadas do governo e da oposi\u00e7\u00e3o, absteve-se de votar nos colegas H\u00e9lio Soares e Marcos Caldas.<br \/>\nInvocou uma tal \u2018coer\u00eancia\u2019 consigo mesmo ao fazer o meio protesto&#8230;<br \/>\n\u00a0<br \/>\n\u00a0<\/p>\n<h3>Acordo elege Marcos Caldas e H\u00e9lio Soares para a Mesa Diretora da AL e Haickel fica fora<\/h3>\n<p>Um acordo envolvendo oposicionistas e governistas garantiu ontem a elei\u00e7\u00e3o dos deputados H\u00e9lio Soares (segunda vice-presid\u00eancia) e Marcos Caldas (quarta secretaria) para a Mesa Diretora da Assembleia Legislativa, nas vagas abertas com a posse de Max Barros (DEM) e Raimundo Cutrim (DEM), respectivamente, no comando das Secretarias de Infra-Estrutura e de Seguran\u00e7a. O acordo deixou meio magoado o roseanista Joaquim Haickel, que queria uma das vagas, e numa esp\u00e9cie de protesto inusitado, se absteve de votar, mas permaneceu em plen\u00e1rio \u201cem apoio ao acordo\u201d.<\/p>\n<p>Na sess\u00e3o conduzida pelo presidente da Assembleia, Marcelo Tavares (PSB), Joaquim Haickel, que vinha cobrando as duas vagas para o bloco sarneisista, disse que respeitava o acordo feito pelas lideran\u00e7as, por isso estava em plen\u00e1rio dando quorum \u00e0 vota\u00e7\u00e3o, \u201cmas o meu voto tanto no deputado H\u00e9lio Soares quanto no deputado Marcos Caldas, por uma quest\u00e3o de coer\u00eancia, vai ser absten\u00e7\u00e3o\u201d. O l\u00edder do Bloco Democr\u00e1tico, Carlos Braide, havia anunciado momentos antes o acordo costurado, pelo qual o grupo roseanista ficaria com uma vaga para H\u00e9lio Soares e a outra iria para um deputado tido como sendo da agora oposi\u00e7\u00e3o.<\/p>\n<p>A primeira vota\u00e7\u00e3o foi para segundo vice\u2013presidente e H\u00e9lio Soares conseguiu 30 votos, 11 deputados estavam ausentes do plen\u00e1rio e houve uma absten\u00e7\u00e3o, justamente a de Joaquim Haickel. Na segunda vota\u00e7\u00e3o, para quatro secret\u00e1rio, Marcos Caldas obteve 31 votos, e desta vez caiu para 10 ausentes e novamente houve o registro da absten\u00e7\u00e3o de Haickel. Os dois foram eleitos para complementar o segundo bi\u00eanio da 16\u00aa legislatura da Assembl\u00e9ia. Quem tamb\u00e9m chegou a anunciar que seria candidato a uma das vagas foi Jo\u00e3o Batista, tamb\u00e9m do PP, que teve de abrir caminho para H\u00e9lio Soares dentro do bloco sarneisista.<br \/>\n\u00a0<\/p>\n<h3>A verdade<\/h3>\n<p>1) Pensei em ser candidato ao cargo de segundo vice-presidente da ALM. Falei com meus colegas e ficou tudo acertado, mas no dia seguinte resolvi desistir da disputa, pois minha elei\u00e7\u00e3o me impossibilitaria de participar das comiss\u00f5es t\u00e9cnicas da casa e eu sou membro das mais importantes delas (Constitui\u00e7\u00e3o e Justi\u00e7a, Or\u00e7amento, Ind\u00fastria e Com\u00e9rcio, defesa do consumidor, e meio-ambiente). O fato de n\u00e3o concorrer a um cargo n\u00e3o invalida a minha intransigente defesa do acordo feito para eleger as duas ultimas mesas diretoras da casa. Amanh\u00e3 aparece um gaiato querendo n\u00e3o honrar os acordos, podemos voltar para tempos pouco democr\u00e1ticos, isso pode virar jurisprud\u00eancia e de l\u00e1 j\u00e1 viemos.<\/p>\n<p>2) N\u00e3o fiz protesto algum. Posicionei-me de maneira clara em defesa do acordo que havia sido firmado quando da elei\u00e7\u00e3o da mesa da ALM em dezembro de 2008. Ser comparado \u00e0 deputada Helena Heluy, a mim muito me honra, pois em que pese n\u00e3o termos concep\u00e7\u00f5es pol\u00edticas id\u00eanticas, postulamos a mesma f\u00e9 na boa conviv\u00eancia, na toler\u00e2ncia, no respeito, na moral e na \u00e9tica.<\/p>\n<p>3) Os textos acima est\u00e3o repletos de erros de fato como por exemplo, Braide n\u00e3o \u00e9 l\u00edder do Bloco Democr\u00e1tico; Jo\u00e3o Batista n\u00e3o abriu m\u00e3o de sua vaga, foi sacrificado; Joaquim Haickel n\u00e3o pertence nem nunca pertenceu e espera nunca pertencer ao DEM;<br \/>\n\u00a0<br \/>\n<strong><em>PS: Os tr\u00eas textos acima foram copiados e transcritos como foram publicados. Os erros que existem neles s\u00e3o provenientes dos originais.<\/em><\/strong><\/p>\n","protected":false},"excerpt":{"rendered":"<p>Ningu\u00e9m gosta muito de ser criticado. Criticado no sentido negativo da palavra. Isso \u00e9 conseq\u00fc\u00eancia da condi\u00e7\u00e3o humana e eu [&hellip;]<\/p>\n","protected":false},"author":7,"featured_media":0,"comment_status":"open","ping_status":"open","sticky":false,"template":"","format":"standard","meta":{"site-sidebar-layout":"default","site-content-layout":"","ast-site-content-layout":"default","site-content-style":"default","site-sidebar-style":"default","ast-global-header-display":"","ast-banner-title-visibility":"","ast-main-header-display":"","ast-hfb-above-header-display":"","ast-hfb-below-header-display":"","ast-hfb-mobile-header-display":"","site-post-title":"","ast-breadcrumbs-content":"","ast-featured-img":"","footer-sml-layout":"","ast-disable-related-posts":"","theme-transparent-header-meta":"","adv-header-id-meta":"","stick-header-meta":"","header-above-stick-meta":"","header-main-stick-meta":"","header-below-stick-meta":"","astra-migrate-meta-layouts":"default","ast-page-background-enabled":"default","ast-page-background-meta":{"desktop":{"background-color":"var(--ast-global-color-5)","background-image":"","background-repeat":"repeat","background-position":"center center","background-size":"auto","background-attachment":"scroll","background-type":"","background-media":"","overlay-type":"","overlay-color":"","overlay-opacity":"","overlay-gradient":""},"tablet":{"background-color":"","background-image":"","background-repeat":"repeat","background-position":"center center","background-size":"auto","background-attachment":"scroll","background-type":"","background-media":"","overlay-type":"","overlay-color":"","overlay-opacity":"","overlay-gradient":""},"mobile":{"background-color":"","background-image":"","background-repeat":"repeat","background-position":"center center","background-size":"auto","background-attachment":"scroll","background-type":"","background-media":"","overlay-type":"","overlay-color":"","overlay-opacity":"","overlay-gradient":""}},"ast-content-background-meta":{"desktop":{"background-color":"var(--ast-global-color-4)","background-image":"","background-repeat":"repeat","background-position":"center center","background-size":"auto","background-attachment":"scroll","background-type":"","background-media":"","overlay-type":"","overlay-color":"","overlay-opacity":"","overlay-gradient":""},"tablet":{"background-color":"var(--ast-global-color-4)","background-image":"","background-repeat":"repeat","background-position":"center center","background-size":"auto","background-attachment":"scroll","background-type":"","background-media":"","overlay-type":"","overlay-color":"","overlay-opacity":"","overlay-gradient":""},"mobile":{"background-color":"var(--ast-global-color-4)","background-image":"","background-repeat":"repeat","background-position":"center center","background-size":"auto","background-attachment":"scroll","background-type":"","background-media":"","overlay-type":"","overlay-color":"","overlay-opacity":"","overlay-gradient":""}},"footnotes":""},"categories":[3],"tags":[],"class_list":["post-405","post","type-post","status-publish","format-standard","hentry","category-geral"],"yoast_head":"<!-- This site is optimized with the Yoast SEO plugin v26.6 - https:\/\/yoast.com\/wordpress\/plugins\/seo\/ -->\n<title>Berro!? - Joaquim Haickel<\/title>\n<meta name=\"robots\" content=\"index, follow, max-snippet:-1, max-image-preview:large, max-video-preview:-1\" \/>\n<link rel=\"canonical\" href=\"https:\/\/www.blogsoestado.com\/joaquimhaickel\/2009\/05\/17\/berro\/\" \/>\n<meta property=\"og:locale\" content=\"pt_BR\" \/>\n<meta property=\"og:type\" content=\"article\" \/>\n<meta property=\"og:title\" content=\"Berro!? - Joaquim Haickel\" \/>\n<meta property=\"og:description\" content=\"Ningu\u00e9m gosta muito de ser criticado. Criticado no sentido negativo da palavra. Isso \u00e9 conseq\u00fc\u00eancia da condi\u00e7\u00e3o humana e eu [&hellip;]\" \/>\n<meta property=\"og:url\" content=\"https:\/\/www.blogsoestado.com\/joaquimhaickel\/2009\/05\/17\/berro\/\" \/>\n<meta property=\"og:site_name\" content=\"Joaquim Haickel\" \/>\n<meta property=\"article:published_time\" content=\"2009-05-17T14:20:54+00:00\" \/>\n<meta name=\"author\" content=\"Joaquim Haickel\" \/>\n<meta name=\"twitter:card\" content=\"summary_large_image\" \/>\n<meta name=\"twitter:label1\" content=\"Escrito por\" \/>\n\t<meta name=\"twitter:data1\" content=\"Joaquim Haickel\" \/>\n\t<meta name=\"twitter:label2\" content=\"Est. tempo de leitura\" \/>\n\t<meta name=\"twitter:data2\" content=\"9 minutos\" \/>\n<script type=\"application\/ld+json\" class=\"yoast-schema-graph\">{\"@context\":\"https:\/\/schema.org\",\"@graph\":[{\"@type\":\"WebPage\",\"@id\":\"https:\/\/www.blogsoestado.com\/joaquimhaickel\/2009\/05\/17\/berro\/\",\"url\":\"https:\/\/www.blogsoestado.com\/joaquimhaickel\/2009\/05\/17\/berro\/\",\"name\":\"Berro!? - Joaquim Haickel\",\"isPartOf\":{\"@id\":\"https:\/\/www.blogsoestado.com\/joaquimhaickel\/#website\"},\"datePublished\":\"2009-05-17T14:20:54+00:00\",\"author\":{\"@id\":\"https:\/\/www.blogsoestado.com\/joaquimhaickel\/#\/schema\/person\/4a711644aff28245c6c2c3452d66d325\"},\"breadcrumb\":{\"@id\":\"https:\/\/www.blogsoestado.com\/joaquimhaickel\/2009\/05\/17\/berro\/#breadcrumb\"},\"inLanguage\":\"pt-BR\",\"potentialAction\":[{\"@type\":\"ReadAction\",\"target\":[\"https:\/\/www.blogsoestado.com\/joaquimhaickel\/2009\/05\/17\/berro\/\"]}]},{\"@type\":\"BreadcrumbList\",\"@id\":\"https:\/\/www.blogsoestado.com\/joaquimhaickel\/2009\/05\/17\/berro\/#breadcrumb\",\"itemListElement\":[{\"@type\":\"ListItem\",\"position\":1,\"name\":\"In\u00edcio\",\"item\":\"https:\/\/www.blogsoestado.com\/joaquimhaickel\/\"},{\"@type\":\"ListItem\",\"position\":2,\"name\":\"Berro!?\"}]},{\"@type\":\"WebSite\",\"@id\":\"https:\/\/www.blogsoestado.com\/joaquimhaickel\/#website\",\"url\":\"https:\/\/www.blogsoestado.com\/joaquimhaickel\/\",\"name\":\"Joaquim Haickel\",\"description\":\"\",\"potentialAction\":[{\"@type\":\"SearchAction\",\"target\":{\"@type\":\"EntryPoint\",\"urlTemplate\":\"https:\/\/www.blogsoestado.com\/joaquimhaickel\/?s={search_term_string}\"},\"query-input\":{\"@type\":\"PropertyValueSpecification\",\"valueRequired\":true,\"valueName\":\"search_term_string\"}}],\"inLanguage\":\"pt-BR\"},{\"@type\":\"Person\",\"@id\":\"https:\/\/www.blogsoestado.com\/joaquimhaickel\/#\/schema\/person\/4a711644aff28245c6c2c3452d66d325\",\"name\":\"Joaquim Haickel\",\"image\":{\"@type\":\"ImageObject\",\"inLanguage\":\"pt-BR\",\"@id\":\"https:\/\/www.blogsoestado.com\/joaquimhaickel\/#\/schema\/person\/image\/\",\"url\":\"https:\/\/secure.gravatar.com\/avatar\/473d89339b9f8ec089adb8d5778363eb5a2ba2319956bcf0298bfd8cca04684a?s=96&d=mm&r=g\",\"contentUrl\":\"https:\/\/secure.gravatar.com\/avatar\/473d89339b9f8ec089adb8d5778363eb5a2ba2319956bcf0298bfd8cca04684a?s=96&d=mm&r=g\",\"caption\":\"Joaquim Haickel\"},\"url\":\"https:\/\/www.blogsoestado.com\/joaquimhaickel\/author\/joaquimhaickel\/\"}]}<\/script>\n<!-- \/ Yoast SEO plugin. -->","yoast_head_json":{"title":"Berro!? - Joaquim Haickel","robots":{"index":"index","follow":"follow","max-snippet":"max-snippet:-1","max-image-preview":"max-image-preview:large","max-video-preview":"max-video-preview:-1"},"canonical":"https:\/\/www.blogsoestado.com\/joaquimhaickel\/2009\/05\/17\/berro\/","og_locale":"pt_BR","og_type":"article","og_title":"Berro!? - Joaquim Haickel","og_description":"Ningu\u00e9m gosta muito de ser criticado. Criticado no sentido negativo da palavra. Isso \u00e9 conseq\u00fc\u00eancia da condi\u00e7\u00e3o humana e eu [&hellip;]","og_url":"https:\/\/www.blogsoestado.com\/joaquimhaickel\/2009\/05\/17\/berro\/","og_site_name":"Joaquim Haickel","article_published_time":"2009-05-17T14:20:54+00:00","author":"Joaquim Haickel","twitter_card":"summary_large_image","twitter_misc":{"Escrito por":"Joaquim Haickel","Est. tempo de leitura":"9 minutos"},"schema":{"@context":"https:\/\/schema.org","@graph":[{"@type":"WebPage","@id":"https:\/\/www.blogsoestado.com\/joaquimhaickel\/2009\/05\/17\/berro\/","url":"https:\/\/www.blogsoestado.com\/joaquimhaickel\/2009\/05\/17\/berro\/","name":"Berro!? - Joaquim Haickel","isPartOf":{"@id":"https:\/\/www.blogsoestado.com\/joaquimhaickel\/#website"},"datePublished":"2009-05-17T14:20:54+00:00","author":{"@id":"https:\/\/www.blogsoestado.com\/joaquimhaickel\/#\/schema\/person\/4a711644aff28245c6c2c3452d66d325"},"breadcrumb":{"@id":"https:\/\/www.blogsoestado.com\/joaquimhaickel\/2009\/05\/17\/berro\/#breadcrumb"},"inLanguage":"pt-BR","potentialAction":[{"@type":"ReadAction","target":["https:\/\/www.blogsoestado.com\/joaquimhaickel\/2009\/05\/17\/berro\/"]}]},{"@type":"BreadcrumbList","@id":"https:\/\/www.blogsoestado.com\/joaquimhaickel\/2009\/05\/17\/berro\/#breadcrumb","itemListElement":[{"@type":"ListItem","position":1,"name":"In\u00edcio","item":"https:\/\/www.blogsoestado.com\/joaquimhaickel\/"},{"@type":"ListItem","position":2,"name":"Berro!?"}]},{"@type":"WebSite","@id":"https:\/\/www.blogsoestado.com\/joaquimhaickel\/#website","url":"https:\/\/www.blogsoestado.com\/joaquimhaickel\/","name":"Joaquim Haickel","description":"","potentialAction":[{"@type":"SearchAction","target":{"@type":"EntryPoint","urlTemplate":"https:\/\/www.blogsoestado.com\/joaquimhaickel\/?s={search_term_string}"},"query-input":{"@type":"PropertyValueSpecification","valueRequired":true,"valueName":"search_term_string"}}],"inLanguage":"pt-BR"},{"@type":"Person","@id":"https:\/\/www.blogsoestado.com\/joaquimhaickel\/#\/schema\/person\/4a711644aff28245c6c2c3452d66d325","name":"Joaquim Haickel","image":{"@type":"ImageObject","inLanguage":"pt-BR","@id":"https:\/\/www.blogsoestado.com\/joaquimhaickel\/#\/schema\/person\/image\/","url":"https:\/\/secure.gravatar.com\/avatar\/473d89339b9f8ec089adb8d5778363eb5a2ba2319956bcf0298bfd8cca04684a?s=96&d=mm&r=g","contentUrl":"https:\/\/secure.gravatar.com\/avatar\/473d89339b9f8ec089adb8d5778363eb5a2ba2319956bcf0298bfd8cca04684a?s=96&d=mm&r=g","caption":"Joaquim Haickel"},"url":"https:\/\/www.blogsoestado.com\/joaquimhaickel\/author\/joaquimhaickel\/"}]}},"jetpack_featured_media_url":"","_links":{"self":[{"href":"https:\/\/www.blogsoestado.com\/joaquimhaickel\/wp-json\/wp\/v2\/posts\/405","targetHints":{"allow":["GET"]}}],"collection":[{"href":"https:\/\/www.blogsoestado.com\/joaquimhaickel\/wp-json\/wp\/v2\/posts"}],"about":[{"href":"https:\/\/www.blogsoestado.com\/joaquimhaickel\/wp-json\/wp\/v2\/types\/post"}],"author":[{"embeddable":true,"href":"https:\/\/www.blogsoestado.com\/joaquimhaickel\/wp-json\/wp\/v2\/users\/7"}],"replies":[{"embeddable":true,"href":"https:\/\/www.blogsoestado.com\/joaquimhaickel\/wp-json\/wp\/v2\/comments?post=405"}],"version-history":[{"count":0,"href":"https:\/\/www.blogsoestado.com\/joaquimhaickel\/wp-json\/wp\/v2\/posts\/405\/revisions"}],"wp:attachment":[{"href":"https:\/\/www.blogsoestado.com\/joaquimhaickel\/wp-json\/wp\/v2\/media?parent=405"}],"wp:term":[{"taxonomy":"category","embeddable":true,"href":"https:\/\/www.blogsoestado.com\/joaquimhaickel\/wp-json\/wp\/v2\/categories?post=405"},{"taxonomy":"post_tag","embeddable":true,"href":"https:\/\/www.blogsoestado.com\/joaquimhaickel\/wp-json\/wp\/v2\/tags?post=405"}],"curies":[{"name":"wp","href":"https:\/\/api.w.org\/{rel}","templated":true}]}}