{"id":4084,"date":"2025-09-15T09:43:47","date_gmt":"2025-09-15T12:43:47","guid":{"rendered":"https:\/\/www.blogsoestado.com\/joaquimhaickel\/?p=4084"},"modified":"2025-09-15T10:45:39","modified_gmt":"2025-09-15T13:45:39","slug":"perguntas-e-respostas-que-certamente-dao-pano-para-mangas","status":"publish","type":"post","link":"https:\/\/www.blogsoestado.com\/joaquimhaickel\/2025\/09\/15\/perguntas-e-respostas-que-certamente-dao-pano-para-mangas\/","title":{"rendered":"Perguntas e respostas que certamente \u201cd\u00e3o pano para mangas\u201d."},"content":{"rendered":"\n<p>Recebi de um amigo a mensagem abaixo:<\/p>\n\n\n\n<figure class=\"wp-block-image size-full is-resized\"><img fetchpriority=\"high\" decoding=\"async\" width=\"1024\" height=\"1001\" src=\"https:\/\/www.blogsoestado.com\/joaquimhaickel\/wp-content\/uploads\/sites\/6\/2025\/09\/1-1-9.png\" alt=\"\" class=\"wp-image-4085\" style=\"width:566px;height:auto\" srcset=\"https:\/\/www.blogsoestado.com\/joaquimhaickel\/wp-content\/uploads\/sites\/6\/2025\/09\/1-1-9.png 1024w, https:\/\/www.blogsoestado.com\/joaquimhaickel\/wp-content\/uploads\/sites\/6\/2025\/09\/1-1-9-300x293.png 300w, https:\/\/www.blogsoestado.com\/joaquimhaickel\/wp-content\/uploads\/sites\/6\/2025\/09\/1-1-9-768x751.png 768w\" sizes=\"(max-width: 1024px) 100vw, 1024px\" \/><\/figure>\n\n\n\n<p>\u201cCaro Joaquim,<\/p>\n\n\n\n<p>Nem sempre concordo com suas postagens, principalmente quando voc\u00ea ataca o presidente Bolsonaro, mas reconhe\u00e7o que, dentro de seus crit\u00e9rios, voc\u00ea busca aquilo que para mim \u00e9 uma das coisas mais importantes em um posicionamento ideol\u00f3gico: Coer\u00eancia.<\/p>\n\n\n\n<p>Por isso, envio para voc\u00ea algumas perguntas para que possamos, atrav\u00e9s das respostas que voc\u00ea fornecer a elas, analisar os fatos que as envolvem.<\/p>\n\n\n\n<p>Gostaria de fazer as mesmas perguntas para quatro outros juristas, os ex-ministros do STF, Nelson Jobim e Joaquim Barbosa, o advogado Andr\u00e9 Marsiglia, e o cientista pol\u00edtico Fernando Schuler. Se voc\u00ea puder mande essas perguntas para eles. Penso que seria importante termos uma vis\u00e3o mais ampla sobre esses assuntos.<\/p>\n\n\n\n<p>Perguntas<\/p>\n\n\n\n<p>1 \u2013 Em que casos nossa legisla\u00e7\u00e3o criminaliza a opini\u00e3o, a express\u00e3o de ideias ou a manifesta\u00e7\u00e3o ideol\u00f3gica? Qual deve ser o foro espec\u00edfico para o julgamento de pessoas que n\u00e3o possuam prerrogativa de fun\u00e7\u00e3o e cometam algum desses delitos?<\/p>\n\n\n\n<p>2 \u2013 Pessoas sem prerrogativa de foro, que, insatisfeitas com o resultado das elei\u00e7\u00f5es, pedem interven\u00e7\u00e3o das For\u00e7as Armadas e depredam pr\u00e9dios p\u00fablicos federais em Bras\u00edlia, devem ser denunciadas em qual foro?<\/p>\n\n\n\n<p>3 \u2013 Um ex-presidente da Rep\u00fablica e diversos de seus ex-assessores teriam cometido os crimes de organiza\u00e7\u00e3o criminosa armada, tentativa de aboli\u00e7\u00e3o violenta do Estado Democr\u00e1tico de Direito, tentativa de golpe de Estado, dano qualificado e deteriora\u00e7\u00e3o de patrim\u00f4nio tombado. Segundo a legisla\u00e7\u00e3o vigente, em qual foro eles devem ser processados?<\/p>\n\n\n\n<p>4 \u2013 Existe alguma forma legal de deslocar uma den\u00fancia para foro diferente do previsto segundo as prerrogativas dos acusados?<\/p>\n\n\n\n<p>5 &#8211; Existe alguma justificativa legal e justa para que o STF tenha chamado para si a tramita\u00e7\u00e3o dos processos das \u201cfake news\u201d, dos atos de 8 de janeiro de 2023 e da chamada \u201ctrama golpista\u201d? Em caso positivo, existe alguma justificativa irrefut\u00e1vel para que a lei constitucional de foro seja desrespeitada colocando em seu lugar uma norma inferior e de menor valor legal?<\/p>\n\n\n\n<p>Abra\u00e7o,<\/p>\n\n\n\n<p>RB\u201d<\/p>\n\n\n\n<p>Nota de Joaquim Haickel: Usei apenas as iniciais dos nomes da pessoa que me mandou essa mensagem, pois n\u00e3o pedi sua autoriza\u00e7\u00e3o para divulgar seu nome.<\/p>\n\n\n\n<p>Tentarei responder as quest\u00f5es propostas com base em meus modestos conhecimentos, e sempre que for necess\u00e1rio recorrei a Constitui\u00e7\u00e3o Federal e aos c\u00f3digos referentes aos assuntos abordados, por\u00e9m desde j\u00e1 antecipo ao amigo que me enviou essas perguntas e a todos os meus poucos leitores, que muito melhor seria se tiv\u00e9ssemos as respostas para esses questionamentos vindas dos quatro juristas citados por ele em sua mensagem.<\/p>\n\n\n\n<p>Resposta para quest\u00e3o 1 \u2013 A Constitui\u00e7\u00e3o de 1988 garante a liberdade de express\u00e3o como direito fundamental (art. 5\u00ba, IV e IX; art. 220, caput). No plano constitucional, a liberdade \u00e9 regra, e a censura \u00e9 vedada. Contudo, a pr\u00f3pria Constitui\u00e7\u00e3o imp\u00f5e limites, fazendo com que a manifesta\u00e7\u00e3o de ideias seja pun\u00edvel quando atingir outros bens jur\u00eddicos relevantes, como Crimes contra a honra (arts. 138 a 140, CP); Apologia de crime ou criminoso (art. 287, CP); Incita\u00e7\u00e3o ao crime (art. 286, CP); Racismo e discrimina\u00e7\u00e3o (art. 5\u00ba, XLII, CF e Lei 7.716\/1989); Crimes contra o Estado Democr\u00e1tico de Direito (arts. 359-L e 359-M, CP, Lei 14.197\/2021).<\/p>\n\n\n\n<p>Quanto ao foro competente para julgamento dessas pessoas, \u00e9 a 1\u00aa inst\u00e2ncia da Justi\u00e7a. Se o crime for de cal\u00fania, inj\u00faria, difama\u00e7\u00e3o, caber\u00e1 a Justi\u00e7a Estadual, se o crime for contra bens, servi\u00e7os ou interesses da Uni\u00e3o, caber\u00e1 a Justi\u00e7a Federal (art. 109, IV, CF).<\/p>\n\n\n\n<p>Resposta para quest\u00e3o 2 \u2013 Pessoas sem prerrogativa de foro devem ser denunciadas pelo Minist\u00e9rio P\u00fablico Federal perante a Justi\u00e7a Federal de 1\u00aa inst\u00e2ncia do Distrito Federal.<\/p>\n\n\n\n<p>Resposta para quest\u00e3o 3 \u2013 A a\u00e7\u00e3o penal p\u00fablica pertence exclusivamente ao Minist\u00e9rio P\u00fablico (art. 129, I, CF). O foro depende da situa\u00e7\u00e3o funcional do agente no momento do crime. Um ex-presidente da Rep\u00fablica perde o foro privilegiado e a den\u00fancia do Minist\u00e9rio P\u00fablico Federal deve ser feita \u00e0 Justi\u00e7a Federal de 1\u00aa inst\u00e2ncia. No caso de ex-assessores sem prerrogativa de foro, a mesma regra deve ser seguida.<\/p>\n\n\n\n<p>Resposta para quest\u00e3o 4 \u2013 N\u00e3o. A compet\u00eancia penal \u00e9 definida pela Constitui\u00e7\u00e3o (arts. 102, 105, 108, 109, CF) e n\u00e3o pode ser alterada por conveni\u00eancia, mas h\u00e1 exce\u00e7\u00f5es normatizadas por lei, como no caso de perda ou ren\u00fancia do cargo, quando o processo desce do STF para 1\u00aa inst\u00e2ncia; no caso de crime sem rela\u00e7\u00e3o com o cargo, cujo processo j\u00e1 nasce na 1\u00aa inst\u00e2ncia; no caso de desmembramento do processo, quando os corr\u00e9us sem foro v\u00e3o \u00e0 1\u00aa inst\u00e2ncia, o detentor de foro permanece no STF (AP 937-QO, 2018).<\/p>\n\n\n\n<p>Resposta para quest\u00e3o 5- O Supremo Tribunal Federal apresentou tr\u00eas fundamentos principais para concentrar esses processos sob sua jurisdi\u00e7\u00e3o: Prote\u00e7\u00e3o institucional, em rela\u00e7\u00e3o ao Inqu\u00e9rito 4781 (fake news), invocou o art. 43 do Regimento Interno do STF (RISTF), que permite abrir inqu\u00e9rito de of\u00edcio para apurar crimes ocorridos na sede ou contra a Corte, ocorre que esse artigo do RISTF n\u00e3o foi recepcionado pela CF\/88; A exist\u00eancia de autoridades com foro privilegiado, alegando que muitos investigados eram parlamentares ou ministros de Estado, o que atrairia compet\u00eancia origin\u00e1ria do STF (art. 102, I, \u201cb\u201d, CF), fato que n\u00e3o \u00e9 verdadeiro em rela\u00e7\u00e3o aos casos de 8 de janeiro e da trama golpista; Alegando gravidade excepcional, &nbsp;tanto no 8 de janeiro de 2023 quanto na chamada trama golpista, o STF sustentou que havia ataque direto \u00e0s institui\u00e7\u00f5es democr\u00e1ticas, justificando resposta imediata e unificada para proteger o Estado de Direito, o que \u00e9 um fato bastante controverso, que depende de interpreta\u00e7\u00e3o pessoal, cujo entendimento pode ser facilmente destorcido.<\/p>\n\n\n\n<p>Ocorre que todos esses fundamentos apresentados pelo STF t\u00eam graves e s\u00e9rias fragilidades: A CF\/88 n\u00e3o autoriza o STF a instaurar inqu\u00e9ritos de of\u00edcio, estabelecendo literalmente que isso \u00e9 atribui\u00e7\u00e3o do Minist\u00e9rio P\u00fablico (art. 129, I, CF); A Constitui\u00e7\u00e3o fixa a compet\u00eancia do STF de forma taxativa (art. 102, CF). Pessoas sem foro privilegiado devem ser processadas na Justi\u00e7a Federal de 1\u00aa inst\u00e2ncia. A atra\u00e7\u00e3o indiscriminada por \u201cconex\u00e3o\u201d viola o princ\u00edpio do juiz natural (art. 5\u00ba, LIII, CF); o STF passou a ser simultaneamente v\u00edtima, investigador, acusador e julgador, o que contraria o sistema acusat\u00f3rio da CF\/88 e o devido processo legal (art. 5\u00ba, LIV, CF); A inexist\u00eancia de imparcialidade por parte de julgadores que aparecem como v\u00edtima nesses processos, que tenham se manifestado sobre os r\u00e9us de maneira desabonadora e antag\u00f4nica e que tenham atuado como advogado de advers\u00e1rios pol\u00edticos dos r\u00e9us.<\/p>\n\n\n\n<p>Espero que as respostas que consegui elaborar para essas quest\u00f5es sejam satisfat\u00f3rias, mas volto a dizer que muito melhor seria se elas fossem fornecidas por figuras bem mais relevantes que eu, como os ex-ministros do STF, Nelson Jobim e Joaquim Barbosa, o advogado Andr\u00e9 Marsiglia, e o cientista pol\u00edtico Fernando Schuler.<\/p>\n","protected":false},"excerpt":{"rendered":"<p>Recebi de um amigo a mensagem abaixo: \u201cCaro Joaquim, Nem sempre concordo com suas postagens, principalmente quando voc\u00ea ataca o [&hellip;]<\/p>\n","protected":false},"author":7,"featured_media":0,"comment_status":"open","ping_status":"open","sticky":false,"template":"","format":"standard","meta":{"site-sidebar-layout":"default","site-content-layout":"","ast-site-content-layout":"default","site-content-style":"default","site-sidebar-style":"default","ast-global-header-display":"","ast-banner-title-visibility":"","ast-main-header-display":"","ast-hfb-above-header-display":"","ast-hfb-below-header-display":"","ast-hfb-mobile-header-display":"","site-post-title":"","ast-breadcrumbs-content":"","ast-featured-img":"","footer-sml-layout":"","ast-disable-related-posts":"","theme-transparent-header-meta":"","adv-header-id-meta":"","stick-header-meta":"","header-above-stick-meta":"","header-main-stick-meta":"","header-below-stick-meta":"","astra-migrate-meta-layouts":"default","ast-page-background-enabled":"default","ast-page-background-meta":{"desktop":{"background-color":"var(--ast-global-color-5)","background-image":"","background-repeat":"repeat","background-position":"center center","background-size":"auto","background-attachment":"scroll","background-type":"","background-media":"","overlay-type":"","overlay-color":"","overlay-opacity":"","overlay-gradient":""},"tablet":{"background-color":"","background-image":"","background-repeat":"repeat","background-position":"center center","background-size":"auto","background-attachment":"scroll","background-type":"","background-media":"","overlay-type":"","overlay-color":"","overlay-opacity":"","overlay-gradient":""},"mobile":{"background-color":"","background-image":"","background-repeat":"repeat","background-position":"center center","background-size":"auto","background-attachment":"scroll","background-type":"","background-media":"","overlay-type":"","overlay-color":"","overlay-opacity":"","overlay-gradient":""}},"ast-content-background-meta":{"desktop":{"background-color":"var(--ast-global-color-4)","background-image":"","background-repeat":"repeat","background-position":"center center","background-size":"auto","background-attachment":"scroll","background-type":"","background-media":"","overlay-type":"","overlay-color":"","overlay-opacity":"","overlay-gradient":""},"tablet":{"background-color":"var(--ast-global-color-4)","background-image":"","background-repeat":"repeat","background-position":"center center","background-size":"auto","background-attachment":"scroll","background-type":"","background-media":"","overlay-type":"","overlay-color":"","overlay-opacity":"","overlay-gradient":""},"mobile":{"background-color":"var(--ast-global-color-4)","background-image":"","background-repeat":"repeat","background-position":"center center","background-size":"auto","background-attachment":"scroll","background-type":"","background-media":"","overlay-type":"","overlay-color":"","overlay-opacity":"","overlay-gradient":""}},"footnotes":""},"categories":[1],"tags":[],"class_list":["post-4084","post","type-post","status-publish","format-standard","hentry","category-sem-categoria"],"yoast_head":"<!-- This site is optimized with the Yoast SEO plugin v26.6 - https:\/\/yoast.com\/wordpress\/plugins\/seo\/ -->\n<title>Perguntas e respostas que certamente \u201cd\u00e3o pano para mangas\u201d. - Joaquim Haickel<\/title>\n<meta name=\"robots\" content=\"index, follow, max-snippet:-1, max-image-preview:large, max-video-preview:-1\" \/>\n<link rel=\"canonical\" href=\"https:\/\/www.blogsoestado.com\/joaquimhaickel\/2025\/09\/15\/perguntas-e-respostas-que-certamente-dao-pano-para-mangas\/\" \/>\n<meta property=\"og:locale\" content=\"pt_BR\" \/>\n<meta property=\"og:type\" content=\"article\" \/>\n<meta property=\"og:title\" content=\"Perguntas e respostas que certamente \u201cd\u00e3o pano para mangas\u201d. - Joaquim Haickel\" \/>\n<meta property=\"og:description\" content=\"Recebi de um amigo a mensagem abaixo: \u201cCaro Joaquim, Nem sempre concordo com suas postagens, principalmente quando voc\u00ea ataca o [&hellip;]\" \/>\n<meta property=\"og:url\" content=\"https:\/\/www.blogsoestado.com\/joaquimhaickel\/2025\/09\/15\/perguntas-e-respostas-que-certamente-dao-pano-para-mangas\/\" \/>\n<meta property=\"og:site_name\" content=\"Joaquim Haickel\" \/>\n<meta property=\"article:published_time\" content=\"2025-09-15T12:43:47+00:00\" \/>\n<meta property=\"article:modified_time\" content=\"2025-09-15T13:45:39+00:00\" \/>\n<meta property=\"og:image\" content=\"https:\/\/www.blogsoestado.com\/joaquimhaickel\/wp-content\/uploads\/sites\/6\/2025\/09\/1-1-9.png\" \/>\n\t<meta property=\"og:image:width\" content=\"1024\" \/>\n\t<meta property=\"og:image:height\" content=\"1001\" \/>\n\t<meta property=\"og:image:type\" content=\"image\/png\" \/>\n<meta name=\"author\" content=\"Joaquim Haickel\" \/>\n<meta name=\"twitter:card\" content=\"summary_large_image\" \/>\n<meta name=\"twitter:label1\" content=\"Escrito por\" \/>\n\t<meta name=\"twitter:data1\" content=\"Joaquim Haickel\" \/>\n\t<meta name=\"twitter:label2\" content=\"Est. tempo de leitura\" \/>\n\t<meta name=\"twitter:data2\" content=\"7 minutos\" \/>\n<script type=\"application\/ld+json\" class=\"yoast-schema-graph\">{\"@context\":\"https:\/\/schema.org\",\"@graph\":[{\"@type\":\"WebPage\",\"@id\":\"https:\/\/www.blogsoestado.com\/joaquimhaickel\/2025\/09\/15\/perguntas-e-respostas-que-certamente-dao-pano-para-mangas\/\",\"url\":\"https:\/\/www.blogsoestado.com\/joaquimhaickel\/2025\/09\/15\/perguntas-e-respostas-que-certamente-dao-pano-para-mangas\/\",\"name\":\"Perguntas e respostas que certamente \u201cd\u00e3o pano para mangas\u201d. - Joaquim Haickel\",\"isPartOf\":{\"@id\":\"https:\/\/www.blogsoestado.com\/joaquimhaickel\/#website\"},\"primaryImageOfPage\":{\"@id\":\"https:\/\/www.blogsoestado.com\/joaquimhaickel\/2025\/09\/15\/perguntas-e-respostas-que-certamente-dao-pano-para-mangas\/#primaryimage\"},\"image\":{\"@id\":\"https:\/\/www.blogsoestado.com\/joaquimhaickel\/2025\/09\/15\/perguntas-e-respostas-que-certamente-dao-pano-para-mangas\/#primaryimage\"},\"thumbnailUrl\":\"https:\/\/www.blogsoestado.com\/joaquimhaickel\/wp-content\/uploads\/sites\/6\/2025\/09\/1-1-9.png\",\"datePublished\":\"2025-09-15T12:43:47+00:00\",\"dateModified\":\"2025-09-15T13:45:39+00:00\",\"author\":{\"@id\":\"https:\/\/www.blogsoestado.com\/joaquimhaickel\/#\/schema\/person\/4a711644aff28245c6c2c3452d66d325\"},\"breadcrumb\":{\"@id\":\"https:\/\/www.blogsoestado.com\/joaquimhaickel\/2025\/09\/15\/perguntas-e-respostas-que-certamente-dao-pano-para-mangas\/#breadcrumb\"},\"inLanguage\":\"pt-BR\",\"potentialAction\":[{\"@type\":\"ReadAction\",\"target\":[\"https:\/\/www.blogsoestado.com\/joaquimhaickel\/2025\/09\/15\/perguntas-e-respostas-que-certamente-dao-pano-para-mangas\/\"]}]},{\"@type\":\"ImageObject\",\"inLanguage\":\"pt-BR\",\"@id\":\"https:\/\/www.blogsoestado.com\/joaquimhaickel\/2025\/09\/15\/perguntas-e-respostas-que-certamente-dao-pano-para-mangas\/#primaryimage\",\"url\":\"https:\/\/www.blogsoestado.com\/joaquimhaickel\/wp-content\/uploads\/sites\/6\/2025\/09\/1-1-9.png\",\"contentUrl\":\"https:\/\/www.blogsoestado.com\/joaquimhaickel\/wp-content\/uploads\/sites\/6\/2025\/09\/1-1-9.png\",\"width\":1024,\"height\":1001},{\"@type\":\"BreadcrumbList\",\"@id\":\"https:\/\/www.blogsoestado.com\/joaquimhaickel\/2025\/09\/15\/perguntas-e-respostas-que-certamente-dao-pano-para-mangas\/#breadcrumb\",\"itemListElement\":[{\"@type\":\"ListItem\",\"position\":1,\"name\":\"In\u00edcio\",\"item\":\"https:\/\/www.blogsoestado.com\/joaquimhaickel\/\"},{\"@type\":\"ListItem\",\"position\":2,\"name\":\"Perguntas e respostas que certamente \u201cd\u00e3o pano para mangas\u201d.\"}]},{\"@type\":\"WebSite\",\"@id\":\"https:\/\/www.blogsoestado.com\/joaquimhaickel\/#website\",\"url\":\"https:\/\/www.blogsoestado.com\/joaquimhaickel\/\",\"name\":\"Joaquim Haickel\",\"description\":\"\",\"potentialAction\":[{\"@type\":\"SearchAction\",\"target\":{\"@type\":\"EntryPoint\",\"urlTemplate\":\"https:\/\/www.blogsoestado.com\/joaquimhaickel\/?s={search_term_string}\"},\"query-input\":{\"@type\":\"PropertyValueSpecification\",\"valueRequired\":true,\"valueName\":\"search_term_string\"}}],\"inLanguage\":\"pt-BR\"},{\"@type\":\"Person\",\"@id\":\"https:\/\/www.blogsoestado.com\/joaquimhaickel\/#\/schema\/person\/4a711644aff28245c6c2c3452d66d325\",\"name\":\"Joaquim Haickel\",\"image\":{\"@type\":\"ImageObject\",\"inLanguage\":\"pt-BR\",\"@id\":\"https:\/\/www.blogsoestado.com\/joaquimhaickel\/#\/schema\/person\/image\/\",\"url\":\"https:\/\/secure.gravatar.com\/avatar\/473d89339b9f8ec089adb8d5778363eb5a2ba2319956bcf0298bfd8cca04684a?s=96&d=mm&r=g\",\"contentUrl\":\"https:\/\/secure.gravatar.com\/avatar\/473d89339b9f8ec089adb8d5778363eb5a2ba2319956bcf0298bfd8cca04684a?s=96&d=mm&r=g\",\"caption\":\"Joaquim Haickel\"},\"url\":\"https:\/\/www.blogsoestado.com\/joaquimhaickel\/author\/joaquimhaickel\/\"}]}<\/script>\n<!-- \/ Yoast SEO plugin. -->","yoast_head_json":{"title":"Perguntas e respostas que certamente \u201cd\u00e3o pano para mangas\u201d. - Joaquim Haickel","robots":{"index":"index","follow":"follow","max-snippet":"max-snippet:-1","max-image-preview":"max-image-preview:large","max-video-preview":"max-video-preview:-1"},"canonical":"https:\/\/www.blogsoestado.com\/joaquimhaickel\/2025\/09\/15\/perguntas-e-respostas-que-certamente-dao-pano-para-mangas\/","og_locale":"pt_BR","og_type":"article","og_title":"Perguntas e respostas que certamente \u201cd\u00e3o pano para mangas\u201d. - Joaquim Haickel","og_description":"Recebi de um amigo a mensagem abaixo: \u201cCaro Joaquim, Nem sempre concordo com suas postagens, principalmente quando voc\u00ea ataca o [&hellip;]","og_url":"https:\/\/www.blogsoestado.com\/joaquimhaickel\/2025\/09\/15\/perguntas-e-respostas-que-certamente-dao-pano-para-mangas\/","og_site_name":"Joaquim Haickel","article_published_time":"2025-09-15T12:43:47+00:00","article_modified_time":"2025-09-15T13:45:39+00:00","og_image":[{"width":1024,"height":1001,"url":"https:\/\/www.blogsoestado.com\/joaquimhaickel\/wp-content\/uploads\/sites\/6\/2025\/09\/1-1-9.png","type":"image\/png"}],"author":"Joaquim Haickel","twitter_card":"summary_large_image","twitter_misc":{"Escrito por":"Joaquim Haickel","Est. tempo de leitura":"7 minutos"},"schema":{"@context":"https:\/\/schema.org","@graph":[{"@type":"WebPage","@id":"https:\/\/www.blogsoestado.com\/joaquimhaickel\/2025\/09\/15\/perguntas-e-respostas-que-certamente-dao-pano-para-mangas\/","url":"https:\/\/www.blogsoestado.com\/joaquimhaickel\/2025\/09\/15\/perguntas-e-respostas-que-certamente-dao-pano-para-mangas\/","name":"Perguntas e respostas que certamente \u201cd\u00e3o pano para mangas\u201d. - Joaquim Haickel","isPartOf":{"@id":"https:\/\/www.blogsoestado.com\/joaquimhaickel\/#website"},"primaryImageOfPage":{"@id":"https:\/\/www.blogsoestado.com\/joaquimhaickel\/2025\/09\/15\/perguntas-e-respostas-que-certamente-dao-pano-para-mangas\/#primaryimage"},"image":{"@id":"https:\/\/www.blogsoestado.com\/joaquimhaickel\/2025\/09\/15\/perguntas-e-respostas-que-certamente-dao-pano-para-mangas\/#primaryimage"},"thumbnailUrl":"https:\/\/www.blogsoestado.com\/joaquimhaickel\/wp-content\/uploads\/sites\/6\/2025\/09\/1-1-9.png","datePublished":"2025-09-15T12:43:47+00:00","dateModified":"2025-09-15T13:45:39+00:00","author":{"@id":"https:\/\/www.blogsoestado.com\/joaquimhaickel\/#\/schema\/person\/4a711644aff28245c6c2c3452d66d325"},"breadcrumb":{"@id":"https:\/\/www.blogsoestado.com\/joaquimhaickel\/2025\/09\/15\/perguntas-e-respostas-que-certamente-dao-pano-para-mangas\/#breadcrumb"},"inLanguage":"pt-BR","potentialAction":[{"@type":"ReadAction","target":["https:\/\/www.blogsoestado.com\/joaquimhaickel\/2025\/09\/15\/perguntas-e-respostas-que-certamente-dao-pano-para-mangas\/"]}]},{"@type":"ImageObject","inLanguage":"pt-BR","@id":"https:\/\/www.blogsoestado.com\/joaquimhaickel\/2025\/09\/15\/perguntas-e-respostas-que-certamente-dao-pano-para-mangas\/#primaryimage","url":"https:\/\/www.blogsoestado.com\/joaquimhaickel\/wp-content\/uploads\/sites\/6\/2025\/09\/1-1-9.png","contentUrl":"https:\/\/www.blogsoestado.com\/joaquimhaickel\/wp-content\/uploads\/sites\/6\/2025\/09\/1-1-9.png","width":1024,"height":1001},{"@type":"BreadcrumbList","@id":"https:\/\/www.blogsoestado.com\/joaquimhaickel\/2025\/09\/15\/perguntas-e-respostas-que-certamente-dao-pano-para-mangas\/#breadcrumb","itemListElement":[{"@type":"ListItem","position":1,"name":"In\u00edcio","item":"https:\/\/www.blogsoestado.com\/joaquimhaickel\/"},{"@type":"ListItem","position":2,"name":"Perguntas e respostas que certamente \u201cd\u00e3o pano para mangas\u201d."}]},{"@type":"WebSite","@id":"https:\/\/www.blogsoestado.com\/joaquimhaickel\/#website","url":"https:\/\/www.blogsoestado.com\/joaquimhaickel\/","name":"Joaquim Haickel","description":"","potentialAction":[{"@type":"SearchAction","target":{"@type":"EntryPoint","urlTemplate":"https:\/\/www.blogsoestado.com\/joaquimhaickel\/?s={search_term_string}"},"query-input":{"@type":"PropertyValueSpecification","valueRequired":true,"valueName":"search_term_string"}}],"inLanguage":"pt-BR"},{"@type":"Person","@id":"https:\/\/www.blogsoestado.com\/joaquimhaickel\/#\/schema\/person\/4a711644aff28245c6c2c3452d66d325","name":"Joaquim Haickel","image":{"@type":"ImageObject","inLanguage":"pt-BR","@id":"https:\/\/www.blogsoestado.com\/joaquimhaickel\/#\/schema\/person\/image\/","url":"https:\/\/secure.gravatar.com\/avatar\/473d89339b9f8ec089adb8d5778363eb5a2ba2319956bcf0298bfd8cca04684a?s=96&d=mm&r=g","contentUrl":"https:\/\/secure.gravatar.com\/avatar\/473d89339b9f8ec089adb8d5778363eb5a2ba2319956bcf0298bfd8cca04684a?s=96&d=mm&r=g","caption":"Joaquim Haickel"},"url":"https:\/\/www.blogsoestado.com\/joaquimhaickel\/author\/joaquimhaickel\/"}]}},"jetpack_featured_media_url":"","_links":{"self":[{"href":"https:\/\/www.blogsoestado.com\/joaquimhaickel\/wp-json\/wp\/v2\/posts\/4084","targetHints":{"allow":["GET"]}}],"collection":[{"href":"https:\/\/www.blogsoestado.com\/joaquimhaickel\/wp-json\/wp\/v2\/posts"}],"about":[{"href":"https:\/\/www.blogsoestado.com\/joaquimhaickel\/wp-json\/wp\/v2\/types\/post"}],"author":[{"embeddable":true,"href":"https:\/\/www.blogsoestado.com\/joaquimhaickel\/wp-json\/wp\/v2\/users\/7"}],"replies":[{"embeddable":true,"href":"https:\/\/www.blogsoestado.com\/joaquimhaickel\/wp-json\/wp\/v2\/comments?post=4084"}],"version-history":[{"count":1,"href":"https:\/\/www.blogsoestado.com\/joaquimhaickel\/wp-json\/wp\/v2\/posts\/4084\/revisions"}],"predecessor-version":[{"id":4086,"href":"https:\/\/www.blogsoestado.com\/joaquimhaickel\/wp-json\/wp\/v2\/posts\/4084\/revisions\/4086"}],"wp:attachment":[{"href":"https:\/\/www.blogsoestado.com\/joaquimhaickel\/wp-json\/wp\/v2\/media?parent=4084"}],"wp:term":[{"taxonomy":"category","embeddable":true,"href":"https:\/\/www.blogsoestado.com\/joaquimhaickel\/wp-json\/wp\/v2\/categories?post=4084"},{"taxonomy":"post_tag","embeddable":true,"href":"https:\/\/www.blogsoestado.com\/joaquimhaickel\/wp-json\/wp\/v2\/tags?post=4084"}],"curies":[{"name":"wp","href":"https:\/\/api.w.org\/{rel}","templated":true}]}}