{"id":4090,"date":"2025-09-17T06:53:36","date_gmt":"2025-09-17T09:53:36","guid":{"rendered":"https:\/\/www.blogsoestado.com\/joaquimhaickel\/?p=4090"},"modified":"2025-09-17T07:02:48","modified_gmt":"2025-09-17T10:02:48","slug":"um-6-ou-um-9","status":"publish","type":"post","link":"https:\/\/www.blogsoestado.com\/joaquimhaickel\/2025\/09\/17\/um-6-ou-um-9\/","title":{"rendered":"Um 6 ou um 9: Onde nos levar\u00e1 essa absurda epidemia de polariza\u00e7\u00e3o?"},"content":{"rendered":"\n<p><\/p>\n\n\n\n<figure class=\"wp-block-image size-full is-resized\"><img fetchpriority=\"high\" decoding=\"async\" width=\"1024\" height=\"1024\" src=\"https:\/\/www.blogsoestado.com\/joaquimhaickel\/wp-content\/uploads\/sites\/6\/2025\/09\/6-ou-9-.jpg\" alt=\"\" class=\"wp-image-4091\" style=\"width:549px;height:auto\" srcset=\"https:\/\/www.blogsoestado.com\/joaquimhaickel\/wp-content\/uploads\/sites\/6\/2025\/09\/6-ou-9-.jpg 1024w, https:\/\/www.blogsoestado.com\/joaquimhaickel\/wp-content\/uploads\/sites\/6\/2025\/09\/6-ou-9--300x300.jpg 300w, https:\/\/www.blogsoestado.com\/joaquimhaickel\/wp-content\/uploads\/sites\/6\/2025\/09\/6-ou-9--150x150.jpg 150w, https:\/\/www.blogsoestado.com\/joaquimhaickel\/wp-content\/uploads\/sites\/6\/2025\/09\/6-ou-9--768x768.jpg 768w\" sizes=\"(max-width: 1024px) 100vw, 1024px\" \/><\/figure>\n\n\n\n<p>Vivemos um tempo em que as democracias est\u00e3o sendo pressionadas por for\u00e7as internas cada vez mais polarizadas. Em diversas partes do mundo, assiste-se \u00e0 ascens\u00e3o de grupos comportamentais e ideol\u00f3gicos antag\u00f4nicos que n\u00e3o apenas divergem em ideias, mas que se veem como inimigos irreconcili\u00e1veis. Essa polariza\u00e7\u00e3o n\u00e3o se limita a simples discord\u00e2ncias pol\u00edticas, ela se manifesta de forma profunda nos comportamentos, nas identidades coletivas e na maneira como os indiv\u00edduos se relacionam com os outros.<\/p>\n\n\n\n<p>Essa divis\u00e3o, que inicialmente pode parecer apenas um sintoma da vitalidade democr\u00e1tica, tem se tornado um risco concreto para a estabilidade social. Quando o di\u00e1logo \u00e9 substitu\u00eddo por hostilidade e o debate p\u00fablico se reduz a ataques e cancelamentos, cria-se um ambiente prop\u00edcio \u00e0 ruptura institucional. Em minha perspectiva, h\u00e1 um ponto cr\u00edtico se aproximando. Talvez ele j\u00e1 esteja entre n\u00f3s. A polariza\u00e7\u00e3o interna, se n\u00e3o contida, pode se transformar em algo ainda mais perigoso: um conflito externo.<\/p>\n\n\n\n<p>Pode parecer contradit\u00f3rio, mas a hist\u00f3ria nos mostra que, muitas vezes, a forma encontrada por sociedades altamente tensionadas para aliviar suas crises internas \u00e9 projetar seus conflitos para fora. N\u00e3o falo aqui de um simples deslocamento simb\u00f3lico, mas da possibilidade real de guerras ou confrontos internacionais, motivados em parte pelo desejo (consciente ou n\u00e3o) de unificar um pa\u00eds dividido contra um inimigo comum. Essa estrat\u00e9gia, ainda que velada, j\u00e1 foi utilizada diversas vezes ao longo da hist\u00f3ria. Temo que estejamos \u00e0 beira de repetir o mesmo padr\u00e3o.<\/p>\n\n\n\n<p>Se considerarmos os sinais atuais como o aumento das tens\u00f5es geopol\u00edticas, a ret\u00f3rica belicista de l\u00edderes pol\u00edticos, os discursos nacionalistas e os conflitos por procura\u00e7\u00e3o em diversas regi\u00f5es do globo, \u00e9 dif\u00edcil negar que j\u00e1 nos encontramos em uma esp\u00e9cie de \u201cguerra fria\u201d contempor\u00e2nea. O problema \u00e9 que, se n\u00e3o houver uma sa\u00edda diplom\u00e1tica e racional para essas tens\u00f5es internas, essa guerra fria poder\u00e1 evoluir para um confronto mais direto: uma \u201cguerra quente\u201d, &nbsp;cujas consequ\u00eancias seriam devastadoras.<\/p>\n\n\n\n<p>N\u00e3o se trata aqui de defender o conflito internacional como solu\u00e7\u00e3o para crises dom\u00e9sticas, muito pelo contr\u00e1rio. Mas \u00e9 preciso reconhecer que ignorar a gravidade da polariza\u00e7\u00e3o interna e sua poss\u00edvel externaliza\u00e7\u00e3o \u00e9 t\u00e3o perigoso quanto aliment\u00e1-la diretamente. O caminho ideal seria o fortalecimento das institui\u00e7\u00f5es democr\u00e1ticas, o incentivo ao di\u00e1logo plural e a constru\u00e7\u00e3o de uma cultura pol\u00edtica baseada na escuta e na coopera\u00e7\u00e3o.<\/p>\n\n\n\n<p>Enquanto isso n\u00e3o acontece, seguimos caminhando sobre um terreno fr\u00e1gil e inst\u00e1vel, muitas vezes pavimentado por aqueles que deveriam garantir justamente o contr\u00e1rio. \u00c9 o que vimos, por exemplo, na incapacidade de Bolsonaro de se comunicar com dec\u00eancia e se portar como um chefe de Estado. \u00c9 o que vemos nas decis\u00f5es do STF, muitas vezes politizadas e partidarizadas, quando deveriam ser puramente jur\u00eddicas. \u00c9 o que se repete no governo de Lula, que marginaliza uma parcela significativa da popula\u00e7\u00e3o em nome de um discurso ideol\u00f3gico. \u00c9 o que se evidencia na invas\u00e3o da Ucr\u00e2nia por Putin, na escalada de viol\u00eancia entre grupos terroristas e as rea\u00e7\u00f5es de Netanyahu contra o povo palestino. \u00c9 o que se observa nas atitudes de Trump, ao impor tarifas abusivas contra produtos estrangeiros apenas porque pode e tamb\u00e9m nos assassinatos de diversos l\u00edderes e influenciadores pol\u00edticos, mortos por radicais de ambos os lados.<\/p>\n\n\n\n<p>Em meio a todo esse cen\u00e1rio de desesperan\u00e7a, tenho uma certeza triste: tudo isso s\u00f3 est\u00e1 acontecendo por uma raz\u00e3o central: a aus\u00eancia de verdadeiros l\u00edderes. Se os tiv\u00e9ssemos, eles saberiam nos guiar por caminhos menos dif\u00edceis, menos tortuosos, e mais humanos.<\/p>\n","protected":false},"excerpt":{"rendered":"<p>Vivemos um tempo em que as democracias est\u00e3o sendo pressionadas por for\u00e7as internas cada vez mais polarizadas. Em diversas partes [&hellip;]<\/p>\n","protected":false},"author":7,"featured_media":0,"comment_status":"open","ping_status":"open","sticky":false,"template":"","format":"standard","meta":{"site-sidebar-layout":"default","site-content-layout":"","ast-site-content-layout":"default","site-content-style":"default","site-sidebar-style":"default","ast-global-header-display":"","ast-banner-title-visibility":"","ast-main-header-display":"","ast-hfb-above-header-display":"","ast-hfb-below-header-display":"","ast-hfb-mobile-header-display":"","site-post-title":"","ast-breadcrumbs-content":"","ast-featured-img":"","footer-sml-layout":"","ast-disable-related-posts":"","theme-transparent-header-meta":"","adv-header-id-meta":"","stick-header-meta":"","header-above-stick-meta":"","header-main-stick-meta":"","header-below-stick-meta":"","astra-migrate-meta-layouts":"default","ast-page-background-enabled":"default","ast-page-background-meta":{"desktop":{"background-color":"var(--ast-global-color-5)","background-image":"","background-repeat":"repeat","background-position":"center center","background-size":"auto","background-attachment":"scroll","background-type":"","background-media":"","overlay-type":"","overlay-color":"","overlay-opacity":"","overlay-gradient":""},"tablet":{"background-color":"","background-image":"","background-repeat":"repeat","background-position":"center center","background-size":"auto","background-attachment":"scroll","background-type":"","background-media":"","overlay-type":"","overlay-color":"","overlay-opacity":"","overlay-gradient":""},"mobile":{"background-color":"","background-image":"","background-repeat":"repeat","background-position":"center center","background-size":"auto","background-attachment":"scroll","background-type":"","background-media":"","overlay-type":"","overlay-color":"","overlay-opacity":"","overlay-gradient":""}},"ast-content-background-meta":{"desktop":{"background-color":"var(--ast-global-color-4)","background-image":"","background-repeat":"repeat","background-position":"center center","background-size":"auto","background-attachment":"scroll","background-type":"","background-media":"","overlay-type":"","overlay-color":"","overlay-opacity":"","overlay-gradient":""},"tablet":{"background-color":"var(--ast-global-color-4)","background-image":"","background-repeat":"repeat","background-position":"center center","background-size":"auto","background-attachment":"scroll","background-type":"","background-media":"","overlay-type":"","overlay-color":"","overlay-opacity":"","overlay-gradient":""},"mobile":{"background-color":"var(--ast-global-color-4)","background-image":"","background-repeat":"repeat","background-position":"center center","background-size":"auto","background-attachment":"scroll","background-type":"","background-media":"","overlay-type":"","overlay-color":"","overlay-opacity":"","overlay-gradient":""}},"footnotes":""},"categories":[1],"tags":[],"class_list":["post-4090","post","type-post","status-publish","format-standard","hentry","category-sem-categoria"],"yoast_head":"<!-- This site is optimized with the Yoast SEO plugin v26.6 - https:\/\/yoast.com\/wordpress\/plugins\/seo\/ -->\n<title>Um 6 ou um 9: Onde nos levar\u00e1 essa absurda epidemia de polariza\u00e7\u00e3o? - Joaquim Haickel<\/title>\n<meta name=\"robots\" content=\"index, follow, max-snippet:-1, max-image-preview:large, max-video-preview:-1\" \/>\n<link rel=\"canonical\" href=\"https:\/\/www.blogsoestado.com\/joaquimhaickel\/2025\/09\/17\/um-6-ou-um-9\/\" \/>\n<meta property=\"og:locale\" content=\"pt_BR\" \/>\n<meta property=\"og:type\" content=\"article\" \/>\n<meta property=\"og:title\" content=\"Um 6 ou um 9: Onde nos levar\u00e1 essa absurda epidemia de polariza\u00e7\u00e3o? - Joaquim Haickel\" \/>\n<meta property=\"og:description\" content=\"Vivemos um tempo em que as democracias est\u00e3o sendo pressionadas por for\u00e7as internas cada vez mais polarizadas. Em diversas partes [&hellip;]\" \/>\n<meta property=\"og:url\" content=\"https:\/\/www.blogsoestado.com\/joaquimhaickel\/2025\/09\/17\/um-6-ou-um-9\/\" \/>\n<meta property=\"og:site_name\" content=\"Joaquim Haickel\" \/>\n<meta property=\"article:published_time\" content=\"2025-09-17T09:53:36+00:00\" \/>\n<meta property=\"article:modified_time\" content=\"2025-09-17T10:02:48+00:00\" \/>\n<meta property=\"og:image\" content=\"https:\/\/www.blogsoestado.com\/joaquimhaickel\/wp-content\/uploads\/sites\/6\/2025\/09\/6-ou-9-.jpg\" \/>\n\t<meta property=\"og:image:width\" content=\"1024\" \/>\n\t<meta property=\"og:image:height\" content=\"1024\" \/>\n\t<meta property=\"og:image:type\" content=\"image\/jpeg\" \/>\n<meta name=\"author\" content=\"Joaquim Haickel\" \/>\n<meta name=\"twitter:card\" content=\"summary_large_image\" \/>\n<meta name=\"twitter:label1\" content=\"Escrito por\" \/>\n\t<meta name=\"twitter:data1\" content=\"Joaquim Haickel\" \/>\n\t<meta name=\"twitter:label2\" content=\"Est. tempo de leitura\" \/>\n\t<meta name=\"twitter:data2\" content=\"4 minutos\" \/>\n<script type=\"application\/ld+json\" class=\"yoast-schema-graph\">{\"@context\":\"https:\/\/schema.org\",\"@graph\":[{\"@type\":\"WebPage\",\"@id\":\"https:\/\/www.blogsoestado.com\/joaquimhaickel\/2025\/09\/17\/um-6-ou-um-9\/\",\"url\":\"https:\/\/www.blogsoestado.com\/joaquimhaickel\/2025\/09\/17\/um-6-ou-um-9\/\",\"name\":\"Um 6 ou um 9: Onde nos levar\u00e1 essa absurda epidemia de polariza\u00e7\u00e3o? - Joaquim Haickel\",\"isPartOf\":{\"@id\":\"https:\/\/www.blogsoestado.com\/joaquimhaickel\/#website\"},\"primaryImageOfPage\":{\"@id\":\"https:\/\/www.blogsoestado.com\/joaquimhaickel\/2025\/09\/17\/um-6-ou-um-9\/#primaryimage\"},\"image\":{\"@id\":\"https:\/\/www.blogsoestado.com\/joaquimhaickel\/2025\/09\/17\/um-6-ou-um-9\/#primaryimage\"},\"thumbnailUrl\":\"https:\/\/www.blogsoestado.com\/joaquimhaickel\/wp-content\/uploads\/sites\/6\/2025\/09\/6-ou-9-.jpg\",\"datePublished\":\"2025-09-17T09:53:36+00:00\",\"dateModified\":\"2025-09-17T10:02:48+00:00\",\"author\":{\"@id\":\"https:\/\/www.blogsoestado.com\/joaquimhaickel\/#\/schema\/person\/4a711644aff28245c6c2c3452d66d325\"},\"breadcrumb\":{\"@id\":\"https:\/\/www.blogsoestado.com\/joaquimhaickel\/2025\/09\/17\/um-6-ou-um-9\/#breadcrumb\"},\"inLanguage\":\"pt-BR\",\"potentialAction\":[{\"@type\":\"ReadAction\",\"target\":[\"https:\/\/www.blogsoestado.com\/joaquimhaickel\/2025\/09\/17\/um-6-ou-um-9\/\"]}]},{\"@type\":\"ImageObject\",\"inLanguage\":\"pt-BR\",\"@id\":\"https:\/\/www.blogsoestado.com\/joaquimhaickel\/2025\/09\/17\/um-6-ou-um-9\/#primaryimage\",\"url\":\"https:\/\/www.blogsoestado.com\/joaquimhaickel\/wp-content\/uploads\/sites\/6\/2025\/09\/6-ou-9-.jpg\",\"contentUrl\":\"https:\/\/www.blogsoestado.com\/joaquimhaickel\/wp-content\/uploads\/sites\/6\/2025\/09\/6-ou-9-.jpg\",\"width\":1024,\"height\":1024},{\"@type\":\"BreadcrumbList\",\"@id\":\"https:\/\/www.blogsoestado.com\/joaquimhaickel\/2025\/09\/17\/um-6-ou-um-9\/#breadcrumb\",\"itemListElement\":[{\"@type\":\"ListItem\",\"position\":1,\"name\":\"In\u00edcio\",\"item\":\"https:\/\/www.blogsoestado.com\/joaquimhaickel\/\"},{\"@type\":\"ListItem\",\"position\":2,\"name\":\"Um 6 ou um 9: Onde nos levar\u00e1 essa absurda epidemia de polariza\u00e7\u00e3o?\"}]},{\"@type\":\"WebSite\",\"@id\":\"https:\/\/www.blogsoestado.com\/joaquimhaickel\/#website\",\"url\":\"https:\/\/www.blogsoestado.com\/joaquimhaickel\/\",\"name\":\"Joaquim Haickel\",\"description\":\"\",\"potentialAction\":[{\"@type\":\"SearchAction\",\"target\":{\"@type\":\"EntryPoint\",\"urlTemplate\":\"https:\/\/www.blogsoestado.com\/joaquimhaickel\/?s={search_term_string}\"},\"query-input\":{\"@type\":\"PropertyValueSpecification\",\"valueRequired\":true,\"valueName\":\"search_term_string\"}}],\"inLanguage\":\"pt-BR\"},{\"@type\":\"Person\",\"@id\":\"https:\/\/www.blogsoestado.com\/joaquimhaickel\/#\/schema\/person\/4a711644aff28245c6c2c3452d66d325\",\"name\":\"Joaquim Haickel\",\"image\":{\"@type\":\"ImageObject\",\"inLanguage\":\"pt-BR\",\"@id\":\"https:\/\/www.blogsoestado.com\/joaquimhaickel\/#\/schema\/person\/image\/\",\"url\":\"https:\/\/secure.gravatar.com\/avatar\/473d89339b9f8ec089adb8d5778363eb5a2ba2319956bcf0298bfd8cca04684a?s=96&d=mm&r=g\",\"contentUrl\":\"https:\/\/secure.gravatar.com\/avatar\/473d89339b9f8ec089adb8d5778363eb5a2ba2319956bcf0298bfd8cca04684a?s=96&d=mm&r=g\",\"caption\":\"Joaquim Haickel\"},\"url\":\"https:\/\/www.blogsoestado.com\/joaquimhaickel\/author\/joaquimhaickel\/\"}]}<\/script>\n<!-- \/ Yoast SEO plugin. -->","yoast_head_json":{"title":"Um 6 ou um 9: Onde nos levar\u00e1 essa absurda epidemia de polariza\u00e7\u00e3o? - Joaquim Haickel","robots":{"index":"index","follow":"follow","max-snippet":"max-snippet:-1","max-image-preview":"max-image-preview:large","max-video-preview":"max-video-preview:-1"},"canonical":"https:\/\/www.blogsoestado.com\/joaquimhaickel\/2025\/09\/17\/um-6-ou-um-9\/","og_locale":"pt_BR","og_type":"article","og_title":"Um 6 ou um 9: Onde nos levar\u00e1 essa absurda epidemia de polariza\u00e7\u00e3o? - Joaquim Haickel","og_description":"Vivemos um tempo em que as democracias est\u00e3o sendo pressionadas por for\u00e7as internas cada vez mais polarizadas. Em diversas partes [&hellip;]","og_url":"https:\/\/www.blogsoestado.com\/joaquimhaickel\/2025\/09\/17\/um-6-ou-um-9\/","og_site_name":"Joaquim Haickel","article_published_time":"2025-09-17T09:53:36+00:00","article_modified_time":"2025-09-17T10:02:48+00:00","og_image":[{"width":1024,"height":1024,"url":"https:\/\/www.blogsoestado.com\/joaquimhaickel\/wp-content\/uploads\/sites\/6\/2025\/09\/6-ou-9-.jpg","type":"image\/jpeg"}],"author":"Joaquim Haickel","twitter_card":"summary_large_image","twitter_misc":{"Escrito por":"Joaquim Haickel","Est. tempo de leitura":"4 minutos"},"schema":{"@context":"https:\/\/schema.org","@graph":[{"@type":"WebPage","@id":"https:\/\/www.blogsoestado.com\/joaquimhaickel\/2025\/09\/17\/um-6-ou-um-9\/","url":"https:\/\/www.blogsoestado.com\/joaquimhaickel\/2025\/09\/17\/um-6-ou-um-9\/","name":"Um 6 ou um 9: Onde nos levar\u00e1 essa absurda epidemia de polariza\u00e7\u00e3o? - Joaquim Haickel","isPartOf":{"@id":"https:\/\/www.blogsoestado.com\/joaquimhaickel\/#website"},"primaryImageOfPage":{"@id":"https:\/\/www.blogsoestado.com\/joaquimhaickel\/2025\/09\/17\/um-6-ou-um-9\/#primaryimage"},"image":{"@id":"https:\/\/www.blogsoestado.com\/joaquimhaickel\/2025\/09\/17\/um-6-ou-um-9\/#primaryimage"},"thumbnailUrl":"https:\/\/www.blogsoestado.com\/joaquimhaickel\/wp-content\/uploads\/sites\/6\/2025\/09\/6-ou-9-.jpg","datePublished":"2025-09-17T09:53:36+00:00","dateModified":"2025-09-17T10:02:48+00:00","author":{"@id":"https:\/\/www.blogsoestado.com\/joaquimhaickel\/#\/schema\/person\/4a711644aff28245c6c2c3452d66d325"},"breadcrumb":{"@id":"https:\/\/www.blogsoestado.com\/joaquimhaickel\/2025\/09\/17\/um-6-ou-um-9\/#breadcrumb"},"inLanguage":"pt-BR","potentialAction":[{"@type":"ReadAction","target":["https:\/\/www.blogsoestado.com\/joaquimhaickel\/2025\/09\/17\/um-6-ou-um-9\/"]}]},{"@type":"ImageObject","inLanguage":"pt-BR","@id":"https:\/\/www.blogsoestado.com\/joaquimhaickel\/2025\/09\/17\/um-6-ou-um-9\/#primaryimage","url":"https:\/\/www.blogsoestado.com\/joaquimhaickel\/wp-content\/uploads\/sites\/6\/2025\/09\/6-ou-9-.jpg","contentUrl":"https:\/\/www.blogsoestado.com\/joaquimhaickel\/wp-content\/uploads\/sites\/6\/2025\/09\/6-ou-9-.jpg","width":1024,"height":1024},{"@type":"BreadcrumbList","@id":"https:\/\/www.blogsoestado.com\/joaquimhaickel\/2025\/09\/17\/um-6-ou-um-9\/#breadcrumb","itemListElement":[{"@type":"ListItem","position":1,"name":"In\u00edcio","item":"https:\/\/www.blogsoestado.com\/joaquimhaickel\/"},{"@type":"ListItem","position":2,"name":"Um 6 ou um 9: Onde nos levar\u00e1 essa absurda epidemia de polariza\u00e7\u00e3o?"}]},{"@type":"WebSite","@id":"https:\/\/www.blogsoestado.com\/joaquimhaickel\/#website","url":"https:\/\/www.blogsoestado.com\/joaquimhaickel\/","name":"Joaquim Haickel","description":"","potentialAction":[{"@type":"SearchAction","target":{"@type":"EntryPoint","urlTemplate":"https:\/\/www.blogsoestado.com\/joaquimhaickel\/?s={search_term_string}"},"query-input":{"@type":"PropertyValueSpecification","valueRequired":true,"valueName":"search_term_string"}}],"inLanguage":"pt-BR"},{"@type":"Person","@id":"https:\/\/www.blogsoestado.com\/joaquimhaickel\/#\/schema\/person\/4a711644aff28245c6c2c3452d66d325","name":"Joaquim Haickel","image":{"@type":"ImageObject","inLanguage":"pt-BR","@id":"https:\/\/www.blogsoestado.com\/joaquimhaickel\/#\/schema\/person\/image\/","url":"https:\/\/secure.gravatar.com\/avatar\/473d89339b9f8ec089adb8d5778363eb5a2ba2319956bcf0298bfd8cca04684a?s=96&d=mm&r=g","contentUrl":"https:\/\/secure.gravatar.com\/avatar\/473d89339b9f8ec089adb8d5778363eb5a2ba2319956bcf0298bfd8cca04684a?s=96&d=mm&r=g","caption":"Joaquim Haickel"},"url":"https:\/\/www.blogsoestado.com\/joaquimhaickel\/author\/joaquimhaickel\/"}]}},"jetpack_featured_media_url":"","_links":{"self":[{"href":"https:\/\/www.blogsoestado.com\/joaquimhaickel\/wp-json\/wp\/v2\/posts\/4090","targetHints":{"allow":["GET"]}}],"collection":[{"href":"https:\/\/www.blogsoestado.com\/joaquimhaickel\/wp-json\/wp\/v2\/posts"}],"about":[{"href":"https:\/\/www.blogsoestado.com\/joaquimhaickel\/wp-json\/wp\/v2\/types\/post"}],"author":[{"embeddable":true,"href":"https:\/\/www.blogsoestado.com\/joaquimhaickel\/wp-json\/wp\/v2\/users\/7"}],"replies":[{"embeddable":true,"href":"https:\/\/www.blogsoestado.com\/joaquimhaickel\/wp-json\/wp\/v2\/comments?post=4090"}],"version-history":[{"count":5,"href":"https:\/\/www.blogsoestado.com\/joaquimhaickel\/wp-json\/wp\/v2\/posts\/4090\/revisions"}],"predecessor-version":[{"id":4096,"href":"https:\/\/www.blogsoestado.com\/joaquimhaickel\/wp-json\/wp\/v2\/posts\/4090\/revisions\/4096"}],"wp:attachment":[{"href":"https:\/\/www.blogsoestado.com\/joaquimhaickel\/wp-json\/wp\/v2\/media?parent=4090"}],"wp:term":[{"taxonomy":"category","embeddable":true,"href":"https:\/\/www.blogsoestado.com\/joaquimhaickel\/wp-json\/wp\/v2\/categories?post=4090"},{"taxonomy":"post_tag","embeddable":true,"href":"https:\/\/www.blogsoestado.com\/joaquimhaickel\/wp-json\/wp\/v2\/tags?post=4090"}],"curies":[{"name":"wp","href":"https:\/\/api.w.org\/{rel}","templated":true}]}}