{"id":4116,"date":"2025-09-21T08:20:09","date_gmt":"2025-09-21T11:20:09","guid":{"rendered":"https:\/\/www.blogsoestado.com\/joaquimhaickel\/?p=4116"},"modified":"2025-09-21T08:20:11","modified_gmt":"2025-09-21T11:20:11","slug":"as-vezes-chego-a-pensar-que-ate-as-pessoas-menos-insanas-estao-ficando-loucas","status":"publish","type":"post","link":"https:\/\/www.blogsoestado.com\/joaquimhaickel\/2025\/09\/21\/as-vezes-chego-a-pensar-que-ate-as-pessoas-menos-insanas-estao-ficando-loucas\/","title":{"rendered":"\u00c0s vezes chego a pensar que at\u00e9 as pessoas menos insanas est\u00e3o ficando loucas!"},"content":{"rendered":"\n<figure class=\"wp-block-image size-large is-resized\"><img fetchpriority=\"high\" decoding=\"async\" width=\"683\" height=\"1024\" src=\"https:\/\/www.blogsoestado.com\/joaquimhaickel\/wp-content\/uploads\/sites\/6\/2025\/09\/1-x--683x1024.png\" alt=\"\" class=\"wp-image-4117\" style=\"width:527px;height:auto\" srcset=\"https:\/\/www.blogsoestado.com\/joaquimhaickel\/wp-content\/uploads\/sites\/6\/2025\/09\/1-x--683x1024.png 683w, https:\/\/www.blogsoestado.com\/joaquimhaickel\/wp-content\/uploads\/sites\/6\/2025\/09\/1-x--200x300.png 200w, https:\/\/www.blogsoestado.com\/joaquimhaickel\/wp-content\/uploads\/sites\/6\/2025\/09\/1-x--768x1152.png 768w, https:\/\/www.blogsoestado.com\/joaquimhaickel\/wp-content\/uploads\/sites\/6\/2025\/09\/1-x-.png 1024w\" sizes=\"(max-width: 683px) 100vw, 683px\" \/><\/figure>\n\n\n\n<p>Vi recentemente uma mat\u00e9ria que achei muito estranha, principalmente pelo fato de ela ter sido feita com o ex-presidente Michel Temer, o ex-presidente da C\u00e2mara dos Deputados A\u00e9cio Neves e o deputado Paulinho da For\u00e7a, relator da tal PEC da Anistia, que os tr\u00eas resolveram apelidar de \u201cPEC da Dosimetria\u201d.<\/p>\n\n\n\n<p>Automaticamente, quando ouvi essa express\u00e3o, PEC da Dosimetria, ela doeu em meus ouvidos e ressoou estridentemente em meu c\u00e9rebro, como acontece toda vez que ou\u00e7o aquilo que, para mim, \u00e9 um absurdo legislativo. Se existe uma coisa que eu aprendi, foi filtrar automaticamente aquilo que n\u00e3o faz o menor sentido do ponto de vista jur\u00eddico-legislativo. Dosimetria n\u00e3o \u00e9 atribui\u00e7\u00e3o legislativa. Ela \u00e9 pura e totalmente uma atribui\u00e7\u00e3o judicial.<\/p>\n\n\n\n<p>Ao Poder Legislativo n\u00e3o cabe estabelecer n\u00edveis, quantidades ou aspectos de penalidades, muito menos conceder uma anistia que diminua as penas atribu\u00eddas a um condenado em processo. Ao Legislativo compete anistiar condenados pelos crimes que lhes foram imputados, caso assim o resolva.<\/p>\n\n\n\n<p>Como poderia admitir que o Poder Legislativo extrapolasse suas atribui\u00e7\u00f5es e invadisse as atribui\u00e7\u00f5es do Poder Judici\u00e1rio, que n\u00e3o me canso de criticar o Judici\u00e1rio por invadir absurda e recorrentemente atribui\u00e7\u00f5es exclusivas dos outros poderes?<\/p>\n\n\n\n<p>Fiquei imaginando o motivo pelo qual tr\u00eas pol\u00edticos experientes, um deles ex-presidente da Rep\u00fablica, que tamb\u00e9m foi procurador de justi\u00e7a, constituinte em 1988 e presidente da C\u00e2mara dos Deputados, estariam falando aquilo que, para mim, assim como para qualquer um que entenda minimamente de processo legislativo e constitucional, \u00e9 completamente inconceb\u00edvel.<\/p>\n\n\n\n<p>A \u00fanica resposta que imaginei para essa indaga\u00e7\u00e3o foi o fato de os tr\u00eas estarem querendo construir um grande acordo entre o Legislativo, o Executivo e o Judici\u00e1rio, na tentativa de \u201cpacificar\u201d o pa\u00eds, o que seria louv\u00e1vel, se fosse poss\u00edvel, e se esse projeto fosse arquitetado e executado de maneira correta.<\/p>\n\n\n\n<p>Mas isso, do jeito que foi posto, \u00e9 um completo absurdo! Como \u00e9 que vamos pacificar o pa\u00eds com uma medida nula de pleno direito, inconstitucional, uma aberra\u00e7\u00e3o jur\u00eddica? Seria o mesmo que oferecer um placebo para um doente terminal.<\/p>\n\n\n\n<p>Vejam bem: uma PEC de anistia n\u00e3o pode jamais alterar a dosimetria de penas j\u00e1 aplicadas pelo Judici\u00e1rio. A dosimetria \u00e9 um ato jurisdicional, ou seja, tarefa exclusiva do Poder Judici\u00e1rio, que aplica a pena dentro dos par\u00e2metros previstos na lei penal.<\/p>\n\n\n\n<p>O que uma PEC pode fazer \u00e9 anular os efeitos penais de determinados crimes, concedendo anistia. Nesse caso, o que j\u00e1 foi decidido pelo Judici\u00e1rio pode ser atingido n\u00e3o porque a pena foi \u201creduzida\u201d, mas porque o Parlamento decidiu que aqueles atos deixam de ser pun\u00edveis.<\/p>\n\n\n\n<p>H\u00e1, ainda, outro ponto importante: a Constitui\u00e7\u00e3o, em seu artigo mais importante, o 5\u00ba, no inciso XLIII, veda anistia a crimes hediondos, de tortura, tr\u00e1fico de drogas e terrorismo. Neste aspecto, dever\u00e1 haver uma tit\u00e2nica disputa pol\u00edtica e jur\u00eddica para estabelecer se os crimes julgados pelo STF nesses processos podem ou n\u00e3o ser enquadrados como atos terroristas contra o Estado Democr\u00e1tico de Direito.<\/p>\n\n\n\n<p>Caso sejam considerados terrorismo, a PEC que os anistie dever\u00e1 ser arguida como inconstitucional e a\u00ed a t\u00e3o sonhada \u201cpacifica\u00e7\u00e3o\u201d da na\u00e7\u00e3o ir\u00e1 para as cucuias.<\/p>\n\n\n\n<p>Manifesta\u00e7\u00f5es como essas de Michel Temer, A\u00e9cio Neves e Paulinho da For\u00e7a me fazem pensar que t\u00e1 ficando todo mundo doido!<\/p>\n","protected":false},"excerpt":{"rendered":"<p>Vi recentemente uma mat\u00e9ria que achei muito estranha, principalmente pelo fato de ela ter sido feita com o ex-presidente Michel [&hellip;]<\/p>\n","protected":false},"author":7,"featured_media":0,"comment_status":"open","ping_status":"open","sticky":false,"template":"","format":"standard","meta":{"site-sidebar-layout":"default","site-content-layout":"","ast-site-content-layout":"default","site-content-style":"default","site-sidebar-style":"default","ast-global-header-display":"","ast-banner-title-visibility":"","ast-main-header-display":"","ast-hfb-above-header-display":"","ast-hfb-below-header-display":"","ast-hfb-mobile-header-display":"","site-post-title":"","ast-breadcrumbs-content":"","ast-featured-img":"","footer-sml-layout":"","ast-disable-related-posts":"","theme-transparent-header-meta":"","adv-header-id-meta":"","stick-header-meta":"","header-above-stick-meta":"","header-main-stick-meta":"","header-below-stick-meta":"","astra-migrate-meta-layouts":"default","ast-page-background-enabled":"default","ast-page-background-meta":{"desktop":{"background-color":"var(--ast-global-color-5)","background-image":"","background-repeat":"repeat","background-position":"center center","background-size":"auto","background-attachment":"scroll","background-type":"","background-media":"","overlay-type":"","overlay-color":"","overlay-opacity":"","overlay-gradient":""},"tablet":{"background-color":"","background-image":"","background-repeat":"repeat","background-position":"center center","background-size":"auto","background-attachment":"scroll","background-type":"","background-media":"","overlay-type":"","overlay-color":"","overlay-opacity":"","overlay-gradient":""},"mobile":{"background-color":"","background-image":"","background-repeat":"repeat","background-position":"center center","background-size":"auto","background-attachment":"scroll","background-type":"","background-media":"","overlay-type":"","overlay-color":"","overlay-opacity":"","overlay-gradient":""}},"ast-content-background-meta":{"desktop":{"background-color":"var(--ast-global-color-4)","background-image":"","background-repeat":"repeat","background-position":"center center","background-size":"auto","background-attachment":"scroll","background-type":"","background-media":"","overlay-type":"","overlay-color":"","overlay-opacity":"","overlay-gradient":""},"tablet":{"background-color":"var(--ast-global-color-4)","background-image":"","background-repeat":"repeat","background-position":"center center","background-size":"auto","background-attachment":"scroll","background-type":"","background-media":"","overlay-type":"","overlay-color":"","overlay-opacity":"","overlay-gradient":""},"mobile":{"background-color":"var(--ast-global-color-4)","background-image":"","background-repeat":"repeat","background-position":"center center","background-size":"auto","background-attachment":"scroll","background-type":"","background-media":"","overlay-type":"","overlay-color":"","overlay-opacity":"","overlay-gradient":""}},"footnotes":""},"categories":[1],"tags":[],"class_list":["post-4116","post","type-post","status-publish","format-standard","hentry","category-sem-categoria"],"yoast_head":"<!-- This site is optimized with the Yoast SEO plugin v26.6 - https:\/\/yoast.com\/wordpress\/plugins\/seo\/ -->\n<title>\u00c0s vezes chego a pensar que at\u00e9 as pessoas menos insanas est\u00e3o ficando loucas! - Joaquim Haickel<\/title>\n<meta name=\"robots\" content=\"index, follow, max-snippet:-1, max-image-preview:large, max-video-preview:-1\" \/>\n<link rel=\"canonical\" href=\"https:\/\/www.blogsoestado.com\/joaquimhaickel\/2025\/09\/21\/as-vezes-chego-a-pensar-que-ate-as-pessoas-menos-insanas-estao-ficando-loucas\/\" \/>\n<meta property=\"og:locale\" content=\"pt_BR\" \/>\n<meta property=\"og:type\" content=\"article\" \/>\n<meta property=\"og:title\" content=\"\u00c0s vezes chego a pensar que at\u00e9 as pessoas menos insanas est\u00e3o ficando loucas! - Joaquim Haickel\" \/>\n<meta property=\"og:description\" content=\"Vi recentemente uma mat\u00e9ria que achei muito estranha, principalmente pelo fato de ela ter sido feita com o ex-presidente Michel [&hellip;]\" \/>\n<meta property=\"og:url\" content=\"https:\/\/www.blogsoestado.com\/joaquimhaickel\/2025\/09\/21\/as-vezes-chego-a-pensar-que-ate-as-pessoas-menos-insanas-estao-ficando-loucas\/\" \/>\n<meta property=\"og:site_name\" content=\"Joaquim Haickel\" \/>\n<meta property=\"article:published_time\" content=\"2025-09-21T11:20:09+00:00\" \/>\n<meta property=\"article:modified_time\" content=\"2025-09-21T11:20:11+00:00\" \/>\n<meta property=\"og:image\" content=\"https:\/\/www.blogsoestado.com\/joaquimhaickel\/wp-content\/uploads\/sites\/6\/2025\/09\/1-x--683x1024.png\" \/>\n\t<meta property=\"og:image:width\" content=\"683\" \/>\n\t<meta property=\"og:image:height\" content=\"1024\" \/>\n\t<meta property=\"og:image:type\" content=\"image\/png\" \/>\n<meta name=\"author\" content=\"Joaquim Haickel\" \/>\n<meta name=\"twitter:card\" content=\"summary_large_image\" \/>\n<meta name=\"twitter:label1\" content=\"Escrito por\" \/>\n\t<meta name=\"twitter:data1\" content=\"Joaquim Haickel\" \/>\n\t<meta name=\"twitter:label2\" content=\"Est. tempo de leitura\" \/>\n\t<meta name=\"twitter:data2\" content=\"4 minutos\" \/>\n<script type=\"application\/ld+json\" class=\"yoast-schema-graph\">{\"@context\":\"https:\/\/schema.org\",\"@graph\":[{\"@type\":\"WebPage\",\"@id\":\"https:\/\/www.blogsoestado.com\/joaquimhaickel\/2025\/09\/21\/as-vezes-chego-a-pensar-que-ate-as-pessoas-menos-insanas-estao-ficando-loucas\/\",\"url\":\"https:\/\/www.blogsoestado.com\/joaquimhaickel\/2025\/09\/21\/as-vezes-chego-a-pensar-que-ate-as-pessoas-menos-insanas-estao-ficando-loucas\/\",\"name\":\"\u00c0s vezes chego a pensar que at\u00e9 as pessoas menos insanas est\u00e3o ficando loucas! - Joaquim Haickel\",\"isPartOf\":{\"@id\":\"https:\/\/www.blogsoestado.com\/joaquimhaickel\/#website\"},\"primaryImageOfPage\":{\"@id\":\"https:\/\/www.blogsoestado.com\/joaquimhaickel\/2025\/09\/21\/as-vezes-chego-a-pensar-que-ate-as-pessoas-menos-insanas-estao-ficando-loucas\/#primaryimage\"},\"image\":{\"@id\":\"https:\/\/www.blogsoestado.com\/joaquimhaickel\/2025\/09\/21\/as-vezes-chego-a-pensar-que-ate-as-pessoas-menos-insanas-estao-ficando-loucas\/#primaryimage\"},\"thumbnailUrl\":\"https:\/\/www.blogsoestado.com\/joaquimhaickel\/wp-content\/uploads\/sites\/6\/2025\/09\/1-x--683x1024.png\",\"datePublished\":\"2025-09-21T11:20:09+00:00\",\"dateModified\":\"2025-09-21T11:20:11+00:00\",\"author\":{\"@id\":\"https:\/\/www.blogsoestado.com\/joaquimhaickel\/#\/schema\/person\/4a711644aff28245c6c2c3452d66d325\"},\"breadcrumb\":{\"@id\":\"https:\/\/www.blogsoestado.com\/joaquimhaickel\/2025\/09\/21\/as-vezes-chego-a-pensar-que-ate-as-pessoas-menos-insanas-estao-ficando-loucas\/#breadcrumb\"},\"inLanguage\":\"pt-BR\",\"potentialAction\":[{\"@type\":\"ReadAction\",\"target\":[\"https:\/\/www.blogsoestado.com\/joaquimhaickel\/2025\/09\/21\/as-vezes-chego-a-pensar-que-ate-as-pessoas-menos-insanas-estao-ficando-loucas\/\"]}]},{\"@type\":\"ImageObject\",\"inLanguage\":\"pt-BR\",\"@id\":\"https:\/\/www.blogsoestado.com\/joaquimhaickel\/2025\/09\/21\/as-vezes-chego-a-pensar-que-ate-as-pessoas-menos-insanas-estao-ficando-loucas\/#primaryimage\",\"url\":\"https:\/\/www.blogsoestado.com\/joaquimhaickel\/wp-content\/uploads\/sites\/6\/2025\/09\/1-x-.png\",\"contentUrl\":\"https:\/\/www.blogsoestado.com\/joaquimhaickel\/wp-content\/uploads\/sites\/6\/2025\/09\/1-x-.png\",\"width\":1024,\"height\":1536},{\"@type\":\"BreadcrumbList\",\"@id\":\"https:\/\/www.blogsoestado.com\/joaquimhaickel\/2025\/09\/21\/as-vezes-chego-a-pensar-que-ate-as-pessoas-menos-insanas-estao-ficando-loucas\/#breadcrumb\",\"itemListElement\":[{\"@type\":\"ListItem\",\"position\":1,\"name\":\"In\u00edcio\",\"item\":\"https:\/\/www.blogsoestado.com\/joaquimhaickel\/\"},{\"@type\":\"ListItem\",\"position\":2,\"name\":\"\u00c0s vezes chego a pensar que at\u00e9 as pessoas menos insanas est\u00e3o ficando loucas!\"}]},{\"@type\":\"WebSite\",\"@id\":\"https:\/\/www.blogsoestado.com\/joaquimhaickel\/#website\",\"url\":\"https:\/\/www.blogsoestado.com\/joaquimhaickel\/\",\"name\":\"Joaquim Haickel\",\"description\":\"\",\"potentialAction\":[{\"@type\":\"SearchAction\",\"target\":{\"@type\":\"EntryPoint\",\"urlTemplate\":\"https:\/\/www.blogsoestado.com\/joaquimhaickel\/?s={search_term_string}\"},\"query-input\":{\"@type\":\"PropertyValueSpecification\",\"valueRequired\":true,\"valueName\":\"search_term_string\"}}],\"inLanguage\":\"pt-BR\"},{\"@type\":\"Person\",\"@id\":\"https:\/\/www.blogsoestado.com\/joaquimhaickel\/#\/schema\/person\/4a711644aff28245c6c2c3452d66d325\",\"name\":\"Joaquim Haickel\",\"image\":{\"@type\":\"ImageObject\",\"inLanguage\":\"pt-BR\",\"@id\":\"https:\/\/www.blogsoestado.com\/joaquimhaickel\/#\/schema\/person\/image\/\",\"url\":\"https:\/\/secure.gravatar.com\/avatar\/473d89339b9f8ec089adb8d5778363eb5a2ba2319956bcf0298bfd8cca04684a?s=96&d=mm&r=g\",\"contentUrl\":\"https:\/\/secure.gravatar.com\/avatar\/473d89339b9f8ec089adb8d5778363eb5a2ba2319956bcf0298bfd8cca04684a?s=96&d=mm&r=g\",\"caption\":\"Joaquim Haickel\"},\"url\":\"https:\/\/www.blogsoestado.com\/joaquimhaickel\/author\/joaquimhaickel\/\"}]}<\/script>\n<!-- \/ Yoast SEO plugin. -->","yoast_head_json":{"title":"\u00c0s vezes chego a pensar que at\u00e9 as pessoas menos insanas est\u00e3o ficando loucas! - Joaquim Haickel","robots":{"index":"index","follow":"follow","max-snippet":"max-snippet:-1","max-image-preview":"max-image-preview:large","max-video-preview":"max-video-preview:-1"},"canonical":"https:\/\/www.blogsoestado.com\/joaquimhaickel\/2025\/09\/21\/as-vezes-chego-a-pensar-que-ate-as-pessoas-menos-insanas-estao-ficando-loucas\/","og_locale":"pt_BR","og_type":"article","og_title":"\u00c0s vezes chego a pensar que at\u00e9 as pessoas menos insanas est\u00e3o ficando loucas! - Joaquim Haickel","og_description":"Vi recentemente uma mat\u00e9ria que achei muito estranha, principalmente pelo fato de ela ter sido feita com o ex-presidente Michel [&hellip;]","og_url":"https:\/\/www.blogsoestado.com\/joaquimhaickel\/2025\/09\/21\/as-vezes-chego-a-pensar-que-ate-as-pessoas-menos-insanas-estao-ficando-loucas\/","og_site_name":"Joaquim Haickel","article_published_time":"2025-09-21T11:20:09+00:00","article_modified_time":"2025-09-21T11:20:11+00:00","og_image":[{"width":683,"height":1024,"url":"https:\/\/www.blogsoestado.com\/joaquimhaickel\/wp-content\/uploads\/sites\/6\/2025\/09\/1-x--683x1024.png","type":"image\/png"}],"author":"Joaquim Haickel","twitter_card":"summary_large_image","twitter_misc":{"Escrito por":"Joaquim Haickel","Est. tempo de leitura":"4 minutos"},"schema":{"@context":"https:\/\/schema.org","@graph":[{"@type":"WebPage","@id":"https:\/\/www.blogsoestado.com\/joaquimhaickel\/2025\/09\/21\/as-vezes-chego-a-pensar-que-ate-as-pessoas-menos-insanas-estao-ficando-loucas\/","url":"https:\/\/www.blogsoestado.com\/joaquimhaickel\/2025\/09\/21\/as-vezes-chego-a-pensar-que-ate-as-pessoas-menos-insanas-estao-ficando-loucas\/","name":"\u00c0s vezes chego a pensar que at\u00e9 as pessoas menos insanas est\u00e3o ficando loucas! - Joaquim Haickel","isPartOf":{"@id":"https:\/\/www.blogsoestado.com\/joaquimhaickel\/#website"},"primaryImageOfPage":{"@id":"https:\/\/www.blogsoestado.com\/joaquimhaickel\/2025\/09\/21\/as-vezes-chego-a-pensar-que-ate-as-pessoas-menos-insanas-estao-ficando-loucas\/#primaryimage"},"image":{"@id":"https:\/\/www.blogsoestado.com\/joaquimhaickel\/2025\/09\/21\/as-vezes-chego-a-pensar-que-ate-as-pessoas-menos-insanas-estao-ficando-loucas\/#primaryimage"},"thumbnailUrl":"https:\/\/www.blogsoestado.com\/joaquimhaickel\/wp-content\/uploads\/sites\/6\/2025\/09\/1-x--683x1024.png","datePublished":"2025-09-21T11:20:09+00:00","dateModified":"2025-09-21T11:20:11+00:00","author":{"@id":"https:\/\/www.blogsoestado.com\/joaquimhaickel\/#\/schema\/person\/4a711644aff28245c6c2c3452d66d325"},"breadcrumb":{"@id":"https:\/\/www.blogsoestado.com\/joaquimhaickel\/2025\/09\/21\/as-vezes-chego-a-pensar-que-ate-as-pessoas-menos-insanas-estao-ficando-loucas\/#breadcrumb"},"inLanguage":"pt-BR","potentialAction":[{"@type":"ReadAction","target":["https:\/\/www.blogsoestado.com\/joaquimhaickel\/2025\/09\/21\/as-vezes-chego-a-pensar-que-ate-as-pessoas-menos-insanas-estao-ficando-loucas\/"]}]},{"@type":"ImageObject","inLanguage":"pt-BR","@id":"https:\/\/www.blogsoestado.com\/joaquimhaickel\/2025\/09\/21\/as-vezes-chego-a-pensar-que-ate-as-pessoas-menos-insanas-estao-ficando-loucas\/#primaryimage","url":"https:\/\/www.blogsoestado.com\/joaquimhaickel\/wp-content\/uploads\/sites\/6\/2025\/09\/1-x-.png","contentUrl":"https:\/\/www.blogsoestado.com\/joaquimhaickel\/wp-content\/uploads\/sites\/6\/2025\/09\/1-x-.png","width":1024,"height":1536},{"@type":"BreadcrumbList","@id":"https:\/\/www.blogsoestado.com\/joaquimhaickel\/2025\/09\/21\/as-vezes-chego-a-pensar-que-ate-as-pessoas-menos-insanas-estao-ficando-loucas\/#breadcrumb","itemListElement":[{"@type":"ListItem","position":1,"name":"In\u00edcio","item":"https:\/\/www.blogsoestado.com\/joaquimhaickel\/"},{"@type":"ListItem","position":2,"name":"\u00c0s vezes chego a pensar que at\u00e9 as pessoas menos insanas est\u00e3o ficando loucas!"}]},{"@type":"WebSite","@id":"https:\/\/www.blogsoestado.com\/joaquimhaickel\/#website","url":"https:\/\/www.blogsoestado.com\/joaquimhaickel\/","name":"Joaquim Haickel","description":"","potentialAction":[{"@type":"SearchAction","target":{"@type":"EntryPoint","urlTemplate":"https:\/\/www.blogsoestado.com\/joaquimhaickel\/?s={search_term_string}"},"query-input":{"@type":"PropertyValueSpecification","valueRequired":true,"valueName":"search_term_string"}}],"inLanguage":"pt-BR"},{"@type":"Person","@id":"https:\/\/www.blogsoestado.com\/joaquimhaickel\/#\/schema\/person\/4a711644aff28245c6c2c3452d66d325","name":"Joaquim Haickel","image":{"@type":"ImageObject","inLanguage":"pt-BR","@id":"https:\/\/www.blogsoestado.com\/joaquimhaickel\/#\/schema\/person\/image\/","url":"https:\/\/secure.gravatar.com\/avatar\/473d89339b9f8ec089adb8d5778363eb5a2ba2319956bcf0298bfd8cca04684a?s=96&d=mm&r=g","contentUrl":"https:\/\/secure.gravatar.com\/avatar\/473d89339b9f8ec089adb8d5778363eb5a2ba2319956bcf0298bfd8cca04684a?s=96&d=mm&r=g","caption":"Joaquim Haickel"},"url":"https:\/\/www.blogsoestado.com\/joaquimhaickel\/author\/joaquimhaickel\/"}]}},"jetpack_featured_media_url":"","_links":{"self":[{"href":"https:\/\/www.blogsoestado.com\/joaquimhaickel\/wp-json\/wp\/v2\/posts\/4116","targetHints":{"allow":["GET"]}}],"collection":[{"href":"https:\/\/www.blogsoestado.com\/joaquimhaickel\/wp-json\/wp\/v2\/posts"}],"about":[{"href":"https:\/\/www.blogsoestado.com\/joaquimhaickel\/wp-json\/wp\/v2\/types\/post"}],"author":[{"embeddable":true,"href":"https:\/\/www.blogsoestado.com\/joaquimhaickel\/wp-json\/wp\/v2\/users\/7"}],"replies":[{"embeddable":true,"href":"https:\/\/www.blogsoestado.com\/joaquimhaickel\/wp-json\/wp\/v2\/comments?post=4116"}],"version-history":[{"count":1,"href":"https:\/\/www.blogsoestado.com\/joaquimhaickel\/wp-json\/wp\/v2\/posts\/4116\/revisions"}],"predecessor-version":[{"id":4118,"href":"https:\/\/www.blogsoestado.com\/joaquimhaickel\/wp-json\/wp\/v2\/posts\/4116\/revisions\/4118"}],"wp:attachment":[{"href":"https:\/\/www.blogsoestado.com\/joaquimhaickel\/wp-json\/wp\/v2\/media?parent=4116"}],"wp:term":[{"taxonomy":"category","embeddable":true,"href":"https:\/\/www.blogsoestado.com\/joaquimhaickel\/wp-json\/wp\/v2\/categories?post=4116"},{"taxonomy":"post_tag","embeddable":true,"href":"https:\/\/www.blogsoestado.com\/joaquimhaickel\/wp-json\/wp\/v2\/tags?post=4116"}],"curies":[{"name":"wp","href":"https:\/\/api.w.org\/{rel}","templated":true}]}}