{"id":4140,"date":"2025-09-25T07:49:45","date_gmt":"2025-09-25T10:49:45","guid":{"rendered":"https:\/\/www.blogsoestado.com\/joaquimhaickel\/?p=4140"},"modified":"2025-09-25T07:49:47","modified_gmt":"2025-09-25T10:49:47","slug":"pec-da-blindagem-e-adpf-1-260-duas-faces-da-mesma-bandidagem","status":"publish","type":"post","link":"https:\/\/www.blogsoestado.com\/joaquimhaickel\/2025\/09\/25\/pec-da-blindagem-e-adpf-1-260-duas-faces-da-mesma-bandidagem\/","title":{"rendered":"PEC da Blindagem e ADPF 1.260: duas faces da mesma bandidagem"},"content":{"rendered":"\n<figure class=\"wp-block-image size-large is-resized\"><img fetchpriority=\"high\" decoding=\"async\" width=\"683\" height=\"1024\" src=\"https:\/\/www.blogsoestado.com\/joaquimhaickel\/wp-content\/uploads\/sites\/6\/2025\/09\/PEC-da-Blindagem-e-ADPF-1.260-duas-faces-da-mesma-bandidagem--683x1024.png\" alt=\"\" class=\"wp-image-4141\" style=\"width:545px;height:auto\" srcset=\"https:\/\/www.blogsoestado.com\/joaquimhaickel\/wp-content\/uploads\/sites\/6\/2025\/09\/PEC-da-Blindagem-e-ADPF-1.260-duas-faces-da-mesma-bandidagem--683x1024.png 683w, https:\/\/www.blogsoestado.com\/joaquimhaickel\/wp-content\/uploads\/sites\/6\/2025\/09\/PEC-da-Blindagem-e-ADPF-1.260-duas-faces-da-mesma-bandidagem--200x300.png 200w, https:\/\/www.blogsoestado.com\/joaquimhaickel\/wp-content\/uploads\/sites\/6\/2025\/09\/PEC-da-Blindagem-e-ADPF-1.260-duas-faces-da-mesma-bandidagem--768x1152.png 768w, https:\/\/www.blogsoestado.com\/joaquimhaickel\/wp-content\/uploads\/sites\/6\/2025\/09\/PEC-da-Blindagem-e-ADPF-1.260-duas-faces-da-mesma-bandidagem-.png 1024w\" sizes=\"(max-width: 683px) 100vw, 683px\" \/><\/figure>\n\n\n\n<p>O Brasil atravessa um momento em que parte expressiva de sua elite pol\u00edtica e institucional parece empenhada n\u00e3o em fortalecer a democracia, mas em construir mecanismos de autoprote\u00e7\u00e3o contra a responsabiliza\u00e7\u00e3o de seus atos. Dois exemplos recentes saltam aos olhos: a famigerada PEC da Blindagem, torpedeada em muito boa hora pela Comiss\u00e3o de Constitui\u00e7\u00e3o e Justi\u00e7a do Senado Federal, e a ADPF 1.260, proposta pela Associa\u00e7\u00e3o dos Magistrados Brasileiros em conjunto com o partido Solidariedade.<\/p>\n\n\n\n<p>A PEC da Blindagem buscava ressuscitar e ampliar prerrogativas parlamentares que haviam sido restringidas no in\u00edcio dos anos 2000, ap\u00f3s sucessivos esc\u00e2ndalos de corrup\u00e7\u00e3o. A inten\u00e7\u00e3o era clara: devolver aos congressistas imunidades quase absolutas, blindando-os de investiga\u00e7\u00f5es, pris\u00f5es e at\u00e9 de responsabiliza\u00e7\u00e3o pol\u00edtica. Tratava-se de uma tentativa de restaurar um \u201cforo privilegiado\u201d turbinado, transformando parlamentares em figuras praticamente inating\u00edveis, algo que rompe com a l\u00f3gica republicana de que todos devem responder por seus atos.<\/p>\n\n\n\n<p>Do outro lado da Pra\u00e7a dos Tr\u00eas Poderes, de modo sorrateiro e quase que de forma impercept\u00edvel, pois ningu\u00e9m chamou aten\u00e7\u00e3o para esse fato, a ADPF 1.260 pretende alterar o rito de pedidos de afastamento de ministros do STF. A a\u00e7\u00e3o questiona dispositivos da Lei 1.079\/1950 e defende que somente a Procuradoria-Geral da Rep\u00fablica poderia apresentar den\u00fancia contra ministros da Suprema Corte, al\u00e9m de exigir qu\u00f3rum qualificado para qualquer delibera\u00e7\u00e3o pelo Senado. Se acolhida, a tese retiraria do Parlamento e da sociedade civil a prerrogativa de provocar a responsabiliza\u00e7\u00e3o de ministros, concentrando o poder nas m\u00e3os da PGR. Na pr\u00e1tica, criaria uma blindagem adicional para os integrantes da mais alta Corte, tornando praticamente imposs\u00edvel qualquer processo de impeachment.<\/p>\n\n\n\n<p>Ainda que diferentes em forma e origem, tanto a PEC da Blindagem quanto a ADPF 1.260 revelam um mesmo esp\u00edrito corporativo: o de preservar autoridades contra mecanismos de controle e fiscaliza\u00e7\u00e3o. Ambas erguem barreiras \u00e0 democracia, afastam o povo do exerc\u00edcio de sua soberania e fortalecem castas institucionais que passam a se considerar acima das regras comuns.<\/p>\n\n\n\n<p>Num pa\u00eds marcado por sucessivos abusos de poder e pelo descr\u00e9dito nas institui\u00e7\u00f5es, medidas como essas n\u00e3o soam como defesa da ordem constitucional, mas como atos de autopreserva\u00e7\u00e3o disfar\u00e7ados de garantias institucionais. Ao inv\u00e9s de proteger a democracia, tais iniciativas a enfraquecem, alimentam a impunidade e ampliam a dist\u00e2ncia entre governantes e governados, entre os detentores do poder e a sociedade que deveria control\u00e1-los.<\/p>\n\n\n\n<p><\/p>\n","protected":false},"excerpt":{"rendered":"<p>O Brasil atravessa um momento em que parte expressiva de sua elite pol\u00edtica e institucional parece empenhada n\u00e3o em fortalecer [&hellip;]<\/p>\n","protected":false},"author":7,"featured_media":0,"comment_status":"open","ping_status":"open","sticky":false,"template":"","format":"standard","meta":{"site-sidebar-layout":"default","site-content-layout":"","ast-site-content-layout":"default","site-content-style":"default","site-sidebar-style":"default","ast-global-header-display":"","ast-banner-title-visibility":"","ast-main-header-display":"","ast-hfb-above-header-display":"","ast-hfb-below-header-display":"","ast-hfb-mobile-header-display":"","site-post-title":"","ast-breadcrumbs-content":"","ast-featured-img":"","footer-sml-layout":"","ast-disable-related-posts":"","theme-transparent-header-meta":"","adv-header-id-meta":"","stick-header-meta":"","header-above-stick-meta":"","header-main-stick-meta":"","header-below-stick-meta":"","astra-migrate-meta-layouts":"default","ast-page-background-enabled":"default","ast-page-background-meta":{"desktop":{"background-color":"var(--ast-global-color-5)","background-image":"","background-repeat":"repeat","background-position":"center center","background-size":"auto","background-attachment":"scroll","background-type":"","background-media":"","overlay-type":"","overlay-color":"","overlay-opacity":"","overlay-gradient":""},"tablet":{"background-color":"","background-image":"","background-repeat":"repeat","background-position":"center center","background-size":"auto","background-attachment":"scroll","background-type":"","background-media":"","overlay-type":"","overlay-color":"","overlay-opacity":"","overlay-gradient":""},"mobile":{"background-color":"","background-image":"","background-repeat":"repeat","background-position":"center center","background-size":"auto","background-attachment":"scroll","background-type":"","background-media":"","overlay-type":"","overlay-color":"","overlay-opacity":"","overlay-gradient":""}},"ast-content-background-meta":{"desktop":{"background-color":"var(--ast-global-color-4)","background-image":"","background-repeat":"repeat","background-position":"center center","background-size":"auto","background-attachment":"scroll","background-type":"","background-media":"","overlay-type":"","overlay-color":"","overlay-opacity":"","overlay-gradient":""},"tablet":{"background-color":"var(--ast-global-color-4)","background-image":"","background-repeat":"repeat","background-position":"center center","background-size":"auto","background-attachment":"scroll","background-type":"","background-media":"","overlay-type":"","overlay-color":"","overlay-opacity":"","overlay-gradient":""},"mobile":{"background-color":"var(--ast-global-color-4)","background-image":"","background-repeat":"repeat","background-position":"center center","background-size":"auto","background-attachment":"scroll","background-type":"","background-media":"","overlay-type":"","overlay-color":"","overlay-opacity":"","overlay-gradient":""}},"footnotes":""},"categories":[1],"tags":[],"class_list":["post-4140","post","type-post","status-publish","format-standard","hentry","category-sem-categoria"],"yoast_head":"<!-- This site is optimized with the Yoast SEO plugin v26.6 - https:\/\/yoast.com\/wordpress\/plugins\/seo\/ -->\n<title>PEC da Blindagem e ADPF 1.260: duas faces da mesma bandidagem - Joaquim Haickel<\/title>\n<meta name=\"robots\" content=\"index, follow, max-snippet:-1, max-image-preview:large, max-video-preview:-1\" \/>\n<link rel=\"canonical\" href=\"https:\/\/www.blogsoestado.com\/joaquimhaickel\/2025\/09\/25\/pec-da-blindagem-e-adpf-1-260-duas-faces-da-mesma-bandidagem\/\" \/>\n<meta property=\"og:locale\" content=\"pt_BR\" \/>\n<meta property=\"og:type\" content=\"article\" \/>\n<meta property=\"og:title\" content=\"PEC da Blindagem e ADPF 1.260: duas faces da mesma bandidagem - Joaquim Haickel\" \/>\n<meta property=\"og:description\" content=\"O Brasil atravessa um momento em que parte expressiva de sua elite pol\u00edtica e institucional parece empenhada n\u00e3o em fortalecer [&hellip;]\" \/>\n<meta property=\"og:url\" content=\"https:\/\/www.blogsoestado.com\/joaquimhaickel\/2025\/09\/25\/pec-da-blindagem-e-adpf-1-260-duas-faces-da-mesma-bandidagem\/\" \/>\n<meta property=\"og:site_name\" content=\"Joaquim Haickel\" \/>\n<meta property=\"article:published_time\" content=\"2025-09-25T10:49:45+00:00\" \/>\n<meta property=\"article:modified_time\" content=\"2025-09-25T10:49:47+00:00\" \/>\n<meta property=\"og:image\" content=\"https:\/\/www.blogsoestado.com\/joaquimhaickel\/wp-content\/uploads\/sites\/6\/2025\/09\/PEC-da-Blindagem-e-ADPF-1.260-duas-faces-da-mesma-bandidagem--683x1024.png\" \/>\n\t<meta property=\"og:image:width\" content=\"683\" \/>\n\t<meta property=\"og:image:height\" content=\"1024\" \/>\n\t<meta property=\"og:image:type\" content=\"image\/png\" \/>\n<meta name=\"author\" content=\"Joaquim Haickel\" \/>\n<meta name=\"twitter:card\" content=\"summary_large_image\" \/>\n<meta name=\"twitter:label1\" content=\"Escrito por\" \/>\n\t<meta name=\"twitter:data1\" content=\"Joaquim Haickel\" \/>\n\t<meta name=\"twitter:label2\" content=\"Est. tempo de leitura\" \/>\n\t<meta name=\"twitter:data2\" content=\"3 minutos\" \/>\n<script type=\"application\/ld+json\" class=\"yoast-schema-graph\">{\"@context\":\"https:\/\/schema.org\",\"@graph\":[{\"@type\":\"WebPage\",\"@id\":\"https:\/\/www.blogsoestado.com\/joaquimhaickel\/2025\/09\/25\/pec-da-blindagem-e-adpf-1-260-duas-faces-da-mesma-bandidagem\/\",\"url\":\"https:\/\/www.blogsoestado.com\/joaquimhaickel\/2025\/09\/25\/pec-da-blindagem-e-adpf-1-260-duas-faces-da-mesma-bandidagem\/\",\"name\":\"PEC da Blindagem e ADPF 1.260: duas faces da mesma bandidagem - Joaquim Haickel\",\"isPartOf\":{\"@id\":\"https:\/\/www.blogsoestado.com\/joaquimhaickel\/#website\"},\"primaryImageOfPage\":{\"@id\":\"https:\/\/www.blogsoestado.com\/joaquimhaickel\/2025\/09\/25\/pec-da-blindagem-e-adpf-1-260-duas-faces-da-mesma-bandidagem\/#primaryimage\"},\"image\":{\"@id\":\"https:\/\/www.blogsoestado.com\/joaquimhaickel\/2025\/09\/25\/pec-da-blindagem-e-adpf-1-260-duas-faces-da-mesma-bandidagem\/#primaryimage\"},\"thumbnailUrl\":\"https:\/\/www.blogsoestado.com\/joaquimhaickel\/wp-content\/uploads\/sites\/6\/2025\/09\/PEC-da-Blindagem-e-ADPF-1.260-duas-faces-da-mesma-bandidagem--683x1024.png\",\"datePublished\":\"2025-09-25T10:49:45+00:00\",\"dateModified\":\"2025-09-25T10:49:47+00:00\",\"author\":{\"@id\":\"https:\/\/www.blogsoestado.com\/joaquimhaickel\/#\/schema\/person\/4a711644aff28245c6c2c3452d66d325\"},\"breadcrumb\":{\"@id\":\"https:\/\/www.blogsoestado.com\/joaquimhaickel\/2025\/09\/25\/pec-da-blindagem-e-adpf-1-260-duas-faces-da-mesma-bandidagem\/#breadcrumb\"},\"inLanguage\":\"pt-BR\",\"potentialAction\":[{\"@type\":\"ReadAction\",\"target\":[\"https:\/\/www.blogsoestado.com\/joaquimhaickel\/2025\/09\/25\/pec-da-blindagem-e-adpf-1-260-duas-faces-da-mesma-bandidagem\/\"]}]},{\"@type\":\"ImageObject\",\"inLanguage\":\"pt-BR\",\"@id\":\"https:\/\/www.blogsoestado.com\/joaquimhaickel\/2025\/09\/25\/pec-da-blindagem-e-adpf-1-260-duas-faces-da-mesma-bandidagem\/#primaryimage\",\"url\":\"https:\/\/www.blogsoestado.com\/joaquimhaickel\/wp-content\/uploads\/sites\/6\/2025\/09\/PEC-da-Blindagem-e-ADPF-1.260-duas-faces-da-mesma-bandidagem-.png\",\"contentUrl\":\"https:\/\/www.blogsoestado.com\/joaquimhaickel\/wp-content\/uploads\/sites\/6\/2025\/09\/PEC-da-Blindagem-e-ADPF-1.260-duas-faces-da-mesma-bandidagem-.png\",\"width\":1024,\"height\":1536},{\"@type\":\"BreadcrumbList\",\"@id\":\"https:\/\/www.blogsoestado.com\/joaquimhaickel\/2025\/09\/25\/pec-da-blindagem-e-adpf-1-260-duas-faces-da-mesma-bandidagem\/#breadcrumb\",\"itemListElement\":[{\"@type\":\"ListItem\",\"position\":1,\"name\":\"In\u00edcio\",\"item\":\"https:\/\/www.blogsoestado.com\/joaquimhaickel\/\"},{\"@type\":\"ListItem\",\"position\":2,\"name\":\"PEC da Blindagem e ADPF 1.260: duas faces da mesma bandidagem\"}]},{\"@type\":\"WebSite\",\"@id\":\"https:\/\/www.blogsoestado.com\/joaquimhaickel\/#website\",\"url\":\"https:\/\/www.blogsoestado.com\/joaquimhaickel\/\",\"name\":\"Joaquim Haickel\",\"description\":\"\",\"potentialAction\":[{\"@type\":\"SearchAction\",\"target\":{\"@type\":\"EntryPoint\",\"urlTemplate\":\"https:\/\/www.blogsoestado.com\/joaquimhaickel\/?s={search_term_string}\"},\"query-input\":{\"@type\":\"PropertyValueSpecification\",\"valueRequired\":true,\"valueName\":\"search_term_string\"}}],\"inLanguage\":\"pt-BR\"},{\"@type\":\"Person\",\"@id\":\"https:\/\/www.blogsoestado.com\/joaquimhaickel\/#\/schema\/person\/4a711644aff28245c6c2c3452d66d325\",\"name\":\"Joaquim Haickel\",\"image\":{\"@type\":\"ImageObject\",\"inLanguage\":\"pt-BR\",\"@id\":\"https:\/\/www.blogsoestado.com\/joaquimhaickel\/#\/schema\/person\/image\/\",\"url\":\"https:\/\/secure.gravatar.com\/avatar\/473d89339b9f8ec089adb8d5778363eb5a2ba2319956bcf0298bfd8cca04684a?s=96&d=mm&r=g\",\"contentUrl\":\"https:\/\/secure.gravatar.com\/avatar\/473d89339b9f8ec089adb8d5778363eb5a2ba2319956bcf0298bfd8cca04684a?s=96&d=mm&r=g\",\"caption\":\"Joaquim Haickel\"},\"url\":\"https:\/\/www.blogsoestado.com\/joaquimhaickel\/author\/joaquimhaickel\/\"}]}<\/script>\n<!-- \/ Yoast SEO plugin. -->","yoast_head_json":{"title":"PEC da Blindagem e ADPF 1.260: duas faces da mesma bandidagem - Joaquim Haickel","robots":{"index":"index","follow":"follow","max-snippet":"max-snippet:-1","max-image-preview":"max-image-preview:large","max-video-preview":"max-video-preview:-1"},"canonical":"https:\/\/www.blogsoestado.com\/joaquimhaickel\/2025\/09\/25\/pec-da-blindagem-e-adpf-1-260-duas-faces-da-mesma-bandidagem\/","og_locale":"pt_BR","og_type":"article","og_title":"PEC da Blindagem e ADPF 1.260: duas faces da mesma bandidagem - Joaquim Haickel","og_description":"O Brasil atravessa um momento em que parte expressiva de sua elite pol\u00edtica e institucional parece empenhada n\u00e3o em fortalecer [&hellip;]","og_url":"https:\/\/www.blogsoestado.com\/joaquimhaickel\/2025\/09\/25\/pec-da-blindagem-e-adpf-1-260-duas-faces-da-mesma-bandidagem\/","og_site_name":"Joaquim Haickel","article_published_time":"2025-09-25T10:49:45+00:00","article_modified_time":"2025-09-25T10:49:47+00:00","og_image":[{"width":683,"height":1024,"url":"https:\/\/www.blogsoestado.com\/joaquimhaickel\/wp-content\/uploads\/sites\/6\/2025\/09\/PEC-da-Blindagem-e-ADPF-1.260-duas-faces-da-mesma-bandidagem--683x1024.png","type":"image\/png"}],"author":"Joaquim Haickel","twitter_card":"summary_large_image","twitter_misc":{"Escrito por":"Joaquim Haickel","Est. tempo de leitura":"3 minutos"},"schema":{"@context":"https:\/\/schema.org","@graph":[{"@type":"WebPage","@id":"https:\/\/www.blogsoestado.com\/joaquimhaickel\/2025\/09\/25\/pec-da-blindagem-e-adpf-1-260-duas-faces-da-mesma-bandidagem\/","url":"https:\/\/www.blogsoestado.com\/joaquimhaickel\/2025\/09\/25\/pec-da-blindagem-e-adpf-1-260-duas-faces-da-mesma-bandidagem\/","name":"PEC da Blindagem e ADPF 1.260: duas faces da mesma bandidagem - Joaquim Haickel","isPartOf":{"@id":"https:\/\/www.blogsoestado.com\/joaquimhaickel\/#website"},"primaryImageOfPage":{"@id":"https:\/\/www.blogsoestado.com\/joaquimhaickel\/2025\/09\/25\/pec-da-blindagem-e-adpf-1-260-duas-faces-da-mesma-bandidagem\/#primaryimage"},"image":{"@id":"https:\/\/www.blogsoestado.com\/joaquimhaickel\/2025\/09\/25\/pec-da-blindagem-e-adpf-1-260-duas-faces-da-mesma-bandidagem\/#primaryimage"},"thumbnailUrl":"https:\/\/www.blogsoestado.com\/joaquimhaickel\/wp-content\/uploads\/sites\/6\/2025\/09\/PEC-da-Blindagem-e-ADPF-1.260-duas-faces-da-mesma-bandidagem--683x1024.png","datePublished":"2025-09-25T10:49:45+00:00","dateModified":"2025-09-25T10:49:47+00:00","author":{"@id":"https:\/\/www.blogsoestado.com\/joaquimhaickel\/#\/schema\/person\/4a711644aff28245c6c2c3452d66d325"},"breadcrumb":{"@id":"https:\/\/www.blogsoestado.com\/joaquimhaickel\/2025\/09\/25\/pec-da-blindagem-e-adpf-1-260-duas-faces-da-mesma-bandidagem\/#breadcrumb"},"inLanguage":"pt-BR","potentialAction":[{"@type":"ReadAction","target":["https:\/\/www.blogsoestado.com\/joaquimhaickel\/2025\/09\/25\/pec-da-blindagem-e-adpf-1-260-duas-faces-da-mesma-bandidagem\/"]}]},{"@type":"ImageObject","inLanguage":"pt-BR","@id":"https:\/\/www.blogsoestado.com\/joaquimhaickel\/2025\/09\/25\/pec-da-blindagem-e-adpf-1-260-duas-faces-da-mesma-bandidagem\/#primaryimage","url":"https:\/\/www.blogsoestado.com\/joaquimhaickel\/wp-content\/uploads\/sites\/6\/2025\/09\/PEC-da-Blindagem-e-ADPF-1.260-duas-faces-da-mesma-bandidagem-.png","contentUrl":"https:\/\/www.blogsoestado.com\/joaquimhaickel\/wp-content\/uploads\/sites\/6\/2025\/09\/PEC-da-Blindagem-e-ADPF-1.260-duas-faces-da-mesma-bandidagem-.png","width":1024,"height":1536},{"@type":"BreadcrumbList","@id":"https:\/\/www.blogsoestado.com\/joaquimhaickel\/2025\/09\/25\/pec-da-blindagem-e-adpf-1-260-duas-faces-da-mesma-bandidagem\/#breadcrumb","itemListElement":[{"@type":"ListItem","position":1,"name":"In\u00edcio","item":"https:\/\/www.blogsoestado.com\/joaquimhaickel\/"},{"@type":"ListItem","position":2,"name":"PEC da Blindagem e ADPF 1.260: duas faces da mesma bandidagem"}]},{"@type":"WebSite","@id":"https:\/\/www.blogsoestado.com\/joaquimhaickel\/#website","url":"https:\/\/www.blogsoestado.com\/joaquimhaickel\/","name":"Joaquim Haickel","description":"","potentialAction":[{"@type":"SearchAction","target":{"@type":"EntryPoint","urlTemplate":"https:\/\/www.blogsoestado.com\/joaquimhaickel\/?s={search_term_string}"},"query-input":{"@type":"PropertyValueSpecification","valueRequired":true,"valueName":"search_term_string"}}],"inLanguage":"pt-BR"},{"@type":"Person","@id":"https:\/\/www.blogsoestado.com\/joaquimhaickel\/#\/schema\/person\/4a711644aff28245c6c2c3452d66d325","name":"Joaquim Haickel","image":{"@type":"ImageObject","inLanguage":"pt-BR","@id":"https:\/\/www.blogsoestado.com\/joaquimhaickel\/#\/schema\/person\/image\/","url":"https:\/\/secure.gravatar.com\/avatar\/473d89339b9f8ec089adb8d5778363eb5a2ba2319956bcf0298bfd8cca04684a?s=96&d=mm&r=g","contentUrl":"https:\/\/secure.gravatar.com\/avatar\/473d89339b9f8ec089adb8d5778363eb5a2ba2319956bcf0298bfd8cca04684a?s=96&d=mm&r=g","caption":"Joaquim Haickel"},"url":"https:\/\/www.blogsoestado.com\/joaquimhaickel\/author\/joaquimhaickel\/"}]}},"jetpack_featured_media_url":"","_links":{"self":[{"href":"https:\/\/www.blogsoestado.com\/joaquimhaickel\/wp-json\/wp\/v2\/posts\/4140","targetHints":{"allow":["GET"]}}],"collection":[{"href":"https:\/\/www.blogsoestado.com\/joaquimhaickel\/wp-json\/wp\/v2\/posts"}],"about":[{"href":"https:\/\/www.blogsoestado.com\/joaquimhaickel\/wp-json\/wp\/v2\/types\/post"}],"author":[{"embeddable":true,"href":"https:\/\/www.blogsoestado.com\/joaquimhaickel\/wp-json\/wp\/v2\/users\/7"}],"replies":[{"embeddable":true,"href":"https:\/\/www.blogsoestado.com\/joaquimhaickel\/wp-json\/wp\/v2\/comments?post=4140"}],"version-history":[{"count":1,"href":"https:\/\/www.blogsoestado.com\/joaquimhaickel\/wp-json\/wp\/v2\/posts\/4140\/revisions"}],"predecessor-version":[{"id":4142,"href":"https:\/\/www.blogsoestado.com\/joaquimhaickel\/wp-json\/wp\/v2\/posts\/4140\/revisions\/4142"}],"wp:attachment":[{"href":"https:\/\/www.blogsoestado.com\/joaquimhaickel\/wp-json\/wp\/v2\/media?parent=4140"}],"wp:term":[{"taxonomy":"category","embeddable":true,"href":"https:\/\/www.blogsoestado.com\/joaquimhaickel\/wp-json\/wp\/v2\/categories?post=4140"},{"taxonomy":"post_tag","embeddable":true,"href":"https:\/\/www.blogsoestado.com\/joaquimhaickel\/wp-json\/wp\/v2\/tags?post=4140"}],"curies":[{"name":"wp","href":"https:\/\/api.w.org\/{rel}","templated":true}]}}