{"id":4144,"date":"2025-09-27T07:21:15","date_gmt":"2025-09-27T10:21:15","guid":{"rendered":"https:\/\/www.blogsoestado.com\/joaquimhaickel\/?p=4144"},"modified":"2025-09-27T07:21:17","modified_gmt":"2025-09-27T10:21:17","slug":"convite-para-ser-candidato-a-senador","status":"publish","type":"post","link":"https:\/\/www.blogsoestado.com\/joaquimhaickel\/2025\/09\/27\/convite-para-ser-candidato-a-senador\/","title":{"rendered":"Convite para ser candidato a senador"},"content":{"rendered":"\n<figure class=\"wp-block-image size-large is-resized\"><img fetchpriority=\"high\" decoding=\"async\" width=\"683\" height=\"1024\" src=\"https:\/\/www.blogsoestado.com\/joaquimhaickel\/wp-content\/uploads\/sites\/6\/2025\/09\/Convite-para-ser-candidato-a-senador-683x1024.png\" alt=\"\" class=\"wp-image-4145\" style=\"width:525px;height:auto\" srcset=\"https:\/\/www.blogsoestado.com\/joaquimhaickel\/wp-content\/uploads\/sites\/6\/2025\/09\/Convite-para-ser-candidato-a-senador-683x1024.png 683w, https:\/\/www.blogsoestado.com\/joaquimhaickel\/wp-content\/uploads\/sites\/6\/2025\/09\/Convite-para-ser-candidato-a-senador-200x300.png 200w, https:\/\/www.blogsoestado.com\/joaquimhaickel\/wp-content\/uploads\/sites\/6\/2025\/09\/Convite-para-ser-candidato-a-senador-768x1152.png 768w, https:\/\/www.blogsoestado.com\/joaquimhaickel\/wp-content\/uploads\/sites\/6\/2025\/09\/Convite-para-ser-candidato-a-senador.png 1024w\" sizes=\"(max-width: 683px) 100vw, 683px\" \/><\/figure>\n\n\n\n<p>Acredito que as pessoas que leem meus textos tenham algum conhecimento a meu respeito. Penso que saibam que sou advogado, que exerci mandatos parlamentares entre 1983 e 2011, tendo sido, inclusive, constituinte em 1988. Que durante algum tempo trabalhei como secret\u00e1rio de Estado de Assuntos Pol\u00edticos, Educa\u00e7\u00e3o e tamb\u00e9m de Esportes. Que me posiciono \u00e0 direita do espectro pol\u00edtico-ideol\u00f3gico, que abomino radicalismo e intoler\u00e2ncia, e que tenho avers\u00e3o a posicionamentos incoerentes e hip\u00f3critas. Isso sem contar com o fato de que desenvolvo atividades ligadas ao MAVAM \u2013 Museu da Mem\u00f3ria Audiovisual do Maranh\u00e3o \u2013, e tamb\u00e9m como escritor e cineasta, al\u00e9m de, nas horas vagas, ser empres\u00e1rio.<\/p>\n\n\n\n<p>Digo isso porque tenho recebido algumas mensagens de pessoas me indagando qual o motivo de eu comentar tanto sobre pol\u00edtica, perguntando se fa\u00e7o isso por estar me preparando para ser novamente candidato a algum cargo eletivo.<\/p>\n\n\n\n<p>Existe at\u00e9 um pulha que comenta recorrentemente em minhas postagens, de forma deselegante, afirmando que s\u00f3 digo o que digo porque viso ser candidato em 2026.<\/p>\n\n\n\n<p>Na verdade, eu at\u00e9 gostaria de voltar ao parlamento, principalmente ao parlamento estadual maranhense, pois o nacional, em minha modesta opini\u00e3o, est\u00e1 quase que completamente comprometido com os mais baixos instintos pol\u00edticos existentes. Ocorre que jamais voltaria a enfrentar um pleito eleitoral com as regras e com a legisla\u00e7\u00e3o que hoje vigoram em nosso pa\u00eds. Eu posso ser muita coisa, mas burro n\u00e3o sou. As regras e a legisla\u00e7\u00e3o que regem nosso sistema eleitoral s\u00e3o as maiores respons\u00e1veis pelas absurdas distor\u00e7\u00f5es em nosso sistema pol\u00edtico.<\/p>\n\n\n\n<p>Sobre voltar a ser candidato a um cargo eletivo, devo dizer \u2013 e fa\u00e7o isso por ter pedido permiss\u00e3o \u00e0s pessoas envolvidas no fato que citarei \u2013 que recebi um convite de um partido, um dos menos piores hoje existentes em nosso pa\u00eds, para que eu fosse candidato a senador por sua legenda.<\/p>\n\n\n\n<p>N\u00e3o vou negar que fiquei bastante orgulhoso de ter meu nome lembrado para disputar um cargo t\u00e3o importante por aquela agremia\u00e7\u00e3o partid\u00e1ria. Mas respeitosamente recusei o honroso convite, por dois motivos b\u00e1sicos: n\u00e3o entro em uma disputa para a qual eu n\u00e3o tenha a menor chance de vencer e, mesmo que vencesse \u2013 o que jamais aconteceria \u2013, eu n\u00e3o seria capaz de ajudar em muita coisa. Aquilo que precisamos \u00e9 de uma mudan\u00e7a radical, coisa para a qual uma, dez ou cem \u201candorinhas\u201d n\u00e3o fariam ver\u00e3o. Precisar\u00edamos de uma revoada delas para tentarmos mudar essa triste realidade.<\/p>\n\n\n\n<p>Ao recusar a indica\u00e7\u00e3o de meu nome para concorrer ao Senado, me achei no direito de indicar algu\u00e9m que mais do que eu, \u00e9 talhado para represent\u00e1-los nessa disputa: algu\u00e9m mais idealista do que eu, mais sonhador, mais arrojado, mais preparado que eu. Indiquei meu amigo e colega no parlamento maranhense, o ex-deputado C\u00e9sar Pires, que tenho certeza elevar\u00e1 em muito o n\u00edvel intelectual e pol\u00edtico da disputa pelo Senado em 2026, e que se eleito for, desempenhar\u00e1 com muito mais capacidade, compet\u00eancia e responsabilidade as fun\u00e7\u00f5es de senador que os que a\u00ed est\u00e3o.<\/p>\n","protected":false},"excerpt":{"rendered":"<p>Acredito que as pessoas que leem meus textos tenham algum conhecimento a meu respeito. Penso que saibam que sou advogado, [&hellip;]<\/p>\n","protected":false},"author":7,"featured_media":0,"comment_status":"open","ping_status":"open","sticky":false,"template":"","format":"standard","meta":{"site-sidebar-layout":"default","site-content-layout":"","ast-site-content-layout":"default","site-content-style":"default","site-sidebar-style":"default","ast-global-header-display":"","ast-banner-title-visibility":"","ast-main-header-display":"","ast-hfb-above-header-display":"","ast-hfb-below-header-display":"","ast-hfb-mobile-header-display":"","site-post-title":"","ast-breadcrumbs-content":"","ast-featured-img":"","footer-sml-layout":"","ast-disable-related-posts":"","theme-transparent-header-meta":"","adv-header-id-meta":"","stick-header-meta":"","header-above-stick-meta":"","header-main-stick-meta":"","header-below-stick-meta":"","astra-migrate-meta-layouts":"default","ast-page-background-enabled":"default","ast-page-background-meta":{"desktop":{"background-color":"var(--ast-global-color-5)","background-image":"","background-repeat":"repeat","background-position":"center center","background-size":"auto","background-attachment":"scroll","background-type":"","background-media":"","overlay-type":"","overlay-color":"","overlay-opacity":"","overlay-gradient":""},"tablet":{"background-color":"","background-image":"","background-repeat":"repeat","background-position":"center center","background-size":"auto","background-attachment":"scroll","background-type":"","background-media":"","overlay-type":"","overlay-color":"","overlay-opacity":"","overlay-gradient":""},"mobile":{"background-color":"","background-image":"","background-repeat":"repeat","background-position":"center center","background-size":"auto","background-attachment":"scroll","background-type":"","background-media":"","overlay-type":"","overlay-color":"","overlay-opacity":"","overlay-gradient":""}},"ast-content-background-meta":{"desktop":{"background-color":"var(--ast-global-color-4)","background-image":"","background-repeat":"repeat","background-position":"center center","background-size":"auto","background-attachment":"scroll","background-type":"","background-media":"","overlay-type":"","overlay-color":"","overlay-opacity":"","overlay-gradient":""},"tablet":{"background-color":"var(--ast-global-color-4)","background-image":"","background-repeat":"repeat","background-position":"center center","background-size":"auto","background-attachment":"scroll","background-type":"","background-media":"","overlay-type":"","overlay-color":"","overlay-opacity":"","overlay-gradient":""},"mobile":{"background-color":"var(--ast-global-color-4)","background-image":"","background-repeat":"repeat","background-position":"center center","background-size":"auto","background-attachment":"scroll","background-type":"","background-media":"","overlay-type":"","overlay-color":"","overlay-opacity":"","overlay-gradient":""}},"footnotes":""},"categories":[1],"tags":[],"class_list":["post-4144","post","type-post","status-publish","format-standard","hentry","category-sem-categoria"],"yoast_head":"<!-- This site is optimized with the Yoast SEO plugin v26.6 - https:\/\/yoast.com\/wordpress\/plugins\/seo\/ -->\n<title>Convite para ser candidato a senador - Joaquim Haickel<\/title>\n<meta name=\"robots\" content=\"index, follow, max-snippet:-1, max-image-preview:large, max-video-preview:-1\" \/>\n<link rel=\"canonical\" href=\"https:\/\/www.blogsoestado.com\/joaquimhaickel\/2025\/09\/27\/convite-para-ser-candidato-a-senador\/\" \/>\n<meta property=\"og:locale\" content=\"pt_BR\" \/>\n<meta property=\"og:type\" content=\"article\" \/>\n<meta property=\"og:title\" content=\"Convite para ser candidato a senador - Joaquim Haickel\" \/>\n<meta property=\"og:description\" content=\"Acredito que as pessoas que leem meus textos tenham algum conhecimento a meu respeito. Penso que saibam que sou advogado, [&hellip;]\" \/>\n<meta property=\"og:url\" content=\"https:\/\/www.blogsoestado.com\/joaquimhaickel\/2025\/09\/27\/convite-para-ser-candidato-a-senador\/\" \/>\n<meta property=\"og:site_name\" content=\"Joaquim Haickel\" \/>\n<meta property=\"article:published_time\" content=\"2025-09-27T10:21:15+00:00\" \/>\n<meta property=\"article:modified_time\" content=\"2025-09-27T10:21:17+00:00\" \/>\n<meta property=\"og:image\" content=\"https:\/\/www.blogsoestado.com\/joaquimhaickel\/wp-content\/uploads\/sites\/6\/2025\/09\/Convite-para-ser-candidato-a-senador-683x1024.png\" \/>\n\t<meta property=\"og:image:width\" content=\"683\" \/>\n\t<meta property=\"og:image:height\" content=\"1024\" \/>\n\t<meta property=\"og:image:type\" content=\"image\/png\" \/>\n<meta name=\"author\" content=\"Joaquim Haickel\" \/>\n<meta name=\"twitter:card\" content=\"summary_large_image\" \/>\n<meta name=\"twitter:label1\" content=\"Escrito por\" \/>\n\t<meta name=\"twitter:data1\" content=\"Joaquim Haickel\" \/>\n\t<meta name=\"twitter:label2\" content=\"Est. tempo de leitura\" \/>\n\t<meta name=\"twitter:data2\" content=\"3 minutos\" \/>\n<script type=\"application\/ld+json\" class=\"yoast-schema-graph\">{\"@context\":\"https:\/\/schema.org\",\"@graph\":[{\"@type\":\"WebPage\",\"@id\":\"https:\/\/www.blogsoestado.com\/joaquimhaickel\/2025\/09\/27\/convite-para-ser-candidato-a-senador\/\",\"url\":\"https:\/\/www.blogsoestado.com\/joaquimhaickel\/2025\/09\/27\/convite-para-ser-candidato-a-senador\/\",\"name\":\"Convite para ser candidato a senador - Joaquim Haickel\",\"isPartOf\":{\"@id\":\"https:\/\/www.blogsoestado.com\/joaquimhaickel\/#website\"},\"primaryImageOfPage\":{\"@id\":\"https:\/\/www.blogsoestado.com\/joaquimhaickel\/2025\/09\/27\/convite-para-ser-candidato-a-senador\/#primaryimage\"},\"image\":{\"@id\":\"https:\/\/www.blogsoestado.com\/joaquimhaickel\/2025\/09\/27\/convite-para-ser-candidato-a-senador\/#primaryimage\"},\"thumbnailUrl\":\"https:\/\/www.blogsoestado.com\/joaquimhaickel\/wp-content\/uploads\/sites\/6\/2025\/09\/Convite-para-ser-candidato-a-senador-683x1024.png\",\"datePublished\":\"2025-09-27T10:21:15+00:00\",\"dateModified\":\"2025-09-27T10:21:17+00:00\",\"author\":{\"@id\":\"https:\/\/www.blogsoestado.com\/joaquimhaickel\/#\/schema\/person\/4a711644aff28245c6c2c3452d66d325\"},\"breadcrumb\":{\"@id\":\"https:\/\/www.blogsoestado.com\/joaquimhaickel\/2025\/09\/27\/convite-para-ser-candidato-a-senador\/#breadcrumb\"},\"inLanguage\":\"pt-BR\",\"potentialAction\":[{\"@type\":\"ReadAction\",\"target\":[\"https:\/\/www.blogsoestado.com\/joaquimhaickel\/2025\/09\/27\/convite-para-ser-candidato-a-senador\/\"]}]},{\"@type\":\"ImageObject\",\"inLanguage\":\"pt-BR\",\"@id\":\"https:\/\/www.blogsoestado.com\/joaquimhaickel\/2025\/09\/27\/convite-para-ser-candidato-a-senador\/#primaryimage\",\"url\":\"https:\/\/www.blogsoestado.com\/joaquimhaickel\/wp-content\/uploads\/sites\/6\/2025\/09\/Convite-para-ser-candidato-a-senador.png\",\"contentUrl\":\"https:\/\/www.blogsoestado.com\/joaquimhaickel\/wp-content\/uploads\/sites\/6\/2025\/09\/Convite-para-ser-candidato-a-senador.png\",\"width\":1024,\"height\":1536},{\"@type\":\"BreadcrumbList\",\"@id\":\"https:\/\/www.blogsoestado.com\/joaquimhaickel\/2025\/09\/27\/convite-para-ser-candidato-a-senador\/#breadcrumb\",\"itemListElement\":[{\"@type\":\"ListItem\",\"position\":1,\"name\":\"In\u00edcio\",\"item\":\"https:\/\/www.blogsoestado.com\/joaquimhaickel\/\"},{\"@type\":\"ListItem\",\"position\":2,\"name\":\"Convite para ser candidato a senador\"}]},{\"@type\":\"WebSite\",\"@id\":\"https:\/\/www.blogsoestado.com\/joaquimhaickel\/#website\",\"url\":\"https:\/\/www.blogsoestado.com\/joaquimhaickel\/\",\"name\":\"Joaquim Haickel\",\"description\":\"\",\"potentialAction\":[{\"@type\":\"SearchAction\",\"target\":{\"@type\":\"EntryPoint\",\"urlTemplate\":\"https:\/\/www.blogsoestado.com\/joaquimhaickel\/?s={search_term_string}\"},\"query-input\":{\"@type\":\"PropertyValueSpecification\",\"valueRequired\":true,\"valueName\":\"search_term_string\"}}],\"inLanguage\":\"pt-BR\"},{\"@type\":\"Person\",\"@id\":\"https:\/\/www.blogsoestado.com\/joaquimhaickel\/#\/schema\/person\/4a711644aff28245c6c2c3452d66d325\",\"name\":\"Joaquim Haickel\",\"image\":{\"@type\":\"ImageObject\",\"inLanguage\":\"pt-BR\",\"@id\":\"https:\/\/www.blogsoestado.com\/joaquimhaickel\/#\/schema\/person\/image\/\",\"url\":\"https:\/\/secure.gravatar.com\/avatar\/473d89339b9f8ec089adb8d5778363eb5a2ba2319956bcf0298bfd8cca04684a?s=96&d=mm&r=g\",\"contentUrl\":\"https:\/\/secure.gravatar.com\/avatar\/473d89339b9f8ec089adb8d5778363eb5a2ba2319956bcf0298bfd8cca04684a?s=96&d=mm&r=g\",\"caption\":\"Joaquim Haickel\"},\"url\":\"https:\/\/www.blogsoestado.com\/joaquimhaickel\/author\/joaquimhaickel\/\"}]}<\/script>\n<!-- \/ Yoast SEO plugin. -->","yoast_head_json":{"title":"Convite para ser candidato a senador - Joaquim Haickel","robots":{"index":"index","follow":"follow","max-snippet":"max-snippet:-1","max-image-preview":"max-image-preview:large","max-video-preview":"max-video-preview:-1"},"canonical":"https:\/\/www.blogsoestado.com\/joaquimhaickel\/2025\/09\/27\/convite-para-ser-candidato-a-senador\/","og_locale":"pt_BR","og_type":"article","og_title":"Convite para ser candidato a senador - Joaquim Haickel","og_description":"Acredito que as pessoas que leem meus textos tenham algum conhecimento a meu respeito. Penso que saibam que sou advogado, [&hellip;]","og_url":"https:\/\/www.blogsoestado.com\/joaquimhaickel\/2025\/09\/27\/convite-para-ser-candidato-a-senador\/","og_site_name":"Joaquim Haickel","article_published_time":"2025-09-27T10:21:15+00:00","article_modified_time":"2025-09-27T10:21:17+00:00","og_image":[{"width":683,"height":1024,"url":"https:\/\/www.blogsoestado.com\/joaquimhaickel\/wp-content\/uploads\/sites\/6\/2025\/09\/Convite-para-ser-candidato-a-senador-683x1024.png","type":"image\/png"}],"author":"Joaquim Haickel","twitter_card":"summary_large_image","twitter_misc":{"Escrito por":"Joaquim Haickel","Est. tempo de leitura":"3 minutos"},"schema":{"@context":"https:\/\/schema.org","@graph":[{"@type":"WebPage","@id":"https:\/\/www.blogsoestado.com\/joaquimhaickel\/2025\/09\/27\/convite-para-ser-candidato-a-senador\/","url":"https:\/\/www.blogsoestado.com\/joaquimhaickel\/2025\/09\/27\/convite-para-ser-candidato-a-senador\/","name":"Convite para ser candidato a senador - Joaquim Haickel","isPartOf":{"@id":"https:\/\/www.blogsoestado.com\/joaquimhaickel\/#website"},"primaryImageOfPage":{"@id":"https:\/\/www.blogsoestado.com\/joaquimhaickel\/2025\/09\/27\/convite-para-ser-candidato-a-senador\/#primaryimage"},"image":{"@id":"https:\/\/www.blogsoestado.com\/joaquimhaickel\/2025\/09\/27\/convite-para-ser-candidato-a-senador\/#primaryimage"},"thumbnailUrl":"https:\/\/www.blogsoestado.com\/joaquimhaickel\/wp-content\/uploads\/sites\/6\/2025\/09\/Convite-para-ser-candidato-a-senador-683x1024.png","datePublished":"2025-09-27T10:21:15+00:00","dateModified":"2025-09-27T10:21:17+00:00","author":{"@id":"https:\/\/www.blogsoestado.com\/joaquimhaickel\/#\/schema\/person\/4a711644aff28245c6c2c3452d66d325"},"breadcrumb":{"@id":"https:\/\/www.blogsoestado.com\/joaquimhaickel\/2025\/09\/27\/convite-para-ser-candidato-a-senador\/#breadcrumb"},"inLanguage":"pt-BR","potentialAction":[{"@type":"ReadAction","target":["https:\/\/www.blogsoestado.com\/joaquimhaickel\/2025\/09\/27\/convite-para-ser-candidato-a-senador\/"]}]},{"@type":"ImageObject","inLanguage":"pt-BR","@id":"https:\/\/www.blogsoestado.com\/joaquimhaickel\/2025\/09\/27\/convite-para-ser-candidato-a-senador\/#primaryimage","url":"https:\/\/www.blogsoestado.com\/joaquimhaickel\/wp-content\/uploads\/sites\/6\/2025\/09\/Convite-para-ser-candidato-a-senador.png","contentUrl":"https:\/\/www.blogsoestado.com\/joaquimhaickel\/wp-content\/uploads\/sites\/6\/2025\/09\/Convite-para-ser-candidato-a-senador.png","width":1024,"height":1536},{"@type":"BreadcrumbList","@id":"https:\/\/www.blogsoestado.com\/joaquimhaickel\/2025\/09\/27\/convite-para-ser-candidato-a-senador\/#breadcrumb","itemListElement":[{"@type":"ListItem","position":1,"name":"In\u00edcio","item":"https:\/\/www.blogsoestado.com\/joaquimhaickel\/"},{"@type":"ListItem","position":2,"name":"Convite para ser candidato a senador"}]},{"@type":"WebSite","@id":"https:\/\/www.blogsoestado.com\/joaquimhaickel\/#website","url":"https:\/\/www.blogsoestado.com\/joaquimhaickel\/","name":"Joaquim Haickel","description":"","potentialAction":[{"@type":"SearchAction","target":{"@type":"EntryPoint","urlTemplate":"https:\/\/www.blogsoestado.com\/joaquimhaickel\/?s={search_term_string}"},"query-input":{"@type":"PropertyValueSpecification","valueRequired":true,"valueName":"search_term_string"}}],"inLanguage":"pt-BR"},{"@type":"Person","@id":"https:\/\/www.blogsoestado.com\/joaquimhaickel\/#\/schema\/person\/4a711644aff28245c6c2c3452d66d325","name":"Joaquim Haickel","image":{"@type":"ImageObject","inLanguage":"pt-BR","@id":"https:\/\/www.blogsoestado.com\/joaquimhaickel\/#\/schema\/person\/image\/","url":"https:\/\/secure.gravatar.com\/avatar\/473d89339b9f8ec089adb8d5778363eb5a2ba2319956bcf0298bfd8cca04684a?s=96&d=mm&r=g","contentUrl":"https:\/\/secure.gravatar.com\/avatar\/473d89339b9f8ec089adb8d5778363eb5a2ba2319956bcf0298bfd8cca04684a?s=96&d=mm&r=g","caption":"Joaquim Haickel"},"url":"https:\/\/www.blogsoestado.com\/joaquimhaickel\/author\/joaquimhaickel\/"}]}},"jetpack_featured_media_url":"","_links":{"self":[{"href":"https:\/\/www.blogsoestado.com\/joaquimhaickel\/wp-json\/wp\/v2\/posts\/4144","targetHints":{"allow":["GET"]}}],"collection":[{"href":"https:\/\/www.blogsoestado.com\/joaquimhaickel\/wp-json\/wp\/v2\/posts"}],"about":[{"href":"https:\/\/www.blogsoestado.com\/joaquimhaickel\/wp-json\/wp\/v2\/types\/post"}],"author":[{"embeddable":true,"href":"https:\/\/www.blogsoestado.com\/joaquimhaickel\/wp-json\/wp\/v2\/users\/7"}],"replies":[{"embeddable":true,"href":"https:\/\/www.blogsoestado.com\/joaquimhaickel\/wp-json\/wp\/v2\/comments?post=4144"}],"version-history":[{"count":1,"href":"https:\/\/www.blogsoestado.com\/joaquimhaickel\/wp-json\/wp\/v2\/posts\/4144\/revisions"}],"predecessor-version":[{"id":4146,"href":"https:\/\/www.blogsoestado.com\/joaquimhaickel\/wp-json\/wp\/v2\/posts\/4144\/revisions\/4146"}],"wp:attachment":[{"href":"https:\/\/www.blogsoestado.com\/joaquimhaickel\/wp-json\/wp\/v2\/media?parent=4144"}],"wp:term":[{"taxonomy":"category","embeddable":true,"href":"https:\/\/www.blogsoestado.com\/joaquimhaickel\/wp-json\/wp\/v2\/categories?post=4144"},{"taxonomy":"post_tag","embeddable":true,"href":"https:\/\/www.blogsoestado.com\/joaquimhaickel\/wp-json\/wp\/v2\/tags?post=4144"}],"curies":[{"name":"wp","href":"https:\/\/api.w.org\/{rel}","templated":true}]}}