{"id":4214,"date":"2026-01-08T14:25:57","date_gmt":"2026-01-08T17:25:57","guid":{"rendered":"https:\/\/www.blogsoestado.com\/joaquimhaickel\/?p=4214"},"modified":"2026-01-08T14:26:01","modified_gmt":"2026-01-08T17:26:01","slug":"contabilidade-e-dosimetria-de-uma-possivel-pena-atribuida-a-alexandre-de-moraes-por-seus-crimes-contra-o-brasil-e-os-brasileiros","status":"publish","type":"post","link":"https:\/\/www.blogsoestado.com\/joaquimhaickel\/2026\/01\/08\/contabilidade-e-dosimetria-de-uma-possivel-pena-atribuida-a-alexandre-de-moraes-por-seus-crimes-contra-o-brasil-e-os-brasileiros\/","title":{"rendered":"Contabilidade e dosimetria de uma poss\u00edvel pena atribu\u00edda a Alexandre de Moraes por seus crimes contra o Brasil e os brasileiros"},"content":{"rendered":"\n<figure class=\"wp-block-image size-large is-resized\"><img fetchpriority=\"high\" decoding=\"async\" width=\"1024\" height=\"683\" src=\"https:\/\/www.blogsoestado.com\/joaquimhaickel\/wp-content\/uploads\/sites\/6\/2026\/01\/Contabilidade-e-dosimetria-de-uma-possivel-pena-atribuida-a-Alexandre-de-Moraes-por-seus-crimes-contra-o-Brasil-e-os-brasileiros-1024x683.png\" alt=\"\" class=\"wp-image-4215\" style=\"width:619px;height:auto\" srcset=\"https:\/\/www.blogsoestado.com\/joaquimhaickel\/wp-content\/uploads\/sites\/6\/2026\/01\/Contabilidade-e-dosimetria-de-uma-possivel-pena-atribuida-a-Alexandre-de-Moraes-por-seus-crimes-contra-o-Brasil-e-os-brasileiros-1024x683.png 1024w, https:\/\/www.blogsoestado.com\/joaquimhaickel\/wp-content\/uploads\/sites\/6\/2026\/01\/Contabilidade-e-dosimetria-de-uma-possivel-pena-atribuida-a-Alexandre-de-Moraes-por-seus-crimes-contra-o-Brasil-e-os-brasileiros-300x200.png 300w, https:\/\/www.blogsoestado.com\/joaquimhaickel\/wp-content\/uploads\/sites\/6\/2026\/01\/Contabilidade-e-dosimetria-de-uma-possivel-pena-atribuida-a-Alexandre-de-Moraes-por-seus-crimes-contra-o-Brasil-e-os-brasileiros-768x512.png 768w, https:\/\/www.blogsoestado.com\/joaquimhaickel\/wp-content\/uploads\/sites\/6\/2026\/01\/Contabilidade-e-dosimetria-de-uma-possivel-pena-atribuida-a-Alexandre-de-Moraes-por-seus-crimes-contra-o-Brasil-e-os-brasileiros.png 1536w\" sizes=\"(max-width: 1024px) 100vw, 1024px\" \/><\/figure>\n\n\n\n<p>Neste dia 8 de janeiro de 2026, resolvi contabilizar o n\u00famero de condenados na dita tentativa de golpe de Estado, que teria ocorrido em nosso pa\u00eds em 8 de janeiro de 2023, uma fantasia criada pelo STF, pelo governo e por parte da imprensa, para justificar sua abjeta interfer\u00eancia no destino pol\u00edtico no Brasil.<\/p>\n\n\n\n<p>Resolvi ent\u00e3o inverter o polo das acusa\u00e7\u00f5es e julgar apenas o ministro Alexandre de Moraes, por abuso de poder, descumprimento do devido processo legal, destrui\u00e7\u00e3o do Estado Democr\u00e1tico de Direito, atentado \u00e0 lei constitucional de nosso pa\u00eds, e resolvi usar de forma t\u00e9nue uma dosimetria que ele jamais levou em considera\u00e7\u00e3o nos processos que julgou, dando a ele um dia de pena para cada ano que ele tenha atribu\u00eddo de para as pessoas que ele condenou injustamente.<\/p>\n\n\n\n<p>Voc\u00eas sabem quantos anos de cadeia este verme receberia se esse julgamento fosse proferido e essa pena fosse cumprida? Mais de 30 anos de pris\u00e3o.<\/p>\n\n\n\n<p>Eu explico como cheguei a esse n\u00famero. Foram mais de 800 condena\u00e7\u00f5es que, em m\u00e9dia, atingiram 14 anos de pena. O montante de anos ultrapassa 11.200, que, divididos por 365, resultam em mais de 30 anos de pena que seriam aplicados a esse Torquemada moderno.<\/p>\n\n\n\n<p>Essa alegoria serve apenas para exemplificar a destrui\u00e7\u00e3o que esse ser abomin\u00e1vel operacionalizou em nosso pa\u00eds. \u00c9 apenas uma alegoria, mas bem que poderia se transformar em realidade, e isso n\u00e3o seria vingan\u00e7a, seria apenas justi\u00e7a.<\/p>\n","protected":false},"excerpt":{"rendered":"<p>Neste dia 8 de janeiro de 2026, resolvi contabilizar o n\u00famero de condenados na dita tentativa de golpe de Estado, [&hellip;]<\/p>\n","protected":false},"author":7,"featured_media":0,"comment_status":"open","ping_status":"open","sticky":false,"template":"","format":"standard","meta":{"site-sidebar-layout":"default","site-content-layout":"","ast-site-content-layout":"default","site-content-style":"default","site-sidebar-style":"default","ast-global-header-display":"","ast-banner-title-visibility":"","ast-main-header-display":"","ast-hfb-above-header-display":"","ast-hfb-below-header-display":"","ast-hfb-mobile-header-display":"","site-post-title":"","ast-breadcrumbs-content":"","ast-featured-img":"","footer-sml-layout":"","ast-disable-related-posts":"","theme-transparent-header-meta":"","adv-header-id-meta":"","stick-header-meta":"","header-above-stick-meta":"","header-main-stick-meta":"","header-below-stick-meta":"","astra-migrate-meta-layouts":"default","ast-page-background-enabled":"default","ast-page-background-meta":{"desktop":{"background-color":"var(--ast-global-color-5)","background-image":"","background-repeat":"repeat","background-position":"center center","background-size":"auto","background-attachment":"scroll","background-type":"","background-media":"","overlay-type":"","overlay-color":"","overlay-opacity":"","overlay-gradient":""},"tablet":{"background-color":"","background-image":"","background-repeat":"repeat","background-position":"center center","background-size":"auto","background-attachment":"scroll","background-type":"","background-media":"","overlay-type":"","overlay-color":"","overlay-opacity":"","overlay-gradient":""},"mobile":{"background-color":"","background-image":"","background-repeat":"repeat","background-position":"center center","background-size":"auto","background-attachment":"scroll","background-type":"","background-media":"","overlay-type":"","overlay-color":"","overlay-opacity":"","overlay-gradient":""}},"ast-content-background-meta":{"desktop":{"background-color":"var(--ast-global-color-4)","background-image":"","background-repeat":"repeat","background-position":"center center","background-size":"auto","background-attachment":"scroll","background-type":"","background-media":"","overlay-type":"","overlay-color":"","overlay-opacity":"","overlay-gradient":""},"tablet":{"background-color":"var(--ast-global-color-4)","background-image":"","background-repeat":"repeat","background-position":"center center","background-size":"auto","background-attachment":"scroll","background-type":"","background-media":"","overlay-type":"","overlay-color":"","overlay-opacity":"","overlay-gradient":""},"mobile":{"background-color":"var(--ast-global-color-4)","background-image":"","background-repeat":"repeat","background-position":"center center","background-size":"auto","background-attachment":"scroll","background-type":"","background-media":"","overlay-type":"","overlay-color":"","overlay-opacity":"","overlay-gradient":""}},"footnotes":""},"categories":[1],"tags":[],"class_list":["post-4214","post","type-post","status-publish","format-standard","hentry","category-sem-categoria"],"yoast_head":"<!-- This site is optimized with the Yoast SEO plugin v26.6 - https:\/\/yoast.com\/wordpress\/plugins\/seo\/ -->\n<title>Contabilidade e dosimetria de uma poss\u00edvel pena atribu\u00edda a Alexandre de Moraes por seus crimes contra o Brasil e os brasileiros - Joaquim Haickel<\/title>\n<meta name=\"robots\" content=\"index, follow, max-snippet:-1, max-image-preview:large, max-video-preview:-1\" \/>\n<link rel=\"canonical\" href=\"https:\/\/www.blogsoestado.com\/joaquimhaickel\/2026\/01\/08\/contabilidade-e-dosimetria-de-uma-possivel-pena-atribuida-a-alexandre-de-moraes-por-seus-crimes-contra-o-brasil-e-os-brasileiros\/\" \/>\n<meta property=\"og:locale\" content=\"pt_BR\" \/>\n<meta property=\"og:type\" content=\"article\" \/>\n<meta property=\"og:title\" content=\"Contabilidade e dosimetria de uma poss\u00edvel pena atribu\u00edda a Alexandre de Moraes por seus crimes contra o Brasil e os brasileiros - Joaquim Haickel\" \/>\n<meta property=\"og:description\" content=\"Neste dia 8 de janeiro de 2026, resolvi contabilizar o n\u00famero de condenados na dita tentativa de golpe de Estado, [&hellip;]\" \/>\n<meta property=\"og:url\" content=\"https:\/\/www.blogsoestado.com\/joaquimhaickel\/2026\/01\/08\/contabilidade-e-dosimetria-de-uma-possivel-pena-atribuida-a-alexandre-de-moraes-por-seus-crimes-contra-o-brasil-e-os-brasileiros\/\" \/>\n<meta property=\"og:site_name\" content=\"Joaquim Haickel\" \/>\n<meta property=\"article:published_time\" content=\"2026-01-08T17:25:57+00:00\" \/>\n<meta property=\"article:modified_time\" content=\"2026-01-08T17:26:01+00:00\" \/>\n<meta property=\"og:image\" content=\"https:\/\/www.blogsoestado.com\/joaquimhaickel\/wp-content\/uploads\/sites\/6\/2026\/01\/Contabilidade-e-dosimetria-de-uma-possivel-pena-atribuida-a-Alexandre-de-Moraes-por-seus-crimes-contra-o-Brasil-e-os-brasileiros-1024x683.png\" \/>\n\t<meta property=\"og:image:width\" content=\"1024\" \/>\n\t<meta property=\"og:image:height\" content=\"683\" \/>\n\t<meta property=\"og:image:type\" content=\"image\/png\" \/>\n<meta name=\"author\" content=\"Joaquim Haickel\" \/>\n<meta name=\"twitter:card\" content=\"summary_large_image\" \/>\n<meta name=\"twitter:label1\" content=\"Escrito por\" \/>\n\t<meta name=\"twitter:data1\" content=\"Joaquim Haickel\" \/>\n\t<meta name=\"twitter:label2\" content=\"Est. tempo de leitura\" \/>\n\t<meta name=\"twitter:data2\" content=\"2 minutos\" \/>\n<script type=\"application\/ld+json\" class=\"yoast-schema-graph\">{\"@context\":\"https:\/\/schema.org\",\"@graph\":[{\"@type\":\"WebPage\",\"@id\":\"https:\/\/www.blogsoestado.com\/joaquimhaickel\/2026\/01\/08\/contabilidade-e-dosimetria-de-uma-possivel-pena-atribuida-a-alexandre-de-moraes-por-seus-crimes-contra-o-brasil-e-os-brasileiros\/\",\"url\":\"https:\/\/www.blogsoestado.com\/joaquimhaickel\/2026\/01\/08\/contabilidade-e-dosimetria-de-uma-possivel-pena-atribuida-a-alexandre-de-moraes-por-seus-crimes-contra-o-brasil-e-os-brasileiros\/\",\"name\":\"Contabilidade e dosimetria de uma poss\u00edvel pena atribu\u00edda a Alexandre de Moraes por seus crimes contra o Brasil e os brasileiros - Joaquim Haickel\",\"isPartOf\":{\"@id\":\"https:\/\/www.blogsoestado.com\/joaquimhaickel\/#website\"},\"primaryImageOfPage\":{\"@id\":\"https:\/\/www.blogsoestado.com\/joaquimhaickel\/2026\/01\/08\/contabilidade-e-dosimetria-de-uma-possivel-pena-atribuida-a-alexandre-de-moraes-por-seus-crimes-contra-o-brasil-e-os-brasileiros\/#primaryimage\"},\"image\":{\"@id\":\"https:\/\/www.blogsoestado.com\/joaquimhaickel\/2026\/01\/08\/contabilidade-e-dosimetria-de-uma-possivel-pena-atribuida-a-alexandre-de-moraes-por-seus-crimes-contra-o-brasil-e-os-brasileiros\/#primaryimage\"},\"thumbnailUrl\":\"https:\/\/www.blogsoestado.com\/joaquimhaickel\/wp-content\/uploads\/sites\/6\/2026\/01\/Contabilidade-e-dosimetria-de-uma-possivel-pena-atribuida-a-Alexandre-de-Moraes-por-seus-crimes-contra-o-Brasil-e-os-brasileiros-1024x683.png\",\"datePublished\":\"2026-01-08T17:25:57+00:00\",\"dateModified\":\"2026-01-08T17:26:01+00:00\",\"author\":{\"@id\":\"https:\/\/www.blogsoestado.com\/joaquimhaickel\/#\/schema\/person\/4a711644aff28245c6c2c3452d66d325\"},\"breadcrumb\":{\"@id\":\"https:\/\/www.blogsoestado.com\/joaquimhaickel\/2026\/01\/08\/contabilidade-e-dosimetria-de-uma-possivel-pena-atribuida-a-alexandre-de-moraes-por-seus-crimes-contra-o-brasil-e-os-brasileiros\/#breadcrumb\"},\"inLanguage\":\"pt-BR\",\"potentialAction\":[{\"@type\":\"ReadAction\",\"target\":[\"https:\/\/www.blogsoestado.com\/joaquimhaickel\/2026\/01\/08\/contabilidade-e-dosimetria-de-uma-possivel-pena-atribuida-a-alexandre-de-moraes-por-seus-crimes-contra-o-brasil-e-os-brasileiros\/\"]}]},{\"@type\":\"ImageObject\",\"inLanguage\":\"pt-BR\",\"@id\":\"https:\/\/www.blogsoestado.com\/joaquimhaickel\/2026\/01\/08\/contabilidade-e-dosimetria-de-uma-possivel-pena-atribuida-a-alexandre-de-moraes-por-seus-crimes-contra-o-brasil-e-os-brasileiros\/#primaryimage\",\"url\":\"https:\/\/www.blogsoestado.com\/joaquimhaickel\/wp-content\/uploads\/sites\/6\/2026\/01\/Contabilidade-e-dosimetria-de-uma-possivel-pena-atribuida-a-Alexandre-de-Moraes-por-seus-crimes-contra-o-Brasil-e-os-brasileiros.png\",\"contentUrl\":\"https:\/\/www.blogsoestado.com\/joaquimhaickel\/wp-content\/uploads\/sites\/6\/2026\/01\/Contabilidade-e-dosimetria-de-uma-possivel-pena-atribuida-a-Alexandre-de-Moraes-por-seus-crimes-contra-o-Brasil-e-os-brasileiros.png\",\"width\":1536,\"height\":1024},{\"@type\":\"BreadcrumbList\",\"@id\":\"https:\/\/www.blogsoestado.com\/joaquimhaickel\/2026\/01\/08\/contabilidade-e-dosimetria-de-uma-possivel-pena-atribuida-a-alexandre-de-moraes-por-seus-crimes-contra-o-brasil-e-os-brasileiros\/#breadcrumb\",\"itemListElement\":[{\"@type\":\"ListItem\",\"position\":1,\"name\":\"In\u00edcio\",\"item\":\"https:\/\/www.blogsoestado.com\/joaquimhaickel\/\"},{\"@type\":\"ListItem\",\"position\":2,\"name\":\"Contabilidade e dosimetria de uma poss\u00edvel pena atribu\u00edda a Alexandre de Moraes por seus crimes contra o Brasil e os brasileiros\"}]},{\"@type\":\"WebSite\",\"@id\":\"https:\/\/www.blogsoestado.com\/joaquimhaickel\/#website\",\"url\":\"https:\/\/www.blogsoestado.com\/joaquimhaickel\/\",\"name\":\"Joaquim Haickel\",\"description\":\"\",\"potentialAction\":[{\"@type\":\"SearchAction\",\"target\":{\"@type\":\"EntryPoint\",\"urlTemplate\":\"https:\/\/www.blogsoestado.com\/joaquimhaickel\/?s={search_term_string}\"},\"query-input\":{\"@type\":\"PropertyValueSpecification\",\"valueRequired\":true,\"valueName\":\"search_term_string\"}}],\"inLanguage\":\"pt-BR\"},{\"@type\":\"Person\",\"@id\":\"https:\/\/www.blogsoestado.com\/joaquimhaickel\/#\/schema\/person\/4a711644aff28245c6c2c3452d66d325\",\"name\":\"Joaquim Haickel\",\"image\":{\"@type\":\"ImageObject\",\"inLanguage\":\"pt-BR\",\"@id\":\"https:\/\/www.blogsoestado.com\/joaquimhaickel\/#\/schema\/person\/image\/\",\"url\":\"https:\/\/secure.gravatar.com\/avatar\/473d89339b9f8ec089adb8d5778363eb5a2ba2319956bcf0298bfd8cca04684a?s=96&d=mm&r=g\",\"contentUrl\":\"https:\/\/secure.gravatar.com\/avatar\/473d89339b9f8ec089adb8d5778363eb5a2ba2319956bcf0298bfd8cca04684a?s=96&d=mm&r=g\",\"caption\":\"Joaquim Haickel\"},\"url\":\"https:\/\/www.blogsoestado.com\/joaquimhaickel\/author\/joaquimhaickel\/\"}]}<\/script>\n<!-- \/ Yoast SEO plugin. -->","yoast_head_json":{"title":"Contabilidade e dosimetria de uma poss\u00edvel pena atribu\u00edda a Alexandre de Moraes por seus crimes contra o Brasil e os brasileiros - Joaquim Haickel","robots":{"index":"index","follow":"follow","max-snippet":"max-snippet:-1","max-image-preview":"max-image-preview:large","max-video-preview":"max-video-preview:-1"},"canonical":"https:\/\/www.blogsoestado.com\/joaquimhaickel\/2026\/01\/08\/contabilidade-e-dosimetria-de-uma-possivel-pena-atribuida-a-alexandre-de-moraes-por-seus-crimes-contra-o-brasil-e-os-brasileiros\/","og_locale":"pt_BR","og_type":"article","og_title":"Contabilidade e dosimetria de uma poss\u00edvel pena atribu\u00edda a Alexandre de Moraes por seus crimes contra o Brasil e os brasileiros - Joaquim Haickel","og_description":"Neste dia 8 de janeiro de 2026, resolvi contabilizar o n\u00famero de condenados na dita tentativa de golpe de Estado, [&hellip;]","og_url":"https:\/\/www.blogsoestado.com\/joaquimhaickel\/2026\/01\/08\/contabilidade-e-dosimetria-de-uma-possivel-pena-atribuida-a-alexandre-de-moraes-por-seus-crimes-contra-o-brasil-e-os-brasileiros\/","og_site_name":"Joaquim Haickel","article_published_time":"2026-01-08T17:25:57+00:00","article_modified_time":"2026-01-08T17:26:01+00:00","og_image":[{"width":1024,"height":683,"url":"https:\/\/www.blogsoestado.com\/joaquimhaickel\/wp-content\/uploads\/sites\/6\/2026\/01\/Contabilidade-e-dosimetria-de-uma-possivel-pena-atribuida-a-Alexandre-de-Moraes-por-seus-crimes-contra-o-Brasil-e-os-brasileiros-1024x683.png","type":"image\/png"}],"author":"Joaquim Haickel","twitter_card":"summary_large_image","twitter_misc":{"Escrito por":"Joaquim Haickel","Est. tempo de leitura":"2 minutos"},"schema":{"@context":"https:\/\/schema.org","@graph":[{"@type":"WebPage","@id":"https:\/\/www.blogsoestado.com\/joaquimhaickel\/2026\/01\/08\/contabilidade-e-dosimetria-de-uma-possivel-pena-atribuida-a-alexandre-de-moraes-por-seus-crimes-contra-o-brasil-e-os-brasileiros\/","url":"https:\/\/www.blogsoestado.com\/joaquimhaickel\/2026\/01\/08\/contabilidade-e-dosimetria-de-uma-possivel-pena-atribuida-a-alexandre-de-moraes-por-seus-crimes-contra-o-brasil-e-os-brasileiros\/","name":"Contabilidade e dosimetria de uma poss\u00edvel pena atribu\u00edda a Alexandre de Moraes por seus crimes contra o Brasil e os brasileiros - Joaquim Haickel","isPartOf":{"@id":"https:\/\/www.blogsoestado.com\/joaquimhaickel\/#website"},"primaryImageOfPage":{"@id":"https:\/\/www.blogsoestado.com\/joaquimhaickel\/2026\/01\/08\/contabilidade-e-dosimetria-de-uma-possivel-pena-atribuida-a-alexandre-de-moraes-por-seus-crimes-contra-o-brasil-e-os-brasileiros\/#primaryimage"},"image":{"@id":"https:\/\/www.blogsoestado.com\/joaquimhaickel\/2026\/01\/08\/contabilidade-e-dosimetria-de-uma-possivel-pena-atribuida-a-alexandre-de-moraes-por-seus-crimes-contra-o-brasil-e-os-brasileiros\/#primaryimage"},"thumbnailUrl":"https:\/\/www.blogsoestado.com\/joaquimhaickel\/wp-content\/uploads\/sites\/6\/2026\/01\/Contabilidade-e-dosimetria-de-uma-possivel-pena-atribuida-a-Alexandre-de-Moraes-por-seus-crimes-contra-o-Brasil-e-os-brasileiros-1024x683.png","datePublished":"2026-01-08T17:25:57+00:00","dateModified":"2026-01-08T17:26:01+00:00","author":{"@id":"https:\/\/www.blogsoestado.com\/joaquimhaickel\/#\/schema\/person\/4a711644aff28245c6c2c3452d66d325"},"breadcrumb":{"@id":"https:\/\/www.blogsoestado.com\/joaquimhaickel\/2026\/01\/08\/contabilidade-e-dosimetria-de-uma-possivel-pena-atribuida-a-alexandre-de-moraes-por-seus-crimes-contra-o-brasil-e-os-brasileiros\/#breadcrumb"},"inLanguage":"pt-BR","potentialAction":[{"@type":"ReadAction","target":["https:\/\/www.blogsoestado.com\/joaquimhaickel\/2026\/01\/08\/contabilidade-e-dosimetria-de-uma-possivel-pena-atribuida-a-alexandre-de-moraes-por-seus-crimes-contra-o-brasil-e-os-brasileiros\/"]}]},{"@type":"ImageObject","inLanguage":"pt-BR","@id":"https:\/\/www.blogsoestado.com\/joaquimhaickel\/2026\/01\/08\/contabilidade-e-dosimetria-de-uma-possivel-pena-atribuida-a-alexandre-de-moraes-por-seus-crimes-contra-o-brasil-e-os-brasileiros\/#primaryimage","url":"https:\/\/www.blogsoestado.com\/joaquimhaickel\/wp-content\/uploads\/sites\/6\/2026\/01\/Contabilidade-e-dosimetria-de-uma-possivel-pena-atribuida-a-Alexandre-de-Moraes-por-seus-crimes-contra-o-Brasil-e-os-brasileiros.png","contentUrl":"https:\/\/www.blogsoestado.com\/joaquimhaickel\/wp-content\/uploads\/sites\/6\/2026\/01\/Contabilidade-e-dosimetria-de-uma-possivel-pena-atribuida-a-Alexandre-de-Moraes-por-seus-crimes-contra-o-Brasil-e-os-brasileiros.png","width":1536,"height":1024},{"@type":"BreadcrumbList","@id":"https:\/\/www.blogsoestado.com\/joaquimhaickel\/2026\/01\/08\/contabilidade-e-dosimetria-de-uma-possivel-pena-atribuida-a-alexandre-de-moraes-por-seus-crimes-contra-o-brasil-e-os-brasileiros\/#breadcrumb","itemListElement":[{"@type":"ListItem","position":1,"name":"In\u00edcio","item":"https:\/\/www.blogsoestado.com\/joaquimhaickel\/"},{"@type":"ListItem","position":2,"name":"Contabilidade e dosimetria de uma poss\u00edvel pena atribu\u00edda a Alexandre de Moraes por seus crimes contra o Brasil e os brasileiros"}]},{"@type":"WebSite","@id":"https:\/\/www.blogsoestado.com\/joaquimhaickel\/#website","url":"https:\/\/www.blogsoestado.com\/joaquimhaickel\/","name":"Joaquim Haickel","description":"","potentialAction":[{"@type":"SearchAction","target":{"@type":"EntryPoint","urlTemplate":"https:\/\/www.blogsoestado.com\/joaquimhaickel\/?s={search_term_string}"},"query-input":{"@type":"PropertyValueSpecification","valueRequired":true,"valueName":"search_term_string"}}],"inLanguage":"pt-BR"},{"@type":"Person","@id":"https:\/\/www.blogsoestado.com\/joaquimhaickel\/#\/schema\/person\/4a711644aff28245c6c2c3452d66d325","name":"Joaquim Haickel","image":{"@type":"ImageObject","inLanguage":"pt-BR","@id":"https:\/\/www.blogsoestado.com\/joaquimhaickel\/#\/schema\/person\/image\/","url":"https:\/\/secure.gravatar.com\/avatar\/473d89339b9f8ec089adb8d5778363eb5a2ba2319956bcf0298bfd8cca04684a?s=96&d=mm&r=g","contentUrl":"https:\/\/secure.gravatar.com\/avatar\/473d89339b9f8ec089adb8d5778363eb5a2ba2319956bcf0298bfd8cca04684a?s=96&d=mm&r=g","caption":"Joaquim Haickel"},"url":"https:\/\/www.blogsoestado.com\/joaquimhaickel\/author\/joaquimhaickel\/"}]}},"jetpack_featured_media_url":"","_links":{"self":[{"href":"https:\/\/www.blogsoestado.com\/joaquimhaickel\/wp-json\/wp\/v2\/posts\/4214","targetHints":{"allow":["GET"]}}],"collection":[{"href":"https:\/\/www.blogsoestado.com\/joaquimhaickel\/wp-json\/wp\/v2\/posts"}],"about":[{"href":"https:\/\/www.blogsoestado.com\/joaquimhaickel\/wp-json\/wp\/v2\/types\/post"}],"author":[{"embeddable":true,"href":"https:\/\/www.blogsoestado.com\/joaquimhaickel\/wp-json\/wp\/v2\/users\/7"}],"replies":[{"embeddable":true,"href":"https:\/\/www.blogsoestado.com\/joaquimhaickel\/wp-json\/wp\/v2\/comments?post=4214"}],"version-history":[{"count":1,"href":"https:\/\/www.blogsoestado.com\/joaquimhaickel\/wp-json\/wp\/v2\/posts\/4214\/revisions"}],"predecessor-version":[{"id":4216,"href":"https:\/\/www.blogsoestado.com\/joaquimhaickel\/wp-json\/wp\/v2\/posts\/4214\/revisions\/4216"}],"wp:attachment":[{"href":"https:\/\/www.blogsoestado.com\/joaquimhaickel\/wp-json\/wp\/v2\/media?parent=4214"}],"wp:term":[{"taxonomy":"category","embeddable":true,"href":"https:\/\/www.blogsoestado.com\/joaquimhaickel\/wp-json\/wp\/v2\/categories?post=4214"},{"taxonomy":"post_tag","embeddable":true,"href":"https:\/\/www.blogsoestado.com\/joaquimhaickel\/wp-json\/wp\/v2\/tags?post=4214"}],"curies":[{"name":"wp","href":"https:\/\/api.w.org\/{rel}","templated":true}]}}